{"id":85159,"date":"2020-04-27T17:00:52","date_gmt":"2020-04-27T22:00:52","guid":{"rendered":"https:\/\/graziamagazine.com\/mx\/?p=85159"},"modified":"2020-04-27T17:00:52","modified_gmt":"2020-04-27T22:00:52","slug":"te-acuerdas-de-mini-espias-pues-sus-protagonistas-se-reunieron-tras-casi-20-anos-del-estreno","status":"publish","type":"articles","link":"https:\/\/graziamagazine.com\/mx\/articles\/te-acuerdas-de-mini-espias-pues-sus-protagonistas-se-reunieron-tras-casi-20-anos-del-estreno\/","title":{"rendered":"\u00bfTe acuerdas de Mini esp\u00edas? Pues sus protagonistas se reunieron tras casi 20 a\u00f1os del estreno"},"content":{"rendered":"<p>Lo que m\u00e1s estamos amando de la cuarentena son las reuniones de los elenco de los filmes que disfrutamos en nuestra infancia. \u00bfRecuerdas <strong><em>Mini esp\u00edas<\/em><\/strong> (<strong><em>Spy Kids<\/em><\/strong>)? Esa pel\u00edcula de Robert Rodriguez protagonizada por <strong>Alexa PenaVega<\/strong>, <strong>Daryl Sabara<\/strong>, <strong>Carla Gugino<\/strong> y el espa\u00f1ol <strong>Antonio Banderas<\/strong> que narra la historia de unos hermanos que se convierten en esp\u00edas secretos. Pues este par, <strong>Carmen y Juni Cortez<\/strong>, se acaban de reunir v\u00eda Instagram Live y nos hicieron sentir mucha nostalgia.<\/p>\n<p>La <a href=\"https:\/\/www.buzzfeed.com\/jenniferabidor\/alexa-vega-daryl-sabara-spy-kids-reunion\" target=\"_blank\" rel=\"noopener\" target=\"_blank\">emotiva reuni\u00f3n<\/a> sucedi\u00f3 a trav\u00e9s del programa de <strong>Meghan Trainor<\/strong>\u00a0\u2014quien tambi\u00e9n es esposa de Daryl\u2014, <em>Live From Home Tour<\/em>. Y como en todos los reencuentros de este tipo nunca falta contar an\u00e9cdotas, Sabara y PenaVega recordaron momentos \u00e9picos que sucedieron durante las grabaciones. Adem\u00e1s, ambos se burlaron un poco sobe los nombres completos de sus respectivos personajes: Carmen Elizabeth Juanita de Costa Brava Cortez y Juni Rocket Racer Rebel Cortez que, honestamente, nosotros tambi\u00e9n hubi\u00e9ramos hecho lo mismo.<\/p>\n<p>Entre otras cuantas revelaciones in\u00e9ditas, supimos que tanto Alexa como Daryl a\u00fan tienen\u00a0<em>props<\/em> del filme; en el caso de Alexa, ella conserva la lonchera met\u00e1lica de la segunda entrega y Daryl atesora su traje de la OSS enmarcado por sus padres. Por si eso no fuera suficiente, finalmente sabemos la raz\u00f3n detr\u00e1s del baile de Juni en\u00a0<em>La isla de los sue\u00f1os perdidos<\/em>:\u00a0Daryl practic\u00f3 ballet de los 3 a los 11 a\u00f1os.<\/p>\n<p>Nosotros no lo creemos, pero han pasado casi 20 a\u00f1os desde el estreno del filme. As\u00ed que el reencuentro era justo y necesario para todos los que crecimos so\u00f1ando con tener esa vida s\u00faper secreta de mini esp\u00edas.<\/p>\n<blockquote class=\"twitter-tweet\" data-width=\"500\" data-dnt=\"true\">\n<p lang=\"en\" dir=\"ltr\">\ud83d\udea8 The Spy Kids reunited!!! \ud83d\udea8 <a href=\"https:\/\/t.co\/rYV1YVF7tv\" target=\"_blank\">pic.twitter.com\/rYV1YVF7tv<\/a><\/p>\n<p>&mdash; Jen Abidor (@abidorable) <a href=\"https:\/\/twitter.com\/abidorable\/status\/1252690505445650433?ref_src=twsrc%5Etfw\" target=\"_blank\">April 21, 2020<\/a><\/p><\/blockquote>\n<p><script async src=\"https:\/\/platform.twitter.com\/widgets.js\" charset=\"utf-8\"><\/script><\/p>\n<h5><\/h5>\n<h5><em>*IMAGEN: Getty Images<\/em><\/h5>\n","protected":false},"author":11645,"featured_media":85186,"template":"","format":"standard","categories":[2],"acf":[],"yoast_head":"<!-- This site is optimized with the Yoast SEO Premium plugin v18.5 (Yoast SEO v20.4) - https:\/\/yoast.com\/wordpress\/plugins\/seo\/ -->\n<title>\u00bfTe acuerdas de Mini esp\u00edas? Pues sus protagonistas se reunieron tras casi 20 a\u00f1os del estreno | Grazia M\u00e9xico y Latinoam\u00e9rica<\/title>\n<meta name=\"description\" content=\"Un golpe de nostalgia y diversi\u00f3n recibimos al ver la reuni\u00f3n de Juni y Carmen Cortez, los mini esp\u00edas m\u00e1s queridos de nuestra infancia. Aqu\u00ed los detalles.\" \/>\n<meta name=\"robots\" content=\"index, follow, max-snippet:-1, max-image-preview:large, max-video-preview:-1\" \/>\n<link rel=\"canonical\" href=\"https:\/\/graziamagazine.com\/mx\/articles\/te-acuerdas-de-mini-espias-pues-sus-protagonistas-se-reunieron-tras-casi-20-anos-del-estreno\/\" \/>\n<meta property=\"og:locale\" content=\"es_MX\" \/>\n<meta property=\"og:type\" content=\"article\" \/>\n<meta property=\"og:title\" content=\"\u00bfTe acuerdas de Mini esp\u00edas? Pues sus protagonistas se reunieron tras casi 20 a\u00f1os del estreno\" \/>\n<meta property=\"og:description\" content=\"Un golpe de nostalgia y diversi\u00f3n recibimos al ver la reuni\u00f3n de Juni y Carmen Cortez, los mini esp\u00edas m\u00e1s queridos de nuestra infancia. Aqu\u00ed los detalles.\" \/>\n<meta property=\"og:url\" content=\"https:\/\/graziamagazine.com\/mx\/articles\/te-acuerdas-de-mini-espias-pues-sus-protagonistas-se-reunieron-tras-casi-20-anos-del-estreno\/\" \/>\n<meta property=\"og:site_name\" content=\"Grazia M\u00e9xico y Latinoam\u00e9rica\" \/>\n<meta property=\"og:image\" content=\"https:\/\/graziamagazine.com\/mx\/wp-content\/uploads\/sites\/13\/2020\/04\/te-acuerdas-de-mini-espias-pues-sus-protagonistas-se-reunieron-tras-casi-20-anos-del-estreno-destacada.jpg?fit=1173%2C704\" \/>\n\t<meta property=\"og:image:width\" content=\"1173\" \/>\n\t<meta property=\"og:image:height\" content=\"704\" \/>\n\t<meta property=\"og:image:type\" content=\"image\/jpeg\" \/>\n<meta name=\"twitter:card\" content=\"summary_large_image\" \/>\n<meta name=\"twitter:label1\" content=\"Est. reading time\" \/>\n\t<meta name=\"twitter:data1\" content=\"1 minuto\" \/>\n<script type=\"application\/ld+json\" class=\"yoast-schema-graph\">{\"@context\":\"https:\/\/schema.org\",\"@graph\":[{\"@type\":\"WebPage\",\"@id\":\"https:\/\/graziamagazine.com\/mx\/articles\/te-acuerdas-de-mini-espias-pues-sus-protagonistas-se-reunieron-tras-casi-20-anos-del-estreno\/\",\"url\":\"https:\/\/graziamagazine.com\/mx\/articles\/te-acuerdas-de-mini-espias-pues-sus-protagonistas-se-reunieron-tras-casi-20-anos-del-estreno\/\",\"name\":\"\u00bfTe acuerdas de Mini esp\u00edas? Pues sus protagonistas se reunieron tras casi 20 a\u00f1os del estreno | Grazia M\u00e9xico y Latinoam\u00e9rica\",\"isPartOf\":{\"@id\":\"https:\/\/graziamagazine.com\/mx\/#website\"},\"datePublished\":\"2020-04-27T22:00:52+00:00\",\"dateModified\":\"2020-04-27T22:00:52+00:00\",\"description\":\"Un golpe de nostalgia y diversi\u00f3n recibimos al ver la reuni\u00f3n de Juni y Carmen Cortez, los mini esp\u00edas m\u00e1s queridos de nuestra infancia. Aqu\u00ed los detalles.\",\"breadcrumb\":{\"@id\":\"https:\/\/graziamagazine.com\/mx\/articles\/te-acuerdas-de-mini-espias-pues-sus-protagonistas-se-reunieron-tras-casi-20-anos-del-estreno\/#breadcrumb\"},\"inLanguage\":\"es-MX\",\"potentialAction\":[{\"@type\":\"ReadAction\",\"target\":[\"https:\/\/graziamagazine.com\/mx\/articles\/te-acuerdas-de-mini-espias-pues-sus-protagonistas-se-reunieron-tras-casi-20-anos-del-estreno\/\"]}]},{\"@type\":\"BreadcrumbList\",\"@id\":\"https:\/\/graziamagazine.com\/mx\/articles\/te-acuerdas-de-mini-espias-pues-sus-protagonistas-se-reunieron-tras-casi-20-anos-del-estreno\/#breadcrumb\",\"itemListElement\":[{\"@type\":\"ListItem\",\"position\":1,\"name\":\"Home\",\"item\":\"https:\/\/graziamagazine.com\/mx\/\"},{\"@type\":\"ListItem\",\"position\":2,\"name\":\"\u00bfTe acuerdas de Mini esp\u00edas? Pues sus protagonistas se reunieron tras casi 20 a\u00f1os del estreno\"}]},{\"@type\":\"WebSite\",\"@id\":\"https:\/\/graziamagazine.com\/mx\/#website\",\"url\":\"https:\/\/graziamagazine.com\/mx\/\",\"name\":\"Grazia M\u00e9xico y Latinoam\u00e9rica\",\"description\":\"Grazia es moda, belleza y noticias  de actualidad \",\"potentialAction\":[{\"@type\":\"SearchAction\",\"target\":{\"@type\":\"EntryPoint\",\"urlTemplate\":\"https:\/\/graziamagazine.com\/mx\/?s={search_term_string}\"},\"query-input\":\"required name=search_term_string\"}],\"inLanguage\":\"es-MX\"}]}<\/script>\n<!-- \/ Yoast SEO Premium plugin. -->","yoast_head_json":{"title":"\u00bfTe acuerdas de Mini esp\u00edas? Pues sus protagonistas se reunieron tras casi 20 a\u00f1os del estreno | Grazia M\u00e9xico y Latinoam\u00e9rica","description":"Un golpe de nostalgia y diversi\u00f3n recibimos al ver la reuni\u00f3n de Juni y Carmen Cortez, los mini esp\u00edas m\u00e1s queridos de nuestra infancia. Aqu\u00ed los detalles.","robots":{"index":"index","follow":"follow","max-snippet":"max-snippet:-1","max-image-preview":"max-image-preview:large","max-video-preview":"max-video-preview:-1"},"canonical":"https:\/\/graziamagazine.com\/mx\/articles\/te-acuerdas-de-mini-espias-pues-sus-protagonistas-se-reunieron-tras-casi-20-anos-del-estreno\/","og_locale":"es_MX","og_type":"article","og_title":"\u00bfTe acuerdas de Mini esp\u00edas? Pues sus protagonistas se reunieron tras casi 20 a\u00f1os del estreno","og_description":"Un golpe de nostalgia y diversi\u00f3n recibimos al ver la reuni\u00f3n de Juni y Carmen Cortez, los mini esp\u00edas m\u00e1s queridos de nuestra infancia. Aqu\u00ed los detalles.","og_url":"https:\/\/graziamagazine.com\/mx\/articles\/te-acuerdas-de-mini-espias-pues-sus-protagonistas-se-reunieron-tras-casi-20-anos-del-estreno\/","og_site_name":"Grazia M\u00e9xico y Latinoam\u00e9rica","og_image":[{"width":1173,"height":704,"url":"https:\/\/graziamagazine.com\/mx\/wp-content\/uploads\/sites\/13\/2020\/04\/te-acuerdas-de-mini-espias-pues-sus-protagonistas-se-reunieron-tras-casi-20-anos-del-estreno-destacada.jpg?fit=1173%2C704","type":"image\/jpeg"}],"twitter_card":"summary_large_image","twitter_misc":{"Est. reading time":"1 minuto"},"schema":{"@context":"https:\/\/schema.org","@graph":[{"@type":"WebPage","@id":"https:\/\/graziamagazine.com\/mx\/articles\/te-acuerdas-de-mini-espias-pues-sus-protagonistas-se-reunieron-tras-casi-20-anos-del-estreno\/","url":"https:\/\/graziamagazine.com\/mx\/articles\/te-acuerdas-de-mini-espias-pues-sus-protagonistas-se-reunieron-tras-casi-20-anos-del-estreno\/","name":"\u00bfTe acuerdas de Mini esp\u00edas? Pues sus protagonistas se reunieron tras casi 20 a\u00f1os del estreno | Grazia M\u00e9xico y Latinoam\u00e9rica","isPartOf":{"@id":"https:\/\/graziamagazine.com\/mx\/#website"},"datePublished":"2020-04-27T22:00:52+00:00","dateModified":"2020-04-27T22:00:52+00:00","description":"Un golpe de nostalgia y diversi\u00f3n recibimos al ver la reuni\u00f3n de Juni y Carmen Cortez, los mini esp\u00edas m\u00e1s queridos de nuestra infancia. Aqu\u00ed los detalles.","breadcrumb":{"@id":"https:\/\/graziamagazine.com\/mx\/articles\/te-acuerdas-de-mini-espias-pues-sus-protagonistas-se-reunieron-tras-casi-20-anos-del-estreno\/#breadcrumb"},"inLanguage":"es-MX","potentialAction":[{"@type":"ReadAction","target":["https:\/\/graziamagazine.com\/mx\/articles\/te-acuerdas-de-mini-espias-pues-sus-protagonistas-se-reunieron-tras-casi-20-anos-del-estreno\/"]}]},{"@type":"BreadcrumbList","@id":"https:\/\/graziamagazine.com\/mx\/articles\/te-acuerdas-de-mini-espias-pues-sus-protagonistas-se-reunieron-tras-casi-20-anos-del-estreno\/#breadcrumb","itemListElement":[{"@type":"ListItem","position":1,"name":"Home","item":"https:\/\/graziamagazine.com\/mx\/"},{"@type":"ListItem","position":2,"name":"\u00bfTe acuerdas de Mini esp\u00edas? Pues sus protagonistas se reunieron tras casi 20 a\u00f1os del estreno"}]},{"@type":"WebSite","@id":"https:\/\/graziamagazine.com\/mx\/#website","url":"https:\/\/graziamagazine.com\/mx\/","name":"Grazia M\u00e9xico y Latinoam\u00e9rica","description":"Grazia es moda, belleza y noticias  de actualidad ","potentialAction":[{"@type":"SearchAction","target":{"@type":"EntryPoint","urlTemplate":"https:\/\/graziamagazine.com\/mx\/?s={search_term_string}"},"query-input":"required name=search_term_string"}],"inLanguage":"es-MX"}]}},"jetpack_sharing_enabled":true,"distributor_meta":false,"distributor_terms":false,"distributor_media":false,"distributor_original_site_name":"Grazia M\u00e9xico y Latinoam\u00e9rica","distributor_original_site_url":"https:\/\/graziamagazine.com\/mx","push-errors":false,"_links":{"self":[{"href":"https:\/\/graziamagazine.com\/mx\/wp-json\/wp\/v2\/articles\/85159"}],"collection":[{"href":"https:\/\/graziamagazine.com\/mx\/wp-json\/wp\/v2\/articles"}],"about":[{"href":"https:\/\/graziamagazine.com\/mx\/wp-json\/wp\/v2\/types\/articles"}],"author":[{"embeddable":true,"href":"https:\/\/graziamagazine.com\/mx\/wp-json\/wp\/v2\/users\/11645"}],"wp:featuredmedia":[{"embeddable":true,"href":"https:\/\/graziamagazine.com\/mx\/wp-json\/wp\/v2\/media\/85186"}],"wp:attachment":[{"href":"https:\/\/graziamagazine.com\/mx\/wp-json\/wp\/v2\/media?parent=85159"}],"wp:term":[{"taxonomy":"category","embeddable":true,"href":"https:\/\/graziamagazine.com\/mx\/wp-json\/wp\/v2\/categories?post=85159"}],"curies":[{"name":"wp","href":"https:\/\/api.w.org\/{rel}","templated":true}]}}