{"id":84781,"date":"2020-04-20T11:15:14","date_gmt":"2020-04-20T16:15:14","guid":{"rendered":"https:\/\/graziamagazine.com\/mx\/?p=84781"},"modified":"2020-04-20T11:15:14","modified_gmt":"2020-04-20T16:15:14","slug":"asi-celebrara-la-reina-elizabeth-ii-su-cumpleanos-numero-94","status":"publish","type":"articles","link":"https:\/\/graziamagazine.com\/mx\/articles\/asi-celebrara-la-reina-elizabeth-ii-su-cumpleanos-numero-94\/","title":{"rendered":"As\u00ed celebrar\u00e1 la reina Elizabeth II su cumplea\u00f1os n\u00famero 94"},"content":{"rendered":"<p>Debido a la situaci\u00f3n que se vive en todo el mundo por la pandemia miles de eventos han sido cancelados, y uno que lamentablemente para todos en Reino Unido se une a la lista es\u00a0<strong><em>Trooping the Colour<\/em><\/strong>, el tradicional desfile que se realiza a\u00f1o tras a\u00f1o con las fuerzas armadas brit\u00e1nicas para celebrar el cumplea\u00f1os de la reina<strong> Elizabeth II<\/strong>.<\/p>\n<p>Aunque haya nacido el 21 de abril, el evento en cuesti\u00f3n se celebra a mediados de junio y esta es la primera vez en 68 a\u00f1os que no se llevar\u00e1 a cabo. El a\u00f1o pasado <a href=\"https:\/\/graziamagazine.com\/mx\/la-primer-aparicion-real-de-meghan-markle-despues-de-archie-harrison\/\" target=\"_blank\" rel=\"noopener\">la ceremonia<\/a> incluy\u00f3 200 caballos, 400 m\u00fasicos y 1,400 oficiales brit\u00e1nicos, y s\u00ed, aqu\u00ed Meghan Markle hizo su primera aparici\u00f3n despu\u00e9s de Archie, pero bueno, esa es otra historia. La abuela de Prince William y Prince Harry decidi\u00f3 que ser\u00eda inapropiado llevarla a cabo por la pandemia, sin embargo, s\u00ed tendr\u00e1 una celebraci\u00f3n especial por sus 94 a\u00f1os y al parecer ser\u00e1 virtual seg\u00fan reporta <em><a href=\"https:\/\/www.thesun.co.uk\/news\/11433464\/queen-is-to-celebrate-her-94th-birthday-with-a-virtual-party-while-in-coronavirus-lockdown\/\" target=\"_blank\" rel=\"noopener\" target=\"_blank\">The Sun<\/a><\/em>.<\/p>\n<p><img decoding=\"async\" src=\"https:\/\/media.giphy.com\/media\/12krUPvRraYSBi\/giphy.gif\" \/><\/p>\n<p>Planes de videollamadas para que su familia y sus seres queridos alrededor del pa\u00eds puedan desearle un feliz cumplea\u00f1os est\u00e1n establecidas desde la semana pasada. Incluso William revel\u00f3 que tienen un grupo familiar en Zoom, con el que sus hijos han podido estar en contacto con sus abuelos y familiares. As\u00ed que seguramente tomar\u00e1n el t\u00e9 para celebrar a trav\u00e9s de la aplicaci\u00f3n.<\/p>\n<p><span style=\"line-height: 1.5;\">Un portavoz del Palacio de Buckingham confirm\u00f3 la cancelaci\u00f3n del tan esperado evento, pero despu\u00e9s dej\u00f3 claro que se realizar\u00e1 un<\/span><em style=\"line-height: 1.5;\"> post<\/em><span style=\"line-height: 1.5;\"> en redes sociales para marcar el festejo. &#8220;De acuerdo con el consejo del Gobierno, se acord\u00f3 que el desfile de cumplea\u00f1os de la reina no seguir\u00e1 adelante en su forma tradicional. Se est\u00e1n considerando otra opciones en l\u00ednea con orientaci\u00f3n relevante&#8221;, se dijo en un comunicado real.\u00a0<\/span><\/p>\n<pre id=\"tw-target-text\" class=\"tw-data-text tw-text-large tw-ta\" dir=\"ltr\" data-placeholder=\"Translation\"><\/pre>\n<h5><em>*IMAGEN: Getty Images<\/em><\/h5>\n","protected":false},"author":11656,"featured_media":84784,"template":"","format":"standard","categories":[2],"acf":[],"yoast_head":"<!-- This site is optimized with the Yoast SEO Premium plugin v18.5 (Yoast SEO v20.4) - https:\/\/yoast.com\/wordpress\/plugins\/seo\/ -->\n<title>As\u00ed celebrar\u00e1 la reina Elizabeth II su cumplea\u00f1os n\u00famero 94 | Grazia M\u00e9xico y Latinoam\u00e9rica<\/title>\n<meta name=\"description\" content=\"La reina Elizabeth II cancel\u00f3 su tradicional desfile de cumplea\u00f1os pero encontrar\u00e1 la mejor forma de celebrarlo virtualmente.\" \/>\n<meta name=\"robots\" content=\"index, follow, max-snippet:-1, max-image-preview:large, max-video-preview:-1\" \/>\n<link rel=\"canonical\" href=\"https:\/\/graziamagazine.com\/mx\/articles\/asi-celebrara-la-reina-elizabeth-ii-su-cumpleanos-numero-94\/\" \/>\n<meta property=\"og:locale\" content=\"es_MX\" \/>\n<meta property=\"og:type\" content=\"article\" \/>\n<meta property=\"og:title\" content=\"As\u00ed celebrar\u00e1 la reina Elizabeth II su cumplea\u00f1os n\u00famero 94\" \/>\n<meta property=\"og:description\" content=\"La reina Elizabeth II cancel\u00f3 su tradicional desfile de cumplea\u00f1os pero encontrar\u00e1 la mejor forma de celebrarlo virtualmente.\" \/>\n<meta property=\"og:url\" content=\"https:\/\/graziamagazine.com\/mx\/articles\/asi-celebrara-la-reina-elizabeth-ii-su-cumpleanos-numero-94\/\" \/>\n<meta property=\"og:site_name\" content=\"Grazia M\u00e9xico y Latinoam\u00e9rica\" \/>\n<meta property=\"og:image\" content=\"https:\/\/graziamagazine.com\/mx\/wp-content\/uploads\/sites\/13\/2020\/04\/asi-celebrara-la-reina-elizabeth-ii-su-cumpleanos-numero-94-destacada.jpg?fit=1024%2C680\" \/>\n\t<meta property=\"og:image:width\" content=\"1024\" \/>\n\t<meta property=\"og:image:height\" content=\"680\" \/>\n\t<meta property=\"og:image:type\" content=\"image\/jpeg\" \/>\n<meta name=\"twitter:card\" content=\"summary_large_image\" \/>\n<meta name=\"twitter:label1\" content=\"Est. reading time\" \/>\n\t<meta name=\"twitter:data1\" content=\"2 minutos\" \/>\n<script type=\"application\/ld+json\" class=\"yoast-schema-graph\">{\"@context\":\"https:\/\/schema.org\",\"@graph\":[{\"@type\":\"WebPage\",\"@id\":\"https:\/\/graziamagazine.com\/mx\/articles\/asi-celebrara-la-reina-elizabeth-ii-su-cumpleanos-numero-94\/\",\"url\":\"https:\/\/graziamagazine.com\/mx\/articles\/asi-celebrara-la-reina-elizabeth-ii-su-cumpleanos-numero-94\/\",\"name\":\"As\u00ed celebrar\u00e1 la reina Elizabeth II su cumplea\u00f1os n\u00famero 94 | Grazia M\u00e9xico y Latinoam\u00e9rica\",\"isPartOf\":{\"@id\":\"https:\/\/graziamagazine.com\/mx\/#website\"},\"datePublished\":\"2020-04-20T16:15:14+00:00\",\"dateModified\":\"2020-04-20T16:15:14+00:00\",\"description\":\"La reina Elizabeth II cancel\u00f3 su tradicional desfile de cumplea\u00f1os pero encontrar\u00e1 la mejor forma de celebrarlo virtualmente.\",\"breadcrumb\":{\"@id\":\"https:\/\/graziamagazine.com\/mx\/articles\/asi-celebrara-la-reina-elizabeth-ii-su-cumpleanos-numero-94\/#breadcrumb\"},\"inLanguage\":\"es-MX\",\"potentialAction\":[{\"@type\":\"ReadAction\",\"target\":[\"https:\/\/graziamagazine.com\/mx\/articles\/asi-celebrara-la-reina-elizabeth-ii-su-cumpleanos-numero-94\/\"]}]},{\"@type\":\"BreadcrumbList\",\"@id\":\"https:\/\/graziamagazine.com\/mx\/articles\/asi-celebrara-la-reina-elizabeth-ii-su-cumpleanos-numero-94\/#breadcrumb\",\"itemListElement\":[{\"@type\":\"ListItem\",\"position\":1,\"name\":\"Home\",\"item\":\"https:\/\/graziamagazine.com\/mx\/\"},{\"@type\":\"ListItem\",\"position\":2,\"name\":\"As\u00ed celebrar\u00e1 la reina Elizabeth II su cumplea\u00f1os n\u00famero 94\"}]},{\"@type\":\"WebSite\",\"@id\":\"https:\/\/graziamagazine.com\/mx\/#website\",\"url\":\"https:\/\/graziamagazine.com\/mx\/\",\"name\":\"Grazia M\u00e9xico y Latinoam\u00e9rica\",\"description\":\"Grazia es moda, belleza y noticias  de actualidad \",\"potentialAction\":[{\"@type\":\"SearchAction\",\"target\":{\"@type\":\"EntryPoint\",\"urlTemplate\":\"https:\/\/graziamagazine.com\/mx\/?s={search_term_string}\"},\"query-input\":\"required name=search_term_string\"}],\"inLanguage\":\"es-MX\"}]}<\/script>\n<!-- \/ Yoast SEO Premium plugin. -->","yoast_head_json":{"title":"As\u00ed celebrar\u00e1 la reina Elizabeth II su cumplea\u00f1os n\u00famero 94 | Grazia M\u00e9xico y Latinoam\u00e9rica","description":"La reina Elizabeth II cancel\u00f3 su tradicional desfile de cumplea\u00f1os pero encontrar\u00e1 la mejor forma de celebrarlo virtualmente.","robots":{"index":"index","follow":"follow","max-snippet":"max-snippet:-1","max-image-preview":"max-image-preview:large","max-video-preview":"max-video-preview:-1"},"canonical":"https:\/\/graziamagazine.com\/mx\/articles\/asi-celebrara-la-reina-elizabeth-ii-su-cumpleanos-numero-94\/","og_locale":"es_MX","og_type":"article","og_title":"As\u00ed celebrar\u00e1 la reina Elizabeth II su cumplea\u00f1os n\u00famero 94","og_description":"La reina Elizabeth II cancel\u00f3 su tradicional desfile de cumplea\u00f1os pero encontrar\u00e1 la mejor forma de celebrarlo virtualmente.","og_url":"https:\/\/graziamagazine.com\/mx\/articles\/asi-celebrara-la-reina-elizabeth-ii-su-cumpleanos-numero-94\/","og_site_name":"Grazia M\u00e9xico y Latinoam\u00e9rica","og_image":[{"width":1024,"height":680,"url":"https:\/\/graziamagazine.com\/mx\/wp-content\/uploads\/sites\/13\/2020\/04\/asi-celebrara-la-reina-elizabeth-ii-su-cumpleanos-numero-94-destacada.jpg?fit=1024%2C680","type":"image\/jpeg"}],"twitter_card":"summary_large_image","twitter_misc":{"Est. reading time":"2 minutos"},"schema":{"@context":"https:\/\/schema.org","@graph":[{"@type":"WebPage","@id":"https:\/\/graziamagazine.com\/mx\/articles\/asi-celebrara-la-reina-elizabeth-ii-su-cumpleanos-numero-94\/","url":"https:\/\/graziamagazine.com\/mx\/articles\/asi-celebrara-la-reina-elizabeth-ii-su-cumpleanos-numero-94\/","name":"As\u00ed celebrar\u00e1 la reina Elizabeth II su cumplea\u00f1os n\u00famero 94 | Grazia M\u00e9xico y Latinoam\u00e9rica","isPartOf":{"@id":"https:\/\/graziamagazine.com\/mx\/#website"},"datePublished":"2020-04-20T16:15:14+00:00","dateModified":"2020-04-20T16:15:14+00:00","description":"La reina Elizabeth II cancel\u00f3 su tradicional desfile de cumplea\u00f1os pero encontrar\u00e1 la mejor forma de celebrarlo virtualmente.","breadcrumb":{"@id":"https:\/\/graziamagazine.com\/mx\/articles\/asi-celebrara-la-reina-elizabeth-ii-su-cumpleanos-numero-94\/#breadcrumb"},"inLanguage":"es-MX","potentialAction":[{"@type":"ReadAction","target":["https:\/\/graziamagazine.com\/mx\/articles\/asi-celebrara-la-reina-elizabeth-ii-su-cumpleanos-numero-94\/"]}]},{"@type":"BreadcrumbList","@id":"https:\/\/graziamagazine.com\/mx\/articles\/asi-celebrara-la-reina-elizabeth-ii-su-cumpleanos-numero-94\/#breadcrumb","itemListElement":[{"@type":"ListItem","position":1,"name":"Home","item":"https:\/\/graziamagazine.com\/mx\/"},{"@type":"ListItem","position":2,"name":"As\u00ed celebrar\u00e1 la reina Elizabeth II su cumplea\u00f1os n\u00famero 94"}]},{"@type":"WebSite","@id":"https:\/\/graziamagazine.com\/mx\/#website","url":"https:\/\/graziamagazine.com\/mx\/","name":"Grazia M\u00e9xico y Latinoam\u00e9rica","description":"Grazia es moda, belleza y noticias  de actualidad ","potentialAction":[{"@type":"SearchAction","target":{"@type":"EntryPoint","urlTemplate":"https:\/\/graziamagazine.com\/mx\/?s={search_term_string}"},"query-input":"required name=search_term_string"}],"inLanguage":"es-MX"}]}},"jetpack_sharing_enabled":true,"distributor_meta":false,"distributor_terms":false,"distributor_media":false,"distributor_original_site_name":"Grazia M\u00e9xico y Latinoam\u00e9rica","distributor_original_site_url":"https:\/\/graziamagazine.com\/mx","push-errors":false,"_links":{"self":[{"href":"https:\/\/graziamagazine.com\/mx\/wp-json\/wp\/v2\/articles\/84781"}],"collection":[{"href":"https:\/\/graziamagazine.com\/mx\/wp-json\/wp\/v2\/articles"}],"about":[{"href":"https:\/\/graziamagazine.com\/mx\/wp-json\/wp\/v2\/types\/articles"}],"author":[{"embeddable":true,"href":"https:\/\/graziamagazine.com\/mx\/wp-json\/wp\/v2\/users\/11656"}],"wp:featuredmedia":[{"embeddable":true,"href":"https:\/\/graziamagazine.com\/mx\/wp-json\/wp\/v2\/media\/84784"}],"wp:attachment":[{"href":"https:\/\/graziamagazine.com\/mx\/wp-json\/wp\/v2\/media?parent=84781"}],"wp:term":[{"taxonomy":"category","embeddable":true,"href":"https:\/\/graziamagazine.com\/mx\/wp-json\/wp\/v2\/categories?post=84781"}],"curies":[{"name":"wp","href":"https:\/\/api.w.org\/{rel}","templated":true}]}}