{"id":84766,"date":"2020-04-17T17:27:12","date_gmt":"2020-04-17T22:27:12","guid":{"rendered":"https:\/\/graziamagazine.com\/mx\/?p=84766"},"modified":"2021-01-08T12:50:12","modified_gmt":"2021-01-08T17:50:12","slug":"common-people-moncler-genius","status":"publish","type":"articles","link":"https:\/\/graziamagazine.com\/mx\/articles\/common-people-moncler-genius\/","title":{"rendered":"Common People: Moncler Genius"},"content":{"rendered":"<p>La \u00faltima colecci\u00f3n de <strong>Moncler Genius<\/strong> protagoniza\u00a0<em>Grazia<\/em> abril desde las calles y barrios m\u00e1s ic\u00f3nicos de Nueva York.<\/p>\n","protected":false},"author":11636,"featured_media":84767,"template":"","format":"standard","categories":[8],"acf":[],"yoast_head":"<!-- This site is optimized with the Yoast SEO Premium plugin v18.5 (Yoast SEO v20.4) - https:\/\/yoast.com\/wordpress\/plugins\/seo\/ -->\n<title>Common People: Moncler Genius | Grazia M\u00e9xico y Latinoam\u00e9rica<\/title>\n<meta name=\"description\" content=\"Una actitud neoyorquina que se complementa con la nueva colecci\u00f3n de Moncler Genius. Insp\u00edrate cont\u00e1giate de esa vibra especial.\" \/>\n<meta name=\"robots\" content=\"index, follow, max-snippet:-1, max-image-preview:large, max-video-preview:-1\" \/>\n<link rel=\"canonical\" href=\"https:\/\/graziamagazine.com\/mx\/articles\/common-people-moncler-genius\/\" \/>\n<meta property=\"og:locale\" content=\"es_MX\" \/>\n<meta property=\"og:type\" content=\"article\" \/>\n<meta property=\"og:title\" content=\"Common People: Moncler Genius\" \/>\n<meta property=\"og:description\" content=\"Una actitud neoyorquina que se complementa con la nueva colecci\u00f3n de Moncler Genius. Insp\u00edrate cont\u00e1giate de esa vibra especial.\" \/>\n<meta property=\"og:url\" content=\"https:\/\/graziamagazine.com\/mx\/articles\/common-people-moncler-genius\/\" \/>\n<meta property=\"og:site_name\" content=\"Grazia M\u00e9xico y Latinoam\u00e9rica\" \/>\n<meta property=\"article:modified_time\" content=\"2021-01-08T17:50:12+00:00\" \/>\n<meta property=\"og:image\" content=\"https:\/\/graziamagazine.com\/mx\/wp-content\/uploads\/sites\/13\/2020\/04\/common-people-moncler-genius-destacada.jpg?fit=1772%2C1181\" \/>\n\t<meta property=\"og:image:width\" content=\"1772\" \/>\n\t<meta property=\"og:image:height\" content=\"1181\" \/>\n\t<meta property=\"og:image:type\" content=\"image\/jpeg\" \/>\n<meta name=\"twitter:card\" content=\"summary_large_image\" \/>\n<script type=\"application\/ld+json\" class=\"yoast-schema-graph\">{\"@context\":\"https:\/\/schema.org\",\"@graph\":[{\"@type\":\"WebPage\",\"@id\":\"https:\/\/graziamagazine.com\/mx\/articles\/common-people-moncler-genius\/\",\"url\":\"https:\/\/graziamagazine.com\/mx\/articles\/common-people-moncler-genius\/\",\"name\":\"Common People: Moncler Genius | Grazia M\u00e9xico y Latinoam\u00e9rica\",\"isPartOf\":{\"@id\":\"https:\/\/graziamagazine.com\/mx\/#website\"},\"datePublished\":\"2020-04-17T22:27:12+00:00\",\"dateModified\":\"2021-01-08T17:50:12+00:00\",\"description\":\"Una actitud neoyorquina que se complementa con la nueva colecci\u00f3n de Moncler Genius. Insp\u00edrate cont\u00e1giate de esa vibra especial.\",\"breadcrumb\":{\"@id\":\"https:\/\/graziamagazine.com\/mx\/articles\/common-people-moncler-genius\/#breadcrumb\"},\"inLanguage\":\"es-MX\",\"potentialAction\":[{\"@type\":\"ReadAction\",\"target\":[\"https:\/\/graziamagazine.com\/mx\/articles\/common-people-moncler-genius\/\"]}]},{\"@type\":\"BreadcrumbList\",\"@id\":\"https:\/\/graziamagazine.com\/mx\/articles\/common-people-moncler-genius\/#breadcrumb\",\"itemListElement\":[{\"@type\":\"ListItem\",\"position\":1,\"name\":\"Home\",\"item\":\"https:\/\/graziamagazine.com\/mx\/\"},{\"@type\":\"ListItem\",\"position\":2,\"name\":\"Common People: Moncler Genius\"}]},{\"@type\":\"WebSite\",\"@id\":\"https:\/\/graziamagazine.com\/mx\/#website\",\"url\":\"https:\/\/graziamagazine.com\/mx\/\",\"name\":\"Grazia M\u00e9xico y Latinoam\u00e9rica\",\"description\":\"Grazia es moda, belleza y noticias  de actualidad \",\"potentialAction\":[{\"@type\":\"SearchAction\",\"target\":{\"@type\":\"EntryPoint\",\"urlTemplate\":\"https:\/\/graziamagazine.com\/mx\/?s={search_term_string}\"},\"query-input\":\"required name=search_term_string\"}],\"inLanguage\":\"es-MX\"}]}<\/script>\n<!-- \/ Yoast SEO Premium plugin. -->","yoast_head_json":{"title":"Common People: Moncler Genius | Grazia M\u00e9xico y Latinoam\u00e9rica","description":"Una actitud neoyorquina que se complementa con la nueva colecci\u00f3n de Moncler Genius. Insp\u00edrate cont\u00e1giate de esa vibra especial.","robots":{"index":"index","follow":"follow","max-snippet":"max-snippet:-1","max-image-preview":"max-image-preview:large","max-video-preview":"max-video-preview:-1"},"canonical":"https:\/\/graziamagazine.com\/mx\/articles\/common-people-moncler-genius\/","og_locale":"es_MX","og_type":"article","og_title":"Common People: Moncler Genius","og_description":"Una actitud neoyorquina que se complementa con la nueva colecci\u00f3n de Moncler Genius. Insp\u00edrate cont\u00e1giate de esa vibra especial.","og_url":"https:\/\/graziamagazine.com\/mx\/articles\/common-people-moncler-genius\/","og_site_name":"Grazia M\u00e9xico y Latinoam\u00e9rica","article_modified_time":"2021-01-08T17:50:12+00:00","og_image":[{"width":1772,"height":1181,"url":"https:\/\/graziamagazine.com\/mx\/wp-content\/uploads\/sites\/13\/2020\/04\/common-people-moncler-genius-destacada.jpg?fit=1772%2C1181","type":"image\/jpeg"}],"twitter_card":"summary_large_image","schema":{"@context":"https:\/\/schema.org","@graph":[{"@type":"WebPage","@id":"https:\/\/graziamagazine.com\/mx\/articles\/common-people-moncler-genius\/","url":"https:\/\/graziamagazine.com\/mx\/articles\/common-people-moncler-genius\/","name":"Common People: Moncler Genius | Grazia M\u00e9xico y Latinoam\u00e9rica","isPartOf":{"@id":"https:\/\/graziamagazine.com\/mx\/#website"},"datePublished":"2020-04-17T22:27:12+00:00","dateModified":"2021-01-08T17:50:12+00:00","description":"Una actitud neoyorquina que se complementa con la nueva colecci\u00f3n de Moncler Genius. Insp\u00edrate cont\u00e1giate de esa vibra especial.","breadcrumb":{"@id":"https:\/\/graziamagazine.com\/mx\/articles\/common-people-moncler-genius\/#breadcrumb"},"inLanguage":"es-MX","potentialAction":[{"@type":"ReadAction","target":["https:\/\/graziamagazine.com\/mx\/articles\/common-people-moncler-genius\/"]}]},{"@type":"BreadcrumbList","@id":"https:\/\/graziamagazine.com\/mx\/articles\/common-people-moncler-genius\/#breadcrumb","itemListElement":[{"@type":"ListItem","position":1,"name":"Home","item":"https:\/\/graziamagazine.com\/mx\/"},{"@type":"ListItem","position":2,"name":"Common People: Moncler Genius"}]},{"@type":"WebSite","@id":"https:\/\/graziamagazine.com\/mx\/#website","url":"https:\/\/graziamagazine.com\/mx\/","name":"Grazia M\u00e9xico y Latinoam\u00e9rica","description":"Grazia es moda, belleza y noticias  de actualidad ","potentialAction":[{"@type":"SearchAction","target":{"@type":"EntryPoint","urlTemplate":"https:\/\/graziamagazine.com\/mx\/?s={search_term_string}"},"query-input":"required name=search_term_string"}],"inLanguage":"es-MX"}]}},"jetpack_sharing_enabled":true,"distributor_meta":false,"distributor_terms":false,"distributor_media":false,"distributor_original_site_name":"Grazia M\u00e9xico y Latinoam\u00e9rica","distributor_original_site_url":"https:\/\/graziamagazine.com\/mx","push-errors":false,"_links":{"self":[{"href":"https:\/\/graziamagazine.com\/mx\/wp-json\/wp\/v2\/articles\/84766"}],"collection":[{"href":"https:\/\/graziamagazine.com\/mx\/wp-json\/wp\/v2\/articles"}],"about":[{"href":"https:\/\/graziamagazine.com\/mx\/wp-json\/wp\/v2\/types\/articles"}],"author":[{"embeddable":true,"href":"https:\/\/graziamagazine.com\/mx\/wp-json\/wp\/v2\/users\/11636"}],"wp:featuredmedia":[{"embeddable":true,"href":"https:\/\/graziamagazine.com\/mx\/wp-json\/wp\/v2\/media\/84767"}],"wp:attachment":[{"href":"https:\/\/graziamagazine.com\/mx\/wp-json\/wp\/v2\/media?parent=84766"}],"wp:term":[{"taxonomy":"category","embeddable":true,"href":"https:\/\/graziamagazine.com\/mx\/wp-json\/wp\/v2\/categories?post=84766"}],"curies":[{"name":"wp","href":"https:\/\/api.w.org\/{rel}","templated":true}]}}