{"id":84723,"date":"2020-04-17T17:20:34","date_gmt":"2020-04-17T22:20:34","guid":{"rendered":"https:\/\/graziamagazine.com\/mx\/?p=84723"},"modified":"2021-01-15T13:25:14","modified_gmt":"2021-01-15T18:25:14","slug":"sidewalks-salvatore-ferragamo-primavera-verano-2020","status":"publish","type":"articles","link":"https:\/\/graziamagazine.com\/mx\/articles\/sidewalks-salvatore-ferragamo-primavera-verano-2020\/","title":{"rendered":"Sidewalks: Salvatore Ferragamo primavera-verano 2020"},"content":{"rendered":"<p>Las l\u00edneas sutiles y minimalistas de <strong>Salvatore Ferragamo primavera-verano 2020<\/strong> conviven con perfecci\u00f3n en la majestuosa ciudad de los rascacielos. Recorre las calles de la Gran Manzana mientras te dejas sorprender por la nueva propuesta de la firma italiana.<\/p>\n<p><iframe loading=\"lazy\" src=\"https:\/\/www.youtube.com\/embed\/yaVjt2JbGvs\" width=\"560\" height=\"315\" frameborder=\"0\" allowfullscreen=\"allowfullscreen\"><\/iframe><\/p>\n","protected":false},"author":11636,"featured_media":84764,"template":"","format":"video","categories":[8],"acf":[],"yoast_head":"<!-- This site is optimized with the Yoast SEO Premium plugin v18.5 (Yoast SEO v20.4) - https:\/\/yoast.com\/wordpress\/plugins\/seo\/ -->\n<title>Sidewalks: Salvatore Ferragamo primavera-verano 2020 | Grazia M\u00e9xico y Latinoam\u00e9rica<\/title>\n<meta name=\"description\" content=\"La nueva colecci\u00f3n de Salvatore Ferragamo te acompa\u00f1a a recorrer las ic\u00f3nicas calles de Nueva York vestida en su propuesta primavera-verano 2020.\" \/>\n<meta name=\"robots\" content=\"index, follow, max-snippet:-1, max-image-preview:large, max-video-preview:-1\" \/>\n<link rel=\"canonical\" href=\"https:\/\/graziamagazine.com\/mx\/articles\/sidewalks-salvatore-ferragamo-primavera-verano-2020\/\" \/>\n<meta property=\"og:locale\" content=\"es_MX\" \/>\n<meta property=\"og:type\" content=\"article\" \/>\n<meta property=\"og:title\" content=\"Sidewalks: Salvatore Ferragamo primavera-verano 2020\" \/>\n<meta property=\"og:description\" content=\"La nueva colecci\u00f3n de Salvatore Ferragamo te acompa\u00f1a a recorrer las ic\u00f3nicas calles de Nueva York vestida en su propuesta primavera-verano 2020.\" \/>\n<meta property=\"og:url\" content=\"https:\/\/graziamagazine.com\/mx\/articles\/sidewalks-salvatore-ferragamo-primavera-verano-2020\/\" \/>\n<meta property=\"og:site_name\" content=\"Grazia M\u00e9xico y Latinoam\u00e9rica\" \/>\n<meta property=\"article:modified_time\" content=\"2021-01-15T18:25:14+00:00\" \/>\n<meta property=\"og:image\" content=\"https:\/\/graziamagazine.com\/mx\/wp-content\/uploads\/sites\/13\/2020\/04\/sidewalks-salvatore-ferragamo-primavera-verano-2020-destacada.jpg?fit=1537%2C903\" \/>\n\t<meta property=\"og:image:width\" content=\"1537\" \/>\n\t<meta property=\"og:image:height\" content=\"903\" \/>\n\t<meta property=\"og:image:type\" content=\"image\/jpeg\" \/>\n<meta name=\"twitter:card\" content=\"summary_large_image\" \/>\n<script type=\"application\/ld+json\" class=\"yoast-schema-graph\">{\"@context\":\"https:\/\/schema.org\",\"@graph\":[{\"@type\":\"WebPage\",\"@id\":\"https:\/\/graziamagazine.com\/mx\/articles\/sidewalks-salvatore-ferragamo-primavera-verano-2020\/\",\"url\":\"https:\/\/graziamagazine.com\/mx\/articles\/sidewalks-salvatore-ferragamo-primavera-verano-2020\/\",\"name\":\"Sidewalks: Salvatore Ferragamo primavera-verano 2020 | Grazia M\u00e9xico y Latinoam\u00e9rica\",\"isPartOf\":{\"@id\":\"https:\/\/graziamagazine.com\/mx\/#website\"},\"datePublished\":\"2020-04-17T22:20:34+00:00\",\"dateModified\":\"2021-01-15T18:25:14+00:00\",\"description\":\"La nueva colecci\u00f3n de Salvatore Ferragamo te acompa\u00f1a a recorrer las ic\u00f3nicas calles de Nueva York vestida en su propuesta primavera-verano 2020.\",\"breadcrumb\":{\"@id\":\"https:\/\/graziamagazine.com\/mx\/articles\/sidewalks-salvatore-ferragamo-primavera-verano-2020\/#breadcrumb\"},\"inLanguage\":\"es-MX\",\"potentialAction\":[{\"@type\":\"ReadAction\",\"target\":[\"https:\/\/graziamagazine.com\/mx\/articles\/sidewalks-salvatore-ferragamo-primavera-verano-2020\/\"]}]},{\"@type\":\"BreadcrumbList\",\"@id\":\"https:\/\/graziamagazine.com\/mx\/articles\/sidewalks-salvatore-ferragamo-primavera-verano-2020\/#breadcrumb\",\"itemListElement\":[{\"@type\":\"ListItem\",\"position\":1,\"name\":\"Home\",\"item\":\"https:\/\/graziamagazine.com\/mx\/\"},{\"@type\":\"ListItem\",\"position\":2,\"name\":\"Sidewalks: Salvatore Ferragamo primavera-verano 2020\"}]},{\"@type\":\"WebSite\",\"@id\":\"https:\/\/graziamagazine.com\/mx\/#website\",\"url\":\"https:\/\/graziamagazine.com\/mx\/\",\"name\":\"Grazia M\u00e9xico y Latinoam\u00e9rica\",\"description\":\"Grazia es moda, belleza y noticias  de actualidad \",\"potentialAction\":[{\"@type\":\"SearchAction\",\"target\":{\"@type\":\"EntryPoint\",\"urlTemplate\":\"https:\/\/graziamagazine.com\/mx\/?s={search_term_string}\"},\"query-input\":\"required name=search_term_string\"}],\"inLanguage\":\"es-MX\"}]}<\/script>\n<!-- \/ Yoast SEO Premium plugin. -->","yoast_head_json":{"title":"Sidewalks: Salvatore Ferragamo primavera-verano 2020 | Grazia M\u00e9xico y Latinoam\u00e9rica","description":"La nueva colecci\u00f3n de Salvatore Ferragamo te acompa\u00f1a a recorrer las ic\u00f3nicas calles de Nueva York vestida en su propuesta primavera-verano 2020.","robots":{"index":"index","follow":"follow","max-snippet":"max-snippet:-1","max-image-preview":"max-image-preview:large","max-video-preview":"max-video-preview:-1"},"canonical":"https:\/\/graziamagazine.com\/mx\/articles\/sidewalks-salvatore-ferragamo-primavera-verano-2020\/","og_locale":"es_MX","og_type":"article","og_title":"Sidewalks: Salvatore Ferragamo primavera-verano 2020","og_description":"La nueva colecci\u00f3n de Salvatore Ferragamo te acompa\u00f1a a recorrer las ic\u00f3nicas calles de Nueva York vestida en su propuesta primavera-verano 2020.","og_url":"https:\/\/graziamagazine.com\/mx\/articles\/sidewalks-salvatore-ferragamo-primavera-verano-2020\/","og_site_name":"Grazia M\u00e9xico y Latinoam\u00e9rica","article_modified_time":"2021-01-15T18:25:14+00:00","og_image":[{"width":1537,"height":903,"url":"https:\/\/graziamagazine.com\/mx\/wp-content\/uploads\/sites\/13\/2020\/04\/sidewalks-salvatore-ferragamo-primavera-verano-2020-destacada.jpg?fit=1537%2C903","type":"image\/jpeg"}],"twitter_card":"summary_large_image","schema":{"@context":"https:\/\/schema.org","@graph":[{"@type":"WebPage","@id":"https:\/\/graziamagazine.com\/mx\/articles\/sidewalks-salvatore-ferragamo-primavera-verano-2020\/","url":"https:\/\/graziamagazine.com\/mx\/articles\/sidewalks-salvatore-ferragamo-primavera-verano-2020\/","name":"Sidewalks: Salvatore Ferragamo primavera-verano 2020 | Grazia M\u00e9xico y Latinoam\u00e9rica","isPartOf":{"@id":"https:\/\/graziamagazine.com\/mx\/#website"},"datePublished":"2020-04-17T22:20:34+00:00","dateModified":"2021-01-15T18:25:14+00:00","description":"La nueva colecci\u00f3n de Salvatore Ferragamo te acompa\u00f1a a recorrer las ic\u00f3nicas calles de Nueva York vestida en su propuesta primavera-verano 2020.","breadcrumb":{"@id":"https:\/\/graziamagazine.com\/mx\/articles\/sidewalks-salvatore-ferragamo-primavera-verano-2020\/#breadcrumb"},"inLanguage":"es-MX","potentialAction":[{"@type":"ReadAction","target":["https:\/\/graziamagazine.com\/mx\/articles\/sidewalks-salvatore-ferragamo-primavera-verano-2020\/"]}]},{"@type":"BreadcrumbList","@id":"https:\/\/graziamagazine.com\/mx\/articles\/sidewalks-salvatore-ferragamo-primavera-verano-2020\/#breadcrumb","itemListElement":[{"@type":"ListItem","position":1,"name":"Home","item":"https:\/\/graziamagazine.com\/mx\/"},{"@type":"ListItem","position":2,"name":"Sidewalks: Salvatore Ferragamo primavera-verano 2020"}]},{"@type":"WebSite","@id":"https:\/\/graziamagazine.com\/mx\/#website","url":"https:\/\/graziamagazine.com\/mx\/","name":"Grazia M\u00e9xico y Latinoam\u00e9rica","description":"Grazia es moda, belleza y noticias  de actualidad ","potentialAction":[{"@type":"SearchAction","target":{"@type":"EntryPoint","urlTemplate":"https:\/\/graziamagazine.com\/mx\/?s={search_term_string}"},"query-input":"required name=search_term_string"}],"inLanguage":"es-MX"}]}},"jetpack_sharing_enabled":true,"distributor_meta":false,"distributor_terms":false,"distributor_media":false,"distributor_original_site_name":"Grazia M\u00e9xico y Latinoam\u00e9rica","distributor_original_site_url":"https:\/\/graziamagazine.com\/mx","push-errors":false,"_links":{"self":[{"href":"https:\/\/graziamagazine.com\/mx\/wp-json\/wp\/v2\/articles\/84723"}],"collection":[{"href":"https:\/\/graziamagazine.com\/mx\/wp-json\/wp\/v2\/articles"}],"about":[{"href":"https:\/\/graziamagazine.com\/mx\/wp-json\/wp\/v2\/types\/articles"}],"author":[{"embeddable":true,"href":"https:\/\/graziamagazine.com\/mx\/wp-json\/wp\/v2\/users\/11636"}],"wp:featuredmedia":[{"embeddable":true,"href":"https:\/\/graziamagazine.com\/mx\/wp-json\/wp\/v2\/media\/84764"}],"wp:attachment":[{"href":"https:\/\/graziamagazine.com\/mx\/wp-json\/wp\/v2\/media?parent=84723"}],"wp:term":[{"taxonomy":"category","embeddable":true,"href":"https:\/\/graziamagazine.com\/mx\/wp-json\/wp\/v2\/categories?post=84723"}],"curies":[{"name":"wp","href":"https:\/\/api.w.org\/{rel}","templated":true}]}}