{"id":84052,"date":"2020-04-09T10:19:59","date_gmt":"2020-04-09T15:19:59","guid":{"rendered":"https:\/\/graziamagazine.com\/mx\/?p=84052"},"modified":"2020-04-09T10:19:59","modified_gmt":"2020-04-09T15:19:59","slug":"como-el-beauty-look-de-marion-cotillard-en-la-vie-en-rose-se-hizo-atemporal","status":"publish","type":"articles","link":"https:\/\/graziamagazine.com\/mx\/articles\/como-el-beauty-look-de-marion-cotillard-en-la-vie-en-rose-se-hizo-atemporal\/","title":{"rendered":"\u00bfC\u00f3mo el beauty look de Marion Cotillard en La Vie en Rose se hizo atemporal?"},"content":{"rendered":"<p><strong><em>La Vie en Rose\u00a0<\/em><\/strong>es un conmovedor filme que cuenta el periodo m\u00e1s importante en la vida de\u00a0<strong>Edith Piaf<\/strong>, una de las cantantes francesas m\u00e1s c\u00e9lebres del siglo XX encarnada por\u00a0<strong>Marion Cotillard<\/strong>. Este papel es uno de los estelares de la actriz, quien gan\u00f3 el mayor n\u00famero de premios en 2008 como Mejor actriz por su interpretaci\u00f3n, incluyendo un Oscar, un Golden Globe, un C\u00e9sar y un BAFTA.<\/p>\n<p>Adem\u00e1s de haber ganado el Oscar a Mejor vestuario y Mejor dise\u00f1o sonoro,\u00a0<em>La Vie en Rose\u00a0<\/em>es una cinta que logr\u00f3 reflejar a trav\u00e9s de Marion la esencia \u00fanica de la cantante francesa interprete de <em>Je ne regrette rien.<\/em>\u00a0Y es que uno de los factores involucrados para alcanzar ese objetivo fue el dise\u00f1o de maquillaje por el que tambi\u00e9n la entrega gan\u00f3 un Oscar y un BAFTA.<\/p>\n<p><img decoding=\"async\" src=\"https:\/\/media.giphy.com\/media\/nBjzduY3HYbL2\/giphy.gif\" \/><\/p>\n<p><span lang=\"es\">Edith Piaf fue v\u00edctima de la pobreza durante su infancia y termin\u00f3 alcanzando renombre mundial como una cantante encantadora, quien como podemos ver en la pel\u00edcula dirigida por\u00a0<\/span>Olivier Dahan, usaba una sombra muy sutil, base de maquillaje muy natural \u2014apenas visible\u2014 y labial rojo para enfatizar las facciones.<\/p>\n<p>Este es un <em>beauty look<\/em>\u00a0atemporal, aunque la \u00faltima tendencia en cejas es <a href=\"https:\/\/graziamagazine.com\/mx\/7-tips-para-que-tus-cejas-se-vean-mas-gruesas\/\" target=\"_blank\" rel=\"noopener\">llevarlas gruesas<\/a>. La buena noticia es que hoy en d\u00eda puedes recrearlo muy f\u00e1cil con la gama de productos de belleza firmados por <strong>Chanel<\/strong>. Pero antes de decirte c\u00f3mo, te contamos un poco de la relaci\u00f3n que la actriz y la firma mantienen hace a\u00f1os.<\/p>\n<p>Marion Cottilard hoy es el rostro de Chanel\u00a0<em><span style=\"line-height: 1.5;\">N\u00b05,<\/span><\/em><span style=\"line-height: 1.5;\"> esa<\/span>\u00a0fragancia \u00fanica que representa a la\u00a0<em>maison<\/em> fundada por la incomparable Gabrielle Chanel. Sin embargo la actriz ha demostrado desde el inicio de su carrera que la firma francesa es una de sus favoritas. Cottilard deslumbr\u00f3 en la <em>premiere<\/em> de <em>A\u00a0Very Long Engagement <\/em>hace 16 a\u00f1os en un <em>set<\/em> ideado por Karl Lagerfeld, as\u00ed como en 2008 se rob\u00f3 los reflectores en un vestido tambi\u00e9n firmado por el k\u00e1iser de la moda.<\/p>\n<p>Hoy la actriz es la encarnaci\u00f3n perfecta de la belleza natural francesa, pero regresando a los productos para crear el maquillaje ideal que todas le envidiamos en su papel protag\u00f3nico, aqu\u00ed te los dejamos:<\/p>\n<h3><i><span lang=\"ES-MX\">Ultra Le Teint<\/span><\/i><\/h3>\n<p><span lang=\"ES-MX\" style=\"line-height: 1.5;\">Esta es una base de maquillaje que sobrepasa todos los l\u00edmites: larga duraci\u00f3n, confort y acabado perfecto natural. Adem\u00e1s de\u00a0<\/span><span style=\"line-height: 1.5;\">unificar todos los tonos de piel, esta controla las zonas de brillo para una tez perfecta con acabado mate luminoso.<\/span><\/p>\n<div>\n<div><img decoding=\"async\" class=\"alignnone size-medium wp-image-84077\" src=\"https:\/\/graziamagazine.com\/mx\/wp-content\/uploads\/sites\/13\/2020\/04\/como-el-beauty-look-de-marion-cotillard-en-la-vie-en-rose-se-hizo-atemporal-1-450x515.jpg\" alt=\"Chanel Beauty\" \/><\/div>\n<div>\n<h3><em>La Palette Sourcils<\/em><\/h3>\n<p>Tapa las imperfeccion<span style=\"line-height: 1.5;\">es en las cejas y define su forma con un acabado natural<\/span><em style=\"line-height: 1.5;\">.<\/em><\/p>\n<\/div>\n<div><em>\u00a0<\/em><img decoding=\"async\" class=\"alignnone size-medium wp-image-84187\" style=\"line-height: 1.5;\" src=\"https:\/\/graziamagazine.com\/mx\/wp-content\/uploads\/sites\/13\/2020\/04\/como-el-beauty-look-de-marion-cotillard-en-la-vie-en-rose-se-hizo-atemporal-8-450x450.jpg\" alt=\"Chanel Beauty\" \/><\/p>\n<h3><em>Ombre Premi\u00e8re Laque<\/em><\/h3>\n<p>Esta es nuestra parte favorita del proceso.\u00a0<em>Ombre Premi\u00e8re Laque\u00a0<\/em>es el \u00faltimo lanzamiento en sombras de la <em>maison<\/em> y le dar\u00e1 a tus ojos un acabado suave y difuminado como el de Marion interpretando a Edith Piaf.<\/p>\n<p><img decoding=\"async\" class=\"alignnone size-medium wp-image-84169\" src=\"https:\/\/graziamagazine.com\/mx\/wp-content\/uploads\/sites\/13\/2020\/04\/como-el-beauty-look-de-marion-cotillard-en-la-vie-en-rose-se-hizo-atemporal-4-450x450.jpg\" alt=\"Chanel Beauty\" \/><\/p>\n<\/div>\n<div>\n<h3><em>Le Liner<\/em><\/h3>\n<p>Este es el delineador l\u00edquido es ideal si quieres estar <em>ad hoc<\/em> con las nuevas <a href=\"https:\/\/graziamagazine.com\/mx\/6-tendencias-de-belleza-para-otono-invierno-2020\/\" target=\"_blank\" rel=\"noopener\">tendencias de maquillaje<\/a>. Acent\u00faa el contorno de tus ojos y te dar\u00e1 ese toque elegante y sutil que tanto buscas.<\/p>\n<p><img decoding=\"async\" class=\"alignnone size-medium wp-image-84167\" src=\"https:\/\/graziamagazine.com\/mx\/wp-content\/uploads\/sites\/13\/2020\/04\/como-el-beauty-look-de-marion-cotillard-en-la-vie-en-rose-se-hizo-atemporal-6-450x450.jpg\" alt=\"Chanel Beauty\" \/><\/p>\n<\/div>\n<h3><em>Le Volume Stretch<\/em><\/h3>\n<p>Un <em>beauty look<\/em> natural y el volumen perfecto se logran con este nuevo lanzamiento de Chanel. El cepillo construido en impresi\u00f3n 3D te dar\u00e1 el efecto que quieres obtener.<\/p>\n<div><img decoding=\"async\" class=\"alignnone size-medium wp-image-84186\" src=\"https:\/\/graziamagazine.com\/mx\/wp-content\/uploads\/sites\/13\/2020\/04\/como-el-beauty-look-de-marion-cotillard-en-la-vie-en-rose-se-hizo-atemporal-5-1-450x450.jpg\" alt=\"Chanel Beauty\" \/><\/div>\n<h3><i><span lang=\"ES-MX\">Rouge Allure Cam\u00e9lia<\/span><\/i><\/h3>\n<p>Para lograr unos labios n\u00edtidos y satinados como los de Edith Piaf esta es la opci\u00f3n perfecta. Chanel\u00a0<span style=\"line-height: 1.5;\">se inspir\u00f3 en uno de los s\u00edmbolos m\u00e1s emblem\u00e1ticos de la m<\/span><i style=\"line-height: 1.5;\">aison,<\/i><span style=\"line-height: 1.5;\">\u00a0la Camelia, para reinterpretar los ic\u00f3nicos labiales\u00a0<\/span><i>Rouge Allure\u00a0<\/i><span style=\"line-height: 1.5;\">y\u00a0<\/span><i>Rouge Allure Velvet<\/i><span style=\"line-height: 1.5;\">. Adornada con la flor favorita de\u00a0Gabrielle Chanel, la tapa dorada se convierte en un objeto de colecci\u00f3n que no puedes dejar de tener.\u00a0<\/span><\/p>\n<p><img decoding=\"async\" class=\"size-medium wp-image-84076 aligncenter\" src=\"https:\/\/graziamagazine.com\/mx\/wp-content\/uploads\/sites\/13\/2020\/04\/como-el-beauty-look-de-marion-cotillard-en-la-vie-en-rose-se-hizo-atemporal-2-450x464.jpg\" alt=\"Chanel Beauty\" \/><\/p>\n<h3><em>E\u0301clat Du D\u00e9sert<\/em><\/h3>\n<p>Acent\u00faa las mejillas y dales un efecto satinado s\u00faper natural y sutil con Chanel.<\/p>\n<h3><img decoding=\"async\" class=\"alignnone size-medium wp-image-84188\" style=\"font-size: 16px; line-height: 1.5;\" src=\"https:\/\/graziamagazine.com\/mx\/wp-content\/uploads\/sites\/13\/2020\/04\/como-el-beauty-look-de-marion-cotillard-en-la-vie-en-rose-se-hizo-atemporal-7-450x450.jpg\" alt=\"Chanel Beauty\" \/><\/h3>\n<div>\n<h3><i><span lang=\"ES-MX\">SUBLIMAGE:<\/span><\/i><i><span lang=\"ES-MX\">\u00a0<\/span><\/i><i><span lang=\"FR\">La Collection Lumi\u00e8re<\/span><\/i><\/h3>\n<p>Por \u00faltimo, este es el toque que necesitas para que tu rostro luzca hidratado y luminoso.\u00a0<span style=\"line-height: 1.5;\">En estos productos<\/span><span style=\"line-height: 1.5;\">\u00a0protagoniza el poder de regeneraci\u00f3n m\u00e1ximo de la\u00a0<\/span><i style=\"line-height: 1.5;\">Vanilla Planifolia<\/i><span style=\"line-height: 1.5;\">.\u00a0<\/span><\/p>\n<p><img decoding=\"async\" class=\"alignnone size-medium wp-image-84075\" style=\"line-height: 1.5;\" src=\"https:\/\/graziamagazine.com\/mx\/wp-content\/uploads\/sites\/13\/2020\/04\/como-el-beauty-look-de-marion-cotillard-en-la-vie-en-rose-se-hizo-atemporal-3-450x517.jpg\" alt=\"Chanel Beauty\" \/><\/p>\n<h5><em>*IM\u00c1GENES: Cortes\u00eda Chanel<\/em><\/h5>\n<\/div>\n<\/div>\n","protected":false},"author":11656,"featured_media":84069,"template":"","format":"standard","categories":[3],"acf":[],"yoast_head":"<!-- This site is optimized with the Yoast SEO Premium plugin v18.5 (Yoast SEO v20.4) - https:\/\/yoast.com\/wordpress\/plugins\/seo\/ -->\n<title>\u00bfC\u00f3mo el beauty look de Marion Cotillard en La Vie en Rose se hizo atemporal? | Grazia M\u00e9xico y Latinoam\u00e9rica<\/title>\n<meta name=\"description\" content=\"El beauty look de Marion Cotillard en La Vie en Rose se hizo atemporal y puedes recrearlo con los productos de belleza firmados por Chanel.\" \/>\n<meta name=\"robots\" content=\"index, follow, max-snippet:-1, max-image-preview:large, max-video-preview:-1\" \/>\n<link rel=\"canonical\" href=\"https:\/\/graziamagazine.com\/mx\/articles\/como-el-beauty-look-de-marion-cotillard-en-la-vie-en-rose-se-hizo-atemporal\/\" \/>\n<meta property=\"og:locale\" content=\"es_MX\" \/>\n<meta property=\"og:type\" content=\"article\" \/>\n<meta property=\"og:title\" content=\"\u00bfC\u00f3mo el beauty look de Marion Cotillard en La Vie en Rose se hizo atemporal?\" \/>\n<meta property=\"og:description\" content=\"El beauty look de Marion Cotillard en La Vie en Rose se hizo atemporal y puedes recrearlo con los productos de belleza firmados por Chanel.\" \/>\n<meta property=\"og:url\" content=\"https:\/\/graziamagazine.com\/mx\/articles\/como-el-beauty-look-de-marion-cotillard-en-la-vie-en-rose-se-hizo-atemporal\/\" \/>\n<meta property=\"og:site_name\" content=\"Grazia M\u00e9xico y Latinoam\u00e9rica\" \/>\n<meta property=\"og:image\" content=\"https:\/\/graziamagazine.com\/mx\/wp-content\/uploads\/sites\/13\/2020\/04\/como-el-beauty-look-de-marion-cotillard-en-la-vie-en-rose-se-hizo-atemporal-destacada.jpg?fit=600%2C337\" \/>\n\t<meta property=\"og:image:width\" content=\"600\" \/>\n\t<meta property=\"og:image:height\" content=\"337\" \/>\n\t<meta property=\"og:image:type\" content=\"image\/jpeg\" \/>\n<meta name=\"twitter:card\" content=\"summary_large_image\" \/>\n<meta name=\"twitter:label1\" content=\"Est. reading time\" \/>\n\t<meta name=\"twitter:data1\" content=\"4 minutos\" \/>\n<script type=\"application\/ld+json\" class=\"yoast-schema-graph\">{\"@context\":\"https:\/\/schema.org\",\"@graph\":[{\"@type\":\"WebPage\",\"@id\":\"https:\/\/graziamagazine.com\/mx\/articles\/como-el-beauty-look-de-marion-cotillard-en-la-vie-en-rose-se-hizo-atemporal\/\",\"url\":\"https:\/\/graziamagazine.com\/mx\/articles\/como-el-beauty-look-de-marion-cotillard-en-la-vie-en-rose-se-hizo-atemporal\/\",\"name\":\"\u00bfC\u00f3mo el beauty look de Marion Cotillard en La Vie en Rose se hizo atemporal? | Grazia M\u00e9xico y Latinoam\u00e9rica\",\"isPartOf\":{\"@id\":\"https:\/\/graziamagazine.com\/mx\/#website\"},\"datePublished\":\"2020-04-09T15:19:59+00:00\",\"dateModified\":\"2020-04-09T15:19:59+00:00\",\"description\":\"El beauty look de Marion Cotillard en La Vie en Rose se hizo atemporal y puedes recrearlo con los productos de belleza firmados por Chanel.\",\"breadcrumb\":{\"@id\":\"https:\/\/graziamagazine.com\/mx\/articles\/como-el-beauty-look-de-marion-cotillard-en-la-vie-en-rose-se-hizo-atemporal\/#breadcrumb\"},\"inLanguage\":\"es-MX\",\"potentialAction\":[{\"@type\":\"ReadAction\",\"target\":[\"https:\/\/graziamagazine.com\/mx\/articles\/como-el-beauty-look-de-marion-cotillard-en-la-vie-en-rose-se-hizo-atemporal\/\"]}]},{\"@type\":\"BreadcrumbList\",\"@id\":\"https:\/\/graziamagazine.com\/mx\/articles\/como-el-beauty-look-de-marion-cotillard-en-la-vie-en-rose-se-hizo-atemporal\/#breadcrumb\",\"itemListElement\":[{\"@type\":\"ListItem\",\"position\":1,\"name\":\"Home\",\"item\":\"https:\/\/graziamagazine.com\/mx\/\"},{\"@type\":\"ListItem\",\"position\":2,\"name\":\"\u00bfC\u00f3mo el beauty look de Marion Cotillard en La Vie en Rose se hizo atemporal?\"}]},{\"@type\":\"WebSite\",\"@id\":\"https:\/\/graziamagazine.com\/mx\/#website\",\"url\":\"https:\/\/graziamagazine.com\/mx\/\",\"name\":\"Grazia M\u00e9xico y Latinoam\u00e9rica\",\"description\":\"Grazia es moda, belleza y noticias  de actualidad \",\"potentialAction\":[{\"@type\":\"SearchAction\",\"target\":{\"@type\":\"EntryPoint\",\"urlTemplate\":\"https:\/\/graziamagazine.com\/mx\/?s={search_term_string}\"},\"query-input\":\"required name=search_term_string\"}],\"inLanguage\":\"es-MX\"}]}<\/script>\n<!-- \/ Yoast SEO Premium plugin. -->","yoast_head_json":{"title":"\u00bfC\u00f3mo el beauty look de Marion Cotillard en La Vie en Rose se hizo atemporal? | Grazia M\u00e9xico y Latinoam\u00e9rica","description":"El beauty look de Marion Cotillard en La Vie en Rose se hizo atemporal y puedes recrearlo con los productos de belleza firmados por Chanel.","robots":{"index":"index","follow":"follow","max-snippet":"max-snippet:-1","max-image-preview":"max-image-preview:large","max-video-preview":"max-video-preview:-1"},"canonical":"https:\/\/graziamagazine.com\/mx\/articles\/como-el-beauty-look-de-marion-cotillard-en-la-vie-en-rose-se-hizo-atemporal\/","og_locale":"es_MX","og_type":"article","og_title":"\u00bfC\u00f3mo el beauty look de Marion Cotillard en La Vie en Rose se hizo atemporal?","og_description":"El beauty look de Marion Cotillard en La Vie en Rose se hizo atemporal y puedes recrearlo con los productos de belleza firmados por Chanel.","og_url":"https:\/\/graziamagazine.com\/mx\/articles\/como-el-beauty-look-de-marion-cotillard-en-la-vie-en-rose-se-hizo-atemporal\/","og_site_name":"Grazia M\u00e9xico y Latinoam\u00e9rica","og_image":[{"width":600,"height":337,"url":"https:\/\/graziamagazine.com\/mx\/wp-content\/uploads\/sites\/13\/2020\/04\/como-el-beauty-look-de-marion-cotillard-en-la-vie-en-rose-se-hizo-atemporal-destacada.jpg?fit=600%2C337","type":"image\/jpeg"}],"twitter_card":"summary_large_image","twitter_misc":{"Est. reading time":"4 minutos"},"schema":{"@context":"https:\/\/schema.org","@graph":[{"@type":"WebPage","@id":"https:\/\/graziamagazine.com\/mx\/articles\/como-el-beauty-look-de-marion-cotillard-en-la-vie-en-rose-se-hizo-atemporal\/","url":"https:\/\/graziamagazine.com\/mx\/articles\/como-el-beauty-look-de-marion-cotillard-en-la-vie-en-rose-se-hizo-atemporal\/","name":"\u00bfC\u00f3mo el beauty look de Marion Cotillard en La Vie en Rose se hizo atemporal? | Grazia M\u00e9xico y Latinoam\u00e9rica","isPartOf":{"@id":"https:\/\/graziamagazine.com\/mx\/#website"},"datePublished":"2020-04-09T15:19:59+00:00","dateModified":"2020-04-09T15:19:59+00:00","description":"El beauty look de Marion Cotillard en La Vie en Rose se hizo atemporal y puedes recrearlo con los productos de belleza firmados por Chanel.","breadcrumb":{"@id":"https:\/\/graziamagazine.com\/mx\/articles\/como-el-beauty-look-de-marion-cotillard-en-la-vie-en-rose-se-hizo-atemporal\/#breadcrumb"},"inLanguage":"es-MX","potentialAction":[{"@type":"ReadAction","target":["https:\/\/graziamagazine.com\/mx\/articles\/como-el-beauty-look-de-marion-cotillard-en-la-vie-en-rose-se-hizo-atemporal\/"]}]},{"@type":"BreadcrumbList","@id":"https:\/\/graziamagazine.com\/mx\/articles\/como-el-beauty-look-de-marion-cotillard-en-la-vie-en-rose-se-hizo-atemporal\/#breadcrumb","itemListElement":[{"@type":"ListItem","position":1,"name":"Home","item":"https:\/\/graziamagazine.com\/mx\/"},{"@type":"ListItem","position":2,"name":"\u00bfC\u00f3mo el beauty look de Marion Cotillard en La Vie en Rose se hizo atemporal?"}]},{"@type":"WebSite","@id":"https:\/\/graziamagazine.com\/mx\/#website","url":"https:\/\/graziamagazine.com\/mx\/","name":"Grazia M\u00e9xico y Latinoam\u00e9rica","description":"Grazia es moda, belleza y noticias  de actualidad ","potentialAction":[{"@type":"SearchAction","target":{"@type":"EntryPoint","urlTemplate":"https:\/\/graziamagazine.com\/mx\/?s={search_term_string}"},"query-input":"required name=search_term_string"}],"inLanguage":"es-MX"}]}},"jetpack_sharing_enabled":true,"distributor_meta":false,"distributor_terms":false,"distributor_media":false,"distributor_original_site_name":"Grazia M\u00e9xico y Latinoam\u00e9rica","distributor_original_site_url":"https:\/\/graziamagazine.com\/mx","push-errors":false,"_links":{"self":[{"href":"https:\/\/graziamagazine.com\/mx\/wp-json\/wp\/v2\/articles\/84052"}],"collection":[{"href":"https:\/\/graziamagazine.com\/mx\/wp-json\/wp\/v2\/articles"}],"about":[{"href":"https:\/\/graziamagazine.com\/mx\/wp-json\/wp\/v2\/types\/articles"}],"author":[{"embeddable":true,"href":"https:\/\/graziamagazine.com\/mx\/wp-json\/wp\/v2\/users\/11656"}],"wp:featuredmedia":[{"embeddable":true,"href":"https:\/\/graziamagazine.com\/mx\/wp-json\/wp\/v2\/media\/84069"}],"wp:attachment":[{"href":"https:\/\/graziamagazine.com\/mx\/wp-json\/wp\/v2\/media?parent=84052"}],"wp:term":[{"taxonomy":"category","embeddable":true,"href":"https:\/\/graziamagazine.com\/mx\/wp-json\/wp\/v2\/categories?post=84052"}],"curies":[{"name":"wp","href":"https:\/\/api.w.org\/{rel}","templated":true}]}}