{"id":83720,"date":"2020-04-02T15:38:44","date_gmt":"2020-04-02T20:38:44","guid":{"rendered":"https:\/\/graziamagazine.com\/mx\/?p=83720"},"modified":"2020-04-02T15:38:44","modified_gmt":"2020-04-02T20:38:44","slug":"esta-bebida-de-cafe-es-la-tendencia-de-la-cuarentena","status":"publish","type":"articles","link":"https:\/\/graziamagazine.com\/mx\/articles\/esta-bebida-de-cafe-es-la-tendencia-de-la-cuarentena\/","title":{"rendered":"Esta bebida de caf\u00e9 es la tendencia de la cuarentena"},"content":{"rendered":"<p>Hoy m\u00e1s que nunca estamos en busca de nuevas actividades, entre ellas probar recetas que parec\u00edan imposibles de hacer. Y seguramente suena completamente extra\u00f1o, pero en tiempos de cuarentena la industria gastron\u00f3mica est\u00e1 dictando tendencia con una bebida. Se trata de <strong>Dalgona<\/strong>, un caf\u00e9 popularizado en Corea del Sur y que en las redes sociales lo han denominado como <strong><em>fluffy coffee<\/em><\/strong> (caf\u00e9 esponjoso en espa\u00f1ol).<\/p>\n<p>Aunque su elaboraci\u00f3n parezca complicada, la realidad es que puedes hacerlo en tu casa con ingredientes que seguramente tienes o que pudieras comprar en tu pr\u00f3xima visita al s\u00faper. Necesitar\u00e1s\u00a0dos cucharadas de caf\u00e9 instant\u00e1neo en polvo, dos cucharadas de az\u00facar y dos cucharadas de agua caliente. Teniendo estos, el proceso es tambi\u00e9n sencillo: a\u00f1ade en un recipiente el caf\u00e9, el agua y el az\u00facar, y bate hasta conseguir una consistencia espesa. Puedes mezclar con una cuchara o, si quieres maximizar el tiempo, utiliza una batidora. Ten en cuenta que la clave est\u00e1 en que quede espumoso como si fuera crema batida. Terminando, vierte la mezcla en un vaso con leche fr\u00eda y dale la forma que quieras para hacerlo &#8220;instagrameable&#8221;.<\/p>\n<p>Algunos de los videos publicados en YouTube que muestran paso a paso de la receta, alcanzan las millones de reproducciones. Y en Instagram, el\u00a0<em>hashtag #DalgonaCoffee<\/em> ya cuenta con m\u00e1s de 100,000 publicaciones. Podr\u00e1s ser, o no, amante del caf\u00e9. Lo cierto es que seguramente no te resistir\u00e1s a probar la bebida.<\/p>\n<p><iframe loading=\"lazy\" src=\"https:\/\/www.youtube.com\/embed\/bqqANy2EoKI\" width=\"560\" height=\"315\" frameborder=\"0\"><\/iframe><\/p>\n","protected":false},"author":11625,"featured_media":83753,"template":"","format":"standard","categories":[114],"acf":[],"yoast_head":"<!-- This site is optimized with the Yoast SEO Premium plugin v18.5 (Yoast SEO v20.4) - https:\/\/yoast.com\/wordpress\/plugins\/seo\/ -->\n<title>Esta bebida de caf\u00e9 es la tendencia de la cuarentena | Grazia M\u00e9xico y Latinoam\u00e9rica<\/title>\n<meta name=\"description\" content=\"Ahora puedes recrear la bebida de caf\u00e9 ideada en Corea del Sur y que est\u00e1 dando la vuelta al mundo en las redes sociales. \u00bfTe unes?\" \/>\n<meta name=\"robots\" content=\"index, follow, max-snippet:-1, max-image-preview:large, max-video-preview:-1\" \/>\n<link rel=\"canonical\" href=\"https:\/\/graziamagazine.com\/mx\/articles\/esta-bebida-de-cafe-es-la-tendencia-de-la-cuarentena\/\" \/>\n<meta property=\"og:locale\" content=\"es_MX\" \/>\n<meta property=\"og:type\" content=\"article\" \/>\n<meta property=\"og:title\" content=\"Esta bebida de caf\u00e9 es la tendencia de la cuarentena\" \/>\n<meta property=\"og:description\" content=\"Ahora puedes recrear la bebida de caf\u00e9 ideada en Corea del Sur y que est\u00e1 dando la vuelta al mundo en las redes sociales. \u00bfTe unes?\" \/>\n<meta property=\"og:url\" content=\"https:\/\/graziamagazine.com\/mx\/articles\/esta-bebida-de-cafe-es-la-tendencia-de-la-cuarentena\/\" \/>\n<meta property=\"og:site_name\" content=\"Grazia M\u00e9xico y Latinoam\u00e9rica\" \/>\n<meta property=\"og:image\" content=\"https:\/\/graziamagazine.com\/mx\/wp-content\/uploads\/sites\/13\/2020\/04\/conoce-la-bebida-en-tendencia-del-momento-destacada.jpg?fit=759%2C422\" \/>\n\t<meta property=\"og:image:width\" content=\"759\" \/>\n\t<meta property=\"og:image:height\" content=\"422\" \/>\n\t<meta property=\"og:image:type\" content=\"image\/jpeg\" \/>\n<meta name=\"twitter:card\" content=\"summary_large_image\" \/>\n<meta name=\"twitter:label1\" content=\"Est. reading time\" \/>\n\t<meta name=\"twitter:data1\" content=\"1 minuto\" \/>\n<script type=\"application\/ld+json\" class=\"yoast-schema-graph\">{\"@context\":\"https:\/\/schema.org\",\"@graph\":[{\"@type\":\"WebPage\",\"@id\":\"https:\/\/graziamagazine.com\/mx\/articles\/esta-bebida-de-cafe-es-la-tendencia-de-la-cuarentena\/\",\"url\":\"https:\/\/graziamagazine.com\/mx\/articles\/esta-bebida-de-cafe-es-la-tendencia-de-la-cuarentena\/\",\"name\":\"Esta bebida de caf\u00e9 es la tendencia de la cuarentena | Grazia M\u00e9xico y Latinoam\u00e9rica\",\"isPartOf\":{\"@id\":\"https:\/\/graziamagazine.com\/mx\/#website\"},\"datePublished\":\"2020-04-02T20:38:44+00:00\",\"dateModified\":\"2020-04-02T20:38:44+00:00\",\"description\":\"Ahora puedes recrear la bebida de caf\u00e9 ideada en Corea del Sur y que est\u00e1 dando la vuelta al mundo en las redes sociales. \u00bfTe unes?\",\"breadcrumb\":{\"@id\":\"https:\/\/graziamagazine.com\/mx\/articles\/esta-bebida-de-cafe-es-la-tendencia-de-la-cuarentena\/#breadcrumb\"},\"inLanguage\":\"es-MX\",\"potentialAction\":[{\"@type\":\"ReadAction\",\"target\":[\"https:\/\/graziamagazine.com\/mx\/articles\/esta-bebida-de-cafe-es-la-tendencia-de-la-cuarentena\/\"]}]},{\"@type\":\"BreadcrumbList\",\"@id\":\"https:\/\/graziamagazine.com\/mx\/articles\/esta-bebida-de-cafe-es-la-tendencia-de-la-cuarentena\/#breadcrumb\",\"itemListElement\":[{\"@type\":\"ListItem\",\"position\":1,\"name\":\"Home\",\"item\":\"https:\/\/graziamagazine.com\/mx\/\"},{\"@type\":\"ListItem\",\"position\":2,\"name\":\"Esta bebida de caf\u00e9 es la tendencia de la cuarentena\"}]},{\"@type\":\"WebSite\",\"@id\":\"https:\/\/graziamagazine.com\/mx\/#website\",\"url\":\"https:\/\/graziamagazine.com\/mx\/\",\"name\":\"Grazia M\u00e9xico y Latinoam\u00e9rica\",\"description\":\"Grazia es moda, belleza y noticias  de actualidad \",\"potentialAction\":[{\"@type\":\"SearchAction\",\"target\":{\"@type\":\"EntryPoint\",\"urlTemplate\":\"https:\/\/graziamagazine.com\/mx\/?s={search_term_string}\"},\"query-input\":\"required name=search_term_string\"}],\"inLanguage\":\"es-MX\"}]}<\/script>\n<!-- \/ Yoast SEO Premium plugin. -->","yoast_head_json":{"title":"Esta bebida de caf\u00e9 es la tendencia de la cuarentena | Grazia M\u00e9xico y Latinoam\u00e9rica","description":"Ahora puedes recrear la bebida de caf\u00e9 ideada en Corea del Sur y que est\u00e1 dando la vuelta al mundo en las redes sociales. \u00bfTe unes?","robots":{"index":"index","follow":"follow","max-snippet":"max-snippet:-1","max-image-preview":"max-image-preview:large","max-video-preview":"max-video-preview:-1"},"canonical":"https:\/\/graziamagazine.com\/mx\/articles\/esta-bebida-de-cafe-es-la-tendencia-de-la-cuarentena\/","og_locale":"es_MX","og_type":"article","og_title":"Esta bebida de caf\u00e9 es la tendencia de la cuarentena","og_description":"Ahora puedes recrear la bebida de caf\u00e9 ideada en Corea del Sur y que est\u00e1 dando la vuelta al mundo en las redes sociales. \u00bfTe unes?","og_url":"https:\/\/graziamagazine.com\/mx\/articles\/esta-bebida-de-cafe-es-la-tendencia-de-la-cuarentena\/","og_site_name":"Grazia M\u00e9xico y Latinoam\u00e9rica","og_image":[{"width":759,"height":422,"url":"https:\/\/graziamagazine.com\/mx\/wp-content\/uploads\/sites\/13\/2020\/04\/conoce-la-bebida-en-tendencia-del-momento-destacada.jpg?fit=759%2C422","type":"image\/jpeg"}],"twitter_card":"summary_large_image","twitter_misc":{"Est. reading time":"1 minuto"},"schema":{"@context":"https:\/\/schema.org","@graph":[{"@type":"WebPage","@id":"https:\/\/graziamagazine.com\/mx\/articles\/esta-bebida-de-cafe-es-la-tendencia-de-la-cuarentena\/","url":"https:\/\/graziamagazine.com\/mx\/articles\/esta-bebida-de-cafe-es-la-tendencia-de-la-cuarentena\/","name":"Esta bebida de caf\u00e9 es la tendencia de la cuarentena | Grazia M\u00e9xico y Latinoam\u00e9rica","isPartOf":{"@id":"https:\/\/graziamagazine.com\/mx\/#website"},"datePublished":"2020-04-02T20:38:44+00:00","dateModified":"2020-04-02T20:38:44+00:00","description":"Ahora puedes recrear la bebida de caf\u00e9 ideada en Corea del Sur y que est\u00e1 dando la vuelta al mundo en las redes sociales. \u00bfTe unes?","breadcrumb":{"@id":"https:\/\/graziamagazine.com\/mx\/articles\/esta-bebida-de-cafe-es-la-tendencia-de-la-cuarentena\/#breadcrumb"},"inLanguage":"es-MX","potentialAction":[{"@type":"ReadAction","target":["https:\/\/graziamagazine.com\/mx\/articles\/esta-bebida-de-cafe-es-la-tendencia-de-la-cuarentena\/"]}]},{"@type":"BreadcrumbList","@id":"https:\/\/graziamagazine.com\/mx\/articles\/esta-bebida-de-cafe-es-la-tendencia-de-la-cuarentena\/#breadcrumb","itemListElement":[{"@type":"ListItem","position":1,"name":"Home","item":"https:\/\/graziamagazine.com\/mx\/"},{"@type":"ListItem","position":2,"name":"Esta bebida de caf\u00e9 es la tendencia de la cuarentena"}]},{"@type":"WebSite","@id":"https:\/\/graziamagazine.com\/mx\/#website","url":"https:\/\/graziamagazine.com\/mx\/","name":"Grazia M\u00e9xico y Latinoam\u00e9rica","description":"Grazia es moda, belleza y noticias  de actualidad ","potentialAction":[{"@type":"SearchAction","target":{"@type":"EntryPoint","urlTemplate":"https:\/\/graziamagazine.com\/mx\/?s={search_term_string}"},"query-input":"required name=search_term_string"}],"inLanguage":"es-MX"}]}},"jetpack_sharing_enabled":true,"distributor_meta":false,"distributor_terms":false,"distributor_media":false,"distributor_original_site_name":"Grazia M\u00e9xico y Latinoam\u00e9rica","distributor_original_site_url":"https:\/\/graziamagazine.com\/mx","push-errors":false,"_links":{"self":[{"href":"https:\/\/graziamagazine.com\/mx\/wp-json\/wp\/v2\/articles\/83720"}],"collection":[{"href":"https:\/\/graziamagazine.com\/mx\/wp-json\/wp\/v2\/articles"}],"about":[{"href":"https:\/\/graziamagazine.com\/mx\/wp-json\/wp\/v2\/types\/articles"}],"author":[{"embeddable":true,"href":"https:\/\/graziamagazine.com\/mx\/wp-json\/wp\/v2\/users\/11625"}],"wp:featuredmedia":[{"embeddable":true,"href":"https:\/\/graziamagazine.com\/mx\/wp-json\/wp\/v2\/media\/83753"}],"wp:attachment":[{"href":"https:\/\/graziamagazine.com\/mx\/wp-json\/wp\/v2\/media?parent=83720"}],"wp:term":[{"taxonomy":"category","embeddable":true,"href":"https:\/\/graziamagazine.com\/mx\/wp-json\/wp\/v2\/categories?post=83720"}],"curies":[{"name":"wp","href":"https:\/\/api.w.org\/{rel}","templated":true}]}}