{"id":83111,"date":"2020-11-30T11:10:31","date_gmt":"2020-11-30T16:10:31","guid":{"rendered":"https:\/\/graziamagazine.com\/mx\/?p=83111"},"modified":"2022-09-26T21:11:30","modified_gmt":"2022-09-27T02:11:30","slug":"el-dia-que-jackie-kennedy-insulto-a-la-reina-elizabeth-ii","status":"publish","type":"articles","link":"https:\/\/graziamagazine.com\/mx\/articles\/el-dia-que-jackie-kennedy-insulto-a-la-reina-elizabeth-ii\/","title":{"rendered":"El d\u00eda que Jackie Kennedy insult\u00f3 a la reina Elizabeth II"},"content":{"rendered":"<p>Cuando se trata de conocer a la reina puede parecer muy obvio cuidar tus modales y seguir el protocolo, sin embargo, esto no pareci\u00f3 importarle a <strong>Jackie Kennedy<\/strong> hace 59 a\u00f1os en su visita al <b>p<\/b><strong>alacio de\u00a0Buckingham<\/strong>.<\/p>\n<p>Como\u00a0<em>The Crown<\/em> nos dej\u00f3 ver, en junio de 1961 \u2014solo unos meses despu\u00e9s que iniciara la presidencia de\u00a0<strong>John F. Kennedy<\/strong> en Estados Unidos\u2014 la abuela del pr\u00edncipe Guillermo y pr\u00edncipe Harry comparte un instante en silencio con la entonces primera dama mientras recorren el palacio. Semanas despu\u00e9s, Isabel II escuch\u00f3 comentarios poco agradables que hizo Jackie en una cena:<\/p>\n<blockquote><p>Ella es una mujer descuidada, poco inteligente e irrelevante, que el nuevo lugar reducido<span lang=\"es\"> de Gran Breta\u00f1a en el mundo no fue una sorpresa, sino una inevitabilidad<\/span><\/p><\/blockquote>\n<p>En el dramatizado episodio de la serie, la madre del pr\u00edncipe Carlos se siente en efecto descuidada e irrelevante, pues la \u00edcono de estilo tambi\u00e9n llama al palacio de Buckingham\u00a0<span lang=\"es\"> &#8220;<em>de segunda categor\u00eda, en ruinas y triste, como un hotel de provincia descuidado<\/em>&#8220;. Y como si eso no fuera suficiente insulto,\u00a0Elizabeth responde a la noticia diciendo: &#8220;Bueno, debemos tenerla de nuevo pronto&#8221;.<\/span><\/p>\n<p><img decoding=\"async\" src=\"https:\/\/media.giphy.com\/media\/5xZWTOMcsRiWk\/giphy.gif\" \/><\/p>\n<p>Aunque no est\u00e1 comprobado la ex-primera dama haya dicho lo anterior y esas palabras hayan sido imaginadas por el escritor de la aclamada serie de Netflix, el fot\u00f3grafo Cecil Beaton declar\u00f3 en un diario que Kennedy no estaba impresionada con el mobiliario del palacio ni con el vestido y peinado de la reina seg\u00fan report\u00f3 <a href=\"https:\/\/www.telegraph.co.uk\/news\/2017\/11\/22\/queen-jealous-jackie-kennedy-claims-netflix-drama-crown\/\" target=\"_blank\" rel=\"noopener noreferrer\" target=\"_blank\"><em>The Telegraph<\/em><\/a>. Asimismo, de acuerdo al escritor\u00a0Gore Vidal, la esposa del entonces presidente se sinti\u00f3 resentida con la reina, pues le pareci\u00f3 &#8220;de personalidad pesada&#8221;.<\/p>\n<p>Por su lado, Peter Morgan adquiri\u00f3 el permiso pol\u00edtico para agregar otra imponente escena a la serie, donde Kennedy pide una audiencia privada con Elizabeth II meses despu\u00e9s. Y aqu\u00ed es donde la primera dama se disculpa, agregando los medicamentos que consum\u00eda en ese entonces pudieron haber sido uno de los factores que la llevaron a hacer esos comentarios tontos. \u00bfSer\u00e1?<\/p>\n<h5><em>*IMAGEN: Getty Images<\/em><\/h5>\n","protected":false},"author":11656,"featured_media":91596,"template":"","format":"standard","categories":[2],"acf":[],"yoast_head":"<!-- This site is optimized with the Yoast SEO Premium plugin v18.5 (Yoast SEO v20.4) - https:\/\/yoast.com\/wordpress\/plugins\/seo\/ -->\n<title>El d\u00eda que Jackie Kennedy insult\u00f3 a la reina Elizabeth II | Grazia M\u00e9xico y Latinoam\u00e9rica<\/title>\n<meta name=\"description\" content=\"Esto fue lo que dijo Jackie Kennedy del Palacio de Buckingham y el peinado de la reina Elizabeth II hace 59 a\u00f1os despu\u00e9s de su visita con John F. Kennedy.\" \/>\n<meta name=\"robots\" content=\"index, follow, max-snippet:-1, max-image-preview:large, max-video-preview:-1\" \/>\n<link rel=\"canonical\" href=\"https:\/\/graziamagazine.com\/mx\/articles\/el-dia-que-jackie-kennedy-insulto-a-la-reina-elizabeth-ii\/\" \/>\n<meta property=\"og:locale\" content=\"es_MX\" \/>\n<meta property=\"og:type\" content=\"article\" \/>\n<meta property=\"og:title\" content=\"El d\u00eda que Jackie Kennedy insult\u00f3 a la reina Elizabeth II\" \/>\n<meta property=\"og:description\" content=\"Esto fue lo que dijo Jackie Kennedy del Palacio de Buckingham y el peinado de la reina Elizabeth II hace 59 a\u00f1os despu\u00e9s de su visita con John F. Kennedy.\" \/>\n<meta property=\"og:url\" content=\"https:\/\/graziamagazine.com\/mx\/articles\/el-dia-que-jackie-kennedy-insulto-a-la-reina-elizabeth-ii\/\" \/>\n<meta property=\"og:site_name\" content=\"Grazia M\u00e9xico y Latinoam\u00e9rica\" \/>\n<meta property=\"article:modified_time\" content=\"2022-09-27T02:11:30+00:00\" \/>\n<meta property=\"og:image\" content=\"https:\/\/graziamagazine.com\/mx\/wp-content\/uploads\/sites\/13\/2020\/11\/foto_kennedy.jpg\" \/>\n<meta name=\"twitter:card\" content=\"summary_large_image\" \/>\n<meta name=\"twitter:label1\" content=\"Est. reading time\" \/>\n\t<meta name=\"twitter:data1\" content=\"2 minutos\" \/>\n<script type=\"application\/ld+json\" class=\"yoast-schema-graph\">{\"@context\":\"https:\/\/schema.org\",\"@graph\":[{\"@type\":\"WebPage\",\"@id\":\"https:\/\/graziamagazine.com\/mx\/articles\/el-dia-que-jackie-kennedy-insulto-a-la-reina-elizabeth-ii\/\",\"url\":\"https:\/\/graziamagazine.com\/mx\/articles\/el-dia-que-jackie-kennedy-insulto-a-la-reina-elizabeth-ii\/\",\"name\":\"El d\u00eda que Jackie Kennedy insult\u00f3 a la reina Elizabeth II | Grazia M\u00e9xico y Latinoam\u00e9rica\",\"isPartOf\":{\"@id\":\"https:\/\/graziamagazine.com\/mx\/#website\"},\"datePublished\":\"2020-11-30T16:10:31+00:00\",\"dateModified\":\"2022-09-27T02:11:30+00:00\",\"description\":\"Esto fue lo que dijo Jackie Kennedy del Palacio de Buckingham y el peinado de la reina Elizabeth II hace 59 a\u00f1os despu\u00e9s de su visita con John F. Kennedy.\",\"breadcrumb\":{\"@id\":\"https:\/\/graziamagazine.com\/mx\/articles\/el-dia-que-jackie-kennedy-insulto-a-la-reina-elizabeth-ii\/#breadcrumb\"},\"inLanguage\":\"es-MX\",\"potentialAction\":[{\"@type\":\"ReadAction\",\"target\":[\"https:\/\/graziamagazine.com\/mx\/articles\/el-dia-que-jackie-kennedy-insulto-a-la-reina-elizabeth-ii\/\"]}]},{\"@type\":\"BreadcrumbList\",\"@id\":\"https:\/\/graziamagazine.com\/mx\/articles\/el-dia-que-jackie-kennedy-insulto-a-la-reina-elizabeth-ii\/#breadcrumb\",\"itemListElement\":[{\"@type\":\"ListItem\",\"position\":1,\"name\":\"Home\",\"item\":\"https:\/\/graziamagazine.com\/mx\/\"},{\"@type\":\"ListItem\",\"position\":2,\"name\":\"El d\u00eda que Jackie Kennedy insult\u00f3 a la reina Elizabeth II\"}]},{\"@type\":\"WebSite\",\"@id\":\"https:\/\/graziamagazine.com\/mx\/#website\",\"url\":\"https:\/\/graziamagazine.com\/mx\/\",\"name\":\"Grazia M\u00e9xico y Latinoam\u00e9rica\",\"description\":\"Grazia es moda, belleza y noticias  de actualidad \",\"potentialAction\":[{\"@type\":\"SearchAction\",\"target\":{\"@type\":\"EntryPoint\",\"urlTemplate\":\"https:\/\/graziamagazine.com\/mx\/?s={search_term_string}\"},\"query-input\":\"required name=search_term_string\"}],\"inLanguage\":\"es-MX\"}]}<\/script>\n<!-- \/ Yoast SEO Premium plugin. -->","yoast_head_json":{"title":"El d\u00eda que Jackie Kennedy insult\u00f3 a la reina Elizabeth II | Grazia M\u00e9xico y Latinoam\u00e9rica","description":"Esto fue lo que dijo Jackie Kennedy del Palacio de Buckingham y el peinado de la reina Elizabeth II hace 59 a\u00f1os despu\u00e9s de su visita con John F. Kennedy.","robots":{"index":"index","follow":"follow","max-snippet":"max-snippet:-1","max-image-preview":"max-image-preview:large","max-video-preview":"max-video-preview:-1"},"canonical":"https:\/\/graziamagazine.com\/mx\/articles\/el-dia-que-jackie-kennedy-insulto-a-la-reina-elizabeth-ii\/","og_locale":"es_MX","og_type":"article","og_title":"El d\u00eda que Jackie Kennedy insult\u00f3 a la reina Elizabeth II","og_description":"Esto fue lo que dijo Jackie Kennedy del Palacio de Buckingham y el peinado de la reina Elizabeth II hace 59 a\u00f1os despu\u00e9s de su visita con John F. Kennedy.","og_url":"https:\/\/graziamagazine.com\/mx\/articles\/el-dia-que-jackie-kennedy-insulto-a-la-reina-elizabeth-ii\/","og_site_name":"Grazia M\u00e9xico y Latinoam\u00e9rica","article_modified_time":"2022-09-27T02:11:30+00:00","og_image":[{"url":"https:\/\/graziamagazine.com\/mx\/wp-content\/uploads\/sites\/13\/2020\/11\/foto_kennedy.jpg"}],"twitter_card":"summary_large_image","twitter_misc":{"Est. reading time":"2 minutos"},"schema":{"@context":"https:\/\/schema.org","@graph":[{"@type":"WebPage","@id":"https:\/\/graziamagazine.com\/mx\/articles\/el-dia-que-jackie-kennedy-insulto-a-la-reina-elizabeth-ii\/","url":"https:\/\/graziamagazine.com\/mx\/articles\/el-dia-que-jackie-kennedy-insulto-a-la-reina-elizabeth-ii\/","name":"El d\u00eda que Jackie Kennedy insult\u00f3 a la reina Elizabeth II | Grazia M\u00e9xico y Latinoam\u00e9rica","isPartOf":{"@id":"https:\/\/graziamagazine.com\/mx\/#website"},"datePublished":"2020-11-30T16:10:31+00:00","dateModified":"2022-09-27T02:11:30+00:00","description":"Esto fue lo que dijo Jackie Kennedy del Palacio de Buckingham y el peinado de la reina Elizabeth II hace 59 a\u00f1os despu\u00e9s de su visita con John F. Kennedy.","breadcrumb":{"@id":"https:\/\/graziamagazine.com\/mx\/articles\/el-dia-que-jackie-kennedy-insulto-a-la-reina-elizabeth-ii\/#breadcrumb"},"inLanguage":"es-MX","potentialAction":[{"@type":"ReadAction","target":["https:\/\/graziamagazine.com\/mx\/articles\/el-dia-que-jackie-kennedy-insulto-a-la-reina-elizabeth-ii\/"]}]},{"@type":"BreadcrumbList","@id":"https:\/\/graziamagazine.com\/mx\/articles\/el-dia-que-jackie-kennedy-insulto-a-la-reina-elizabeth-ii\/#breadcrumb","itemListElement":[{"@type":"ListItem","position":1,"name":"Home","item":"https:\/\/graziamagazine.com\/mx\/"},{"@type":"ListItem","position":2,"name":"El d\u00eda que Jackie Kennedy insult\u00f3 a la reina Elizabeth II"}]},{"@type":"WebSite","@id":"https:\/\/graziamagazine.com\/mx\/#website","url":"https:\/\/graziamagazine.com\/mx\/","name":"Grazia M\u00e9xico y Latinoam\u00e9rica","description":"Grazia es moda, belleza y noticias  de actualidad ","potentialAction":[{"@type":"SearchAction","target":{"@type":"EntryPoint","urlTemplate":"https:\/\/graziamagazine.com\/mx\/?s={search_term_string}"},"query-input":"required name=search_term_string"}],"inLanguage":"es-MX"}]}},"jetpack_sharing_enabled":true,"distributor_meta":false,"distributor_terms":false,"distributor_media":false,"distributor_original_site_name":"Grazia M\u00e9xico y Latinoam\u00e9rica","distributor_original_site_url":"https:\/\/graziamagazine.com\/mx","push-errors":false,"_links":{"self":[{"href":"https:\/\/graziamagazine.com\/mx\/wp-json\/wp\/v2\/articles\/83111"}],"collection":[{"href":"https:\/\/graziamagazine.com\/mx\/wp-json\/wp\/v2\/articles"}],"about":[{"href":"https:\/\/graziamagazine.com\/mx\/wp-json\/wp\/v2\/types\/articles"}],"author":[{"embeddable":true,"href":"https:\/\/graziamagazine.com\/mx\/wp-json\/wp\/v2\/users\/11656"}],"wp:featuredmedia":[{"embeddable":true,"href":"https:\/\/graziamagazine.com\/mx\/wp-json\/wp\/v2\/media\/91596"}],"wp:attachment":[{"href":"https:\/\/graziamagazine.com\/mx\/wp-json\/wp\/v2\/media?parent=83111"}],"wp:term":[{"taxonomy":"category","embeddable":true,"href":"https:\/\/graziamagazine.com\/mx\/wp-json\/wp\/v2\/categories?post=83111"}],"curies":[{"name":"wp","href":"https:\/\/api.w.org\/{rel}","templated":true}]}}