{"id":82008,"date":"2020-03-17T11:54:09","date_gmt":"2020-03-17T16:54:09","guid":{"rendered":"https:\/\/graziamagazine.com\/mx\/?p=82008"},"modified":"2020-03-17T11:55:05","modified_gmt":"2020-03-17T16:55:05","slug":"6-prendas-de-zara-que-necesitas-para-primavera-verano-2020","status":"publish","type":"articles","link":"https:\/\/graziamagazine.com\/mx\/articles\/6-prendas-de-zara-que-necesitas-para-primavera-verano-2020\/","title":{"rendered":"6 prendas de Zara que necesitas para primavera-verano 2020"},"content":{"rendered":"<p>No es ning\u00fan secreto que <a href=\"https:\/\/www.zara.com\/mx\/en\/\" target=\"_blank\" rel=\"noopener\" target=\"_blank\"><strong>Zara<\/strong><\/a> siempre nos saca de apuros, la firma\u00a0<em>low cost<\/em>\u00a0tiene las tendencias estelares que vemos en las pasarelas y que empiezan a conquistar el\u00a0<em>street style<\/em>. Para <strong>primavera-verano 2020<\/strong>\u00a0Zara\u00a0tiene los b\u00e1sicos perfectos para lucir espectaculares, pero esta vez no se trata de <em>T-shirts<\/em>\u00a0o faldas <em>midi,<\/em> sino de piezas que le dar\u00e1n\u00a0un\u00a0<em>upgrade<\/em> inesperado a tu\u00a0<em>outfit. <\/em>Aqu\u00ed te las dejamos:<\/p>\n<h3><em>Mini<\/em> vestido de flores<\/h3>\n<p>S\u00ed, las flores en primavera no pueden faltar en tu armario. Asimismo, las mangas abombadas son una de las tendencias m\u00e1s fuertes del a\u00f1o y llevarlas en un mini vestido es la opci\u00f3n ideal.<\/p>\n<p><img decoding=\"async\" class=\"alignnone size-medium wp-image-82061\" src=\"https:\/\/graziamagazine.com\/mx\/wp-content\/uploads\/sites\/13\/2020\/03\/Las-prendas-de-Zara-que-debes-comprar-para-primavera-verano-20208-450x675.jpg\" alt=\"\" \/><\/p>\n<h3><em>Set<\/em> en sat\u00edn<\/h3>\n<p>Este conjunto de falda <em>midi<\/em> y top de tirantes que nos recuerda con nostalgia al a\u00f1o 2000 por su construcci\u00f3n en sat\u00edn color lavanda, es s\u00faper fresco y c\u00f3modo para el verano. Ll\u00e9valo con sandalias de cordones y ser\u00e1s el centro de atenci\u00f3n como las <em>it girls<\/em>.<\/p>\n<p><img decoding=\"async\" class=\"alignnone size-medium wp-image-82033\" src=\"https:\/\/graziamagazine.com\/mx\/wp-content\/uploads\/sites\/13\/2020\/03\/Las-prendas-de-Zara-que-debes-comprar-para-primavera-verano-2020-3-450x675.jpg\" alt=\"\" \/><\/p>\n<h3><em>Mules<\/em> de tac\u00f3n bajo<\/h3>\n<p>Este toque minimalista va con todo, ya sean faldas, pantalones o vestidos, <em>looks<\/em> de d\u00eda o <em>outfits<\/em> de noche. Con un tac\u00f3n de cinco cent\u00edmetros aproximadamente, esta es la mejor manera de estilizar tu silueta sin estar inc\u00f3moda.<\/p>\n<p><img decoding=\"async\" class=\"alignnone size-medium wp-image-82068\" src=\"https:\/\/graziamagazine.com\/mx\/wp-content\/uploads\/sites\/13\/2020\/03\/Las-prendas-de-Zara-que-debes-comprar-para-primavera-verano-2020.32-450x675.jpg\" alt=\"\" \/><\/p>\n<h3><em>Blazer <\/em>blanco<\/h3>\n<p>Esta prenda que todas queremos est\u00e1 en Zara. La firma reinvent\u00f3 este b\u00e1sico esta vez con solapas delgadas, un cintur\u00f3n que enmarca la silueta y un bot\u00f3n en el centro como un toque distintivo. La mejor parte es que puedes usarlo tanto en primavera-verano, como en oto\u00f1o-invierno.<\/p>\n<p><img decoding=\"async\" class=\"alignnone size-medium wp-image-82031\" src=\"https:\/\/graziamagazine.com\/mx\/wp-content\/uploads\/sites\/13\/2020\/03\/Las-prendas-de-Zara-que-debes-comprar-para-primavera-verano-2020-1-450x675.jpg\" alt=\"\" \/><\/p>\n<h3><em>Power suit<\/em> monocrom\u00e1tico<\/h3>\n<p>Ver\u00e1s trajes en tonos oscuros y apagados por todos lados y este de la firma espa\u00f1ola es ideal por su composici\u00f3n en textiles livianos. Adem\u00e1s, tiene las mangas abombadas y dos botones a la altura de la cintura para enmarcar la silueta.<\/p>\n<p><img decoding=\"async\" class=\"alignnone size-medium wp-image-82058\" src=\"https:\/\/graziamagazine.com\/mx\/wp-content\/uploads\/sites\/13\/2020\/03\/Las-prendas-de-Zara-que-debes-comprar-para-primavera-verano-20206-450x675.jpg\" alt=\"\" \/><\/p>\n<h3><em>Jumpsuit<\/em> setentero<\/h3>\n<p>Las tendencias para primavera-verano 2020 dictan llevar un <em>look<\/em> de vibra setentera, y para que no te quedes atr\u00e1s, Zara tiene uno que adem\u00e1s de ser elegante y relajado, es c\u00f3modo y perfecto para llevar a cualquier lado.<\/p>\n<p><img decoding=\"async\" class=\"alignnone size-medium wp-image-82062\" src=\"https:\/\/graziamagazine.com\/mx\/wp-content\/uploads\/sites\/13\/2020\/03\/Las-prendas-de-Zara-que-debes-comprar-para-primavera-verano-202077-450x675.jpg\" alt=\"\" \/><\/p>\n<h5><em>*IM\u00c1GENES: Cortes\u00eda de Zara<\/em><\/h5>\n","protected":false},"author":11658,"featured_media":82410,"template":"","format":"standard","categories":[4],"acf":[],"yoast_head":"<!-- This site is optimized with the Yoast SEO Premium plugin v18.5 (Yoast SEO v20.4) - https:\/\/yoast.com\/wordpress\/plugins\/seo\/ -->\n<title>6 prendas de Zara que necesitas para primavera-verano 2020 | Grazia M\u00e9xico y Latinoam\u00e9rica<\/title>\n<meta name=\"description\" content=\"\u00bfEn qu\u00e9 debes invertir para primavera-verano 2020? Te dejamos seis prendas b\u00e1sicas de Zara que no pueden faltar en tu cl\u00f3set.\" \/>\n<meta name=\"robots\" content=\"index, follow, max-snippet:-1, max-image-preview:large, max-video-preview:-1\" \/>\n<link rel=\"canonical\" href=\"https:\/\/graziamagazine.com\/mx\/articles\/6-prendas-de-zara-que-necesitas-para-primavera-verano-2020\/\" \/>\n<meta property=\"og:locale\" content=\"es_MX\" \/>\n<meta property=\"og:type\" content=\"article\" \/>\n<meta property=\"og:title\" content=\"6 prendas de Zara que necesitas para primavera-verano 2020\" \/>\n<meta property=\"og:description\" content=\"\u00bfEn qu\u00e9 debes invertir para primavera-verano 2020? Te dejamos seis prendas b\u00e1sicas de Zara que no pueden faltar en tu cl\u00f3set.\" \/>\n<meta property=\"og:url\" content=\"https:\/\/graziamagazine.com\/mx\/articles\/6-prendas-de-zara-que-necesitas-para-primavera-verano-2020\/\" \/>\n<meta property=\"og:site_name\" content=\"Grazia M\u00e9xico y Latinoam\u00e9rica\" \/>\n<meta property=\"article:modified_time\" content=\"2020-03-17T16:55:05+00:00\" \/>\n<meta property=\"og:image\" content=\"https:\/\/graziamagazine.com\/mx\/wp-content\/uploads\/sites\/13\/2020\/03\/6-prendas-de-zara-que-necesitas-para-primavera-verano-2020-destacada.jpg?fit=1017%2C467\" \/>\n\t<meta property=\"og:image:width\" content=\"1017\" \/>\n\t<meta property=\"og:image:height\" content=\"467\" \/>\n\t<meta property=\"og:image:type\" content=\"image\/jpeg\" \/>\n<meta name=\"twitter:card\" content=\"summary_large_image\" \/>\n<meta name=\"twitter:label1\" content=\"Est. reading time\" \/>\n\t<meta name=\"twitter:data1\" content=\"2 minutos\" \/>\n<script type=\"application\/ld+json\" class=\"yoast-schema-graph\">{\"@context\":\"https:\/\/schema.org\",\"@graph\":[{\"@type\":\"WebPage\",\"@id\":\"https:\/\/graziamagazine.com\/mx\/articles\/6-prendas-de-zara-que-necesitas-para-primavera-verano-2020\/\",\"url\":\"https:\/\/graziamagazine.com\/mx\/articles\/6-prendas-de-zara-que-necesitas-para-primavera-verano-2020\/\",\"name\":\"6 prendas de Zara que necesitas para primavera-verano 2020 | Grazia M\u00e9xico y Latinoam\u00e9rica\",\"isPartOf\":{\"@id\":\"https:\/\/graziamagazine.com\/mx\/#website\"},\"datePublished\":\"2020-03-17T16:54:09+00:00\",\"dateModified\":\"2020-03-17T16:55:05+00:00\",\"description\":\"\u00bfEn qu\u00e9 debes invertir para primavera-verano 2020? Te dejamos seis prendas b\u00e1sicas de Zara que no pueden faltar en tu cl\u00f3set.\",\"breadcrumb\":{\"@id\":\"https:\/\/graziamagazine.com\/mx\/articles\/6-prendas-de-zara-que-necesitas-para-primavera-verano-2020\/#breadcrumb\"},\"inLanguage\":\"es-MX\",\"potentialAction\":[{\"@type\":\"ReadAction\",\"target\":[\"https:\/\/graziamagazine.com\/mx\/articles\/6-prendas-de-zara-que-necesitas-para-primavera-verano-2020\/\"]}]},{\"@type\":\"BreadcrumbList\",\"@id\":\"https:\/\/graziamagazine.com\/mx\/articles\/6-prendas-de-zara-que-necesitas-para-primavera-verano-2020\/#breadcrumb\",\"itemListElement\":[{\"@type\":\"ListItem\",\"position\":1,\"name\":\"Home\",\"item\":\"https:\/\/graziamagazine.com\/mx\/\"},{\"@type\":\"ListItem\",\"position\":2,\"name\":\"6 prendas de Zara que necesitas para primavera-verano 2020\"}]},{\"@type\":\"WebSite\",\"@id\":\"https:\/\/graziamagazine.com\/mx\/#website\",\"url\":\"https:\/\/graziamagazine.com\/mx\/\",\"name\":\"Grazia M\u00e9xico y Latinoam\u00e9rica\",\"description\":\"Grazia es moda, belleza y noticias  de actualidad \",\"potentialAction\":[{\"@type\":\"SearchAction\",\"target\":{\"@type\":\"EntryPoint\",\"urlTemplate\":\"https:\/\/graziamagazine.com\/mx\/?s={search_term_string}\"},\"query-input\":\"required name=search_term_string\"}],\"inLanguage\":\"es-MX\"}]}<\/script>\n<!-- \/ Yoast SEO Premium plugin. -->","yoast_head_json":{"title":"6 prendas de Zara que necesitas para primavera-verano 2020 | Grazia M\u00e9xico y Latinoam\u00e9rica","description":"\u00bfEn qu\u00e9 debes invertir para primavera-verano 2020? Te dejamos seis prendas b\u00e1sicas de Zara que no pueden faltar en tu cl\u00f3set.","robots":{"index":"index","follow":"follow","max-snippet":"max-snippet:-1","max-image-preview":"max-image-preview:large","max-video-preview":"max-video-preview:-1"},"canonical":"https:\/\/graziamagazine.com\/mx\/articles\/6-prendas-de-zara-que-necesitas-para-primavera-verano-2020\/","og_locale":"es_MX","og_type":"article","og_title":"6 prendas de Zara que necesitas para primavera-verano 2020","og_description":"\u00bfEn qu\u00e9 debes invertir para primavera-verano 2020? Te dejamos seis prendas b\u00e1sicas de Zara que no pueden faltar en tu cl\u00f3set.","og_url":"https:\/\/graziamagazine.com\/mx\/articles\/6-prendas-de-zara-que-necesitas-para-primavera-verano-2020\/","og_site_name":"Grazia M\u00e9xico y Latinoam\u00e9rica","article_modified_time":"2020-03-17T16:55:05+00:00","og_image":[{"width":1017,"height":467,"url":"https:\/\/graziamagazine.com\/mx\/wp-content\/uploads\/sites\/13\/2020\/03\/6-prendas-de-zara-que-necesitas-para-primavera-verano-2020-destacada.jpg?fit=1017%2C467","type":"image\/jpeg"}],"twitter_card":"summary_large_image","twitter_misc":{"Est. reading time":"2 minutos"},"schema":{"@context":"https:\/\/schema.org","@graph":[{"@type":"WebPage","@id":"https:\/\/graziamagazine.com\/mx\/articles\/6-prendas-de-zara-que-necesitas-para-primavera-verano-2020\/","url":"https:\/\/graziamagazine.com\/mx\/articles\/6-prendas-de-zara-que-necesitas-para-primavera-verano-2020\/","name":"6 prendas de Zara que necesitas para primavera-verano 2020 | Grazia M\u00e9xico y Latinoam\u00e9rica","isPartOf":{"@id":"https:\/\/graziamagazine.com\/mx\/#website"},"datePublished":"2020-03-17T16:54:09+00:00","dateModified":"2020-03-17T16:55:05+00:00","description":"\u00bfEn qu\u00e9 debes invertir para primavera-verano 2020? Te dejamos seis prendas b\u00e1sicas de Zara que no pueden faltar en tu cl\u00f3set.","breadcrumb":{"@id":"https:\/\/graziamagazine.com\/mx\/articles\/6-prendas-de-zara-que-necesitas-para-primavera-verano-2020\/#breadcrumb"},"inLanguage":"es-MX","potentialAction":[{"@type":"ReadAction","target":["https:\/\/graziamagazine.com\/mx\/articles\/6-prendas-de-zara-que-necesitas-para-primavera-verano-2020\/"]}]},{"@type":"BreadcrumbList","@id":"https:\/\/graziamagazine.com\/mx\/articles\/6-prendas-de-zara-que-necesitas-para-primavera-verano-2020\/#breadcrumb","itemListElement":[{"@type":"ListItem","position":1,"name":"Home","item":"https:\/\/graziamagazine.com\/mx\/"},{"@type":"ListItem","position":2,"name":"6 prendas de Zara que necesitas para primavera-verano 2020"}]},{"@type":"WebSite","@id":"https:\/\/graziamagazine.com\/mx\/#website","url":"https:\/\/graziamagazine.com\/mx\/","name":"Grazia M\u00e9xico y Latinoam\u00e9rica","description":"Grazia es moda, belleza y noticias  de actualidad ","potentialAction":[{"@type":"SearchAction","target":{"@type":"EntryPoint","urlTemplate":"https:\/\/graziamagazine.com\/mx\/?s={search_term_string}"},"query-input":"required name=search_term_string"}],"inLanguage":"es-MX"}]}},"jetpack_sharing_enabled":true,"distributor_meta":false,"distributor_terms":false,"distributor_media":false,"distributor_original_site_name":"Grazia M\u00e9xico y Latinoam\u00e9rica","distributor_original_site_url":"https:\/\/graziamagazine.com\/mx","push-errors":false,"_links":{"self":[{"href":"https:\/\/graziamagazine.com\/mx\/wp-json\/wp\/v2\/articles\/82008"}],"collection":[{"href":"https:\/\/graziamagazine.com\/mx\/wp-json\/wp\/v2\/articles"}],"about":[{"href":"https:\/\/graziamagazine.com\/mx\/wp-json\/wp\/v2\/types\/articles"}],"author":[{"embeddable":true,"href":"https:\/\/graziamagazine.com\/mx\/wp-json\/wp\/v2\/users\/11658"}],"wp:featuredmedia":[{"embeddable":true,"href":"https:\/\/graziamagazine.com\/mx\/wp-json\/wp\/v2\/media\/82410"}],"wp:attachment":[{"href":"https:\/\/graziamagazine.com\/mx\/wp-json\/wp\/v2\/media?parent=82008"}],"wp:term":[{"taxonomy":"category","embeddable":true,"href":"https:\/\/graziamagazine.com\/mx\/wp-json\/wp\/v2\/categories?post=82008"}],"curies":[{"name":"wp","href":"https:\/\/api.w.org\/{rel}","templated":true}]}}