{"id":81956,"date":"2020-03-11T10:46:47","date_gmt":"2020-03-11T15:46:47","guid":{"rendered":"https:\/\/graziamagazine.com\/mx\/?p=81956"},"modified":"2020-03-11T11:19:19","modified_gmt":"2020-03-11T16:19:19","slug":"harvey-weinstein-es-condenado-a-23-anos-de-carcel","status":"publish","type":"articles","link":"https:\/\/graziamagazine.com\/mx\/articles\/harvey-weinstein-es-condenado-a-23-anos-de-carcel\/","title":{"rendered":"Harvey Weinstein es condenado a 23 a\u00f1os de c\u00e1rcel"},"content":{"rendered":"<p>El hombre que desat\u00f3 el movimiento <em>#MeToo<\/em>, <strong>Harvey Weinstein<\/strong>, fue condenado a 23 a\u00f1os de c\u00e1rcel en la corte de Nueva York tras un mes en juicio. El exproductor de Hollywood <a href=\"https:\/\/graziamagazine.com\/mx\/harvey-weinstein-es-declarado-culpable-por-la-corte-en-nueva-york\/\" target=\"_blank\" rel=\"noopener\">fue acusado por dos casos de abuso sexual<\/a> y exonerado del m\u00e1s grave; sin embargo, la pena suma la m\u00e1s alta seg\u00fan <a href=\"https:\/\/www.nytimes.com\/2020\/03\/11\/nyregion\/harvey-weinstein-sentencing.html?action=click&amp;module=Top%20Stories&amp;pgtype=Homepage\" target=\"_blank\" rel=\"noopener\" target=\"_blank\">afirman medios<\/a>.<\/p>\n<p>Weinstein fue declarado culpable el 25 de febrero. Tras el juicio, el excineasta fue enviado a una c\u00e1rcel en Nueva York, pero sufri\u00f3 dolores en el pecho y presi\u00f3n alta, por lo que fue enviado a un hospital bajo custodia. Su aparici\u00f3n hoy en la corte fue en silla de ruedas &#8220;demostrando&#8221; que su estado de salud va en declive.<\/p>\n<p>Luego de que la condena fue dada a conocer, el equipo de abogados de Harvey Weinstein apel\u00f3, argumentando que en su estado una pena de cinco a\u00f1os era m\u00e1s que suficiente.<\/p>\n<p>Coincidentemente, ayer una serie de correos electr\u00f3nicos revelaron que Weinstein quer\u00eda asesinar a <strong>Jennifer Aniston<\/strong> por decir a una amiga que hab\u00eda sufrido de abuso durante la producci\u00f3n de\u00a0<em>Derailed<\/em> en 2005. Los representante de la actriz <a href=\"https:\/\/variety.com\/2020\/biz\/news\/weinstein-jennifer-aniston-should-be-killed-1203529141\/\" target=\"_blank\" rel=\"noopener\" target=\"_blank\">desmintieron<\/a> las acusaciones.<\/p>\n<p>Harvey Weinstein fue el personaje m\u00e1s importante de Hollywood en los noventa. Produjo filmes ganadores del Oscar como\u00a0<em>Pulp Fiction<\/em> y\u00a0<em>Shakespeare in Love<\/em>. Fund\u00f3 <strong>Miramax<\/strong> en 1979 junto a su hermano <strong>Bob Weinstein<\/strong>, compa\u00f1\u00eda que luego fue vendida a The Walt Disney Company por un trato de $60 millones de d\u00f3lares\u00a0\u2014a\u00fan as\u00ed, la operaci\u00f3n segu\u00eda a cargo de los hermanos. En 2005 el d\u00fao dej\u00f3 la productora e iniciaron <strong>The Weinstein Company<\/strong>. Tras las acusaciones dadas a conocer en un art\u00edculo de\u00a0<em>The New York Times<\/em> en 2017, The Weinstein Company cay\u00f3 en bancarrota.<\/p>\n<p>El caso de Weinstein incit\u00f3 a que m\u00e1s mujeres se unieran a acusar a depredadores sexuales que ocupaban los puestos m\u00e1s altos en poderosas compa\u00f1\u00edas. Uno de ellos fue el esc\u00e1ndalo de\u00a0<em>Fox News<\/em> que inspir\u00f3\u00a0<strong><em><a href=\"https:\/\/graziamagazine.com\/mx\/la-escandalosa-historia-detras-de-bombshell\/\" target=\"_blank\" rel=\"noopener\">Bombshell<\/a><\/em><\/strong>, el filme protagonizado por <strong>Charlize Theron<\/strong>, <strong>Nicole Kidman<\/strong> y <strong>Margot Robbie<\/strong>.<\/p>\n<h5><\/h5>\n<h5><em>*IMAGEN: Getty Images<\/em><\/h5>\n","protected":false},"author":11636,"featured_media":81974,"template":"","format":"standard","categories":[114],"acf":[],"yoast_head":"<!-- This site is optimized with the Yoast SEO Premium plugin v18.5 (Yoast SEO v20.4) - https:\/\/yoast.com\/wordpress\/plugins\/seo\/ -->\n<title>Harvey Weinstein es condenado a 23 a\u00f1os de c\u00e1rcel | Grazia M\u00e9xico y Latinoam\u00e9rica<\/title>\n<meta name=\"description\" content=\"El exproductor s\u00faper estrella de Hollywood fue declarado culpable el 25 de febrero. Hoy, el jurado anuncia su pena por 23 a\u00f1os de c\u00e1rcel.\" \/>\n<meta name=\"robots\" content=\"index, follow, max-snippet:-1, max-image-preview:large, max-video-preview:-1\" \/>\n<link rel=\"canonical\" href=\"https:\/\/graziamagazine.com\/mx\/articles\/harvey-weinstein-es-condenado-a-23-anos-de-carcel\/\" \/>\n<meta property=\"og:locale\" content=\"es_MX\" \/>\n<meta property=\"og:type\" content=\"article\" \/>\n<meta property=\"og:title\" content=\"Harvey Weinstein es condenado a 23 a\u00f1os de c\u00e1rcel\" \/>\n<meta property=\"og:description\" content=\"El exproductor s\u00faper estrella de Hollywood fue declarado culpable el 25 de febrero. Hoy, el jurado anuncia su pena por 23 a\u00f1os de c\u00e1rcel.\" \/>\n<meta property=\"og:url\" content=\"https:\/\/graziamagazine.com\/mx\/articles\/harvey-weinstein-es-condenado-a-23-anos-de-carcel\/\" \/>\n<meta property=\"og:site_name\" content=\"Grazia M\u00e9xico y Latinoam\u00e9rica\" \/>\n<meta property=\"article:modified_time\" content=\"2020-03-11T16:19:19+00:00\" \/>\n<meta property=\"og:image\" content=\"https:\/\/graziamagazine.com\/mx\/wp-content\/uploads\/sites\/13\/2020\/03\/harvey-weinstein-es-condenado-a-23-anos-de-carcel-destacadaa.jpg?fit=1417%2C945\" \/>\n\t<meta property=\"og:image:width\" content=\"1417\" \/>\n\t<meta property=\"og:image:height\" content=\"945\" \/>\n\t<meta property=\"og:image:type\" content=\"image\/jpeg\" \/>\n<meta name=\"twitter:card\" content=\"summary_large_image\" \/>\n<meta name=\"twitter:label1\" content=\"Est. reading time\" \/>\n\t<meta name=\"twitter:data1\" content=\"2 minutos\" \/>\n<script type=\"application\/ld+json\" class=\"yoast-schema-graph\">{\"@context\":\"https:\/\/schema.org\",\"@graph\":[{\"@type\":\"WebPage\",\"@id\":\"https:\/\/graziamagazine.com\/mx\/articles\/harvey-weinstein-es-condenado-a-23-anos-de-carcel\/\",\"url\":\"https:\/\/graziamagazine.com\/mx\/articles\/harvey-weinstein-es-condenado-a-23-anos-de-carcel\/\",\"name\":\"Harvey Weinstein es condenado a 23 a\u00f1os de c\u00e1rcel | Grazia M\u00e9xico y Latinoam\u00e9rica\",\"isPartOf\":{\"@id\":\"https:\/\/graziamagazine.com\/mx\/#website\"},\"datePublished\":\"2020-03-11T15:46:47+00:00\",\"dateModified\":\"2020-03-11T16:19:19+00:00\",\"description\":\"El exproductor s\u00faper estrella de Hollywood fue declarado culpable el 25 de febrero. Hoy, el jurado anuncia su pena por 23 a\u00f1os de c\u00e1rcel.\",\"breadcrumb\":{\"@id\":\"https:\/\/graziamagazine.com\/mx\/articles\/harvey-weinstein-es-condenado-a-23-anos-de-carcel\/#breadcrumb\"},\"inLanguage\":\"es-MX\",\"potentialAction\":[{\"@type\":\"ReadAction\",\"target\":[\"https:\/\/graziamagazine.com\/mx\/articles\/harvey-weinstein-es-condenado-a-23-anos-de-carcel\/\"]}]},{\"@type\":\"BreadcrumbList\",\"@id\":\"https:\/\/graziamagazine.com\/mx\/articles\/harvey-weinstein-es-condenado-a-23-anos-de-carcel\/#breadcrumb\",\"itemListElement\":[{\"@type\":\"ListItem\",\"position\":1,\"name\":\"Home\",\"item\":\"https:\/\/graziamagazine.com\/mx\/\"},{\"@type\":\"ListItem\",\"position\":2,\"name\":\"Harvey Weinstein es condenado a 23 a\u00f1os de c\u00e1rcel\"}]},{\"@type\":\"WebSite\",\"@id\":\"https:\/\/graziamagazine.com\/mx\/#website\",\"url\":\"https:\/\/graziamagazine.com\/mx\/\",\"name\":\"Grazia M\u00e9xico y Latinoam\u00e9rica\",\"description\":\"Grazia es moda, belleza y noticias  de actualidad \",\"potentialAction\":[{\"@type\":\"SearchAction\",\"target\":{\"@type\":\"EntryPoint\",\"urlTemplate\":\"https:\/\/graziamagazine.com\/mx\/?s={search_term_string}\"},\"query-input\":\"required name=search_term_string\"}],\"inLanguage\":\"es-MX\"}]}<\/script>\n<!-- \/ Yoast SEO Premium plugin. -->","yoast_head_json":{"title":"Harvey Weinstein es condenado a 23 a\u00f1os de c\u00e1rcel | Grazia M\u00e9xico y Latinoam\u00e9rica","description":"El exproductor s\u00faper estrella de Hollywood fue declarado culpable el 25 de febrero. Hoy, el jurado anuncia su pena por 23 a\u00f1os de c\u00e1rcel.","robots":{"index":"index","follow":"follow","max-snippet":"max-snippet:-1","max-image-preview":"max-image-preview:large","max-video-preview":"max-video-preview:-1"},"canonical":"https:\/\/graziamagazine.com\/mx\/articles\/harvey-weinstein-es-condenado-a-23-anos-de-carcel\/","og_locale":"es_MX","og_type":"article","og_title":"Harvey Weinstein es condenado a 23 a\u00f1os de c\u00e1rcel","og_description":"El exproductor s\u00faper estrella de Hollywood fue declarado culpable el 25 de febrero. Hoy, el jurado anuncia su pena por 23 a\u00f1os de c\u00e1rcel.","og_url":"https:\/\/graziamagazine.com\/mx\/articles\/harvey-weinstein-es-condenado-a-23-anos-de-carcel\/","og_site_name":"Grazia M\u00e9xico y Latinoam\u00e9rica","article_modified_time":"2020-03-11T16:19:19+00:00","og_image":[{"width":1417,"height":945,"url":"https:\/\/graziamagazine.com\/mx\/wp-content\/uploads\/sites\/13\/2020\/03\/harvey-weinstein-es-condenado-a-23-anos-de-carcel-destacadaa.jpg?fit=1417%2C945","type":"image\/jpeg"}],"twitter_card":"summary_large_image","twitter_misc":{"Est. reading time":"2 minutos"},"schema":{"@context":"https:\/\/schema.org","@graph":[{"@type":"WebPage","@id":"https:\/\/graziamagazine.com\/mx\/articles\/harvey-weinstein-es-condenado-a-23-anos-de-carcel\/","url":"https:\/\/graziamagazine.com\/mx\/articles\/harvey-weinstein-es-condenado-a-23-anos-de-carcel\/","name":"Harvey Weinstein es condenado a 23 a\u00f1os de c\u00e1rcel | Grazia M\u00e9xico y Latinoam\u00e9rica","isPartOf":{"@id":"https:\/\/graziamagazine.com\/mx\/#website"},"datePublished":"2020-03-11T15:46:47+00:00","dateModified":"2020-03-11T16:19:19+00:00","description":"El exproductor s\u00faper estrella de Hollywood fue declarado culpable el 25 de febrero. Hoy, el jurado anuncia su pena por 23 a\u00f1os de c\u00e1rcel.","breadcrumb":{"@id":"https:\/\/graziamagazine.com\/mx\/articles\/harvey-weinstein-es-condenado-a-23-anos-de-carcel\/#breadcrumb"},"inLanguage":"es-MX","potentialAction":[{"@type":"ReadAction","target":["https:\/\/graziamagazine.com\/mx\/articles\/harvey-weinstein-es-condenado-a-23-anos-de-carcel\/"]}]},{"@type":"BreadcrumbList","@id":"https:\/\/graziamagazine.com\/mx\/articles\/harvey-weinstein-es-condenado-a-23-anos-de-carcel\/#breadcrumb","itemListElement":[{"@type":"ListItem","position":1,"name":"Home","item":"https:\/\/graziamagazine.com\/mx\/"},{"@type":"ListItem","position":2,"name":"Harvey Weinstein es condenado a 23 a\u00f1os de c\u00e1rcel"}]},{"@type":"WebSite","@id":"https:\/\/graziamagazine.com\/mx\/#website","url":"https:\/\/graziamagazine.com\/mx\/","name":"Grazia M\u00e9xico y Latinoam\u00e9rica","description":"Grazia es moda, belleza y noticias  de actualidad ","potentialAction":[{"@type":"SearchAction","target":{"@type":"EntryPoint","urlTemplate":"https:\/\/graziamagazine.com\/mx\/?s={search_term_string}"},"query-input":"required name=search_term_string"}],"inLanguage":"es-MX"}]}},"jetpack_sharing_enabled":true,"distributor_meta":false,"distributor_terms":false,"distributor_media":false,"distributor_original_site_name":"Grazia M\u00e9xico y Latinoam\u00e9rica","distributor_original_site_url":"https:\/\/graziamagazine.com\/mx","push-errors":false,"_links":{"self":[{"href":"https:\/\/graziamagazine.com\/mx\/wp-json\/wp\/v2\/articles\/81956"}],"collection":[{"href":"https:\/\/graziamagazine.com\/mx\/wp-json\/wp\/v2\/articles"}],"about":[{"href":"https:\/\/graziamagazine.com\/mx\/wp-json\/wp\/v2\/types\/articles"}],"author":[{"embeddable":true,"href":"https:\/\/graziamagazine.com\/mx\/wp-json\/wp\/v2\/users\/11636"}],"wp:featuredmedia":[{"embeddable":true,"href":"https:\/\/graziamagazine.com\/mx\/wp-json\/wp\/v2\/media\/81974"}],"wp:attachment":[{"href":"https:\/\/graziamagazine.com\/mx\/wp-json\/wp\/v2\/media?parent=81956"}],"wp:term":[{"taxonomy":"category","embeddable":true,"href":"https:\/\/graziamagazine.com\/mx\/wp-json\/wp\/v2\/categories?post=81956"}],"curies":[{"name":"wp","href":"https:\/\/api.w.org\/{rel}","templated":true}]}}