{"id":81902,"date":"2020-03-11T15:00:45","date_gmt":"2020-03-11T20:00:45","guid":{"rendered":"https:\/\/graziamagazine.com\/mx\/?p=81902"},"modified":"2020-03-11T15:00:45","modified_gmt":"2020-03-11T20:00:45","slug":"5-cortes-de-pelo-para-cabello-rizado","status":"publish","type":"articles","link":"https:\/\/graziamagazine.com\/mx\/articles\/5-cortes-de-pelo-para-cabello-rizado\/","title":{"rendered":"5 cortes de pelo para cabello rizado"},"content":{"rendered":"<p>Cuando pensamos en un corte de pelo al tener el <strong>cabello rizado<\/strong>\u00a0nos aterra quedar como estropajo y siempre acabamos optando por el mismo corte. Aqu\u00ed te traemos un poco de inspiraci\u00f3n para que te atrevas a hacerte ese cambio de <em>look<\/em> que tanto has querido. Desde <a href=\"https:\/\/graziamagazine.com\/mx\/7-cortes-de-cabello-de-moda-en-2020\/\" target=\"_blank\" rel=\"noopener\">cortes cl\u00e1sicos<\/a> que nunca pasar\u00e1n de moda, hasta unos un poco m\u00e1s atrevidos:<\/p>\n<h3><em>Morrison<\/em> con flequillo<\/h3>\n<p>Este corte es uno de los que favorece especialmente a las personas con cara ovalada, as\u00ed que si tu rostro es redondo puedes aumentar el largo hasta la barbilla o un poco mas abajo para verte espectacular como Zendaya.<\/p>\n<p><a href=\"http:\/\/www.gettyimages.es\/detail\/831217760\"id=\"dosDS7phQpZXnk23wWoj2g\" class=\"gie-slideshow\" style=\"color: #a7a7a7; text-decoration: none; font-weight: normal !important; border: none; display: inline-block;\"  target=\"_blank\" rel=\"noopener\" target=\"_blank\">Embed from Getty Images<\/a><script>window.gie=window.gie||function(c){(gie.q=gie.q||[]).push(c)};gie(function(){gie.widgets.load({id:'dosDS7phQpZXnk23wWoj2g',sig:'JyxrH0WX_jv0_HK0OfQ9686nnFwasxbna1e42OlmO58=',w:'419px',h:'594px',items:'831217760,831194696,605718416',caption: true ,tld:'es',is360: false })});<\/script><script src='\/\/embed-cdn.gettyimages.com\/widgets.js' charset='utf-8' async><\/script><\/p>\n<h3><em>Pixie<\/em><\/h3>\n<p>El corte <em>pixie<\/em> es un estilo andr\u00f3gino con un aire <em>sexy<\/em> y fresco. Es una excelente opci\u00f3n para controlar esos rizos con frizz y adem\u00e1s nunca pasar\u00e1 de moda, es muy f\u00e1cil de llevar y de cuidar.<\/p>\n<p><a href=\"http:\/\/www.gettyimages.es\/detail\/913829920\"id=\"moctbkTESgFZSp5wAWE-XA\" class=\"gie-single\" style=\"color: #a7a7a7; text-decoration: none; font-weight: normal !important; border: none; display: inline-block;\"  target=\"_blank\" rel=\"noopener\" target=\"_blank\">Embed from Getty Images<\/a><script>window.gie=window.gie||function(c){(gie.q=gie.q||[]).push(c)};gie(function(){gie.widgets.load({id:'moctbkTESgFZSp5wAWE-XA',sig:'1YDNeak94WRbl6JHyHVluoAYJSip81QmO8DDMUHUCw0=',w:'395px',h:'594px',items:'913829920',caption: true ,tld:'es',is360: false })});<\/script><script src='\/\/embed-cdn.gettyimages.com\/widgets.js' charset='utf-8' async><\/script><\/p>\n<h3><em>XXL<\/em><\/h3>\n<p>Este es un estilo muy cl\u00e1sico en cuanto a cortes nos referimos. Aqu\u00ed simplemente tienes que mantener tu melena cuidada; como en los dem\u00e1s, pero con el hecho de que en este solo te vayas a despuntar cada 3 meses para ayudar a que el cabello <a href=\"https:\/\/graziamagazine.com\/mx\/como-hacer-que-el-pelo-crezca-rapido\/\" target=\"_blank\" rel=\"noopener\">crezca sano<\/a>.<\/p>\n<p><a href=\"http:\/\/www.gettyimages.es\/detail\/465110329\"id=\"q_EN9jt_S1hMpvrSVmwgzg\" class=\"gie-slideshow\" style=\"color: #a7a7a7; text-decoration: none; font-weight: normal !important; border: none; display: inline-block;\"  target=\"_blank\" rel=\"noopener\" target=\"_blank\">Embed from Getty Images<\/a><script>window.gie=window.gie||function(c){(gie.q=gie.q||[]).push(c)};gie(function(){gie.widgets.load({id:'q_EN9jt_S1hMpvrSVmwgzg',sig:'m78Aud0pl7bmmFqw-j6KDYdK7QAqpiGyzrMosiS5_8Y=',w:'475px',h:'594px',items:'465110329,1067795154',caption: true ,tld:'es',is360: false })});<\/script><script src='\/\/embed-cdn.gettyimages.com\/widgets.js' charset='utf-8' async><\/script><\/p>\n<h3><em>Bob<\/em><\/h3>\n<p>El <em>bob<\/em> nunca pasa de moda y en realidad queda perfecto con cualquier tipo de cabello, pero hay que admitir que para quienes lo tienen rizado es la opci\u00f3n ideal, pues genera volumen y es muy f\u00e1cil de mantener. Sin embargo, hay que tener cuidado porque este corte puede llegar a redondear el rostro, as\u00ed que siempre p\u00eddele consejos a un experto.<\/p>\n<p><a href=\"http:\/\/www.gettyimages.es\/detail\/78901324\"id=\"YdYWOArpT2hX7X-tnETC4A\" class=\"gie-slideshow\" style=\"color: #a7a7a7; text-decoration: none; font-weight: normal !important; border: none; display: inline-block;\"  target=\"_blank\" rel=\"noopener\" target=\"_blank\">Embed from Getty Images<\/a><script>window.gie=window.gie||function(c){(gie.q=gie.q||[]).push(c)};gie(function(){gie.widgets.load({id:'YdYWOArpT2hX7X-tnETC4A',sig:'X7bC6uOcs7epVmnNB8qRyHh8X9-Odn-eASbxNuLnpLY=',w:'442px',h:'594px',items:'78901324,486641081',caption: true ,tld:'es',is360: false })});<\/script><script src=\"\/\/embed-cdn.gettyimages.com\/widgets.js\" charset=\"utf-8\" async=\"\"><\/script><\/p>\n<h3><em>Shaggy<\/em>\u00a0o s<em>hag<\/em><\/h3>\n<p>El s<em>hag<\/em> es un estilo mas relajado y aporta volumen y movimiento al cabello. Se caracteriza por ser un corte con varias capas, pero ojo, no son capas porque s\u00ed, sino que deben de ser cortadas cuidadosamente, porque agregar de m\u00e1s podr\u00eda adelgazar mucho tu pelo y lograr un efecto no deseado.<\/p>\n<p><a href=\"http:\/\/www.gettyimages.es\/detail\/1206889976\"id=\"DAulk4iZQzRWCRaNBqpd_A\" class=\"gie-slideshow\" style=\"color: #a7a7a7; text-decoration: none; font-weight: normal !important; border: none; display: inline-block;\"  target=\"_blank\" rel=\"noopener\" target=\"_blank\">Embed from Getty Images<\/a><script>window.gie=window.gie||function(c){(gie.q=gie.q||[]).push(c)};gie(function(){gie.widgets.load({id:'DAulk4iZQzRWCRaNBqpd_A',sig:'5XRKKSLBczrw48Tt63caaPb80IhKrHLprTwmwiAdP8w=',w:'396px',h:'594px',items:'1206889976,1201499661',caption: true ,tld:'es',is360: false })});<\/script><script src=\"\/\/embed-cdn.gettyimages.com\/widgets.js\" charset=\"utf-8\" async=\"\"><\/script><\/p>\n<h5><em>*IM\u00c1GENES: Getty Images<\/em><\/h5>\n","protected":false},"author":11645,"featured_media":82083,"template":"","format":"standard","categories":[3],"acf":[],"yoast_head":"<!-- This site is optimized with the Yoast SEO Premium plugin v18.5 (Yoast SEO v20.4) - https:\/\/yoast.com\/wordpress\/plugins\/seo\/ -->\n<title>5 cortes de pelo para cabello rizado | Grazia M\u00e9xico y Latinoam\u00e9rica<\/title>\n<meta name=\"description\" content=\"Sabemos que no es f\u00e1cil elegir un buen corte cuando nuestro cabello es rizado, y para que dejes de preocuparte, aqu\u00ed te dejamos algunas ideas.\" \/>\n<meta name=\"robots\" content=\"index, follow, max-snippet:-1, max-image-preview:large, max-video-preview:-1\" \/>\n<link rel=\"canonical\" href=\"https:\/\/graziamagazine.com\/mx\/articles\/5-cortes-de-pelo-para-cabello-rizado\/\" \/>\n<meta property=\"og:locale\" content=\"es_MX\" \/>\n<meta property=\"og:type\" content=\"article\" \/>\n<meta property=\"og:title\" content=\"5 cortes de pelo para cabello rizado\" \/>\n<meta property=\"og:description\" content=\"Sabemos que no es f\u00e1cil elegir un buen corte cuando nuestro cabello es rizado, y para que dejes de preocuparte, aqu\u00ed te dejamos algunas ideas.\" \/>\n<meta property=\"og:url\" content=\"https:\/\/graziamagazine.com\/mx\/articles\/5-cortes-de-pelo-para-cabello-rizado\/\" \/>\n<meta property=\"og:site_name\" content=\"Grazia M\u00e9xico y Latinoam\u00e9rica\" \/>\n<meta property=\"og:image\" content=\"https:\/\/graziamagazine.com\/mx\/wp-content\/uploads\/sites\/13\/2020\/03\/5-cortes-de-pelo-para-cabello-rizado-destacada.jpg?fit=745%2C483\" \/>\n\t<meta property=\"og:image:width\" content=\"745\" \/>\n\t<meta property=\"og:image:height\" content=\"483\" \/>\n\t<meta property=\"og:image:type\" content=\"image\/jpeg\" \/>\n<meta name=\"twitter:card\" content=\"summary_large_image\" \/>\n<meta name=\"twitter:label1\" content=\"Est. reading time\" \/>\n\t<meta name=\"twitter:data1\" content=\"2 minutos\" \/>\n<script type=\"application\/ld+json\" class=\"yoast-schema-graph\">{\"@context\":\"https:\/\/schema.org\",\"@graph\":[{\"@type\":\"WebPage\",\"@id\":\"https:\/\/graziamagazine.com\/mx\/articles\/5-cortes-de-pelo-para-cabello-rizado\/\",\"url\":\"https:\/\/graziamagazine.com\/mx\/articles\/5-cortes-de-pelo-para-cabello-rizado\/\",\"name\":\"5 cortes de pelo para cabello rizado | Grazia M\u00e9xico y Latinoam\u00e9rica\",\"isPartOf\":{\"@id\":\"https:\/\/graziamagazine.com\/mx\/#website\"},\"datePublished\":\"2020-03-11T20:00:45+00:00\",\"dateModified\":\"2020-03-11T20:00:45+00:00\",\"description\":\"Sabemos que no es f\u00e1cil elegir un buen corte cuando nuestro cabello es rizado, y para que dejes de preocuparte, aqu\u00ed te dejamos algunas ideas.\",\"breadcrumb\":{\"@id\":\"https:\/\/graziamagazine.com\/mx\/articles\/5-cortes-de-pelo-para-cabello-rizado\/#breadcrumb\"},\"inLanguage\":\"es-MX\",\"potentialAction\":[{\"@type\":\"ReadAction\",\"target\":[\"https:\/\/graziamagazine.com\/mx\/articles\/5-cortes-de-pelo-para-cabello-rizado\/\"]}]},{\"@type\":\"BreadcrumbList\",\"@id\":\"https:\/\/graziamagazine.com\/mx\/articles\/5-cortes-de-pelo-para-cabello-rizado\/#breadcrumb\",\"itemListElement\":[{\"@type\":\"ListItem\",\"position\":1,\"name\":\"Home\",\"item\":\"https:\/\/graziamagazine.com\/mx\/\"},{\"@type\":\"ListItem\",\"position\":2,\"name\":\"5 cortes de pelo para cabello rizado\"}]},{\"@type\":\"WebSite\",\"@id\":\"https:\/\/graziamagazine.com\/mx\/#website\",\"url\":\"https:\/\/graziamagazine.com\/mx\/\",\"name\":\"Grazia M\u00e9xico y Latinoam\u00e9rica\",\"description\":\"Grazia es moda, belleza y noticias  de actualidad \",\"potentialAction\":[{\"@type\":\"SearchAction\",\"target\":{\"@type\":\"EntryPoint\",\"urlTemplate\":\"https:\/\/graziamagazine.com\/mx\/?s={search_term_string}\"},\"query-input\":\"required name=search_term_string\"}],\"inLanguage\":\"es-MX\"}]}<\/script>\n<!-- \/ Yoast SEO Premium plugin. -->","yoast_head_json":{"title":"5 cortes de pelo para cabello rizado | Grazia M\u00e9xico y Latinoam\u00e9rica","description":"Sabemos que no es f\u00e1cil elegir un buen corte cuando nuestro cabello es rizado, y para que dejes de preocuparte, aqu\u00ed te dejamos algunas ideas.","robots":{"index":"index","follow":"follow","max-snippet":"max-snippet:-1","max-image-preview":"max-image-preview:large","max-video-preview":"max-video-preview:-1"},"canonical":"https:\/\/graziamagazine.com\/mx\/articles\/5-cortes-de-pelo-para-cabello-rizado\/","og_locale":"es_MX","og_type":"article","og_title":"5 cortes de pelo para cabello rizado","og_description":"Sabemos que no es f\u00e1cil elegir un buen corte cuando nuestro cabello es rizado, y para que dejes de preocuparte, aqu\u00ed te dejamos algunas ideas.","og_url":"https:\/\/graziamagazine.com\/mx\/articles\/5-cortes-de-pelo-para-cabello-rizado\/","og_site_name":"Grazia M\u00e9xico y Latinoam\u00e9rica","og_image":[{"width":745,"height":483,"url":"https:\/\/graziamagazine.com\/mx\/wp-content\/uploads\/sites\/13\/2020\/03\/5-cortes-de-pelo-para-cabello-rizado-destacada.jpg?fit=745%2C483","type":"image\/jpeg"}],"twitter_card":"summary_large_image","twitter_misc":{"Est. reading time":"2 minutos"},"schema":{"@context":"https:\/\/schema.org","@graph":[{"@type":"WebPage","@id":"https:\/\/graziamagazine.com\/mx\/articles\/5-cortes-de-pelo-para-cabello-rizado\/","url":"https:\/\/graziamagazine.com\/mx\/articles\/5-cortes-de-pelo-para-cabello-rizado\/","name":"5 cortes de pelo para cabello rizado | Grazia M\u00e9xico y Latinoam\u00e9rica","isPartOf":{"@id":"https:\/\/graziamagazine.com\/mx\/#website"},"datePublished":"2020-03-11T20:00:45+00:00","dateModified":"2020-03-11T20:00:45+00:00","description":"Sabemos que no es f\u00e1cil elegir un buen corte cuando nuestro cabello es rizado, y para que dejes de preocuparte, aqu\u00ed te dejamos algunas ideas.","breadcrumb":{"@id":"https:\/\/graziamagazine.com\/mx\/articles\/5-cortes-de-pelo-para-cabello-rizado\/#breadcrumb"},"inLanguage":"es-MX","potentialAction":[{"@type":"ReadAction","target":["https:\/\/graziamagazine.com\/mx\/articles\/5-cortes-de-pelo-para-cabello-rizado\/"]}]},{"@type":"BreadcrumbList","@id":"https:\/\/graziamagazine.com\/mx\/articles\/5-cortes-de-pelo-para-cabello-rizado\/#breadcrumb","itemListElement":[{"@type":"ListItem","position":1,"name":"Home","item":"https:\/\/graziamagazine.com\/mx\/"},{"@type":"ListItem","position":2,"name":"5 cortes de pelo para cabello rizado"}]},{"@type":"WebSite","@id":"https:\/\/graziamagazine.com\/mx\/#website","url":"https:\/\/graziamagazine.com\/mx\/","name":"Grazia M\u00e9xico y Latinoam\u00e9rica","description":"Grazia es moda, belleza y noticias  de actualidad ","potentialAction":[{"@type":"SearchAction","target":{"@type":"EntryPoint","urlTemplate":"https:\/\/graziamagazine.com\/mx\/?s={search_term_string}"},"query-input":"required name=search_term_string"}],"inLanguage":"es-MX"}]}},"jetpack_sharing_enabled":true,"distributor_meta":false,"distributor_terms":false,"distributor_media":false,"distributor_original_site_name":"Grazia M\u00e9xico y Latinoam\u00e9rica","distributor_original_site_url":"https:\/\/graziamagazine.com\/mx","push-errors":false,"_links":{"self":[{"href":"https:\/\/graziamagazine.com\/mx\/wp-json\/wp\/v2\/articles\/81902"}],"collection":[{"href":"https:\/\/graziamagazine.com\/mx\/wp-json\/wp\/v2\/articles"}],"about":[{"href":"https:\/\/graziamagazine.com\/mx\/wp-json\/wp\/v2\/types\/articles"}],"author":[{"embeddable":true,"href":"https:\/\/graziamagazine.com\/mx\/wp-json\/wp\/v2\/users\/11645"}],"wp:featuredmedia":[{"embeddable":true,"href":"https:\/\/graziamagazine.com\/mx\/wp-json\/wp\/v2\/media\/82083"}],"wp:attachment":[{"href":"https:\/\/graziamagazine.com\/mx\/wp-json\/wp\/v2\/media?parent=81902"}],"wp:term":[{"taxonomy":"category","embeddable":true,"href":"https:\/\/graziamagazine.com\/mx\/wp-json\/wp\/v2\/categories?post=81902"}],"curies":[{"name":"wp","href":"https:\/\/api.w.org\/{rel}","templated":true}]}}