{"id":81701,"date":"2020-03-17T13:14:48","date_gmt":"2020-03-17T18:14:48","guid":{"rendered":"https:\/\/graziamagazine.com\/mx\/?p=81701"},"modified":"2021-01-15T14:49:25","modified_gmt":"2021-01-15T19:49:25","slug":"solar-colores-estampados-y-siluetas-para-primavera-verano-2020","status":"publish","type":"articles","link":"https:\/\/graziamagazine.com\/mx\/articles\/solar-colores-estampados-y-siluetas-para-primavera-verano-2020\/","title":{"rendered":"Solar: Colores, estampados y siluetas para primavera-verano 2020"},"content":{"rendered":"<div class=\"content-gallery\"><div class=\"gallery-placeholder\"><div class=\"spinner\"><\/div><\/div><span class=\"gallery-pagination\"><\/span><div id=\"gallery-1\" class=\"gallery galleryid-81701 gallery-columns- gallery-size-\"><figure class=\"gallery-item grazia-gallery-show-text\"><div class=\"gallery-icon landscape\"><img loading=\"lazy\" decoding=\"async\" width=\"1500\" height=\"2250\" src=\"https:\/\/graziamagazine.com\/mx\/wp-content\/uploads\/sites\/13\/2020\/03\/solar-colores-estampados-y-siluetas-para-primavera-verano-2020-1.jpg\" class=\"lazy\" alt=\"\" srcset=\"https:\/\/graziamagazine.com\/mx\/wp-content\/uploads\/sites\/13\/2020\/03\/solar-colores-estampados-y-siluetas-para-primavera-verano-2020-1.jpg 1500w, https:\/\/graziamagazine.com\/mx\/wp-content\/uploads\/sites\/13\/2020\/03\/solar-colores-estampados-y-siluetas-para-primavera-verano-2020-1.jpg?resize=300,450 300w, https:\/\/graziamagazine.com\/mx\/wp-content\/uploads\/sites\/13\/2020\/03\/solar-colores-estampados-y-siluetas-para-primavera-verano-2020-1.jpg?resize=768,1152 768w, https:\/\/graziamagazine.com\/mx\/wp-content\/uploads\/sites\/13\/2020\/03\/solar-colores-estampados-y-siluetas-para-primavera-verano-2020-1.jpg?resize=683,1024 683w, https:\/\/graziamagazine.com\/mx\/wp-content\/uploads\/sites\/13\/2020\/03\/solar-colores-estampados-y-siluetas-para-primavera-verano-2020-1.jpg?resize=1024,1536 1024w, https:\/\/graziamagazine.com\/mx\/wp-content\/uploads\/sites\/13\/2020\/03\/solar-colores-estampados-y-siluetas-para-primavera-verano-2020-1.jpg?resize=1365,2048 1365w, https:\/\/graziamagazine.com\/mx\/wp-content\/uploads\/sites\/13\/2020\/03\/solar-colores-estampados-y-siluetas-para-primavera-verano-2020-1.jpg?resize=143,215 143w\" sizes=\"(max-width: 1500px) 100vw, 1500px\" \/><\/div><div class=\"grazia-gallery-text\"><p><strong>El tiempo que marca el sol es el de la nueva estaci\u00f3n, la cual entra con colores y contrastes para darte luz y calor.<\/strong><\/p>\n<p><em>Hoodie<\/em> y pantal\u00f3n de cuero,\u00a0<strong>Jos\u00e9 S\u00e1nchez<\/strong><\/p>\n<p>Fotograf\u00eda Santiago Ruise\u00f1or<\/p>\n<p>Editora de Moda Annie Lask<\/p>\n<p>Pelo y maquillaje Gustavo Bortolotti<\/p>\n<p>Modelo Victoria para GH Management<\/p>\n<p>Asistente de fotograf\u00eda Angie<\/p>\n<p>Escultura Reloj Solar de Grzegorz Kowalski del corredor Ruta de la Amistad<\/p>\n<\/div><\/figure><figure class=\"gallery-item grazia-gallery-show-text\"><div class=\"gallery-icon landscape\"><img loading=\"lazy\" decoding=\"async\" width=\"1500\" height=\"2250\" src=\"https:\/\/graziamagazine.com\/mx\/wp-content\/uploads\/sites\/13\/2020\/03\/solar-colores-estampados-y-siluetas-para-primavera-verano-2020-2.jpg\" class=\"lazy\" alt=\"\" srcset=\"https:\/\/graziamagazine.com\/mx\/wp-content\/uploads\/sites\/13\/2020\/03\/solar-colores-estampados-y-siluetas-para-primavera-verano-2020-2.jpg 1500w, https:\/\/graziamagazine.com\/mx\/wp-content\/uploads\/sites\/13\/2020\/03\/solar-colores-estampados-y-siluetas-para-primavera-verano-2020-2.jpg?resize=300,450 300w, https:\/\/graziamagazine.com\/mx\/wp-content\/uploads\/sites\/13\/2020\/03\/solar-colores-estampados-y-siluetas-para-primavera-verano-2020-2.jpg?resize=768,1152 768w, https:\/\/graziamagazine.com\/mx\/wp-content\/uploads\/sites\/13\/2020\/03\/solar-colores-estampados-y-siluetas-para-primavera-verano-2020-2.jpg?resize=683,1024 683w, https:\/\/graziamagazine.com\/mx\/wp-content\/uploads\/sites\/13\/2020\/03\/solar-colores-estampados-y-siluetas-para-primavera-verano-2020-2.jpg?resize=1024,1536 1024w, https:\/\/graziamagazine.com\/mx\/wp-content\/uploads\/sites\/13\/2020\/03\/solar-colores-estampados-y-siluetas-para-primavera-verano-2020-2.jpg?resize=1365,2048 1365w, https:\/\/graziamagazine.com\/mx\/wp-content\/uploads\/sites\/13\/2020\/03\/solar-colores-estampados-y-siluetas-para-primavera-verano-2020-2.jpg?resize=143,215 143w\" sizes=\"(max-width: 1500px) 100vw, 1500px\" \/><\/div><div class=\"grazia-gallery-text\"><p><strong>Un escote prolongado reta la mirada de cualquiera<\/strong><\/p>\n<p>Vestido en seda,\u00a0<strong>Kris Goyri<\/strong><\/p>\n<\/div><\/figure><figure class=\"gallery-item grazia-gallery-show-text\"><div class=\"gallery-icon landscape\"><img loading=\"lazy\" decoding=\"async\" width=\"1500\" height=\"2250\" src=\"https:\/\/graziamagazine.com\/mx\/wp-content\/uploads\/sites\/13\/2020\/03\/solar-colores-estampados-y-siluetas-para-primavera-verano-2020-3.jpg\" class=\"lazy\" alt=\"\" srcset=\"https:\/\/graziamagazine.com\/mx\/wp-content\/uploads\/sites\/13\/2020\/03\/solar-colores-estampados-y-siluetas-para-primavera-verano-2020-3.jpg 1500w, https:\/\/graziamagazine.com\/mx\/wp-content\/uploads\/sites\/13\/2020\/03\/solar-colores-estampados-y-siluetas-para-primavera-verano-2020-3.jpg?resize=300,450 300w, https:\/\/graziamagazine.com\/mx\/wp-content\/uploads\/sites\/13\/2020\/03\/solar-colores-estampados-y-siluetas-para-primavera-verano-2020-3.jpg?resize=768,1152 768w, https:\/\/graziamagazine.com\/mx\/wp-content\/uploads\/sites\/13\/2020\/03\/solar-colores-estampados-y-siluetas-para-primavera-verano-2020-3.jpg?resize=683,1024 683w, https:\/\/graziamagazine.com\/mx\/wp-content\/uploads\/sites\/13\/2020\/03\/solar-colores-estampados-y-siluetas-para-primavera-verano-2020-3.jpg?resize=1024,1536 1024w, https:\/\/graziamagazine.com\/mx\/wp-content\/uploads\/sites\/13\/2020\/03\/solar-colores-estampados-y-siluetas-para-primavera-verano-2020-3.jpg?resize=1365,2048 1365w, https:\/\/graziamagazine.com\/mx\/wp-content\/uploads\/sites\/13\/2020\/03\/solar-colores-estampados-y-siluetas-para-primavera-verano-2020-3.jpg?resize=143,215 143w\" sizes=\"(max-width: 1500px) 100vw, 1500px\" \/><\/div><div class=\"grazia-gallery-text\"><p><strong>Los estampados son b\u00e1sicos para primavera-verano<\/strong><\/p>\n<p>Vestido en seda y algod\u00f3n,\u00a0<strong>Yoemor<\/strong><\/p>\n<\/div><\/figure><figure class=\"gallery-item grazia-gallery-show-text\"><div class=\"gallery-icon landscape\"><img loading=\"lazy\" decoding=\"async\" width=\"1500\" height=\"2250\" src=\"https:\/\/graziamagazine.com\/mx\/wp-content\/uploads\/sites\/13\/2020\/03\/solar-colores-estampados-y-siluetas-para-primavera-verano-2020-4.jpg\" class=\"lazy\" alt=\"\" srcset=\"https:\/\/graziamagazine.com\/mx\/wp-content\/uploads\/sites\/13\/2020\/03\/solar-colores-estampados-y-siluetas-para-primavera-verano-2020-4.jpg 1500w, https:\/\/graziamagazine.com\/mx\/wp-content\/uploads\/sites\/13\/2020\/03\/solar-colores-estampados-y-siluetas-para-primavera-verano-2020-4.jpg?resize=300,450 300w, https:\/\/graziamagazine.com\/mx\/wp-content\/uploads\/sites\/13\/2020\/03\/solar-colores-estampados-y-siluetas-para-primavera-verano-2020-4.jpg?resize=768,1152 768w, https:\/\/graziamagazine.com\/mx\/wp-content\/uploads\/sites\/13\/2020\/03\/solar-colores-estampados-y-siluetas-para-primavera-verano-2020-4.jpg?resize=683,1024 683w, https:\/\/graziamagazine.com\/mx\/wp-content\/uploads\/sites\/13\/2020\/03\/solar-colores-estampados-y-siluetas-para-primavera-verano-2020-4.jpg?resize=1024,1536 1024w, https:\/\/graziamagazine.com\/mx\/wp-content\/uploads\/sites\/13\/2020\/03\/solar-colores-estampados-y-siluetas-para-primavera-verano-2020-4.jpg?resize=1365,2048 1365w, https:\/\/graziamagazine.com\/mx\/wp-content\/uploads\/sites\/13\/2020\/03\/solar-colores-estampados-y-siluetas-para-primavera-verano-2020-4.jpg?resize=143,215 143w\" sizes=\"(max-width: 1500px) 100vw, 1500px\" \/><\/div><div class=\"grazia-gallery-text\"><p><strong>Combina tonos inesperados<\/strong><\/p>\n<p><em>Jumpsuit<\/em> en seda,\u00a0<strong>Alfredo Mart\u00ednez<\/strong><\/p>\n<\/div><\/figure><figure class=\"gallery-item grazia-gallery-show-text\"><div class=\"gallery-icon landscape\"><img loading=\"lazy\" decoding=\"async\" width=\"1500\" height=\"2250\" src=\"https:\/\/graziamagazine.com\/mx\/wp-content\/uploads\/sites\/13\/2020\/03\/solar-colores-estampados-y-siluetas-para-primavera-verano-2020-5.jpg\" class=\"lazy\" alt=\"\" srcset=\"https:\/\/graziamagazine.com\/mx\/wp-content\/uploads\/sites\/13\/2020\/03\/solar-colores-estampados-y-siluetas-para-primavera-verano-2020-5.jpg 1500w, https:\/\/graziamagazine.com\/mx\/wp-content\/uploads\/sites\/13\/2020\/03\/solar-colores-estampados-y-siluetas-para-primavera-verano-2020-5.jpg?resize=300,450 300w, https:\/\/graziamagazine.com\/mx\/wp-content\/uploads\/sites\/13\/2020\/03\/solar-colores-estampados-y-siluetas-para-primavera-verano-2020-5.jpg?resize=768,1152 768w, https:\/\/graziamagazine.com\/mx\/wp-content\/uploads\/sites\/13\/2020\/03\/solar-colores-estampados-y-siluetas-para-primavera-verano-2020-5.jpg?resize=683,1024 683w, https:\/\/graziamagazine.com\/mx\/wp-content\/uploads\/sites\/13\/2020\/03\/solar-colores-estampados-y-siluetas-para-primavera-verano-2020-5.jpg?resize=1024,1536 1024w, https:\/\/graziamagazine.com\/mx\/wp-content\/uploads\/sites\/13\/2020\/03\/solar-colores-estampados-y-siluetas-para-primavera-verano-2020-5.jpg?resize=1365,2048 1365w, https:\/\/graziamagazine.com\/mx\/wp-content\/uploads\/sites\/13\/2020\/03\/solar-colores-estampados-y-siluetas-para-primavera-verano-2020-5.jpg?resize=143,215 143w\" sizes=\"(max-width: 1500px) 100vw, 1500px\" \/><\/div><div class=\"grazia-gallery-text\"><p>Comodidad y contraste<\/p>\n<p>Vestido en seda,\u00a0<strong>Carlos Pineda<\/strong><\/p>\n<\/div><\/figure><figure class=\"gallery-item grazia-gallery-show-text\"><div class=\"gallery-icon landscape\"><img loading=\"lazy\" decoding=\"async\" width=\"1500\" height=\"2250\" src=\"https:\/\/graziamagazine.com\/mx\/wp-content\/uploads\/sites\/13\/2020\/03\/solar-colores-estampados-y-siluetas-para-primavera-verano-2020-6.jpg\" class=\"lazy\" alt=\"\" srcset=\"https:\/\/graziamagazine.com\/mx\/wp-content\/uploads\/sites\/13\/2020\/03\/solar-colores-estampados-y-siluetas-para-primavera-verano-2020-6.jpg 1500w, https:\/\/graziamagazine.com\/mx\/wp-content\/uploads\/sites\/13\/2020\/03\/solar-colores-estampados-y-siluetas-para-primavera-verano-2020-6.jpg?resize=300,450 300w, https:\/\/graziamagazine.com\/mx\/wp-content\/uploads\/sites\/13\/2020\/03\/solar-colores-estampados-y-siluetas-para-primavera-verano-2020-6.jpg?resize=768,1152 768w, https:\/\/graziamagazine.com\/mx\/wp-content\/uploads\/sites\/13\/2020\/03\/solar-colores-estampados-y-siluetas-para-primavera-verano-2020-6.jpg?resize=683,1024 683w, https:\/\/graziamagazine.com\/mx\/wp-content\/uploads\/sites\/13\/2020\/03\/solar-colores-estampados-y-siluetas-para-primavera-verano-2020-6.jpg?resize=1024,1536 1024w, https:\/\/graziamagazine.com\/mx\/wp-content\/uploads\/sites\/13\/2020\/03\/solar-colores-estampados-y-siluetas-para-primavera-verano-2020-6.jpg?resize=1365,2048 1365w, https:\/\/graziamagazine.com\/mx\/wp-content\/uploads\/sites\/13\/2020\/03\/solar-colores-estampados-y-siluetas-para-primavera-verano-2020-6.jpg?resize=143,215 143w\" sizes=\"(max-width: 1500px) 100vw, 1500px\" \/><\/div><div class=\"grazia-gallery-text\"><p>Enormes mangas protagonizan la temporada<\/p>\n<p>Camisa de algod\u00f3n,\u00a0<strong>Armando Takeda<\/strong><\/p>\n<\/div><\/figure><figure class=\"gallery-item grazia-gallery-show-text\"><div class=\"gallery-icon landscape\"><img loading=\"lazy\" decoding=\"async\" width=\"1500\" height=\"2250\" src=\"https:\/\/graziamagazine.com\/mx\/wp-content\/uploads\/sites\/13\/2020\/03\/solar-colores-estampados-y-siluetas-para-primavera-verano-2020-7.jpg\" class=\"lazy\" alt=\"\" srcset=\"https:\/\/graziamagazine.com\/mx\/wp-content\/uploads\/sites\/13\/2020\/03\/solar-colores-estampados-y-siluetas-para-primavera-verano-2020-7.jpg 1500w, https:\/\/graziamagazine.com\/mx\/wp-content\/uploads\/sites\/13\/2020\/03\/solar-colores-estampados-y-siluetas-para-primavera-verano-2020-7.jpg?resize=300,450 300w, https:\/\/graziamagazine.com\/mx\/wp-content\/uploads\/sites\/13\/2020\/03\/solar-colores-estampados-y-siluetas-para-primavera-verano-2020-7.jpg?resize=768,1152 768w, https:\/\/graziamagazine.com\/mx\/wp-content\/uploads\/sites\/13\/2020\/03\/solar-colores-estampados-y-siluetas-para-primavera-verano-2020-7.jpg?resize=683,1024 683w, https:\/\/graziamagazine.com\/mx\/wp-content\/uploads\/sites\/13\/2020\/03\/solar-colores-estampados-y-siluetas-para-primavera-verano-2020-7.jpg?resize=1024,1536 1024w, https:\/\/graziamagazine.com\/mx\/wp-content\/uploads\/sites\/13\/2020\/03\/solar-colores-estampados-y-siluetas-para-primavera-verano-2020-7.jpg?resize=1365,2048 1365w, https:\/\/graziamagazine.com\/mx\/wp-content\/uploads\/sites\/13\/2020\/03\/solar-colores-estampados-y-siluetas-para-primavera-verano-2020-7.jpg?resize=143,215 143w\" sizes=\"(max-width: 1500px) 100vw, 1500px\" \/><\/div><div class=\"grazia-gallery-text\"><p>Pliegues y plisados que invitan al romance<\/p>\n<p>Vestido de lino,\u00a0<strong>Cancino<\/strong><\/p>\n<\/div><\/figure><figure class=\"gallery-item grazia-gallery-show-text\"><div class=\"gallery-icon landscape\"><img loading=\"lazy\" decoding=\"async\" width=\"1500\" height=\"2250\" src=\"https:\/\/graziamagazine.com\/mx\/wp-content\/uploads\/sites\/13\/2020\/03\/solar-colores-estampados-y-siluetas-para-primavera-verano-2020-8.jpg\" class=\"lazy\" alt=\"\" srcset=\"https:\/\/graziamagazine.com\/mx\/wp-content\/uploads\/sites\/13\/2020\/03\/solar-colores-estampados-y-siluetas-para-primavera-verano-2020-8.jpg 1500w, https:\/\/graziamagazine.com\/mx\/wp-content\/uploads\/sites\/13\/2020\/03\/solar-colores-estampados-y-siluetas-para-primavera-verano-2020-8.jpg?resize=300,450 300w, https:\/\/graziamagazine.com\/mx\/wp-content\/uploads\/sites\/13\/2020\/03\/solar-colores-estampados-y-siluetas-para-primavera-verano-2020-8.jpg?resize=768,1152 768w, https:\/\/graziamagazine.com\/mx\/wp-content\/uploads\/sites\/13\/2020\/03\/solar-colores-estampados-y-siluetas-para-primavera-verano-2020-8.jpg?resize=683,1024 683w, https:\/\/graziamagazine.com\/mx\/wp-content\/uploads\/sites\/13\/2020\/03\/solar-colores-estampados-y-siluetas-para-primavera-verano-2020-8.jpg?resize=1024,1536 1024w, https:\/\/graziamagazine.com\/mx\/wp-content\/uploads\/sites\/13\/2020\/03\/solar-colores-estampados-y-siluetas-para-primavera-verano-2020-8.jpg?resize=1365,2048 1365w, https:\/\/graziamagazine.com\/mx\/wp-content\/uploads\/sites\/13\/2020\/03\/solar-colores-estampados-y-siluetas-para-primavera-verano-2020-8.jpg?resize=143,215 143w\" sizes=\"(max-width: 1500px) 100vw, 1500px\" \/><\/div><div class=\"grazia-gallery-text\"><p>L\u00edneas simples y elegantes<\/p>\n<p>Vestido,\u00a0<strong>Abel L\u00f3pez<\/strong><\/p>\n<\/div><\/figure><figure class=\"gallery-item grazia-gallery-show-text\"><div class=\"gallery-icon landscape\"><img loading=\"lazy\" decoding=\"async\" width=\"1500\" height=\"2250\" src=\"https:\/\/graziamagazine.com\/mx\/wp-content\/uploads\/sites\/13\/2020\/03\/solar-colores-estampados-y-siluetas-para-primavera-verano-2020-9.jpg\" class=\"lazy\" alt=\"\" srcset=\"https:\/\/graziamagazine.com\/mx\/wp-content\/uploads\/sites\/13\/2020\/03\/solar-colores-estampados-y-siluetas-para-primavera-verano-2020-9.jpg 1500w, https:\/\/graziamagazine.com\/mx\/wp-content\/uploads\/sites\/13\/2020\/03\/solar-colores-estampados-y-siluetas-para-primavera-verano-2020-9.jpg?resize=300,450 300w, https:\/\/graziamagazine.com\/mx\/wp-content\/uploads\/sites\/13\/2020\/03\/solar-colores-estampados-y-siluetas-para-primavera-verano-2020-9.jpg?resize=768,1152 768w, https:\/\/graziamagazine.com\/mx\/wp-content\/uploads\/sites\/13\/2020\/03\/solar-colores-estampados-y-siluetas-para-primavera-verano-2020-9.jpg?resize=683,1024 683w, https:\/\/graziamagazine.com\/mx\/wp-content\/uploads\/sites\/13\/2020\/03\/solar-colores-estampados-y-siluetas-para-primavera-verano-2020-9.jpg?resize=1024,1536 1024w, https:\/\/graziamagazine.com\/mx\/wp-content\/uploads\/sites\/13\/2020\/03\/solar-colores-estampados-y-siluetas-para-primavera-verano-2020-9.jpg?resize=1365,2048 1365w, https:\/\/graziamagazine.com\/mx\/wp-content\/uploads\/sites\/13\/2020\/03\/solar-colores-estampados-y-siluetas-para-primavera-verano-2020-9.jpg?resize=143,215 143w\" sizes=\"(max-width: 1500px) 100vw, 1500px\" \/><\/div><div class=\"grazia-gallery-text\"><p><strong>Las flores nunca pueden faltar<\/strong><\/p>\n<p>Vestido, <strong>Johanna Ortiz x H&amp;M<\/strong><\/p>\n<\/div><\/figure><\/div><\/div>\n<p><iframe loading=\"lazy\" width=\"560\" height=\"315\" src=\"https:\/\/www.youtube.com\/embed\/EKcHI1aMV8Y\" frameborder=\"0\" allow=\"accelerometer; autoplay; clipboard-write; encrypted-media; gyroscope; picture-in-picture\" allowfullscreen><\/iframe><\/p>\n","protected":false},"author":11636,"featured_media":81707,"template":"","format":"gallery","categories":[4],"acf":[],"yoast_head":"<!-- This site is optimized with the Yoast SEO Premium plugin v18.5 (Yoast SEO v20.4) - https:\/\/yoast.com\/wordpress\/plugins\/seo\/ -->\n<title>Solar: Colores, estampados y siluetas para primavera-verano 2020 | Grazia M\u00e9xico y Latinoam\u00e9rica<\/title>\n<meta name=\"description\" content=\"El tiempo que marca el sol es el de la nueva estaci\u00f3n, la cual entra con colores y contrastes para darte luz y calor. As\u00ed se ve primavera-verano 2020.\" \/>\n<meta name=\"robots\" content=\"index, follow, max-snippet:-1, max-image-preview:large, max-video-preview:-1\" \/>\n<link rel=\"canonical\" href=\"https:\/\/graziamagazine.com\/mx\/articles\/solar-colores-estampados-y-siluetas-para-primavera-verano-2020\/\" \/>\n<meta property=\"og:locale\" content=\"es_MX\" \/>\n<meta property=\"og:type\" content=\"article\" \/>\n<meta property=\"og:title\" content=\"Solar: Colores, estampados y siluetas para primavera-verano 2020\" \/>\n<meta property=\"og:description\" content=\"El tiempo que marca el sol es el de la nueva estaci\u00f3n, la cual entra con colores y contrastes para darte luz y calor. As\u00ed se ve primavera-verano 2020.\" \/>\n<meta property=\"og:url\" content=\"https:\/\/graziamagazine.com\/mx\/articles\/solar-colores-estampados-y-siluetas-para-primavera-verano-2020\/\" \/>\n<meta property=\"og:site_name\" content=\"Grazia M\u00e9xico y Latinoam\u00e9rica\" \/>\n<meta property=\"article:modified_time\" content=\"2021-01-15T19:49:25+00:00\" \/>\n<meta property=\"og:image\" content=\"https:\/\/graziamagazine.com\/mx\/wp-content\/uploads\/sites\/13\/2020\/03\/solar-colores-estampados-y-siluetas-para-primavera-verano-2020-destacada.jpg?fit=1369%2C817\" \/>\n\t<meta property=\"og:image:width\" content=\"1369\" \/>\n\t<meta property=\"og:image:height\" content=\"817\" \/>\n\t<meta property=\"og:image:type\" content=\"image\/jpeg\" \/>\n<meta name=\"twitter:card\" content=\"summary_large_image\" \/>\n<script type=\"application\/ld+json\" class=\"yoast-schema-graph\">{\"@context\":\"https:\/\/schema.org\",\"@graph\":[{\"@type\":\"WebPage\",\"@id\":\"https:\/\/graziamagazine.com\/mx\/articles\/solar-colores-estampados-y-siluetas-para-primavera-verano-2020\/\",\"url\":\"https:\/\/graziamagazine.com\/mx\/articles\/solar-colores-estampados-y-siluetas-para-primavera-verano-2020\/\",\"name\":\"Solar: Colores, estampados y siluetas para primavera-verano 2020 | Grazia M\u00e9xico y Latinoam\u00e9rica\",\"isPartOf\":{\"@id\":\"https:\/\/graziamagazine.com\/mx\/#website\"},\"datePublished\":\"2020-03-17T18:14:48+00:00\",\"dateModified\":\"2021-01-15T19:49:25+00:00\",\"description\":\"El tiempo que marca el sol es el de la nueva estaci\u00f3n, la cual entra con colores y contrastes para darte luz y calor. As\u00ed se ve primavera-verano 2020.\",\"breadcrumb\":{\"@id\":\"https:\/\/graziamagazine.com\/mx\/articles\/solar-colores-estampados-y-siluetas-para-primavera-verano-2020\/#breadcrumb\"},\"inLanguage\":\"es-MX\",\"potentialAction\":[{\"@type\":\"ReadAction\",\"target\":[\"https:\/\/graziamagazine.com\/mx\/articles\/solar-colores-estampados-y-siluetas-para-primavera-verano-2020\/\"]}]},{\"@type\":\"BreadcrumbList\",\"@id\":\"https:\/\/graziamagazine.com\/mx\/articles\/solar-colores-estampados-y-siluetas-para-primavera-verano-2020\/#breadcrumb\",\"itemListElement\":[{\"@type\":\"ListItem\",\"position\":1,\"name\":\"Home\",\"item\":\"https:\/\/graziamagazine.com\/mx\/\"},{\"@type\":\"ListItem\",\"position\":2,\"name\":\"Solar: Colores, estampados y siluetas para primavera-verano 2020\"}]},{\"@type\":\"WebSite\",\"@id\":\"https:\/\/graziamagazine.com\/mx\/#website\",\"url\":\"https:\/\/graziamagazine.com\/mx\/\",\"name\":\"Grazia M\u00e9xico y Latinoam\u00e9rica\",\"description\":\"Grazia es moda, belleza y noticias  de actualidad \",\"potentialAction\":[{\"@type\":\"SearchAction\",\"target\":{\"@type\":\"EntryPoint\",\"urlTemplate\":\"https:\/\/graziamagazine.com\/mx\/?s={search_term_string}\"},\"query-input\":\"required name=search_term_string\"}],\"inLanguage\":\"es-MX\"}]}<\/script>\n<!-- \/ Yoast SEO Premium plugin. -->","yoast_head_json":{"title":"Solar: Colores, estampados y siluetas para primavera-verano 2020 | Grazia M\u00e9xico y Latinoam\u00e9rica","description":"El tiempo que marca el sol es el de la nueva estaci\u00f3n, la cual entra con colores y contrastes para darte luz y calor. As\u00ed se ve primavera-verano 2020.","robots":{"index":"index","follow":"follow","max-snippet":"max-snippet:-1","max-image-preview":"max-image-preview:large","max-video-preview":"max-video-preview:-1"},"canonical":"https:\/\/graziamagazine.com\/mx\/articles\/solar-colores-estampados-y-siluetas-para-primavera-verano-2020\/","og_locale":"es_MX","og_type":"article","og_title":"Solar: Colores, estampados y siluetas para primavera-verano 2020","og_description":"El tiempo que marca el sol es el de la nueva estaci\u00f3n, la cual entra con colores y contrastes para darte luz y calor. As\u00ed se ve primavera-verano 2020.","og_url":"https:\/\/graziamagazine.com\/mx\/articles\/solar-colores-estampados-y-siluetas-para-primavera-verano-2020\/","og_site_name":"Grazia M\u00e9xico y Latinoam\u00e9rica","article_modified_time":"2021-01-15T19:49:25+00:00","og_image":[{"width":1369,"height":817,"url":"https:\/\/graziamagazine.com\/mx\/wp-content\/uploads\/sites\/13\/2020\/03\/solar-colores-estampados-y-siluetas-para-primavera-verano-2020-destacada.jpg?fit=1369%2C817","type":"image\/jpeg"}],"twitter_card":"summary_large_image","schema":{"@context":"https:\/\/schema.org","@graph":[{"@type":"WebPage","@id":"https:\/\/graziamagazine.com\/mx\/articles\/solar-colores-estampados-y-siluetas-para-primavera-verano-2020\/","url":"https:\/\/graziamagazine.com\/mx\/articles\/solar-colores-estampados-y-siluetas-para-primavera-verano-2020\/","name":"Solar: Colores, estampados y siluetas para primavera-verano 2020 | Grazia M\u00e9xico y Latinoam\u00e9rica","isPartOf":{"@id":"https:\/\/graziamagazine.com\/mx\/#website"},"datePublished":"2020-03-17T18:14:48+00:00","dateModified":"2021-01-15T19:49:25+00:00","description":"El tiempo que marca el sol es el de la nueva estaci\u00f3n, la cual entra con colores y contrastes para darte luz y calor. As\u00ed se ve primavera-verano 2020.","breadcrumb":{"@id":"https:\/\/graziamagazine.com\/mx\/articles\/solar-colores-estampados-y-siluetas-para-primavera-verano-2020\/#breadcrumb"},"inLanguage":"es-MX","potentialAction":[{"@type":"ReadAction","target":["https:\/\/graziamagazine.com\/mx\/articles\/solar-colores-estampados-y-siluetas-para-primavera-verano-2020\/"]}]},{"@type":"BreadcrumbList","@id":"https:\/\/graziamagazine.com\/mx\/articles\/solar-colores-estampados-y-siluetas-para-primavera-verano-2020\/#breadcrumb","itemListElement":[{"@type":"ListItem","position":1,"name":"Home","item":"https:\/\/graziamagazine.com\/mx\/"},{"@type":"ListItem","position":2,"name":"Solar: Colores, estampados y siluetas para primavera-verano 2020"}]},{"@type":"WebSite","@id":"https:\/\/graziamagazine.com\/mx\/#website","url":"https:\/\/graziamagazine.com\/mx\/","name":"Grazia M\u00e9xico y Latinoam\u00e9rica","description":"Grazia es moda, belleza y noticias  de actualidad ","potentialAction":[{"@type":"SearchAction","target":{"@type":"EntryPoint","urlTemplate":"https:\/\/graziamagazine.com\/mx\/?s={search_term_string}"},"query-input":"required name=search_term_string"}],"inLanguage":"es-MX"}]}},"jetpack_sharing_enabled":true,"distributor_meta":false,"distributor_terms":false,"distributor_media":false,"distributor_original_site_name":"Grazia M\u00e9xico y Latinoam\u00e9rica","distributor_original_site_url":"https:\/\/graziamagazine.com\/mx","push-errors":false,"_links":{"self":[{"href":"https:\/\/graziamagazine.com\/mx\/wp-json\/wp\/v2\/articles\/81701"}],"collection":[{"href":"https:\/\/graziamagazine.com\/mx\/wp-json\/wp\/v2\/articles"}],"about":[{"href":"https:\/\/graziamagazine.com\/mx\/wp-json\/wp\/v2\/types\/articles"}],"author":[{"embeddable":true,"href":"https:\/\/graziamagazine.com\/mx\/wp-json\/wp\/v2\/users\/11636"}],"wp:featuredmedia":[{"embeddable":true,"href":"https:\/\/graziamagazine.com\/mx\/wp-json\/wp\/v2\/media\/81707"}],"wp:attachment":[{"href":"https:\/\/graziamagazine.com\/mx\/wp-json\/wp\/v2\/media?parent=81701"}],"wp:term":[{"taxonomy":"category","embeddable":true,"href":"https:\/\/graziamagazine.com\/mx\/wp-json\/wp\/v2\/categories?post=81701"}],"curies":[{"name":"wp","href":"https:\/\/api.w.org\/{rel}","templated":true}]}}