{"id":81537,"date":"2020-03-10T12:03:30","date_gmt":"2020-03-10T17:03:30","guid":{"rendered":"https:\/\/graziamagazine.com\/mx\/?p=81537"},"modified":"2020-03-10T12:09:53","modified_gmt":"2020-03-10T17:09:53","slug":"10-prendas-basicas-para-primavera-verano","status":"publish","type":"articles","link":"https:\/\/graziamagazine.com\/mx\/articles\/10-prendas-basicas-para-primavera-verano\/","title":{"rendered":"10 prendas b\u00e1sicas para primavera-verano"},"content":{"rendered":"<p>La temporada m\u00e1s c\u00e1lida del a\u00f1o se acerca y aunque hay un sinf\u00edn de tendencias a seguir, la realidad es que siempre debes tener una selecci\u00f3n de <strong>b\u00e1sicos en cl\u00f3set<\/strong>. Estos te sacar\u00e1n de mil apuros, adem\u00e1s que nunca pasar\u00e1n de moda. Desde un vestido floreado hasta un par de sandalias, estos son los imprescindibles que <em>debes<\/em> tener como <strong>fondo de armario<\/strong> para <strong>primavera-verano<\/strong>.<\/p>\n<h3>Vestido de flores<\/h3>\n<p>Aunque <a href=\"https:\/\/graziamagazine.com\/mx\/4-lecciones-aprendimos-miranda-priestly\/\" target=\"_blank\" rel=\"noopener\">Miranda Priestly<\/a> piense lo contrario, las flores siempre nos remitir\u00e1n a la primavera. Dicho esto, un vestido floreado siempre debe ser parte de tu cl\u00f3set. Imagina las mil y un maneras de llevarlo, pues aunque creas lo contrario los accesorios har\u00e1n que luzca completamente distinto siempre que lo uses. Adem\u00e1s puedes hacerlo falda agregando un su\u00e9ter o una <em>T-shirt<\/em> encima.<\/p>\n<p><a href=\"http:\/\/www.gettyimages.es\/detail\/1166696939\"id=\"5D6QM6EUQ6R_Sh6iVv9m7g\" class=\"gie-slideshow\" style=\"color: #a7a7a7; text-decoration: none; font-weight: normal !important; border: none; display: inline-block;\"  target=\"_blank\" rel=\"noopener\" target=\"_blank\">Embed from Getty Images<\/a><script>window.gie=window.gie||function(c){(gie.q=gie.q||[]).push(c)};gie(function(){gie.widgets.load({id:'5D6QM6EUQ6R_Sh6iVv9m7g',sig:'WrVIKj03F6VSUZ2MuNTo8UXe4L2rYr1P0OkJ3dzCIsQ=',w:'396px',h:'594px',items:'1166696939,1166500482,1166482983,1208439879',caption: true ,tld:'es',is360: false })});<\/script><script src='\/\/embed-cdn.gettyimages.com\/widgets.js' charset='utf-8' async><\/script><\/p>\n<p>&nbsp;<\/p>\n<h3><em>Wrap Dress<\/em><\/h3>\n<p>No hay prenda m\u00e1s fresca ni prenda m\u00e1s camale\u00f3nica que un\u00a0<em>wrap dress<\/em>. Este dise\u00f1o ideado por <strong>Diane von Furstenberg<\/strong> en la d\u00e9cada de los setenta, es uno de los b\u00e1sicos por excelencia. Tener uno en tu cl\u00f3set en tono neutro es casi que una exigencia. Puedes llevarlo con un par de sandalias planas para un d\u00eda casual de oficina, o dale un\u00a0<em>upgrade<\/em> con unas\u00a0<em>strappy sandals<\/em>. Los accesorios tambi\u00e9n son clave si quieres lucirlo distinto siempre que lo uses.<\/p>\n<p><a href=\"http:\/\/www.gettyimages.es\/detail\/1166500576\"id=\"CbklQa0CTo1PuTQT3HxUGg\" class=\"gie-single\" style=\"color: #a7a7a7; text-decoration: none; font-weight: normal !important; border: none; display: inline-block;\"  target=\"_blank\" rel=\"noopener\" target=\"_blank\">Embed from Getty Images<\/a><script>window.gie=window.gie||function(c){(gie.q=gie.q||[]).push(c)};gie(function(){gie.widgets.load({id:'CbklQa0CTo1PuTQT3HxUGg',sig:'gGH3WiRp7FDOPnddFOYGbVEL7wECPAS4YoG5Adg0PmU=',w:'411px',h:'594px',items:'1166500576',caption: true ,tld:'es',is360: false })});<\/script><script src='\/\/embed-cdn.gettyimages.com\/widgets.js' charset='utf-8' async><\/script><\/p>\n<p>&nbsp;<\/p>\n<h3><em>Jumpsuit<\/em><\/h3>\n<p>O <em>boiler suits<\/em>&#8230; Si de comodidad se trata, y tambi\u00e9n de mantenerte fresca, el <em>jumpsuit<\/em> nunca te fallar\u00e1. Ll\u00e9valo con botines, sandalias, <em>pumps<\/em> o inclusive tenis.<\/p>\n<p><a href=\"http:\/\/www.gettyimages.es\/detail\/1155743794\"id=\"ZIXI9pCFT1Zv3NtmPYQjnw\" class=\"gie-slideshow\" style=\"color: #a7a7a7; text-decoration: none; font-weight: normal !important; border: none; display: inline-block;\"  target=\"_blank\" rel=\"noopener\" target=\"_blank\">Embed from Getty Images<\/a><script>window.gie=window.gie||function(c){(gie.q=gie.q||[]).push(c)};gie(function(){gie.widgets.load({id:'ZIXI9pCFT1Zv3NtmPYQjnw',sig:'26FjSlunzS6jyp7L5kesnQYpwIXbwvMEmT31rwXJxzo=',w:'396px',h:'594px',items:'1155743794,1159558424,1159501053',caption: true ,tld:'es',is360: false })});<\/script><script src='\/\/embed-cdn.gettyimages.com\/widgets.js' charset='utf-8' async><\/script><\/p>\n<p>&nbsp;<\/p>\n<h3>Falda midi<\/h3>\n<p>Sea plisada, de tejido de punto, en cuero,\u00a0<em>denim<\/em> o satin, o asim\u00e9trica, este largo de falda nunca estorbar\u00e1 en el cl\u00f3set. Cierto es que las faldas son la prenda estrella cuando se trata de jugar en vol\u00famenes\u00a0\u2014<em>T-shirt<\/em> o\u00a0camisa\u00a0<em>oversized<\/em>\u2014 o dar con un\u00a0<em>outfit<\/em> mucho m\u00e1s\u00a0<em>girlie<\/em> que incluya un\u00a0<em>crop<\/em><em> top<\/em> o una camisa atada a la cintura. Lo que s\u00ed, siempre en un color neutro\u00a0\u2014negro, beige o inclusive marr\u00f3n\u2014 para que tambi\u00e9n puedas sacarle provecho durante la transici\u00f3n de temporada o en oto\u00f1o-invierno.<\/p>\n<p><a href=\"http:\/\/www.gettyimages.es\/detail\/1177747718\"id=\"Zh3sfPDGSDhn1fIpnz1lPw\" class=\"gie-slideshow\" style=\"color: #a7a7a7; text-decoration: none; font-weight: normal !important; border: none; display: inline-block;\"  target=\"_blank\" rel=\"noopener\" target=\"_blank\">Embed from Getty Images<\/a><script>window.gie=window.gie||function(c){(gie.q=gie.q||[]).push(c)};gie(function(){gie.widgets.load({id:'Zh3sfPDGSDhn1fIpnz1lPw',sig:'KaZ6DfZOvaTuEvoCevrI-jSRFo0UNIbcZY_o5sDL4Dk=',w:'410px',h:'594px',items:'1177747718,1177823777,1210409873,1174890089,1207835888',caption: true ,tld:'es',is360: false })});<\/script><script src='\/\/embed-cdn.gettyimages.com\/widgets.js' charset='utf-8' async><\/script><\/p>\n<p>&nbsp;<\/p>\n<h3>Shorts<\/h3>\n<p>Cuando hablamos de b\u00e1sicos para primavera-verano, los\u00a0<em>shorts<\/em> no puede prescindir de la lista. En\u00a0<em>denim<\/em> o en colores neutros, los <em>shorts<\/em> son todo lo que necesitas para mantenerte fresca siempre.<\/p>\n<p><a href=\"http:\/\/www.gettyimages.es\/detail\/1175774005\"id=\"FMl4wrjhQuZOyfiEMArSmA\" class=\"gie-slideshow\" style=\"color: #a7a7a7; text-decoration: none; font-weight: normal !important; border: none; display: inline-block;\"  target=\"_blank\" rel=\"noopener\" target=\"_blank\">Embed from Getty Images<\/a><script>window.gie=window.gie||function(c){(gie.q=gie.q||[]).push(c)};gie(function(){gie.widgets.load({id:'FMl4wrjhQuZOyfiEMArSmA',sig:'UloQhHMflI-Dn86SVUZoPRcIcEdzzmWRWjRwPvBCrwI=',w:'399px',h:'594px',items:'1175774005,1166480218,1210635735',caption: true ,tld:'es',is360: false })});<\/script><script src='\/\/embed-cdn.gettyimages.com\/widgets.js' charset='utf-8' async><\/script><\/p>\n<p>&nbsp;<\/p>\n<h3><em>Blazers<\/em> de color<\/h3>\n<p>Nunca te sobrar\u00e1 un <em>blazer<\/em> en tu cl\u00f3set, cr\u00e9enos. Desde hace ya algunas temporadas esta prenda se convirti\u00f3 en un b\u00e1sico. Para primavera-verano, opta por uno en color o blanco\u00a0\u2014este \u00faltimo es como un as bajo la manga porque combina con\u00a0<em>todo<\/em>. Los sacos son ideales para darle un\u00a0<em>upgrade<\/em> instant\u00e1neo a tu\u00a0<em>outfit<\/em>.<\/p>\n<p><a href=\"http:\/\/www.gettyimages.es\/detail\/1013462962\"id=\"tCOMv7JkQJ5VPOROcyMmUg\" class=\"gie-slideshow\" style=\"color: #a7a7a7; text-decoration: none; font-weight: normal !important; border: none; display: inline-block;\"  target=\"_blank\" rel=\"noopener\" target=\"_blank\">Embed from Getty Images<\/a><script>window.gie=window.gie||function(c){(gie.q=gie.q||[]).push(c)};gie(function(){gie.widgets.load({id:'tCOMv7JkQJ5VPOROcyMmUg',sig:'j48PrOioVuHGm9DwmQq3z8peWl8wYPH1-pPzDSz5RIA=',w:'430px',h:'594px',items:'1013462962,1012842348,1012842368',caption: true ,tld:'es',is360: false })});<\/script><script src='\/\/embed-cdn.gettyimages.com\/widgets.js' charset='utf-8' async><\/script><\/p>\n<p>&nbsp;<\/p>\n<h3>Sandalias<\/h3>\n<p>Planas,\u00a0<em>strappy<\/em> o de tac\u00f3n. Las sandalias son para llevarlas con todo durante esta temporada. Lo mejor es optar por un par en colores como negro, beige, caf\u00e9 o inclusive terracota.<\/p>\n<p><a href=\"http:\/\/www.gettyimages.es\/detail\/1013498322\"id=\"Sz6BPX2wSUx2xuJ9OzJCqQ\" class=\"gie-single\" style=\"color: #a7a7a7; text-decoration: none; font-weight: normal !important; border: none; display: inline-block;\"  target=\"_blank\" rel=\"noopener\" target=\"_blank\">Embed from Getty Images<\/a><script>window.gie=window.gie||function(c){(gie.q=gie.q||[]).push(c)};gie(function(){gie.widgets.load({id:'Sz6BPX2wSUx2xuJ9OzJCqQ',sig:'rmUzmn4e5ALKD4nP0vNOe8TQNPzExCBuj9vFY2_HWa0=',w:'406px',h:'594px',items:'1013498322',caption: true ,tld:'es',is360: false })});<\/script><script src='\/\/embed-cdn.gettyimages.com\/widgets.js' charset='utf-8' async><\/script><\/p>\n<p>&nbsp;<\/p>\n<h3>Mascada<\/h3>\n<p>Si no eres fan\u00e1tica de la joyer\u00eda pero s\u00ed buscas incluir accesorios en tu\u00a0<em>outfit<\/em>, entonces necesitas una mascada \u00a1ya! Hay mil y un maneras de usarlas:\u00a0en la cabeza como bandana o paliacate, en el cuello como\u00a0<em>choker<\/em>, o hasta como cintur\u00f3n. Entre m\u00e1s colorida, mejor.<\/p>\n<p><a href=\"http:\/\/www.gettyimages.es\/detail\/1158483188\"id=\"pYJuhWpeRE5ZdJsmodGIyg\" class=\"gie-slideshow\" style=\"color: #a7a7a7; text-decoration: none; font-weight: normal !important; border: none; display: inline-block;\"  target=\"_blank\" rel=\"noopener\" target=\"_blank\">Embed from Getty Images<\/a><script>window.gie=window.gie||function(c){(gie.q=gie.q||[]).push(c)};gie(function(){gie.widgets.load({id:'pYJuhWpeRE5ZdJsmodGIyg',sig:'rB12ILZ_LvpmkIpcT7nlBssyaixYX4heZ_i5J2U8CLI=',w:'396px',h:'594px',items:'1158483188,1177536390,1166686311',caption: true ,tld:'es',is360: false })});<\/script><script src='\/\/embed-cdn.gettyimages.com\/widgets.js' charset='utf-8' async><\/script><\/p>\n<p>&nbsp;<\/p>\n<h3>El cl\u00e1sico <em>basket bag<\/em><\/h3>\n<p>Hay bolsos cl\u00e1sicos y atemporales, pero para primavera-verano hay solo uno que en verdad te pondr\u00e1 en el\u00a0<em>mood<\/em>. Al principio una tendencia, el\u00a0<em>basket bag<\/em>\u00a0\u2014que cabe destacar era <a href=\"https:\/\/graziamagazine.com\/mx\/hablemos-de-como-jane-birkin-inmortalizo-el-basket-bag\/\" target=\"_blank\" rel=\"noopener\">el favorito de <strong>Jane Birkin<\/strong><\/a>\u2014\u00a0se ha vuelto un imprescindible para esta temporada c\u00e1lida y tropical. Y es que no solo luce perfecto con todo, sino tambi\u00e9n le da un inesperado <em>prairie<\/em>\u00a0<em>vibe<\/em>\u00a0\u2014\u00e0 la Jacquemus\u2014 a cualquier\u00a0<em>outfit<\/em>.<\/p>\n<p><a href=\"http:\/\/www.gettyimages.es\/detail\/1160237868\"id=\"wdpoON5DSlh8Y-K3I37Log\" class=\"gie-slideshow\" style=\"color: #a7a7a7; text-decoration: none; font-weight: normal !important; border: none; display: inline-block;\"  target=\"_blank\" rel=\"noopener\" target=\"_blank\">Embed from Getty Images<\/a><script>window.gie=window.gie||function(c){(gie.q=gie.q||[]).push(c)};gie(function(){gie.widgets.load({id:'wdpoON5DSlh8Y-K3I37Log',sig:'YUs__vefbCsbYYm83AceNUbvvQ-l0E2azGvMXWyJ_Pw=',w:'396px',h:'594px',items:'1160237868,1162529198,1036108248',caption: true ,tld:'es',is360: false })});<\/script><script src='\/\/embed-cdn.gettyimages.com\/widgets.js' charset='utf-8' async><\/script><\/p>\n<p>&nbsp;<\/p>\n<h3>Sombreros<\/h3>\n<p>\u00bfQu\u00e9 es de un verano sin sombrero? Sea a donde sea que vayas, un sombrero es esencial. No solo para cubrirte de los rayos del sol, tambi\u00e9n como un toque de\u00a0<em>coolness<\/em> a tu\u00a0<em>outfit<\/em>.<\/p>\n<p><a href=\"http:\/\/www.gettyimages.es\/detail\/1155921076\"id=\"FmMjhN17SFdkxOS1cNEM1Q\" class=\"gie-slideshow\" style=\"color: #a7a7a7; text-decoration: none; font-weight: normal !important; border: none; display: inline-block;\"  target=\"_blank\" rel=\"noopener\" target=\"_blank\">Embed from Getty Images<\/a><script>window.gie=window.gie||function(c){(gie.q=gie.q||[]).push(c)};gie(function(){gie.widgets.load({id:'FmMjhN17SFdkxOS1cNEM1Q',sig:'hm2isJc7koabpNlehTfpKxRTNwLmaD5q3N72R3P9CFI=',w:'411px',h:'594px',items:'1155921076,1166480118,1155608205,1166479879,1155308838',caption: true ,tld:'es',is360: false })});<\/script><script src='\/\/embed-cdn.gettyimages.com\/widgets.js' charset='utf-8' async><\/script><\/p>\n<h5><\/h5>\n<h5><em>*IMAGEN: Getty Images<\/em><\/h5>\n","protected":false},"author":11625,"featured_media":81789,"template":"","format":"standard","categories":[4],"acf":[],"yoast_head":"<!-- This site is optimized with the Yoast SEO Premium plugin v18.5 (Yoast SEO v20.4) - https:\/\/yoast.com\/wordpress\/plugins\/seo\/ -->\n<title>10 prendas b\u00e1sicas para primavera-verano | Grazia M\u00e9xico y Latinoam\u00e9rica<\/title>\n<meta name=\"description\" content=\"Para cada temporada, independientemente de las tendencias, siempre debes tener b\u00e1sicos en tu cl\u00f3set. Te presentamos diez para primavera-verano.\" \/>\n<meta name=\"robots\" content=\"index, follow, max-snippet:-1, max-image-preview:large, max-video-preview:-1\" \/>\n<link rel=\"canonical\" href=\"https:\/\/graziamagazine.com\/mx\/articles\/10-prendas-basicas-para-primavera-verano\/\" \/>\n<meta property=\"og:locale\" content=\"es_MX\" \/>\n<meta property=\"og:type\" content=\"article\" \/>\n<meta property=\"og:title\" content=\"10 prendas b\u00e1sicas para primavera-verano\" \/>\n<meta property=\"og:description\" content=\"Para cada temporada, independientemente de las tendencias, siempre debes tener b\u00e1sicos en tu cl\u00f3set. Te presentamos diez para primavera-verano.\" \/>\n<meta property=\"og:url\" content=\"https:\/\/graziamagazine.com\/mx\/articles\/10-prendas-basicas-para-primavera-verano\/\" \/>\n<meta property=\"og:site_name\" content=\"Grazia M\u00e9xico y Latinoam\u00e9rica\" \/>\n<meta property=\"article:modified_time\" content=\"2020-03-10T17:09:53+00:00\" \/>\n<meta property=\"og:image\" content=\"https:\/\/graziamagazine.com\/mx\/wp-content\/uploads\/sites\/13\/2020\/03\/10-prendas-basicas-para-primavera-verano-destacada.jpg?fit=2835%2C1843\" \/>\n\t<meta property=\"og:image:width\" content=\"2835\" \/>\n\t<meta property=\"og:image:height\" content=\"1843\" \/>\n\t<meta property=\"og:image:type\" content=\"image\/jpeg\" \/>\n<meta name=\"twitter:card\" content=\"summary_large_image\" \/>\n<meta name=\"twitter:label1\" content=\"Est. reading time\" \/>\n\t<meta name=\"twitter:data1\" content=\"4 minutos\" \/>\n<script type=\"application\/ld+json\" class=\"yoast-schema-graph\">{\"@context\":\"https:\/\/schema.org\",\"@graph\":[{\"@type\":\"WebPage\",\"@id\":\"https:\/\/graziamagazine.com\/mx\/articles\/10-prendas-basicas-para-primavera-verano\/\",\"url\":\"https:\/\/graziamagazine.com\/mx\/articles\/10-prendas-basicas-para-primavera-verano\/\",\"name\":\"10 prendas b\u00e1sicas para primavera-verano | Grazia M\u00e9xico y Latinoam\u00e9rica\",\"isPartOf\":{\"@id\":\"https:\/\/graziamagazine.com\/mx\/#website\"},\"datePublished\":\"2020-03-10T17:03:30+00:00\",\"dateModified\":\"2020-03-10T17:09:53+00:00\",\"description\":\"Para cada temporada, independientemente de las tendencias, siempre debes tener b\u00e1sicos en tu cl\u00f3set. Te presentamos diez para primavera-verano.\",\"breadcrumb\":{\"@id\":\"https:\/\/graziamagazine.com\/mx\/articles\/10-prendas-basicas-para-primavera-verano\/#breadcrumb\"},\"inLanguage\":\"es-MX\",\"potentialAction\":[{\"@type\":\"ReadAction\",\"target\":[\"https:\/\/graziamagazine.com\/mx\/articles\/10-prendas-basicas-para-primavera-verano\/\"]}]},{\"@type\":\"BreadcrumbList\",\"@id\":\"https:\/\/graziamagazine.com\/mx\/articles\/10-prendas-basicas-para-primavera-verano\/#breadcrumb\",\"itemListElement\":[{\"@type\":\"ListItem\",\"position\":1,\"name\":\"Home\",\"item\":\"https:\/\/graziamagazine.com\/mx\/\"},{\"@type\":\"ListItem\",\"position\":2,\"name\":\"10 prendas b\u00e1sicas para primavera-verano\"}]},{\"@type\":\"WebSite\",\"@id\":\"https:\/\/graziamagazine.com\/mx\/#website\",\"url\":\"https:\/\/graziamagazine.com\/mx\/\",\"name\":\"Grazia M\u00e9xico y Latinoam\u00e9rica\",\"description\":\"Grazia es moda, belleza y noticias  de actualidad \",\"potentialAction\":[{\"@type\":\"SearchAction\",\"target\":{\"@type\":\"EntryPoint\",\"urlTemplate\":\"https:\/\/graziamagazine.com\/mx\/?s={search_term_string}\"},\"query-input\":\"required name=search_term_string\"}],\"inLanguage\":\"es-MX\"}]}<\/script>\n<!-- \/ Yoast SEO Premium plugin. -->","yoast_head_json":{"title":"10 prendas b\u00e1sicas para primavera-verano | Grazia M\u00e9xico y Latinoam\u00e9rica","description":"Para cada temporada, independientemente de las tendencias, siempre debes tener b\u00e1sicos en tu cl\u00f3set. Te presentamos diez para primavera-verano.","robots":{"index":"index","follow":"follow","max-snippet":"max-snippet:-1","max-image-preview":"max-image-preview:large","max-video-preview":"max-video-preview:-1"},"canonical":"https:\/\/graziamagazine.com\/mx\/articles\/10-prendas-basicas-para-primavera-verano\/","og_locale":"es_MX","og_type":"article","og_title":"10 prendas b\u00e1sicas para primavera-verano","og_description":"Para cada temporada, independientemente de las tendencias, siempre debes tener b\u00e1sicos en tu cl\u00f3set. Te presentamos diez para primavera-verano.","og_url":"https:\/\/graziamagazine.com\/mx\/articles\/10-prendas-basicas-para-primavera-verano\/","og_site_name":"Grazia M\u00e9xico y Latinoam\u00e9rica","article_modified_time":"2020-03-10T17:09:53+00:00","og_image":[{"width":2835,"height":1843,"url":"https:\/\/graziamagazine.com\/mx\/wp-content\/uploads\/sites\/13\/2020\/03\/10-prendas-basicas-para-primavera-verano-destacada.jpg?fit=2835%2C1843","type":"image\/jpeg"}],"twitter_card":"summary_large_image","twitter_misc":{"Est. reading time":"4 minutos"},"schema":{"@context":"https:\/\/schema.org","@graph":[{"@type":"WebPage","@id":"https:\/\/graziamagazine.com\/mx\/articles\/10-prendas-basicas-para-primavera-verano\/","url":"https:\/\/graziamagazine.com\/mx\/articles\/10-prendas-basicas-para-primavera-verano\/","name":"10 prendas b\u00e1sicas para primavera-verano | Grazia M\u00e9xico y Latinoam\u00e9rica","isPartOf":{"@id":"https:\/\/graziamagazine.com\/mx\/#website"},"datePublished":"2020-03-10T17:03:30+00:00","dateModified":"2020-03-10T17:09:53+00:00","description":"Para cada temporada, independientemente de las tendencias, siempre debes tener b\u00e1sicos en tu cl\u00f3set. Te presentamos diez para primavera-verano.","breadcrumb":{"@id":"https:\/\/graziamagazine.com\/mx\/articles\/10-prendas-basicas-para-primavera-verano\/#breadcrumb"},"inLanguage":"es-MX","potentialAction":[{"@type":"ReadAction","target":["https:\/\/graziamagazine.com\/mx\/articles\/10-prendas-basicas-para-primavera-verano\/"]}]},{"@type":"BreadcrumbList","@id":"https:\/\/graziamagazine.com\/mx\/articles\/10-prendas-basicas-para-primavera-verano\/#breadcrumb","itemListElement":[{"@type":"ListItem","position":1,"name":"Home","item":"https:\/\/graziamagazine.com\/mx\/"},{"@type":"ListItem","position":2,"name":"10 prendas b\u00e1sicas para primavera-verano"}]},{"@type":"WebSite","@id":"https:\/\/graziamagazine.com\/mx\/#website","url":"https:\/\/graziamagazine.com\/mx\/","name":"Grazia M\u00e9xico y Latinoam\u00e9rica","description":"Grazia es moda, belleza y noticias  de actualidad ","potentialAction":[{"@type":"SearchAction","target":{"@type":"EntryPoint","urlTemplate":"https:\/\/graziamagazine.com\/mx\/?s={search_term_string}"},"query-input":"required name=search_term_string"}],"inLanguage":"es-MX"}]}},"jetpack_sharing_enabled":true,"distributor_meta":false,"distributor_terms":false,"distributor_media":false,"distributor_original_site_name":"Grazia M\u00e9xico y Latinoam\u00e9rica","distributor_original_site_url":"https:\/\/graziamagazine.com\/mx","push-errors":false,"_links":{"self":[{"href":"https:\/\/graziamagazine.com\/mx\/wp-json\/wp\/v2\/articles\/81537"}],"collection":[{"href":"https:\/\/graziamagazine.com\/mx\/wp-json\/wp\/v2\/articles"}],"about":[{"href":"https:\/\/graziamagazine.com\/mx\/wp-json\/wp\/v2\/types\/articles"}],"author":[{"embeddable":true,"href":"https:\/\/graziamagazine.com\/mx\/wp-json\/wp\/v2\/users\/11625"}],"wp:featuredmedia":[{"embeddable":true,"href":"https:\/\/graziamagazine.com\/mx\/wp-json\/wp\/v2\/media\/81789"}],"wp:attachment":[{"href":"https:\/\/graziamagazine.com\/mx\/wp-json\/wp\/v2\/media?parent=81537"}],"wp:term":[{"taxonomy":"category","embeddable":true,"href":"https:\/\/graziamagazine.com\/mx\/wp-json\/wp\/v2\/categories?post=81537"}],"curies":[{"name":"wp","href":"https:\/\/api.w.org\/{rel}","templated":true}]}}