{"id":81529,"date":"2020-03-05T13:52:09","date_gmt":"2020-03-05T18:52:09","guid":{"rendered":"https:\/\/graziamagazine.com\/mx\/?p=81529"},"modified":"2020-03-05T13:55:00","modified_gmt":"2020-03-05T18:55:00","slug":"todo-lo-que-necesitas-saber-sobre-undiasinnosotras","status":"publish","type":"articles","link":"https:\/\/graziamagazine.com\/mx\/articles\/todo-lo-que-necesitas-saber-sobre-undiasinnosotras\/","title":{"rendered":"Todo lo que necesitas saber sobre #UnD\u00edaSinNosotras"},"content":{"rendered":"<p>Este a\u00f1o, las mujeres mexicanas estamos dispuestas a hacernos notar, y lo vamos a hacer m\u00e1s all\u00e1 de la <b>marcha del 8 de marzo<\/b>, y lo vamos a hacer sin violencia pero sin dudas. Lo vamos a hacer organizadas, unidas, fuertes.<span class=\"Apple-converted-space\">\u00a0<\/span><\/p>\n<p>Este a\u00f1o, nos vamos a hacer notar.<\/p>\n<p>Y lo mejor es que todas las mexicanas nos vamos a sumar, independientemente de d\u00f3nde vivamos, en qu\u00e9 trabajemos, cu\u00e1ntos hijos tengamos, o cu\u00e1nto ganemos, porque a este movimiento nos podemos unir todas, sin excepci\u00f3n.<span class=\"Apple-converted-space\">\u00a0<\/span><\/p>\n<h3>Pero vamos por partes\u2026 Primero, \u00bfqu\u00e9 pasar\u00e1 con el 8 de marzo? \u00bfSigue siendo un d\u00eda importante, con acontecimientos relevantes?<\/h3>\n<p>Desde 1975, cada 8 de marzo se celebra el\u00a0<b><a href=\"https:\/\/graziamagazine.com\/mx\/la-historia-detras-del-color-morado-para-el-dia-internacional-de-la-mujer\/\" target=\"_blank\" rel=\"noopener\">D\u00eda Internacional de la Mujer<\/a>,<\/b> una fecha que nos invita a conmemorar la lucha por la equidad y a recordar a todas las mujeres que nos han ido abriendo camino, alzando la voz y peleando por nuestros derechos.<span class=\"Apple-converted-space\">\u00a0<\/span><\/p>\n<p>Aunque a muchas personas este d\u00eda les parece confuso, el 8 de marzo <b>no es una fiesta<\/b> como el D\u00eda de las Madres, <b>ni esperamos que nos feliciten por el simple hecho de ser mujeres<\/b>, sino que todas las personas, hombres y mujeres, hagamos un alto para reflexionar sobre el camino recorrido y alertar sobre lo mucho que nos falta por recorrer en materia de igualdad.<\/p>\n<p>A ra\u00edz de movimientos como #NiUnaMenos, <i>#MeToo<\/i> y m\u00e1s, el 8 de marzo se ha convertido en un d\u00eda para que las mujeres salgan a la calle a decir \u00a1Basta! Basta a todas las injusticias, inequidad, y sobre todo, a la violencia de g\u00e9nero. (\u00bfSab\u00edas que en M\u00e9xico mueren 7 mujeres al d\u00eda? Seguramente mueren muchos hombres m\u00e1s, pero las mujeres morimos por el simple hecho de ser mujeres, y ah\u00ed reside la violencia contra nosotras).<\/p>\n<p>Tal como explica Antonio Guterres, Secretario General de las Naciones Unidas: \u201cEn el D\u00eda Internacional de la Mujer, debemos comprometernos a hacer todo lo posible para superar los prejuicios arraigados. Apoyar la participaci\u00f3n y el activismo y promover la igualdad de g\u00e9nero y el empoderamiento de la mujer\u201d.<\/p>\n<p>As\u00ed que este 8 de marzo s\u00ed habr\u00e1 marchas, en much\u00edsimas ciudades del pa\u00eds, a las que puedes unirte para juntas alzar la voz.<\/p>\n<p>&nbsp;<\/p>\n<h3>Entonces, \u00bfqu\u00e9 pasar\u00e1 el 9 de marzo?<\/h3>\n<p>El movimiento <b>#UnD\u00edaSinNosotras<\/b> no es nuevo, aunque ha tenido diferentes matices a lo largo de los a\u00f1os. Por ejemplo, en 1857 las obreras de la textilera Cotton en Nueva York convocaron a un paro para mejorar sus condiciones de trabajo y salarios.<\/p>\n<p>En a\u00f1os m\u00e1s recientes, Polonia fue uno de los primeros pa\u00edses en demostrar lo que pasar\u00eda si las mujeres paraban y dejaban de aportar a la econom\u00eda. El 24 de octubre de 1975, 90% de las mujeres no acudieron a sus trabajos ni se hicieron cargo de las labores del hogar, sino que salieron a las calles para exigir igualdad de derechos. Cinco a\u00f1os despu\u00e9s, lleg\u00f3 la primera mujer presidenta elegida democr\u00e1ticamente. Este movimiento se conoci\u00f3 a nivel mundial como \u201cD\u00eda Libre de las Mujeres\u201d.<\/p>\n<p>En Polonia, el 3 de octubre de 2016, miles de mujeres vestidas de negro salieron a las calles para protestar en contra de un proyecto de ley que pretend\u00eda prohibir el aborto. Las mujeres no fueron a trabajar ni a tomar clases, y lograron que esta ley no fuera aprobada.<\/p>\n<p>Pero el Primer Paro Internacional de Mujeres ocurri\u00f3 el 8 de marzo de 2017 en Argentina, sum\u00e1ndose tambi\u00e9n Estados Unidos con mujeres protestando contra los comentarios mis\u00f3ginos de su presidente.<\/p>\n<p>La convocatoria a parar lleva a\u00f1os sobre la mesa, pero este a\u00f1o, el feminicidio de F\u00e1tima logr\u00f3 que por primera vez, millones de mexicanas estuvieran dispuestas a parar, y que ni el gobierno ni la industria privada pudieran ignorarnos.<\/p>\n<p>&nbsp;<\/p>\n<h3>\u00bfPor qu\u00e9 paramos?<\/h3>\n<p>Porque adem\u00e1s de todo lo que hemos visto a nivel mundial, en M\u00e9xico tenemos una tasa de feminicidios alt\u00edsima. 2016 fue el a\u00f1o con m\u00e1s feminicidios registrados: seg\u00fan el INEGI, 2,813 mujeres fueron asesinadas. Y esto a lo largo y ancho del pa\u00eds, ya que los municipios con m\u00e1s homicidios fueron Acapulco, Tijuana, Ciudad Ju\u00e1rez, Victoria, Ecatepec, Chihuahua, Naucalpan, Iztapalapa, Culiac\u00e1n y Gustavo A. Madero. Esto hace que de los 12 feminicidios que suceden en Am\u00e9rica Latina DIARIAMENTE, 7 se cometen en M\u00e9xico.<\/p>\n<p>70% de las mujeres ha sufrido violencia f\u00edsica y\/o sexual, y hay estados (Sonora, Campeche y Baja California) en los que se exculpa al ofensor si este contrae matrimonio con la v\u00edctima. Y as\u00ed como esa ley machista y mis\u00f3gina, hay m\u00e1s: en 14 estados de nuestro pa\u00eds, las mujeres divorciadas tienen que esperar 300 d\u00edas antes de volver a casarse, mientras que los hombres pueden hacerlo al d\u00eda siguiente.<\/p>\n<h3><\/h3>\n<h3>\u00bfC\u00f3mo unirte al paro? #UnD\u00edaSinNosotras<\/h3>\n<p>Este a\u00f1o, el 8 de marzo cae en domingo, por eso la convocatoria se hace para el d\u00eda 9 de marzo: nos autoconvocamos a parar durante 24 horas como rechazo a la violencia sistem\u00e1tica y estructural que vivimos las mujeres, en M\u00e9xico y en el mundo.<\/p>\n<p>El 9 de marzo, ninguna se mueve para hacer notar la frustraci\u00f3n y la rabia por los feminicidios, recientes y pasados, y por la negligencia aplicada en cada uno de ellos, as\u00ed como la respuesta de los medios y de la sociedad en general.<\/p>\n<p>El lema <b>\u201cninguna se mueve\u201d<\/b> convoca a las mujeres a no mover la econom\u00eda. \u00bfY c\u00f3mo hacemos esto?<\/p>\n<p>-No yendo a trabajar, si est\u00e1 dentro de tus posibilidades.<\/p>\n<p>-No consumiendo nada (ni gasolina, ni Internet, ni caf\u00e9).<\/p>\n<p>-No utilizando el tel\u00e9fono ni el transporte p\u00fablico (en la medida de tus posibilidades).<\/p>\n<p>La idea es no generar movimientos en la econom\u00eda, aunque esto puede no ser tan f\u00e1cil para muchas mujeres. Habr\u00e1 empresas que se unan a la causa y te permitan faltar sin perder tu salario, pero si no es tu caso, a\u00fan puedes unirte no comprando nada (ve al s\u00faper un d\u00eda antes si te hace falta), y no usando el Internet ni el tel\u00e9fono. La idea general es demostrar el impacto que tenemos en la econom\u00eda del pa\u00eds, as\u00ed que si no vas a ir a trabajar, qu\u00e9date en casa leyendo un libro, reflexionando, o viendo el techo, pero no siendo parte de la cadena de consumo de la que somos 24\/7.<\/p>\n<p>Por eso, a este paro nacional s\u00ed podemos sumarnos, estemos donde estemos, porque todas podemos comprometernos a no generarle ingresos a nadie, y as\u00ed, obligaremos a las autoridades y a la sociedad en general a escucharnos y a tomarnos en cuenta.<\/p>\n<p>\u00bfC\u00f3mo te vas a sumar a #UnDiaSinNosotras?<\/p>\n<h5><\/h5>\n<h5><em>*IMAGEN: Getty Images<\/em><\/h5>\n","protected":false},"author":11626,"featured_media":81532,"template":"","format":"standard","categories":[114],"acf":[],"yoast_head":"<!-- This site is optimized with the Yoast SEO Premium plugin v18.5 (Yoast SEO v20.4) - https:\/\/yoast.com\/wordpress\/plugins\/seo\/ -->\n<title>Todo lo que necesitas saber sobre #UnD\u00edaSinNosotras | Grazia M\u00e9xico y Latinoam\u00e9rica<\/title>\n<meta name=\"description\" content=\"En M\u00e9xico, las mujeres nos estamos autoconvocando para acabar con la violencia y la misoginia. \u00bfC\u00f3mo? #UnD\u00edaSinNosotras, el nueve ninguna se mueve.\" \/>\n<meta name=\"robots\" content=\"index, follow, max-snippet:-1, max-image-preview:large, max-video-preview:-1\" \/>\n<link rel=\"canonical\" href=\"https:\/\/graziamagazine.com\/mx\/articles\/todo-lo-que-necesitas-saber-sobre-undiasinnosotras\/\" \/>\n<meta property=\"og:locale\" content=\"es_MX\" \/>\n<meta property=\"og:type\" content=\"article\" \/>\n<meta property=\"og:title\" content=\"Todo lo que necesitas saber sobre #UnD\u00edaSinNosotras\" \/>\n<meta property=\"og:description\" content=\"En M\u00e9xico, las mujeres nos estamos autoconvocando para acabar con la violencia y la misoginia. \u00bfC\u00f3mo? #UnD\u00edaSinNosotras, el nueve ninguna se mueve.\" \/>\n<meta property=\"og:url\" content=\"https:\/\/graziamagazine.com\/mx\/articles\/todo-lo-que-necesitas-saber-sobre-undiasinnosotras\/\" \/>\n<meta property=\"og:site_name\" content=\"Grazia M\u00e9xico y Latinoam\u00e9rica\" \/>\n<meta property=\"article:modified_time\" content=\"2020-03-05T18:55:00+00:00\" \/>\n<meta property=\"og:image\" content=\"https:\/\/graziamagazine.com\/mx\/wp-content\/uploads\/sites\/13\/2020\/03\/todo-lo-que-necesitas-saber-sobre-undiasinnosotras-destacada.jpg?fit=3456%2C2304\" \/>\n\t<meta property=\"og:image:width\" content=\"3456\" \/>\n\t<meta property=\"og:image:height\" content=\"2304\" \/>\n\t<meta property=\"og:image:type\" content=\"image\/jpeg\" \/>\n<meta name=\"twitter:card\" content=\"summary_large_image\" \/>\n<meta name=\"twitter:label1\" content=\"Est. reading time\" \/>\n\t<meta name=\"twitter:data1\" content=\"6 minutos\" \/>\n<script type=\"application\/ld+json\" class=\"yoast-schema-graph\">{\"@context\":\"https:\/\/schema.org\",\"@graph\":[{\"@type\":\"WebPage\",\"@id\":\"https:\/\/graziamagazine.com\/mx\/articles\/todo-lo-que-necesitas-saber-sobre-undiasinnosotras\/\",\"url\":\"https:\/\/graziamagazine.com\/mx\/articles\/todo-lo-que-necesitas-saber-sobre-undiasinnosotras\/\",\"name\":\"Todo lo que necesitas saber sobre #UnD\u00edaSinNosotras | Grazia M\u00e9xico y Latinoam\u00e9rica\",\"isPartOf\":{\"@id\":\"https:\/\/graziamagazine.com\/mx\/#website\"},\"datePublished\":\"2020-03-05T18:52:09+00:00\",\"dateModified\":\"2020-03-05T18:55:00+00:00\",\"description\":\"En M\u00e9xico, las mujeres nos estamos autoconvocando para acabar con la violencia y la misoginia. \u00bfC\u00f3mo? #UnD\u00edaSinNosotras, el nueve ninguna se mueve.\",\"breadcrumb\":{\"@id\":\"https:\/\/graziamagazine.com\/mx\/articles\/todo-lo-que-necesitas-saber-sobre-undiasinnosotras\/#breadcrumb\"},\"inLanguage\":\"es-MX\",\"potentialAction\":[{\"@type\":\"ReadAction\",\"target\":[\"https:\/\/graziamagazine.com\/mx\/articles\/todo-lo-que-necesitas-saber-sobre-undiasinnosotras\/\"]}]},{\"@type\":\"BreadcrumbList\",\"@id\":\"https:\/\/graziamagazine.com\/mx\/articles\/todo-lo-que-necesitas-saber-sobre-undiasinnosotras\/#breadcrumb\",\"itemListElement\":[{\"@type\":\"ListItem\",\"position\":1,\"name\":\"Home\",\"item\":\"https:\/\/graziamagazine.com\/mx\/\"},{\"@type\":\"ListItem\",\"position\":2,\"name\":\"Todo lo que necesitas saber sobre #UnD\u00edaSinNosotras\"}]},{\"@type\":\"WebSite\",\"@id\":\"https:\/\/graziamagazine.com\/mx\/#website\",\"url\":\"https:\/\/graziamagazine.com\/mx\/\",\"name\":\"Grazia M\u00e9xico y Latinoam\u00e9rica\",\"description\":\"Grazia es moda, belleza y noticias  de actualidad \",\"potentialAction\":[{\"@type\":\"SearchAction\",\"target\":{\"@type\":\"EntryPoint\",\"urlTemplate\":\"https:\/\/graziamagazine.com\/mx\/?s={search_term_string}\"},\"query-input\":\"required name=search_term_string\"}],\"inLanguage\":\"es-MX\"}]}<\/script>\n<!-- \/ Yoast SEO Premium plugin. -->","yoast_head_json":{"title":"Todo lo que necesitas saber sobre #UnD\u00edaSinNosotras | Grazia M\u00e9xico y Latinoam\u00e9rica","description":"En M\u00e9xico, las mujeres nos estamos autoconvocando para acabar con la violencia y la misoginia. \u00bfC\u00f3mo? #UnD\u00edaSinNosotras, el nueve ninguna se mueve.","robots":{"index":"index","follow":"follow","max-snippet":"max-snippet:-1","max-image-preview":"max-image-preview:large","max-video-preview":"max-video-preview:-1"},"canonical":"https:\/\/graziamagazine.com\/mx\/articles\/todo-lo-que-necesitas-saber-sobre-undiasinnosotras\/","og_locale":"es_MX","og_type":"article","og_title":"Todo lo que necesitas saber sobre #UnD\u00edaSinNosotras","og_description":"En M\u00e9xico, las mujeres nos estamos autoconvocando para acabar con la violencia y la misoginia. \u00bfC\u00f3mo? #UnD\u00edaSinNosotras, el nueve ninguna se mueve.","og_url":"https:\/\/graziamagazine.com\/mx\/articles\/todo-lo-que-necesitas-saber-sobre-undiasinnosotras\/","og_site_name":"Grazia M\u00e9xico y Latinoam\u00e9rica","article_modified_time":"2020-03-05T18:55:00+00:00","og_image":[{"width":3456,"height":2304,"url":"https:\/\/graziamagazine.com\/mx\/wp-content\/uploads\/sites\/13\/2020\/03\/todo-lo-que-necesitas-saber-sobre-undiasinnosotras-destacada.jpg?fit=3456%2C2304","type":"image\/jpeg"}],"twitter_card":"summary_large_image","twitter_misc":{"Est. reading time":"6 minutos"},"schema":{"@context":"https:\/\/schema.org","@graph":[{"@type":"WebPage","@id":"https:\/\/graziamagazine.com\/mx\/articles\/todo-lo-que-necesitas-saber-sobre-undiasinnosotras\/","url":"https:\/\/graziamagazine.com\/mx\/articles\/todo-lo-que-necesitas-saber-sobre-undiasinnosotras\/","name":"Todo lo que necesitas saber sobre #UnD\u00edaSinNosotras | Grazia M\u00e9xico y Latinoam\u00e9rica","isPartOf":{"@id":"https:\/\/graziamagazine.com\/mx\/#website"},"datePublished":"2020-03-05T18:52:09+00:00","dateModified":"2020-03-05T18:55:00+00:00","description":"En M\u00e9xico, las mujeres nos estamos autoconvocando para acabar con la violencia y la misoginia. \u00bfC\u00f3mo? #UnD\u00edaSinNosotras, el nueve ninguna se mueve.","breadcrumb":{"@id":"https:\/\/graziamagazine.com\/mx\/articles\/todo-lo-que-necesitas-saber-sobre-undiasinnosotras\/#breadcrumb"},"inLanguage":"es-MX","potentialAction":[{"@type":"ReadAction","target":["https:\/\/graziamagazine.com\/mx\/articles\/todo-lo-que-necesitas-saber-sobre-undiasinnosotras\/"]}]},{"@type":"BreadcrumbList","@id":"https:\/\/graziamagazine.com\/mx\/articles\/todo-lo-que-necesitas-saber-sobre-undiasinnosotras\/#breadcrumb","itemListElement":[{"@type":"ListItem","position":1,"name":"Home","item":"https:\/\/graziamagazine.com\/mx\/"},{"@type":"ListItem","position":2,"name":"Todo lo que necesitas saber sobre #UnD\u00edaSinNosotras"}]},{"@type":"WebSite","@id":"https:\/\/graziamagazine.com\/mx\/#website","url":"https:\/\/graziamagazine.com\/mx\/","name":"Grazia M\u00e9xico y Latinoam\u00e9rica","description":"Grazia es moda, belleza y noticias  de actualidad ","potentialAction":[{"@type":"SearchAction","target":{"@type":"EntryPoint","urlTemplate":"https:\/\/graziamagazine.com\/mx\/?s={search_term_string}"},"query-input":"required name=search_term_string"}],"inLanguage":"es-MX"}]}},"jetpack_sharing_enabled":true,"distributor_meta":false,"distributor_terms":false,"distributor_media":false,"distributor_original_site_name":"Grazia M\u00e9xico y Latinoam\u00e9rica","distributor_original_site_url":"https:\/\/graziamagazine.com\/mx","push-errors":false,"_links":{"self":[{"href":"https:\/\/graziamagazine.com\/mx\/wp-json\/wp\/v2\/articles\/81529"}],"collection":[{"href":"https:\/\/graziamagazine.com\/mx\/wp-json\/wp\/v2\/articles"}],"about":[{"href":"https:\/\/graziamagazine.com\/mx\/wp-json\/wp\/v2\/types\/articles"}],"author":[{"embeddable":true,"href":"https:\/\/graziamagazine.com\/mx\/wp-json\/wp\/v2\/users\/11626"}],"wp:featuredmedia":[{"embeddable":true,"href":"https:\/\/graziamagazine.com\/mx\/wp-json\/wp\/v2\/media\/81532"}],"wp:attachment":[{"href":"https:\/\/graziamagazine.com\/mx\/wp-json\/wp\/v2\/media?parent=81529"}],"wp:term":[{"taxonomy":"category","embeddable":true,"href":"https:\/\/graziamagazine.com\/mx\/wp-json\/wp\/v2\/categories?post=81529"}],"curies":[{"name":"wp","href":"https:\/\/api.w.org\/{rel}","templated":true}]}}