{"id":81376,"date":"2020-03-04T11:38:33","date_gmt":"2020-03-04T16:38:33","guid":{"rendered":"https:\/\/graziamagazine.com\/mx\/?p=81376"},"modified":"2020-03-04T11:38:33","modified_gmt":"2020-03-04T16:38:33","slug":"lady-diana-siempre-estuvo-bajo-la-sombra-de-camilla-parker-incluso-el-dia-de-su-boda","status":"publish","type":"articles","link":"https:\/\/graziamagazine.com\/mx\/articles\/lady-diana-siempre-estuvo-bajo-la-sombra-de-camilla-parker-incluso-el-dia-de-su-boda\/","title":{"rendered":"Lady Diana siempre estuvo bajo la sombra de Camilla Parker, incluso el d\u00eda de su boda"},"content":{"rendered":"<p><span style=\"font-weight: 400;\"><strong>Lady Diana<\/strong> tuvo una de las bodas m\u00e1s medi\u00e1ticas e inspiradoras para los fan\u00e1ticos de la realeza, pues una mujer \u201ccom\u00fan\u201d, se cas\u00f3 con un pr\u00edncipe, sembrando as\u00ed sue\u00f1os en todas las mujeres alrededor del mundo. Pero esta boda no fue producto del enamoramiento, sino de la imposici\u00f3n que la reina<strong> Elizabeth II<\/strong> le hizo a su hijo Charles.<\/span><\/p>\n<p><span style=\"font-weight: 400;\">El coraz\u00f3n de Charles pertenec\u00eda a otra mujer, <strong>Camilla Parker-Bowles<\/strong>, pero no se le permiti\u00f3 casarse con ella por ser \u201ctan liberal\u201d. En cambio, la realeza necesitaba la imagen de una princesa inocente, bonita, angelical, y Diana de Gales cumpl\u00eda perfectamente con estas caracter\u00edsticas, y para nada lo decimos en un mal sentido.<\/span><\/p>\n<p><span style=\"font-weight: 400;\">El d\u00eda de la gran boda, Camilla estuvo entre los invitados al interior de la St Paul&#8217;s Cathedral de Londres, y en el esperado momento en que la novia hace su gran entrada tomada del brazo de su padre, Diana y Camilla cruzaron miradas, causando distracci\u00f3n en la futura esposa de su exnovio. \u00bfQu\u00e9 habr\u00e1 pasado por su mente?\u00a0<\/span><\/p>\n<p><img decoding=\"async\" class=\"alignnone size-medium wp-image-81382\" src=\"https:\/\/graziamagazine.com\/mx\/wp-content\/uploads\/sites\/13\/2020\/03\/Lady-Diana-siempre-estuvo-bajo-la-sombra-de-Camilla-Parker-incluso-el-di\u0301a-de-su-boda-1-450x342.jpg\" alt=\"Lady Diana siempre estuvo bajo la sombra de Camilla Parker, incluso el di\u0301a de su boda-1\" \/><\/p>\n<p><span style=\"font-weight: 400;\">&#8220;Mientras Diana camina por el pasillo con su padre, ve a Camilla. Ah\u00ed est\u00e1, en este d\u00eda m\u00e1gico, y en lo que se est\u00e1 centrando es en la imagen de Camilla&#8221;, dijo la bi\u00f3grafa real Sally Bedell Smith en un clip que pertenece a la serie documental de CNN, <\/span><i><span style=\"font-weight: 400;\">The Windsors. <\/span><\/i><span style=\"font-weight: 400;\">La autora e historiadora estadounidense, que ha escrito biograf\u00edas sobre Diana, Charles y la reina, explica que Diana compiti\u00f3 con Camilla toda su vida, incluso en los d\u00edas m\u00e1s &#8220;m\u00e1gicos&#8221;. Este episodio de la serie, retrata la imagen de un pr\u00edncipe que elige a su novia por un sentido del deber, a pesar de sus sentimientos persistentes por Camilla. &#8220;Charles se convenci\u00f3 de que podr\u00eda estar enamorado de Diana, al menos el suficiente amor para casarse&#8221;, a\u00f1adi\u00f3 la bi\u00f3grafa, y ahora sabemos que eso no fue posible. Prince Charles nunca dej\u00f3 de amar a Camilla y qued\u00f3 demostrado cuando regres\u00f3 con ella luego del divorcio de Diana y su lamentable muerte.<\/span><\/p>\n<p><img decoding=\"async\" class=\"alignnone size-medium wp-image-81384\" src=\"https:\/\/graziamagazine.com\/mx\/wp-content\/uploads\/sites\/13\/2020\/03\/Lady-Diana-siempre-estuvo-bajo-la-sombra-de-Camilla-Parker-incluso-el-di\u0301a-de-su-boda-2-450x451.jpg\" alt=\"Lady Diana siempre estuvo bajo la sombra de Camilla Parker, incluso el di\u0301a de su boda-2\" \/><\/p>\n<p><i><span style=\"font-weight: 400;\">The Windsors <\/span><\/i><span style=\"font-weight: 400;\">fue lanzada con seis cap\u00edtulos iniciales y se transmite \u00fanicamente en Estados Unidos. La serie, cuenta a modo documental la historia de la dinast\u00eda Windsor, comenzando con la ascensi\u00f3n del rey Edward al trono y su trabajo hacia el futuro de la monarqu\u00eda. \u00a1Nos encantan las series que cuentan la vida de la realeza!<\/span><\/p>\n<h5><em>*IMAGEN: Getty Images<\/em><\/h5>\n","protected":false},"author":11628,"featured_media":81383,"template":"","format":"standard","categories":[2],"acf":[],"yoast_head":"<!-- This site is optimized with the Yoast SEO Premium plugin v18.5 (Yoast SEO v20.4) - https:\/\/yoast.com\/wordpress\/plugins\/seo\/ -->\n<title>Lady Diana siempre estuvo bajo la sombra de Camilla Parker, incluso el d\u00eda de su boda | Grazia M\u00e9xico y Latinoam\u00e9rica<\/title>\n<meta name=\"description\" content=\"Historias reales que parecen de telenovela. Esto es lo que sucedi\u00f3 con Camilla Parker en la boda de Lady Diana y Prince Charles.\" \/>\n<meta name=\"robots\" content=\"index, follow, max-snippet:-1, max-image-preview:large, max-video-preview:-1\" \/>\n<link rel=\"canonical\" href=\"https:\/\/graziamagazine.com\/mx\/articles\/lady-diana-siempre-estuvo-bajo-la-sombra-de-camilla-parker-incluso-el-dia-de-su-boda\/\" \/>\n<meta property=\"og:locale\" content=\"es_MX\" \/>\n<meta property=\"og:type\" content=\"article\" \/>\n<meta property=\"og:title\" content=\"Lady Diana siempre estuvo bajo la sombra de Camilla Parker, incluso el d\u00eda de su boda\" \/>\n<meta property=\"og:description\" content=\"Historias reales que parecen de telenovela. Esto es lo que sucedi\u00f3 con Camilla Parker en la boda de Lady Diana y Prince Charles.\" \/>\n<meta property=\"og:url\" content=\"https:\/\/graziamagazine.com\/mx\/articles\/lady-diana-siempre-estuvo-bajo-la-sombra-de-camilla-parker-incluso-el-dia-de-su-boda\/\" \/>\n<meta property=\"og:site_name\" content=\"Grazia M\u00e9xico y Latinoam\u00e9rica\" \/>\n<meta property=\"og:image\" content=\"https:\/\/graziamagazine.com\/mx\/wp-content\/uploads\/sites\/13\/2020\/03\/lady-diana-siempre-estuvo-bajo-la-sombra-de-camilla-parker-incluso-el-dia-de-su-boda-destacada.jpg?fit=890%2C525\" \/>\n\t<meta property=\"og:image:width\" content=\"890\" \/>\n\t<meta property=\"og:image:height\" content=\"525\" \/>\n\t<meta property=\"og:image:type\" content=\"image\/jpeg\" \/>\n<meta name=\"twitter:card\" content=\"summary_large_image\" \/>\n<meta name=\"twitter:label1\" content=\"Est. reading time\" \/>\n\t<meta name=\"twitter:data1\" content=\"2 minutos\" \/>\n<script type=\"application\/ld+json\" class=\"yoast-schema-graph\">{\"@context\":\"https:\/\/schema.org\",\"@graph\":[{\"@type\":\"WebPage\",\"@id\":\"https:\/\/graziamagazine.com\/mx\/articles\/lady-diana-siempre-estuvo-bajo-la-sombra-de-camilla-parker-incluso-el-dia-de-su-boda\/\",\"url\":\"https:\/\/graziamagazine.com\/mx\/articles\/lady-diana-siempre-estuvo-bajo-la-sombra-de-camilla-parker-incluso-el-dia-de-su-boda\/\",\"name\":\"Lady Diana siempre estuvo bajo la sombra de Camilla Parker, incluso el d\u00eda de su boda | Grazia M\u00e9xico y Latinoam\u00e9rica\",\"isPartOf\":{\"@id\":\"https:\/\/graziamagazine.com\/mx\/#website\"},\"datePublished\":\"2020-03-04T16:38:33+00:00\",\"dateModified\":\"2020-03-04T16:38:33+00:00\",\"description\":\"Historias reales que parecen de telenovela. Esto es lo que sucedi\u00f3 con Camilla Parker en la boda de Lady Diana y Prince Charles.\",\"breadcrumb\":{\"@id\":\"https:\/\/graziamagazine.com\/mx\/articles\/lady-diana-siempre-estuvo-bajo-la-sombra-de-camilla-parker-incluso-el-dia-de-su-boda\/#breadcrumb\"},\"inLanguage\":\"es-MX\",\"potentialAction\":[{\"@type\":\"ReadAction\",\"target\":[\"https:\/\/graziamagazine.com\/mx\/articles\/lady-diana-siempre-estuvo-bajo-la-sombra-de-camilla-parker-incluso-el-dia-de-su-boda\/\"]}]},{\"@type\":\"BreadcrumbList\",\"@id\":\"https:\/\/graziamagazine.com\/mx\/articles\/lady-diana-siempre-estuvo-bajo-la-sombra-de-camilla-parker-incluso-el-dia-de-su-boda\/#breadcrumb\",\"itemListElement\":[{\"@type\":\"ListItem\",\"position\":1,\"name\":\"Home\",\"item\":\"https:\/\/graziamagazine.com\/mx\/\"},{\"@type\":\"ListItem\",\"position\":2,\"name\":\"Lady Diana siempre estuvo bajo la sombra de Camilla Parker, incluso el d\u00eda de su boda\"}]},{\"@type\":\"WebSite\",\"@id\":\"https:\/\/graziamagazine.com\/mx\/#website\",\"url\":\"https:\/\/graziamagazine.com\/mx\/\",\"name\":\"Grazia M\u00e9xico y Latinoam\u00e9rica\",\"description\":\"Grazia es moda, belleza y noticias  de actualidad \",\"potentialAction\":[{\"@type\":\"SearchAction\",\"target\":{\"@type\":\"EntryPoint\",\"urlTemplate\":\"https:\/\/graziamagazine.com\/mx\/?s={search_term_string}\"},\"query-input\":\"required name=search_term_string\"}],\"inLanguage\":\"es-MX\"}]}<\/script>\n<!-- \/ Yoast SEO Premium plugin. -->","yoast_head_json":{"title":"Lady Diana siempre estuvo bajo la sombra de Camilla Parker, incluso el d\u00eda de su boda | Grazia M\u00e9xico y Latinoam\u00e9rica","description":"Historias reales que parecen de telenovela. Esto es lo que sucedi\u00f3 con Camilla Parker en la boda de Lady Diana y Prince Charles.","robots":{"index":"index","follow":"follow","max-snippet":"max-snippet:-1","max-image-preview":"max-image-preview:large","max-video-preview":"max-video-preview:-1"},"canonical":"https:\/\/graziamagazine.com\/mx\/articles\/lady-diana-siempre-estuvo-bajo-la-sombra-de-camilla-parker-incluso-el-dia-de-su-boda\/","og_locale":"es_MX","og_type":"article","og_title":"Lady Diana siempre estuvo bajo la sombra de Camilla Parker, incluso el d\u00eda de su boda","og_description":"Historias reales que parecen de telenovela. Esto es lo que sucedi\u00f3 con Camilla Parker en la boda de Lady Diana y Prince Charles.","og_url":"https:\/\/graziamagazine.com\/mx\/articles\/lady-diana-siempre-estuvo-bajo-la-sombra-de-camilla-parker-incluso-el-dia-de-su-boda\/","og_site_name":"Grazia M\u00e9xico y Latinoam\u00e9rica","og_image":[{"width":890,"height":525,"url":"https:\/\/graziamagazine.com\/mx\/wp-content\/uploads\/sites\/13\/2020\/03\/lady-diana-siempre-estuvo-bajo-la-sombra-de-camilla-parker-incluso-el-dia-de-su-boda-destacada.jpg?fit=890%2C525","type":"image\/jpeg"}],"twitter_card":"summary_large_image","twitter_misc":{"Est. reading time":"2 minutos"},"schema":{"@context":"https:\/\/schema.org","@graph":[{"@type":"WebPage","@id":"https:\/\/graziamagazine.com\/mx\/articles\/lady-diana-siempre-estuvo-bajo-la-sombra-de-camilla-parker-incluso-el-dia-de-su-boda\/","url":"https:\/\/graziamagazine.com\/mx\/articles\/lady-diana-siempre-estuvo-bajo-la-sombra-de-camilla-parker-incluso-el-dia-de-su-boda\/","name":"Lady Diana siempre estuvo bajo la sombra de Camilla Parker, incluso el d\u00eda de su boda | Grazia M\u00e9xico y Latinoam\u00e9rica","isPartOf":{"@id":"https:\/\/graziamagazine.com\/mx\/#website"},"datePublished":"2020-03-04T16:38:33+00:00","dateModified":"2020-03-04T16:38:33+00:00","description":"Historias reales que parecen de telenovela. Esto es lo que sucedi\u00f3 con Camilla Parker en la boda de Lady Diana y Prince Charles.","breadcrumb":{"@id":"https:\/\/graziamagazine.com\/mx\/articles\/lady-diana-siempre-estuvo-bajo-la-sombra-de-camilla-parker-incluso-el-dia-de-su-boda\/#breadcrumb"},"inLanguage":"es-MX","potentialAction":[{"@type":"ReadAction","target":["https:\/\/graziamagazine.com\/mx\/articles\/lady-diana-siempre-estuvo-bajo-la-sombra-de-camilla-parker-incluso-el-dia-de-su-boda\/"]}]},{"@type":"BreadcrumbList","@id":"https:\/\/graziamagazine.com\/mx\/articles\/lady-diana-siempre-estuvo-bajo-la-sombra-de-camilla-parker-incluso-el-dia-de-su-boda\/#breadcrumb","itemListElement":[{"@type":"ListItem","position":1,"name":"Home","item":"https:\/\/graziamagazine.com\/mx\/"},{"@type":"ListItem","position":2,"name":"Lady Diana siempre estuvo bajo la sombra de Camilla Parker, incluso el d\u00eda de su boda"}]},{"@type":"WebSite","@id":"https:\/\/graziamagazine.com\/mx\/#website","url":"https:\/\/graziamagazine.com\/mx\/","name":"Grazia M\u00e9xico y Latinoam\u00e9rica","description":"Grazia es moda, belleza y noticias  de actualidad ","potentialAction":[{"@type":"SearchAction","target":{"@type":"EntryPoint","urlTemplate":"https:\/\/graziamagazine.com\/mx\/?s={search_term_string}"},"query-input":"required name=search_term_string"}],"inLanguage":"es-MX"}]}},"jetpack_sharing_enabled":true,"distributor_meta":false,"distributor_terms":false,"distributor_media":false,"distributor_original_site_name":"Grazia M\u00e9xico y Latinoam\u00e9rica","distributor_original_site_url":"https:\/\/graziamagazine.com\/mx","push-errors":false,"_links":{"self":[{"href":"https:\/\/graziamagazine.com\/mx\/wp-json\/wp\/v2\/articles\/81376"}],"collection":[{"href":"https:\/\/graziamagazine.com\/mx\/wp-json\/wp\/v2\/articles"}],"about":[{"href":"https:\/\/graziamagazine.com\/mx\/wp-json\/wp\/v2\/types\/articles"}],"author":[{"embeddable":true,"href":"https:\/\/graziamagazine.com\/mx\/wp-json\/wp\/v2\/users\/11628"}],"wp:featuredmedia":[{"embeddable":true,"href":"https:\/\/graziamagazine.com\/mx\/wp-json\/wp\/v2\/media\/81383"}],"wp:attachment":[{"href":"https:\/\/graziamagazine.com\/mx\/wp-json\/wp\/v2\/media?parent=81376"}],"wp:term":[{"taxonomy":"category","embeddable":true,"href":"https:\/\/graziamagazine.com\/mx\/wp-json\/wp\/v2\/categories?post=81376"}],"curies":[{"name":"wp","href":"https:\/\/api.w.org\/{rel}","templated":true}]}}