{"id":81045,"date":"2020-02-28T13:44:05","date_gmt":"2020-02-28T18:44:05","guid":{"rendered":"https:\/\/graziamagazine.com\/mx\/?p=81045"},"modified":"2020-02-28T13:44:05","modified_gmt":"2020-02-28T18:44:05","slug":"la-mama-de-gigi-y-bella-hadid-camino-en-la-pasarela-de-off-white-otono-invierno-2020","status":"publish","type":"articles","link":"https:\/\/graziamagazine.com\/mx\/articles\/la-mama-de-gigi-y-bella-hadid-camino-en-la-pasarela-de-off-white-otono-invierno-2020\/","title":{"rendered":"La mam\u00e1 de Gigi y Bella Hadid camin\u00f3 en la pasarela de Off-White oto\u00f1o-invierno 2020"},"content":{"rendered":"<p><strong>Yolanda Hadid<\/strong> es como la <strong>Kris Jenner<\/strong> de los <strong>Hadid<\/strong>. Mam\u00e1 de Bella, <a href=\"https:\/\/graziamagazine.com\/mx\/gigi-hadid-ha-estado-tomando-fotografias-con-una-camara-desechable-y-este-es-el-resultado\/\" target=\"_blank\" rel=\"noopener\">Gigi<\/a> y Anwar, Yolanda fue modelo en los ochenta y hasta mediados de los noventa. Pero la realidad es que su fama se la debe a la pantalla chica tras ser una de las protagonistas en\u00a0<em>The Real Housewives of Beverly Hills<\/em>. Hoy, Yolanda vuelve a las pasarelas gracias a <strong>Virgil Abloh<\/strong> y <strong>Off-White<\/strong>, donde tambi\u00e9n caminaron sus hijas.<\/p>\n<p><a href=\"http:\/\/www.gettyimages.es\/detail\/1209109956\"id=\"lqzdmGzFS9dtR-DAe43OBg\" class=\"gie-slideshow\" style=\"color: #a7a7a7; text-decoration: none; font-weight: normal !important; border: none; display: inline-block;\"  target=\"_blank\" rel=\"noopener\" target=\"_blank\">Embed from Getty Images<\/a><script>window.gie=window.gie||function(c){(gie.q=gie.q||[]).push(c)};gie(function(){gie.widgets.load({id:'lqzdmGzFS9dtR-DAe43OBg',sig:'K-lX-tsKncW2u1lhPAaceRQX5NKsW5ajAOeP5owGl3k=',w:'396px',h:'594px',items:'1209109956,1209120566,1209098815',caption: true ,tld:'es',is360: false })});<\/script><script src='\/\/embed-cdn.gettyimages.com\/widgets.js' charset='utf-8' async><\/script><\/p>\n<p>La salida n\u00famero 15, Yolanda desfil\u00f3 en un\u00a0<em>look<\/em> cl\u00e1sico\u00a0\u2014<em>blazer<\/em>\u00a0de cuero blanco sobre un\u00a0<em>bralette<\/em> negro y pantalones rectos negros. A juego, un par de sandalias altas, bolso con estampado de vaca, joyer\u00eda\u00a0<em>statement<\/em> y un par de gafas\u00a0<em>cat eye<\/em> solo para afirmar la personalidad de\u00a0<em>boss lady<\/em>.<\/p>\n<p>Esta temporada Virgil quiso traer la esencia de los noventa, no solo a trav\u00e9s de Yolanda, sino tambi\u00e9n con\u00a0<strong>Carolyn Murphy<\/strong> y <strong>Alek Wek<\/strong>. El tr\u00edo mostr\u00f3 estilos totalmente, Murphy en un vestido\u00a0<em>cut-out<\/em> de punto en blanco y Wek en una creaci\u00f3n que fusiona la anatom\u00eda de la Alta Costura con la caracter\u00edstica est\u00e9tica de Off-White.<\/p>\n<p><a href=\"http:\/\/www.gettyimages.es\/detail\/1209155435\"id=\"Y43rGHylQhpdP5XQoEkDhw\" class=\"gie-slideshow\" style=\"color: #a7a7a7; text-decoration: none; font-weight: normal !important; border: none; display: inline-block;\"  target=\"_blank\" rel=\"noopener\" target=\"_blank\">Embed from Getty Images<\/a><script>window.gie=window.gie||function(c){(gie.q=gie.q||[]).push(c)};gie(function(){gie.widgets.load({id:'Y43rGHylQhpdP5XQoEkDhw',sig:'_Ir3b0w7mJEH90zxDSC-WxNV1xEJZeDbepa3w-qflhU=',w:'396px',h:'594px',items:'1209155435,1209131749',caption: true ,tld:'es',is360: false })});<\/script><script src='\/\/embed-cdn.gettyimages.com\/widgets.js' charset='utf-8' async><\/script><\/p>\n<p><em>Slightly Off<\/em>, como nombr\u00f3 Virgil la propuesta, es un h\u00edbrido absoluto en busca de un nuevo discurso. Quiz\u00e1 el dise\u00f1ador est\u00e1 en un proceso de redefinir Off-White tras tomarse un par de meses sabatinos. La temporada pasada, Abloh no estuvo para recibir los aplausos de sus invitados; sin embargo, su propuesta dej\u00f3 en claro que la tranquilidad es un camino que quiere perseguir y esta temporada emul\u00f3 tal serenidad. \u00bfSeguir\u00e1 as\u00ed?<\/p>\n<h5><\/h5>\n<h5><em>*IMAGEN: Getty Images<\/em><\/h5>\n","protected":false},"author":11636,"featured_media":81113,"template":"","format":"standard","categories":[4],"acf":[],"yoast_head":"<!-- This site is optimized with the Yoast SEO Premium plugin v18.5 (Yoast SEO v20.4) - https:\/\/yoast.com\/wordpress\/plugins\/seo\/ -->\n<title>La mam\u00e1 de Gigi y Bella Hadid camin\u00f3 en la pasarela de Off-White oto\u00f1o-invierno 2020 | Grazia M\u00e9xico y Latinoam\u00e9rica<\/title>\n<meta name=\"description\" content=\"En la pasarela Off-White oto\u00f1o-invierno 2020, tres modelos de los noventa se apoderaron del spotlight, entre ellas Yolanda Hadid, mam\u00e1 de Bella y Gigi.\" \/>\n<meta name=\"robots\" content=\"index, follow, max-snippet:-1, max-image-preview:large, max-video-preview:-1\" \/>\n<link rel=\"canonical\" href=\"https:\/\/graziamagazine.com\/mx\/articles\/la-mama-de-gigi-y-bella-hadid-camino-en-la-pasarela-de-off-white-otono-invierno-2020\/\" \/>\n<meta property=\"og:locale\" content=\"es_MX\" \/>\n<meta property=\"og:type\" content=\"article\" \/>\n<meta property=\"og:title\" content=\"La mam\u00e1 de Gigi y Bella Hadid camin\u00f3 en la pasarela de Off-White oto\u00f1o-invierno 2020\" \/>\n<meta property=\"og:description\" content=\"En la pasarela Off-White oto\u00f1o-invierno 2020, tres modelos de los noventa se apoderaron del spotlight, entre ellas Yolanda Hadid, mam\u00e1 de Bella y Gigi.\" \/>\n<meta property=\"og:url\" content=\"https:\/\/graziamagazine.com\/mx\/articles\/la-mama-de-gigi-y-bella-hadid-camino-en-la-pasarela-de-off-white-otono-invierno-2020\/\" \/>\n<meta property=\"og:site_name\" content=\"Grazia M\u00e9xico y Latinoam\u00e9rica\" \/>\n<meta property=\"og:image\" content=\"https:\/\/graziamagazine.com\/mx\/wp-content\/uploads\/sites\/13\/2020\/02\/la-mama-de-gigi-y-bella-hadid-camino-en-la-pasarela-de-off-white-otono-invierno-2020-destacada.jpg?fit=3543%2C2358\" \/>\n\t<meta property=\"og:image:width\" content=\"3543\" \/>\n\t<meta property=\"og:image:height\" content=\"2358\" \/>\n\t<meta property=\"og:image:type\" content=\"image\/jpeg\" \/>\n<meta name=\"twitter:card\" content=\"summary_large_image\" \/>\n<meta name=\"twitter:label1\" content=\"Est. reading time\" \/>\n\t<meta name=\"twitter:data1\" content=\"1 minuto\" \/>\n<script type=\"application\/ld+json\" class=\"yoast-schema-graph\">{\"@context\":\"https:\/\/schema.org\",\"@graph\":[{\"@type\":\"WebPage\",\"@id\":\"https:\/\/graziamagazine.com\/mx\/articles\/la-mama-de-gigi-y-bella-hadid-camino-en-la-pasarela-de-off-white-otono-invierno-2020\/\",\"url\":\"https:\/\/graziamagazine.com\/mx\/articles\/la-mama-de-gigi-y-bella-hadid-camino-en-la-pasarela-de-off-white-otono-invierno-2020\/\",\"name\":\"La mam\u00e1 de Gigi y Bella Hadid camin\u00f3 en la pasarela de Off-White oto\u00f1o-invierno 2020 | Grazia M\u00e9xico y Latinoam\u00e9rica\",\"isPartOf\":{\"@id\":\"https:\/\/graziamagazine.com\/mx\/#website\"},\"datePublished\":\"2020-02-28T18:44:05+00:00\",\"dateModified\":\"2020-02-28T18:44:05+00:00\",\"description\":\"En la pasarela Off-White oto\u00f1o-invierno 2020, tres modelos de los noventa se apoderaron del spotlight, entre ellas Yolanda Hadid, mam\u00e1 de Bella y Gigi.\",\"breadcrumb\":{\"@id\":\"https:\/\/graziamagazine.com\/mx\/articles\/la-mama-de-gigi-y-bella-hadid-camino-en-la-pasarela-de-off-white-otono-invierno-2020\/#breadcrumb\"},\"inLanguage\":\"es-MX\",\"potentialAction\":[{\"@type\":\"ReadAction\",\"target\":[\"https:\/\/graziamagazine.com\/mx\/articles\/la-mama-de-gigi-y-bella-hadid-camino-en-la-pasarela-de-off-white-otono-invierno-2020\/\"]}]},{\"@type\":\"BreadcrumbList\",\"@id\":\"https:\/\/graziamagazine.com\/mx\/articles\/la-mama-de-gigi-y-bella-hadid-camino-en-la-pasarela-de-off-white-otono-invierno-2020\/#breadcrumb\",\"itemListElement\":[{\"@type\":\"ListItem\",\"position\":1,\"name\":\"Home\",\"item\":\"https:\/\/graziamagazine.com\/mx\/\"},{\"@type\":\"ListItem\",\"position\":2,\"name\":\"La mam\u00e1 de Gigi y Bella Hadid camin\u00f3 en la pasarela de Off-White oto\u00f1o-invierno 2020\"}]},{\"@type\":\"WebSite\",\"@id\":\"https:\/\/graziamagazine.com\/mx\/#website\",\"url\":\"https:\/\/graziamagazine.com\/mx\/\",\"name\":\"Grazia M\u00e9xico y Latinoam\u00e9rica\",\"description\":\"Grazia es moda, belleza y noticias  de actualidad \",\"potentialAction\":[{\"@type\":\"SearchAction\",\"target\":{\"@type\":\"EntryPoint\",\"urlTemplate\":\"https:\/\/graziamagazine.com\/mx\/?s={search_term_string}\"},\"query-input\":\"required name=search_term_string\"}],\"inLanguage\":\"es-MX\"}]}<\/script>\n<!-- \/ Yoast SEO Premium plugin. -->","yoast_head_json":{"title":"La mam\u00e1 de Gigi y Bella Hadid camin\u00f3 en la pasarela de Off-White oto\u00f1o-invierno 2020 | Grazia M\u00e9xico y Latinoam\u00e9rica","description":"En la pasarela Off-White oto\u00f1o-invierno 2020, tres modelos de los noventa se apoderaron del spotlight, entre ellas Yolanda Hadid, mam\u00e1 de Bella y Gigi.","robots":{"index":"index","follow":"follow","max-snippet":"max-snippet:-1","max-image-preview":"max-image-preview:large","max-video-preview":"max-video-preview:-1"},"canonical":"https:\/\/graziamagazine.com\/mx\/articles\/la-mama-de-gigi-y-bella-hadid-camino-en-la-pasarela-de-off-white-otono-invierno-2020\/","og_locale":"es_MX","og_type":"article","og_title":"La mam\u00e1 de Gigi y Bella Hadid camin\u00f3 en la pasarela de Off-White oto\u00f1o-invierno 2020","og_description":"En la pasarela Off-White oto\u00f1o-invierno 2020, tres modelos de los noventa se apoderaron del spotlight, entre ellas Yolanda Hadid, mam\u00e1 de Bella y Gigi.","og_url":"https:\/\/graziamagazine.com\/mx\/articles\/la-mama-de-gigi-y-bella-hadid-camino-en-la-pasarela-de-off-white-otono-invierno-2020\/","og_site_name":"Grazia M\u00e9xico y Latinoam\u00e9rica","og_image":[{"width":3543,"height":2358,"url":"https:\/\/graziamagazine.com\/mx\/wp-content\/uploads\/sites\/13\/2020\/02\/la-mama-de-gigi-y-bella-hadid-camino-en-la-pasarela-de-off-white-otono-invierno-2020-destacada.jpg?fit=3543%2C2358","type":"image\/jpeg"}],"twitter_card":"summary_large_image","twitter_misc":{"Est. reading time":"1 minuto"},"schema":{"@context":"https:\/\/schema.org","@graph":[{"@type":"WebPage","@id":"https:\/\/graziamagazine.com\/mx\/articles\/la-mama-de-gigi-y-bella-hadid-camino-en-la-pasarela-de-off-white-otono-invierno-2020\/","url":"https:\/\/graziamagazine.com\/mx\/articles\/la-mama-de-gigi-y-bella-hadid-camino-en-la-pasarela-de-off-white-otono-invierno-2020\/","name":"La mam\u00e1 de Gigi y Bella Hadid camin\u00f3 en la pasarela de Off-White oto\u00f1o-invierno 2020 | Grazia M\u00e9xico y Latinoam\u00e9rica","isPartOf":{"@id":"https:\/\/graziamagazine.com\/mx\/#website"},"datePublished":"2020-02-28T18:44:05+00:00","dateModified":"2020-02-28T18:44:05+00:00","description":"En la pasarela Off-White oto\u00f1o-invierno 2020, tres modelos de los noventa se apoderaron del spotlight, entre ellas Yolanda Hadid, mam\u00e1 de Bella y Gigi.","breadcrumb":{"@id":"https:\/\/graziamagazine.com\/mx\/articles\/la-mama-de-gigi-y-bella-hadid-camino-en-la-pasarela-de-off-white-otono-invierno-2020\/#breadcrumb"},"inLanguage":"es-MX","potentialAction":[{"@type":"ReadAction","target":["https:\/\/graziamagazine.com\/mx\/articles\/la-mama-de-gigi-y-bella-hadid-camino-en-la-pasarela-de-off-white-otono-invierno-2020\/"]}]},{"@type":"BreadcrumbList","@id":"https:\/\/graziamagazine.com\/mx\/articles\/la-mama-de-gigi-y-bella-hadid-camino-en-la-pasarela-de-off-white-otono-invierno-2020\/#breadcrumb","itemListElement":[{"@type":"ListItem","position":1,"name":"Home","item":"https:\/\/graziamagazine.com\/mx\/"},{"@type":"ListItem","position":2,"name":"La mam\u00e1 de Gigi y Bella Hadid camin\u00f3 en la pasarela de Off-White oto\u00f1o-invierno 2020"}]},{"@type":"WebSite","@id":"https:\/\/graziamagazine.com\/mx\/#website","url":"https:\/\/graziamagazine.com\/mx\/","name":"Grazia M\u00e9xico y Latinoam\u00e9rica","description":"Grazia es moda, belleza y noticias  de actualidad ","potentialAction":[{"@type":"SearchAction","target":{"@type":"EntryPoint","urlTemplate":"https:\/\/graziamagazine.com\/mx\/?s={search_term_string}"},"query-input":"required name=search_term_string"}],"inLanguage":"es-MX"}]}},"jetpack_sharing_enabled":true,"distributor_meta":false,"distributor_terms":false,"distributor_media":false,"distributor_original_site_name":"Grazia M\u00e9xico y Latinoam\u00e9rica","distributor_original_site_url":"https:\/\/graziamagazine.com\/mx","push-errors":false,"_links":{"self":[{"href":"https:\/\/graziamagazine.com\/mx\/wp-json\/wp\/v2\/articles\/81045"}],"collection":[{"href":"https:\/\/graziamagazine.com\/mx\/wp-json\/wp\/v2\/articles"}],"about":[{"href":"https:\/\/graziamagazine.com\/mx\/wp-json\/wp\/v2\/types\/articles"}],"author":[{"embeddable":true,"href":"https:\/\/graziamagazine.com\/mx\/wp-json\/wp\/v2\/users\/11636"}],"wp:featuredmedia":[{"embeddable":true,"href":"https:\/\/graziamagazine.com\/mx\/wp-json\/wp\/v2\/media\/81113"}],"wp:attachment":[{"href":"https:\/\/graziamagazine.com\/mx\/wp-json\/wp\/v2\/media?parent=81045"}],"wp:term":[{"taxonomy":"category","embeddable":true,"href":"https:\/\/graziamagazine.com\/mx\/wp-json\/wp\/v2\/categories?post=81045"}],"curies":[{"name":"wp","href":"https:\/\/api.w.org\/{rel}","templated":true}]}}