{"id":80582,"date":"2020-02-24T13:00:18","date_gmt":"2020-02-24T18:00:18","guid":{"rendered":"https:\/\/graziamagazine.com\/mx\/?p=80582"},"modified":"2020-02-24T13:00:18","modified_gmt":"2020-02-24T18:00:18","slug":"harvey-weinstein-es-declarado-culpable-por-la-corte-en-nueva-york","status":"publish","type":"articles","link":"https:\/\/graziamagazine.com\/mx\/articles\/harvey-weinstein-es-declarado-culpable-por-la-corte-en-nueva-york\/","title":{"rendered":"Harvey Weinstein es declarado culpable por la corte en Nueva York"},"content":{"rendered":"<p>El caso de <strong>Harvey Weinstein<\/strong> fue uno de los esc\u00e1ndalos m\u00e1s controversiales de los \u00faltimos a\u00f1os. Ya te sabes la historia: un grupo de mujeres compartieron su oscura experiencia de c\u00f3mo el productor m\u00e1s poderoso de Hollywood abus\u00f3 sexualmente de ellas para alcanzar la fama. A esas declaraciones se le uni\u00f3 un sinf\u00edn de aclamadas actrices, entre ellas <strong>Gwyneth Paltrow<\/strong> y <strong>Salma Hayek<\/strong>. Tras la publicaci\u00f3n de las an\u00e9cdotas en\u00a0<em>The New York Times<\/em>, Weinstein perdi\u00f3 su poder y la industria cinematogr\u00e1fica se vio involucrada en un movimiento denominado como <a href=\"https:\/\/graziamagazine.com\/mx\/time-silence-breakers-protesta-social\/\" target=\"_blank\" rel=\"noopener\"><em>#MeToo<\/em><\/a>.<\/p>\n<p>Sus acciones, ahora bien conocidas por el mundo entero, lo llevaron a ser juzgado en una corte en Nueva York y otra en Los \u00c1ngeles. Hoy, 24 de febrero del 2020, poco m\u00e1s de dos a\u00f1os despu\u00e9s de que las historias fueran dadas a conocer, el exproductor fue declarado culpable por casos de violaci\u00f3n de tercer grado y actos sexuales de primer grado en la Gran Manzana\u00a0\u2014su caso en Los \u00c1ngeles sigue pendiente. Sin embargo, Harvey Weinstein fue exonerado de otros tres delitos, quiz\u00e1s lo m\u00e1s graves como declara\u00a0<a href=\"https:\/\/www.theguardian.com\/film\/2020\/feb\/24\/harvey-weinstein-guilty-trial-charges-verdict\" target=\"_blank\" rel=\"noopener\" target=\"_blank\"><em>The Guardian<\/em><\/a>, y los que le hubieran valido la sentencia de cadena perpetua.\u00a0Weinstein cubrir\u00e1 entre cinco y 25 a\u00f1os de c\u00e1rcel, aunque una pena a\u00fan no se ha dado a conocer.<\/p>\n<p>Tras los esc\u00e1ndalos que acompa\u00f1aron las historias detr\u00e1s de c\u00e1maras de Weinstein, otros hombres &#8220;poderosos&#8221; tambi\u00e9n empezaron a caer. Este fue quiz\u00e1 el caso que inspir\u00f3 a millones de mujeres y hombre alrededor del mundo a compartir sus testimonios en contra de personajes &#8220;reconocidos&#8221;. Entre aquellos que fueron acusados se encuentra <a href=\"https:\/\/graziamagazine.com\/mx\/kevin-spacey-y-netflix-la-verdadera-historia-detras-del-escandalo\/\" target=\"_blank\" rel=\"noopener\"><strong>Kevin Spacey<\/strong><\/a>, <a href=\"https:\/\/graziamagazine.com\/mx\/mario-testino-bruce-weber-acusados-acoso-sexual\/\" target=\"_blank\" rel=\"noopener\"><strong>Mario Testino<\/strong> y <strong>Bruce Weber<\/strong><\/a>, los aclamados fot\u00f3grafos de moda, y el Presidente de <strong>Fox News<\/strong>,\u00a0<b>Roger<\/b> <strong>Ailes<\/strong>, en qui\u00e9n est\u00e1 inspirada el filme,\u00a0<a href=\"https:\/\/graziamagazine.com\/mx\/la-escandalosa-historia-detras-de-bombshell\/\" target=\"_blank\" rel=\"noopener\"><strong><em>Bombshell<\/em><\/strong><\/a>.<\/p>\n<h5><\/h5>\n<h5><em>*IMAGEN: Getty Images<\/em><\/h5>\n","protected":false},"author":11636,"featured_media":80593,"template":"","format":"standard","categories":[114],"acf":[],"yoast_head":"<!-- This site is optimized with the Yoast SEO Premium plugin v18.5 (Yoast SEO v20.4) - https:\/\/yoast.com\/wordpress\/plugins\/seo\/ -->\n<title>Harvey Weinstein es declarado culpable por la corte en Nueva York | Grazia M\u00e9xico y Latinoam\u00e9rica<\/title>\n<meta name=\"description\" content=\"Casi tres a\u00f1os despu\u00e9s de que las oscuras historias de Harvey Weinstein fueron dadas a conocer, el exproductor de Hollywood es declarado culpable.\" \/>\n<meta name=\"robots\" content=\"index, follow, max-snippet:-1, max-image-preview:large, max-video-preview:-1\" \/>\n<link rel=\"canonical\" href=\"https:\/\/graziamagazine.com\/mx\/articles\/harvey-weinstein-es-declarado-culpable-por-la-corte-en-nueva-york\/\" \/>\n<meta property=\"og:locale\" content=\"es_MX\" \/>\n<meta property=\"og:type\" content=\"article\" \/>\n<meta property=\"og:title\" content=\"Harvey Weinstein es declarado culpable por la corte en Nueva York\" \/>\n<meta property=\"og:description\" content=\"Casi tres a\u00f1os despu\u00e9s de que las oscuras historias de Harvey Weinstein fueron dadas a conocer, el exproductor de Hollywood es declarado culpable.\" \/>\n<meta property=\"og:url\" content=\"https:\/\/graziamagazine.com\/mx\/articles\/harvey-weinstein-es-declarado-culpable-por-la-corte-en-nueva-york\/\" \/>\n<meta property=\"og:site_name\" content=\"Grazia M\u00e9xico y Latinoam\u00e9rica\" \/>\n<meta property=\"og:image\" content=\"https:\/\/graziamagazine.com\/mx\/wp-content\/uploads\/sites\/13\/2020\/02\/harvey-weinstein-es-declarado-culpable-por-la-corte-en-nueva-york-destacada.jpg?fit=1200%2C800\" \/>\n\t<meta property=\"og:image:width\" content=\"1200\" \/>\n\t<meta property=\"og:image:height\" content=\"800\" \/>\n\t<meta property=\"og:image:type\" content=\"image\/jpeg\" \/>\n<meta name=\"twitter:card\" content=\"summary_large_image\" \/>\n<meta name=\"twitter:label1\" content=\"Est. reading time\" \/>\n\t<meta name=\"twitter:data1\" content=\"2 minutos\" \/>\n<script type=\"application\/ld+json\" class=\"yoast-schema-graph\">{\"@context\":\"https:\/\/schema.org\",\"@graph\":[{\"@type\":\"WebPage\",\"@id\":\"https:\/\/graziamagazine.com\/mx\/articles\/harvey-weinstein-es-declarado-culpable-por-la-corte-en-nueva-york\/\",\"url\":\"https:\/\/graziamagazine.com\/mx\/articles\/harvey-weinstein-es-declarado-culpable-por-la-corte-en-nueva-york\/\",\"name\":\"Harvey Weinstein es declarado culpable por la corte en Nueva York | Grazia M\u00e9xico y Latinoam\u00e9rica\",\"isPartOf\":{\"@id\":\"https:\/\/graziamagazine.com\/mx\/#website\"},\"datePublished\":\"2020-02-24T18:00:18+00:00\",\"dateModified\":\"2020-02-24T18:00:18+00:00\",\"description\":\"Casi tres a\u00f1os despu\u00e9s de que las oscuras historias de Harvey Weinstein fueron dadas a conocer, el exproductor de Hollywood es declarado culpable.\",\"breadcrumb\":{\"@id\":\"https:\/\/graziamagazine.com\/mx\/articles\/harvey-weinstein-es-declarado-culpable-por-la-corte-en-nueva-york\/#breadcrumb\"},\"inLanguage\":\"es-MX\",\"potentialAction\":[{\"@type\":\"ReadAction\",\"target\":[\"https:\/\/graziamagazine.com\/mx\/articles\/harvey-weinstein-es-declarado-culpable-por-la-corte-en-nueva-york\/\"]}]},{\"@type\":\"BreadcrumbList\",\"@id\":\"https:\/\/graziamagazine.com\/mx\/articles\/harvey-weinstein-es-declarado-culpable-por-la-corte-en-nueva-york\/#breadcrumb\",\"itemListElement\":[{\"@type\":\"ListItem\",\"position\":1,\"name\":\"Home\",\"item\":\"https:\/\/graziamagazine.com\/mx\/\"},{\"@type\":\"ListItem\",\"position\":2,\"name\":\"Harvey Weinstein es declarado culpable por la corte en Nueva York\"}]},{\"@type\":\"WebSite\",\"@id\":\"https:\/\/graziamagazine.com\/mx\/#website\",\"url\":\"https:\/\/graziamagazine.com\/mx\/\",\"name\":\"Grazia M\u00e9xico y Latinoam\u00e9rica\",\"description\":\"Grazia es moda, belleza y noticias  de actualidad \",\"potentialAction\":[{\"@type\":\"SearchAction\",\"target\":{\"@type\":\"EntryPoint\",\"urlTemplate\":\"https:\/\/graziamagazine.com\/mx\/?s={search_term_string}\"},\"query-input\":\"required name=search_term_string\"}],\"inLanguage\":\"es-MX\"}]}<\/script>\n<!-- \/ Yoast SEO Premium plugin. -->","yoast_head_json":{"title":"Harvey Weinstein es declarado culpable por la corte en Nueva York | Grazia M\u00e9xico y Latinoam\u00e9rica","description":"Casi tres a\u00f1os despu\u00e9s de que las oscuras historias de Harvey Weinstein fueron dadas a conocer, el exproductor de Hollywood es declarado culpable.","robots":{"index":"index","follow":"follow","max-snippet":"max-snippet:-1","max-image-preview":"max-image-preview:large","max-video-preview":"max-video-preview:-1"},"canonical":"https:\/\/graziamagazine.com\/mx\/articles\/harvey-weinstein-es-declarado-culpable-por-la-corte-en-nueva-york\/","og_locale":"es_MX","og_type":"article","og_title":"Harvey Weinstein es declarado culpable por la corte en Nueva York","og_description":"Casi tres a\u00f1os despu\u00e9s de que las oscuras historias de Harvey Weinstein fueron dadas a conocer, el exproductor de Hollywood es declarado culpable.","og_url":"https:\/\/graziamagazine.com\/mx\/articles\/harvey-weinstein-es-declarado-culpable-por-la-corte-en-nueva-york\/","og_site_name":"Grazia M\u00e9xico y Latinoam\u00e9rica","og_image":[{"width":1200,"height":800,"url":"https:\/\/graziamagazine.com\/mx\/wp-content\/uploads\/sites\/13\/2020\/02\/harvey-weinstein-es-declarado-culpable-por-la-corte-en-nueva-york-destacada.jpg?fit=1200%2C800","type":"image\/jpeg"}],"twitter_card":"summary_large_image","twitter_misc":{"Est. reading time":"2 minutos"},"schema":{"@context":"https:\/\/schema.org","@graph":[{"@type":"WebPage","@id":"https:\/\/graziamagazine.com\/mx\/articles\/harvey-weinstein-es-declarado-culpable-por-la-corte-en-nueva-york\/","url":"https:\/\/graziamagazine.com\/mx\/articles\/harvey-weinstein-es-declarado-culpable-por-la-corte-en-nueva-york\/","name":"Harvey Weinstein es declarado culpable por la corte en Nueva York | Grazia M\u00e9xico y Latinoam\u00e9rica","isPartOf":{"@id":"https:\/\/graziamagazine.com\/mx\/#website"},"datePublished":"2020-02-24T18:00:18+00:00","dateModified":"2020-02-24T18:00:18+00:00","description":"Casi tres a\u00f1os despu\u00e9s de que las oscuras historias de Harvey Weinstein fueron dadas a conocer, el exproductor de Hollywood es declarado culpable.","breadcrumb":{"@id":"https:\/\/graziamagazine.com\/mx\/articles\/harvey-weinstein-es-declarado-culpable-por-la-corte-en-nueva-york\/#breadcrumb"},"inLanguage":"es-MX","potentialAction":[{"@type":"ReadAction","target":["https:\/\/graziamagazine.com\/mx\/articles\/harvey-weinstein-es-declarado-culpable-por-la-corte-en-nueva-york\/"]}]},{"@type":"BreadcrumbList","@id":"https:\/\/graziamagazine.com\/mx\/articles\/harvey-weinstein-es-declarado-culpable-por-la-corte-en-nueva-york\/#breadcrumb","itemListElement":[{"@type":"ListItem","position":1,"name":"Home","item":"https:\/\/graziamagazine.com\/mx\/"},{"@type":"ListItem","position":2,"name":"Harvey Weinstein es declarado culpable por la corte en Nueva York"}]},{"@type":"WebSite","@id":"https:\/\/graziamagazine.com\/mx\/#website","url":"https:\/\/graziamagazine.com\/mx\/","name":"Grazia M\u00e9xico y Latinoam\u00e9rica","description":"Grazia es moda, belleza y noticias  de actualidad ","potentialAction":[{"@type":"SearchAction","target":{"@type":"EntryPoint","urlTemplate":"https:\/\/graziamagazine.com\/mx\/?s={search_term_string}"},"query-input":"required name=search_term_string"}],"inLanguage":"es-MX"}]}},"jetpack_sharing_enabled":true,"distributor_meta":false,"distributor_terms":false,"distributor_media":false,"distributor_original_site_name":"Grazia M\u00e9xico y Latinoam\u00e9rica","distributor_original_site_url":"https:\/\/graziamagazine.com\/mx","push-errors":false,"_links":{"self":[{"href":"https:\/\/graziamagazine.com\/mx\/wp-json\/wp\/v2\/articles\/80582"}],"collection":[{"href":"https:\/\/graziamagazine.com\/mx\/wp-json\/wp\/v2\/articles"}],"about":[{"href":"https:\/\/graziamagazine.com\/mx\/wp-json\/wp\/v2\/types\/articles"}],"author":[{"embeddable":true,"href":"https:\/\/graziamagazine.com\/mx\/wp-json\/wp\/v2\/users\/11636"}],"wp:featuredmedia":[{"embeddable":true,"href":"https:\/\/graziamagazine.com\/mx\/wp-json\/wp\/v2\/media\/80593"}],"wp:attachment":[{"href":"https:\/\/graziamagazine.com\/mx\/wp-json\/wp\/v2\/media?parent=80582"}],"wp:term":[{"taxonomy":"category","embeddable":true,"href":"https:\/\/graziamagazine.com\/mx\/wp-json\/wp\/v2\/categories?post=80582"}],"curies":[{"name":"wp","href":"https:\/\/api.w.org\/{rel}","templated":true}]}}