{"id":79907,"date":"2020-02-15T16:05:38","date_gmt":"2020-02-15T21:05:38","guid":{"rendered":"https:\/\/graziamagazine.com\/mx\/?p=79907"},"modified":"2020-02-15T16:05:38","modified_gmt":"2020-02-15T21:05:38","slug":"jane-fonda-no-volvera-a-practicarse-cirugias-plasticas","status":"publish","type":"articles","link":"https:\/\/graziamagazine.com\/mx\/articles\/jane-fonda-no-volvera-a-practicarse-cirugias-plasticas\/","title":{"rendered":"Jane Fonda no volver\u00e1 a practicarse cirug\u00edas pl\u00e1sticas"},"content":{"rendered":"<p><span style=\"font-weight: 400;\"><strong>Jane Fonda<\/strong> es una mujer valiente, ha tenido las agallas para luchar por sus ideales. La actriz est\u00e1 totalmente comprometida con la guerra contra el cambio clim\u00e1tico, tanto que la han metido a la c\u00e1rcel en varias ocasiones por manifestarse, y esta vez, a sus 82 a\u00f1os, ha tenido el valor de desafiar los est\u00e1ndares esperados en un medio tan criticado como en el que ella se desenvuelve: ha dicho no a las cirug\u00edas pl\u00e1sticas.<\/span><\/p>\n<p><span style=\"font-weight: 400;\">No es que nunca se las haya practicado, pero esta vez declar\u00f3 que nunca lo volver\u00e1 hacer, que no habr\u00e1 m\u00e1s pl\u00e1stico dentro de su cuerpo. &#8220;No puedo pretender que no soy vanidosa, pero no habr\u00e1n m\u00e1s cirug\u00edas pl\u00e1sticas. No me volver\u00e9 a cortar nunca m\u00e1s. Tengo que trabajar cada d\u00eda para aceptarme a m\u00ed misma y es algo que no me resulta f\u00e1cil&#8221;, dijo la actriz en una <a href=\"https:\/\/www.vanityfair.com\/hollywood\/2020\/02\/jane-fonda-plastic-surgery\" target=\"_blank\" rel=\"noopener\" target=\"_blank\">entrevista reciente<\/a>.<\/span><\/p>\n<p><span style=\"font-weight: 400;\">&#8220;Sab\u00eda que si dec\u00eda la verdad ser\u00eda algo universal. Todos estos problemas son universales en las mujeres: &#8216;no soy lo suficiente buena, tengo que complacer a mi padre, no soy muy linda ni flaca, no tengo la suficiente inteligencia&#8217;. Crec\u00ed en una \u00e9poca en que pens\u00e1bamos que las mujeres \u00e9ramos como los gatos, compitiendo y derrot\u00e1ndonos entre nosotras. Pero, en realidad no existen l\u00edmites de lo que podemos lograr si trabajamos juntas&#8221;, a\u00f1adi\u00f3 en un mensaje de sororidad.\u00a0<\/span><\/p>\n<p><span style=\"font-weight: 400;\">Ya en septiembre de 2018 hab\u00eda hablado del porqu\u00e9 decidi\u00f3 comenzar a operarse para no envejecer, de sus miedos y de las acciones que ella se sent\u00eda obligada a realizar. &#8220;Me alegro de estar tan bien para mi edad, pero me he hecho cirug\u00eda pl\u00e1stica. No voy a mentir sobre eso&#8221;, dijo en aquel entonces. &#8220;Me hart\u00e9 de tener aspecto de cansada cuando no lo estaba. Odio el hecho de haber tenido la necesidad de cambiar mi f\u00edsico para sentirme bien. Me ense\u00f1aron a pensar que si quer\u00eda ser aceptada ten\u00eda que ser delgada y bonita. Eso lleva a muchos problemas. Ojal\u00e1 no hubiese sido as\u00ed. Me gustan las caras viejas, los rostros vividos como el de Vanessa Redgrave&#8221;. Y luego de aquella aceptaci\u00f3n, pasaron casi dos a\u00f1os para que tomara la decisi\u00f3n de no volverse a operar. Pero no lo necesita, \u00bfqu\u00e9 no se ha visto a un espejo? Jane est\u00e1 perfectamente bien conservada. La prueba m\u00e1xima es que en la entrega de los premios Oscar 2020 visti\u00f3 \u00a1<a href=\"https:\/\/graziamagazine.com\/mx\/el-significado-detras-del-vestido-que-jane-fonda-uso-en-los-premios-oscar-2020\/\" target=\"_blank\" rel=\"noopener\">el mismo vestido que hace seis a\u00f1os<\/a> y le qued\u00f3 igualito!<\/span><\/p>\n<p><span style=\"font-weight: 400;\">Lo que nos lleva a otra de sus valientes decisiones: no volver\u00e1 a comprar ropa por el resto de su vida. \u00bfPor qu\u00e9? Para disminuir su huella de carbono que impacta directamente en el cambio clim\u00e1tico. \u201cNo necesitamos comprar tanto, no necesitamos comprar para forjar nuestra identidad, no necesitamos tantas cosas, tengo que predicar con el ejemplo, digo yo. No pienso comprar m\u00e1s ropa, as\u00ed de claro\u201d, dijo la actriz. Y como cada que escribimos de esta se\u00f1orona, no queda m\u00e1s que ponernos de pie y decir &#8220;\u00a1Bravo!&#8221;.<\/span><\/p>\n<h5><\/h5>\n<h5><em>*IMAGEN: Getty Images<\/em><\/h5>\n","protected":false},"author":11628,"featured_media":79917,"template":"","format":"standard","categories":[2],"acf":[],"yoast_head":"<!-- This site is optimized with the Yoast SEO Premium plugin v18.5 (Yoast SEO v20.4) - https:\/\/yoast.com\/wordpress\/plugins\/seo\/ -->\n<title>Jane Fonda no volver\u00e1 a practicarse cirug\u00edas pl\u00e1sticas | Grazia M\u00e9xico y Latinoam\u00e9rica<\/title>\n<meta name=\"description\" content=\"Decisi\u00f3n tras decisi\u00f3n, Jane Fonda demuestra que m\u00e1s all\u00e1 de las pantallas, ella es una mujer extraordinaria y que no necesita de cirug\u00edas pl\u00e1sticas\" \/>\n<meta name=\"robots\" content=\"index, follow, max-snippet:-1, max-image-preview:large, max-video-preview:-1\" \/>\n<link rel=\"canonical\" href=\"https:\/\/graziamagazine.com\/mx\/articles\/jane-fonda-no-volvera-a-practicarse-cirugias-plasticas\/\" \/>\n<meta property=\"og:locale\" content=\"es_MX\" \/>\n<meta property=\"og:type\" content=\"article\" \/>\n<meta property=\"og:title\" content=\"Jane Fonda no volver\u00e1 a practicarse cirug\u00edas pl\u00e1sticas\" \/>\n<meta property=\"og:description\" content=\"Decisi\u00f3n tras decisi\u00f3n, Jane Fonda demuestra que m\u00e1s all\u00e1 de las pantallas, ella es una mujer extraordinaria y que no necesita de cirug\u00edas pl\u00e1sticas\" \/>\n<meta property=\"og:url\" content=\"https:\/\/graziamagazine.com\/mx\/articles\/jane-fonda-no-volvera-a-practicarse-cirugias-plasticas\/\" \/>\n<meta property=\"og:site_name\" content=\"Grazia M\u00e9xico y Latinoam\u00e9rica\" \/>\n<meta property=\"og:image\" content=\"https:\/\/graziamagazine.com\/mx\/wp-content\/uploads\/sites\/13\/2020\/02\/jane-fonda-no-volvera-a-practicarse-cirugias-plasticas-destacada.jpg?fit=1417%2C985\" \/>\n\t<meta property=\"og:image:width\" content=\"1417\" \/>\n\t<meta property=\"og:image:height\" content=\"985\" \/>\n\t<meta property=\"og:image:type\" content=\"image\/jpeg\" \/>\n<meta name=\"twitter:card\" content=\"summary_large_image\" \/>\n<meta name=\"twitter:label1\" content=\"Est. reading time\" \/>\n\t<meta name=\"twitter:data1\" content=\"3 minutos\" \/>\n<script type=\"application\/ld+json\" class=\"yoast-schema-graph\">{\"@context\":\"https:\/\/schema.org\",\"@graph\":[{\"@type\":\"WebPage\",\"@id\":\"https:\/\/graziamagazine.com\/mx\/articles\/jane-fonda-no-volvera-a-practicarse-cirugias-plasticas\/\",\"url\":\"https:\/\/graziamagazine.com\/mx\/articles\/jane-fonda-no-volvera-a-practicarse-cirugias-plasticas\/\",\"name\":\"Jane Fonda no volver\u00e1 a practicarse cirug\u00edas pl\u00e1sticas | Grazia M\u00e9xico y Latinoam\u00e9rica\",\"isPartOf\":{\"@id\":\"https:\/\/graziamagazine.com\/mx\/#website\"},\"datePublished\":\"2020-02-15T21:05:38+00:00\",\"dateModified\":\"2020-02-15T21:05:38+00:00\",\"description\":\"Decisi\u00f3n tras decisi\u00f3n, Jane Fonda demuestra que m\u00e1s all\u00e1 de las pantallas, ella es una mujer extraordinaria y que no necesita de cirug\u00edas pl\u00e1sticas\",\"breadcrumb\":{\"@id\":\"https:\/\/graziamagazine.com\/mx\/articles\/jane-fonda-no-volvera-a-practicarse-cirugias-plasticas\/#breadcrumb\"},\"inLanguage\":\"es-MX\",\"potentialAction\":[{\"@type\":\"ReadAction\",\"target\":[\"https:\/\/graziamagazine.com\/mx\/articles\/jane-fonda-no-volvera-a-practicarse-cirugias-plasticas\/\"]}]},{\"@type\":\"BreadcrumbList\",\"@id\":\"https:\/\/graziamagazine.com\/mx\/articles\/jane-fonda-no-volvera-a-practicarse-cirugias-plasticas\/#breadcrumb\",\"itemListElement\":[{\"@type\":\"ListItem\",\"position\":1,\"name\":\"Home\",\"item\":\"https:\/\/graziamagazine.com\/mx\/\"},{\"@type\":\"ListItem\",\"position\":2,\"name\":\"Jane Fonda no volver\u00e1 a practicarse cirug\u00edas pl\u00e1sticas\"}]},{\"@type\":\"WebSite\",\"@id\":\"https:\/\/graziamagazine.com\/mx\/#website\",\"url\":\"https:\/\/graziamagazine.com\/mx\/\",\"name\":\"Grazia M\u00e9xico y Latinoam\u00e9rica\",\"description\":\"Grazia es moda, belleza y noticias  de actualidad \",\"potentialAction\":[{\"@type\":\"SearchAction\",\"target\":{\"@type\":\"EntryPoint\",\"urlTemplate\":\"https:\/\/graziamagazine.com\/mx\/?s={search_term_string}\"},\"query-input\":\"required name=search_term_string\"}],\"inLanguage\":\"es-MX\"}]}<\/script>\n<!-- \/ Yoast SEO Premium plugin. -->","yoast_head_json":{"title":"Jane Fonda no volver\u00e1 a practicarse cirug\u00edas pl\u00e1sticas | Grazia M\u00e9xico y Latinoam\u00e9rica","description":"Decisi\u00f3n tras decisi\u00f3n, Jane Fonda demuestra que m\u00e1s all\u00e1 de las pantallas, ella es una mujer extraordinaria y que no necesita de cirug\u00edas pl\u00e1sticas","robots":{"index":"index","follow":"follow","max-snippet":"max-snippet:-1","max-image-preview":"max-image-preview:large","max-video-preview":"max-video-preview:-1"},"canonical":"https:\/\/graziamagazine.com\/mx\/articles\/jane-fonda-no-volvera-a-practicarse-cirugias-plasticas\/","og_locale":"es_MX","og_type":"article","og_title":"Jane Fonda no volver\u00e1 a practicarse cirug\u00edas pl\u00e1sticas","og_description":"Decisi\u00f3n tras decisi\u00f3n, Jane Fonda demuestra que m\u00e1s all\u00e1 de las pantallas, ella es una mujer extraordinaria y que no necesita de cirug\u00edas pl\u00e1sticas","og_url":"https:\/\/graziamagazine.com\/mx\/articles\/jane-fonda-no-volvera-a-practicarse-cirugias-plasticas\/","og_site_name":"Grazia M\u00e9xico y Latinoam\u00e9rica","og_image":[{"width":1417,"height":985,"url":"https:\/\/graziamagazine.com\/mx\/wp-content\/uploads\/sites\/13\/2020\/02\/jane-fonda-no-volvera-a-practicarse-cirugias-plasticas-destacada.jpg?fit=1417%2C985","type":"image\/jpeg"}],"twitter_card":"summary_large_image","twitter_misc":{"Est. reading time":"3 minutos"},"schema":{"@context":"https:\/\/schema.org","@graph":[{"@type":"WebPage","@id":"https:\/\/graziamagazine.com\/mx\/articles\/jane-fonda-no-volvera-a-practicarse-cirugias-plasticas\/","url":"https:\/\/graziamagazine.com\/mx\/articles\/jane-fonda-no-volvera-a-practicarse-cirugias-plasticas\/","name":"Jane Fonda no volver\u00e1 a practicarse cirug\u00edas pl\u00e1sticas | Grazia M\u00e9xico y Latinoam\u00e9rica","isPartOf":{"@id":"https:\/\/graziamagazine.com\/mx\/#website"},"datePublished":"2020-02-15T21:05:38+00:00","dateModified":"2020-02-15T21:05:38+00:00","description":"Decisi\u00f3n tras decisi\u00f3n, Jane Fonda demuestra que m\u00e1s all\u00e1 de las pantallas, ella es una mujer extraordinaria y que no necesita de cirug\u00edas pl\u00e1sticas","breadcrumb":{"@id":"https:\/\/graziamagazine.com\/mx\/articles\/jane-fonda-no-volvera-a-practicarse-cirugias-plasticas\/#breadcrumb"},"inLanguage":"es-MX","potentialAction":[{"@type":"ReadAction","target":["https:\/\/graziamagazine.com\/mx\/articles\/jane-fonda-no-volvera-a-practicarse-cirugias-plasticas\/"]}]},{"@type":"BreadcrumbList","@id":"https:\/\/graziamagazine.com\/mx\/articles\/jane-fonda-no-volvera-a-practicarse-cirugias-plasticas\/#breadcrumb","itemListElement":[{"@type":"ListItem","position":1,"name":"Home","item":"https:\/\/graziamagazine.com\/mx\/"},{"@type":"ListItem","position":2,"name":"Jane Fonda no volver\u00e1 a practicarse cirug\u00edas pl\u00e1sticas"}]},{"@type":"WebSite","@id":"https:\/\/graziamagazine.com\/mx\/#website","url":"https:\/\/graziamagazine.com\/mx\/","name":"Grazia M\u00e9xico y Latinoam\u00e9rica","description":"Grazia es moda, belleza y noticias  de actualidad ","potentialAction":[{"@type":"SearchAction","target":{"@type":"EntryPoint","urlTemplate":"https:\/\/graziamagazine.com\/mx\/?s={search_term_string}"},"query-input":"required name=search_term_string"}],"inLanguage":"es-MX"}]}},"jetpack_sharing_enabled":true,"distributor_meta":false,"distributor_terms":false,"distributor_media":false,"distributor_original_site_name":"Grazia M\u00e9xico y Latinoam\u00e9rica","distributor_original_site_url":"https:\/\/graziamagazine.com\/mx","push-errors":false,"_links":{"self":[{"href":"https:\/\/graziamagazine.com\/mx\/wp-json\/wp\/v2\/articles\/79907"}],"collection":[{"href":"https:\/\/graziamagazine.com\/mx\/wp-json\/wp\/v2\/articles"}],"about":[{"href":"https:\/\/graziamagazine.com\/mx\/wp-json\/wp\/v2\/types\/articles"}],"author":[{"embeddable":true,"href":"https:\/\/graziamagazine.com\/mx\/wp-json\/wp\/v2\/users\/11628"}],"wp:featuredmedia":[{"embeddable":true,"href":"https:\/\/graziamagazine.com\/mx\/wp-json\/wp\/v2\/media\/79917"}],"wp:attachment":[{"href":"https:\/\/graziamagazine.com\/mx\/wp-json\/wp\/v2\/media?parent=79907"}],"wp:term":[{"taxonomy":"category","embeddable":true,"href":"https:\/\/graziamagazine.com\/mx\/wp-json\/wp\/v2\/categories?post=79907"}],"curies":[{"name":"wp","href":"https:\/\/api.w.org\/{rel}","templated":true}]}}