{"id":79534,"date":"2020-02-12T18:31:46","date_gmt":"2020-02-12T23:31:46","guid":{"rendered":"https:\/\/graziamagazine.com\/mx\/?p=79534"},"modified":"2020-02-12T18:31:46","modified_gmt":"2020-02-12T23:31:46","slug":"asi-fue-la-visita-de-lizzo-en-cdmx","status":"publish","type":"articles","link":"https:\/\/graziamagazine.com\/mx\/articles\/asi-fue-la-visita-de-lizzo-en-cdmx\/","title":{"rendered":"As\u00ed fue la visita de Lizzo en CDMX"},"content":{"rendered":"<p><strong>Lizzo<\/strong> se ha convertido en una de las mujeres m\u00e1s admiradas e influyentes de nuestros tiempos no solo por su m\u00fasica, su energ\u00eda y carisma han conquistado a todos sus fan\u00e1ticos, as\u00ed como su discurso imponente sobre la inclusi\u00f3n y el amor a s\u00ed misma. Sin duda, la estadounidense fue una de las artistas que definieron el final de la d\u00e9cada y est\u00e1n marcando el inicio de los 2020, no solo por su voz y la composici\u00f3n de sus melod\u00edas, sino por todo lo que representa.<\/p>\n<p>Si no lo sab\u00edas, la cantante gan\u00f3 el premio Artista Revelaci\u00f3n del A\u00f1o en los <strong>Apple Music Awards <\/strong>de 2019, y s\u00ed, ayer Apple Music Antara nos dio a todos una sorpresa con la oportunidad de conocerla en exclusiva. La interprete de <em>Boys, Juice<\/em> y<em> Good as Hell<\/em>, luci\u00f3 una <em>T-shirt<\/em>\u00a0rosa de la nueva colecci\u00f3n de <a href=\"https:\/\/graziamagazine.com\/mx\/gucci-celebra-el-ano-nuevo-chino-con-una-coleccion-inspirada-en-mickey-mouse\/\" target=\"_blank\" rel=\"noopener\"><strong>Gucci<\/strong> inspirada en Mickey Mouse<\/a>, combinada con una falda plisada y <em>sneakers <\/em>tambi\u00e9n de la firma italiana,\u00a0sac\u00e1ndonos una sonrisa con ese humor y personalidad tan \u00fanicas y record\u00e1ndonos que su pasi\u00f3n, honestidad y confianza sin l\u00edmite la han hecho ganarse el coraz\u00f3n de todos.\u00a0La originaria de Detroit estuvo acompa\u00f1ada de Ebro Darden,\u00a0el presentador de <em>Beats 1<\/em>, ejecutivo de medios estadounidenses y una aclamada personalidad de radio.<\/p>\n<p><img decoding=\"async\" class=\"alignnone size-medium wp-image-79612\" src=\"https:\/\/graziamagazine.com\/mx\/wp-content\/uploads\/sites\/13\/2020\/02\/asi-fue-la-visita-de-lizzo-en-cdmx-2-450x300.jpg\" alt=\"As\u00ed fue la visita de Lizzo en CDMX\" \/><\/p>\n<p>Por otro lado, Lizzo fue la artista con m\u00e1s nominaciones esta \u00faltima edici\u00f3n de los <em>Grammys<\/em>, donde inaugur\u00f3 la alfombra roja con un vestido blanco firmado por <strong>Versace<\/strong> y gan\u00f3 los premios a\u00a0Mejor Interpretaci\u00f3n Solista Pop con <em>Truth Hurts,\u00a0<\/em><span style=\"line-height: 1.5;\">Mejor \u00c1lbum de M\u00fasica Urbana Contempor\u00e1nea y\u00a0<\/span><span style=\"line-height: 1.5;\">Mejor Interpretaci\u00f3n R&amp;B Tradicional con Jerome.\u00a0<\/span><\/p>\n<p>Solo queda esperar su siguiente proyecto y ver con qu\u00e9 m\u00e1s puede sorprendernos.<\/p>\n<div class=\"gic rl_center\">\n<div class=\"rl_slider_container\" data-hveid=\"CA0QKQ\" data-ved=\"2ahUKEwiM-InV58znAhUQLa0KHVpiCDYQrS4wE3oECA0QKQ\">\n<div class=\"mR2gOd\">\n<div class=\"EDblX DAVP1\">\n<div class=\"rlc__slider-page\">\n<div class=\"hFvVJe\">\n<div class=\"h998We mlo-c\">\n<div class=\"Dilzue\">\n<h5 class=\"iXdcH\"><em style=\"line-height: 1.5;\">*IM\u00c1GENES: Cortes\u00eda Apple Music<\/em><\/h5>\n<\/div>\n<\/div>\n<\/div>\n<\/div>\n<\/div>\n<\/div>\n<\/div>\n<\/div>\n","protected":false},"author":11656,"featured_media":79599,"template":"","format":"standard","categories":[2],"acf":[],"yoast_head":"<!-- This site is optimized with the Yoast SEO Premium plugin v18.5 (Yoast SEO v20.4) - https:\/\/yoast.com\/wordpress\/plugins\/seo\/ -->\n<title>As\u00ed fue la visita de Lizzo en CDMX | Grazia M\u00e9xico y Latinoam\u00e9rica<\/title>\n<meta name=\"description\" content=\"Lizzo, una de las mujeres m\u00e1s influyentes de nuestros tiempos, lleg\u00f3 a CDMX gracias a Apple Music y nos dio una experiencia inolvidable.\" \/>\n<meta name=\"robots\" content=\"index, follow, max-snippet:-1, max-image-preview:large, max-video-preview:-1\" \/>\n<link rel=\"canonical\" href=\"https:\/\/graziamagazine.com\/mx\/articles\/asi-fue-la-visita-de-lizzo-en-cdmx\/\" \/>\n<meta property=\"og:locale\" content=\"es_MX\" \/>\n<meta property=\"og:type\" content=\"article\" \/>\n<meta property=\"og:title\" content=\"As\u00ed fue la visita de Lizzo en CDMX\" \/>\n<meta property=\"og:description\" content=\"Lizzo, una de las mujeres m\u00e1s influyentes de nuestros tiempos, lleg\u00f3 a CDMX gracias a Apple Music y nos dio una experiencia inolvidable.\" \/>\n<meta property=\"og:url\" content=\"https:\/\/graziamagazine.com\/mx\/articles\/asi-fue-la-visita-de-lizzo-en-cdmx\/\" \/>\n<meta property=\"og:site_name\" content=\"Grazia M\u00e9xico y Latinoam\u00e9rica\" \/>\n<meta property=\"og:image\" content=\"https:\/\/graziamagazine.com\/mx\/wp-content\/uploads\/sites\/13\/2020\/02\/asi-fue-la-visita-de-lizzo-en-cdmx-destacada.jpg?fit=700%2C500\" \/>\n\t<meta property=\"og:image:width\" content=\"700\" \/>\n\t<meta property=\"og:image:height\" content=\"500\" \/>\n\t<meta property=\"og:image:type\" content=\"image\/jpeg\" \/>\n<meta name=\"twitter:card\" content=\"summary_large_image\" \/>\n<meta name=\"twitter:label1\" content=\"Est. reading time\" \/>\n\t<meta name=\"twitter:data1\" content=\"2 minutos\" \/>\n<script type=\"application\/ld+json\" class=\"yoast-schema-graph\">{\"@context\":\"https:\/\/schema.org\",\"@graph\":[{\"@type\":\"WebPage\",\"@id\":\"https:\/\/graziamagazine.com\/mx\/articles\/asi-fue-la-visita-de-lizzo-en-cdmx\/\",\"url\":\"https:\/\/graziamagazine.com\/mx\/articles\/asi-fue-la-visita-de-lizzo-en-cdmx\/\",\"name\":\"As\u00ed fue la visita de Lizzo en CDMX | Grazia M\u00e9xico y Latinoam\u00e9rica\",\"isPartOf\":{\"@id\":\"https:\/\/graziamagazine.com\/mx\/#website\"},\"datePublished\":\"2020-02-12T23:31:46+00:00\",\"dateModified\":\"2020-02-12T23:31:46+00:00\",\"description\":\"Lizzo, una de las mujeres m\u00e1s influyentes de nuestros tiempos, lleg\u00f3 a CDMX gracias a Apple Music y nos dio una experiencia inolvidable.\",\"breadcrumb\":{\"@id\":\"https:\/\/graziamagazine.com\/mx\/articles\/asi-fue-la-visita-de-lizzo-en-cdmx\/#breadcrumb\"},\"inLanguage\":\"es-MX\",\"potentialAction\":[{\"@type\":\"ReadAction\",\"target\":[\"https:\/\/graziamagazine.com\/mx\/articles\/asi-fue-la-visita-de-lizzo-en-cdmx\/\"]}]},{\"@type\":\"BreadcrumbList\",\"@id\":\"https:\/\/graziamagazine.com\/mx\/articles\/asi-fue-la-visita-de-lizzo-en-cdmx\/#breadcrumb\",\"itemListElement\":[{\"@type\":\"ListItem\",\"position\":1,\"name\":\"Home\",\"item\":\"https:\/\/graziamagazine.com\/mx\/\"},{\"@type\":\"ListItem\",\"position\":2,\"name\":\"As\u00ed fue la visita de Lizzo en CDMX\"}]},{\"@type\":\"WebSite\",\"@id\":\"https:\/\/graziamagazine.com\/mx\/#website\",\"url\":\"https:\/\/graziamagazine.com\/mx\/\",\"name\":\"Grazia M\u00e9xico y Latinoam\u00e9rica\",\"description\":\"Grazia es moda, belleza y noticias  de actualidad \",\"potentialAction\":[{\"@type\":\"SearchAction\",\"target\":{\"@type\":\"EntryPoint\",\"urlTemplate\":\"https:\/\/graziamagazine.com\/mx\/?s={search_term_string}\"},\"query-input\":\"required name=search_term_string\"}],\"inLanguage\":\"es-MX\"}]}<\/script>\n<!-- \/ Yoast SEO Premium plugin. -->","yoast_head_json":{"title":"As\u00ed fue la visita de Lizzo en CDMX | Grazia M\u00e9xico y Latinoam\u00e9rica","description":"Lizzo, una de las mujeres m\u00e1s influyentes de nuestros tiempos, lleg\u00f3 a CDMX gracias a Apple Music y nos dio una experiencia inolvidable.","robots":{"index":"index","follow":"follow","max-snippet":"max-snippet:-1","max-image-preview":"max-image-preview:large","max-video-preview":"max-video-preview:-1"},"canonical":"https:\/\/graziamagazine.com\/mx\/articles\/asi-fue-la-visita-de-lizzo-en-cdmx\/","og_locale":"es_MX","og_type":"article","og_title":"As\u00ed fue la visita de Lizzo en CDMX","og_description":"Lizzo, una de las mujeres m\u00e1s influyentes de nuestros tiempos, lleg\u00f3 a CDMX gracias a Apple Music y nos dio una experiencia inolvidable.","og_url":"https:\/\/graziamagazine.com\/mx\/articles\/asi-fue-la-visita-de-lizzo-en-cdmx\/","og_site_name":"Grazia M\u00e9xico y Latinoam\u00e9rica","og_image":[{"width":700,"height":500,"url":"https:\/\/graziamagazine.com\/mx\/wp-content\/uploads\/sites\/13\/2020\/02\/asi-fue-la-visita-de-lizzo-en-cdmx-destacada.jpg?fit=700%2C500","type":"image\/jpeg"}],"twitter_card":"summary_large_image","twitter_misc":{"Est. reading time":"2 minutos"},"schema":{"@context":"https:\/\/schema.org","@graph":[{"@type":"WebPage","@id":"https:\/\/graziamagazine.com\/mx\/articles\/asi-fue-la-visita-de-lizzo-en-cdmx\/","url":"https:\/\/graziamagazine.com\/mx\/articles\/asi-fue-la-visita-de-lizzo-en-cdmx\/","name":"As\u00ed fue la visita de Lizzo en CDMX | Grazia M\u00e9xico y Latinoam\u00e9rica","isPartOf":{"@id":"https:\/\/graziamagazine.com\/mx\/#website"},"datePublished":"2020-02-12T23:31:46+00:00","dateModified":"2020-02-12T23:31:46+00:00","description":"Lizzo, una de las mujeres m\u00e1s influyentes de nuestros tiempos, lleg\u00f3 a CDMX gracias a Apple Music y nos dio una experiencia inolvidable.","breadcrumb":{"@id":"https:\/\/graziamagazine.com\/mx\/articles\/asi-fue-la-visita-de-lizzo-en-cdmx\/#breadcrumb"},"inLanguage":"es-MX","potentialAction":[{"@type":"ReadAction","target":["https:\/\/graziamagazine.com\/mx\/articles\/asi-fue-la-visita-de-lizzo-en-cdmx\/"]}]},{"@type":"BreadcrumbList","@id":"https:\/\/graziamagazine.com\/mx\/articles\/asi-fue-la-visita-de-lizzo-en-cdmx\/#breadcrumb","itemListElement":[{"@type":"ListItem","position":1,"name":"Home","item":"https:\/\/graziamagazine.com\/mx\/"},{"@type":"ListItem","position":2,"name":"As\u00ed fue la visita de Lizzo en CDMX"}]},{"@type":"WebSite","@id":"https:\/\/graziamagazine.com\/mx\/#website","url":"https:\/\/graziamagazine.com\/mx\/","name":"Grazia M\u00e9xico y Latinoam\u00e9rica","description":"Grazia es moda, belleza y noticias  de actualidad ","potentialAction":[{"@type":"SearchAction","target":{"@type":"EntryPoint","urlTemplate":"https:\/\/graziamagazine.com\/mx\/?s={search_term_string}"},"query-input":"required name=search_term_string"}],"inLanguage":"es-MX"}]}},"jetpack_sharing_enabled":true,"distributor_meta":false,"distributor_terms":false,"distributor_media":false,"distributor_original_site_name":"Grazia M\u00e9xico y Latinoam\u00e9rica","distributor_original_site_url":"https:\/\/graziamagazine.com\/mx","push-errors":false,"_links":{"self":[{"href":"https:\/\/graziamagazine.com\/mx\/wp-json\/wp\/v2\/articles\/79534"}],"collection":[{"href":"https:\/\/graziamagazine.com\/mx\/wp-json\/wp\/v2\/articles"}],"about":[{"href":"https:\/\/graziamagazine.com\/mx\/wp-json\/wp\/v2\/types\/articles"}],"author":[{"embeddable":true,"href":"https:\/\/graziamagazine.com\/mx\/wp-json\/wp\/v2\/users\/11656"}],"wp:featuredmedia":[{"embeddable":true,"href":"https:\/\/graziamagazine.com\/mx\/wp-json\/wp\/v2\/media\/79599"}],"wp:attachment":[{"href":"https:\/\/graziamagazine.com\/mx\/wp-json\/wp\/v2\/media?parent=79534"}],"wp:term":[{"taxonomy":"category","embeddable":true,"href":"https:\/\/graziamagazine.com\/mx\/wp-json\/wp\/v2\/categories?post=79534"}],"curies":[{"name":"wp","href":"https:\/\/api.w.org\/{rel}","templated":true}]}}