{"id":79523,"date":"2020-02-12T12:37:11","date_gmt":"2020-02-12T17:37:11","guid":{"rendered":"https:\/\/graziamagazine.com\/mx\/?p=79523"},"modified":"2020-02-12T12:37:11","modified_gmt":"2020-02-12T17:37:11","slug":"ya-esta-aqui-la-secuela-de-p-s-i-love-you","status":"publish","type":"articles","link":"https:\/\/graziamagazine.com\/mx\/articles\/ya-esta-aqui-la-secuela-de-p-s-i-love-you\/","title":{"rendered":"\u00a1Ya est\u00e1 aqu\u00ed la secuela de P.S. I love you!"},"content":{"rendered":"<p><span style=\"font-weight: 400;\">\u00a1Pero qu\u00e9 buena noticia! Para todos los fan\u00e1ticos de aquel drama que nos hizo llorar y llorar en 2007,<strong>\u00a0<\/strong><\/span><strong><i>P.S. I Love You<\/i><\/strong><span style=\"font-weight: 400;\">,<\/span><span style=\"font-weight: 400;\">\u00a0tenemos un mensaje que darte: <a href=\"https:\/\/variety.com\/2020\/film\/news\/p-s-i-love-you-sequel-1203501587\/\" target=\"_blank\" rel=\"noopener\" target=\"_blank\">ya se ha firmado la producci\u00f3n de la segunda parte<\/a>. <\/span><i><span style=\"font-weight: 400;\">Alcon Entertainment <\/span><\/i><span style=\"font-weight: 400;\">ha adquirido los derechos de la novela <\/span><strong><i>Postscript<\/i><\/strong><span style=\"font-weight: 400;\">\u00a0de <strong>Cecelia Ahern<\/strong>, autora de los dos libros en los que se basan estas pel\u00edculas.<\/span><\/p>\n<p><span style=\"font-weight: 400;\">La autora tard\u00f3 15 a\u00f1os en publicar <\/span><i><span style=\"font-weight: 400;\">Postscript<\/span><\/i><span style=\"font-weight: 400;\">, luego de que en 2004 <\/span><i><span style=\"font-weight: 400;\">P.S. I Love You <\/span><\/i><span style=\"font-weight: 400;\">fuera un \u00e9xito rotundo en ventas, pero se dedic\u00f3 a escribir otros 15 libros. Fue en septiembre de 2019 que sali\u00f3 a la venta en Reino Unido, y en los pr\u00f3ximos d\u00edas llegar\u00e1 a las librer\u00edas de Estados Unidos. &#8220;Estamos m\u00e1s que emocionados de reunirnos con nuestra vieja compa\u00f1era y amiga Cecelia para contar el siguiente cap\u00edtulo en la pantalla. Cautivadora y emocionante,<\/span><i><span style=\"font-weight: 400;\"> Postscript<\/span><\/i><span style=\"font-weight: 400;\"> es conmovedora de principio a fin y llena de una sinceridad que es imposible ignorar&#8221;, dijeron en una entrevista\u00a0 Andrew Kosove y Broderick Johnson, productores de <\/span><i><span style=\"font-weight: 400;\">Alcon Entertainment<\/span><\/i><span style=\"font-weight: 400;\"> que desarrollar\u00e1n la historia junto a <\/span><i><span style=\"font-weight: 400;\">Black Label Media.<\/span><\/i><\/p>\n<p><i><span style=\"font-weight: 400;\">Postscript <\/span><\/i><span style=\"font-weight: 400;\">narra la vida de Holly, quien fue interpretada por <strong>Hilary Swank<\/strong>, siete a\u00f1os despu\u00e9s de la muerte de su amado Gerry (<strong>Gerard Butler<\/strong>), y 15 a\u00f1os despu\u00e9s del momento en que se enamoraron. La hermana de Holly le pide que cuente su historia en un podcast y a ra\u00edz de esto, muchas personas se ponen en contacto con ella. Todos ellos sufren una enfermedad terminal y quieren dejar cartas a sus seres queridos tal y como lo hizo su marido. Holly se siente de nuevo arrastrada a pensar en los momentos negativos por los que pas\u00f3, pues ha trabajado para dejarlos atr\u00e1s, reviviendo as\u00ed su dolor en cierta manera.\u00a0<\/span><\/p>\n<p><span style=\"font-weight: 400;\">\u201c\u00a1Tengo grandes noticias! He escrito la secuela de <\/span><i><span style=\"font-weight: 400;\">P.S. I Love You<\/span><\/i><span style=\"font-weight: 400;\"> titulada <\/span><i><span style=\"font-weight: 400;\">Postscript. <\/span><\/i><span style=\"font-weight: 400;\">La novela se publicar\u00e1 el 19 de septiembre en el Reino Unido e Irlanda. Espero que la lectura sea tan emocionante para ti como lo fue para m\u00ed\u201d, escribi\u00f3 la escritora en redes sociales el a\u00f1o pasado.\u00a0<\/span><\/p>\n<p><span style=\"font-weight: 400;\">Del elenco a\u00fan no se sabe nada, pero le pedimos a toda la corte celestial que Hilary Swank y Gerard Butler nos hagan el honor de protagonizar el filme una vez m\u00e1s. \u00a1Por favor!<\/span><\/p>\n<h5><\/h5>\n<h5><em>*IMAGEN: Getty Images<\/em><\/h5>\n","protected":false},"author":11628,"featured_media":79535,"template":"","format":"standard","categories":[114],"acf":[],"yoast_head":"<!-- This site is optimized with the Yoast SEO Premium plugin v18.5 (Yoast SEO v20.4) - https:\/\/yoast.com\/wordpress\/plugins\/seo\/ -->\n<title>\u00a1Ya est\u00e1 aqu\u00ed la secuela de P.S. I love you! | Grazia M\u00e9xico y Latinoam\u00e9rica<\/title>\n<meta name=\"description\" content=\"En este mes del amor nos enteramos de la mejor noticia de todas: \u00a1P.S. I Love You tendr\u00e1 secuela! Preparando la caja de pa\u00f1uelos en tres, dos, uno...\" \/>\n<meta name=\"robots\" content=\"index, follow, max-snippet:-1, max-image-preview:large, max-video-preview:-1\" \/>\n<link rel=\"canonical\" href=\"https:\/\/graziamagazine.com\/mx\/articles\/ya-esta-aqui-la-secuela-de-p-s-i-love-you\/\" \/>\n<meta property=\"og:locale\" content=\"es_MX\" \/>\n<meta property=\"og:type\" content=\"article\" \/>\n<meta property=\"og:title\" content=\"\u00a1Ya est\u00e1 aqu\u00ed la secuela de P.S. I love you!\" \/>\n<meta property=\"og:description\" content=\"En este mes del amor nos enteramos de la mejor noticia de todas: \u00a1P.S. I Love You tendr\u00e1 secuela! Preparando la caja de pa\u00f1uelos en tres, dos, uno...\" \/>\n<meta property=\"og:url\" content=\"https:\/\/graziamagazine.com\/mx\/articles\/ya-esta-aqui-la-secuela-de-p-s-i-love-you\/\" \/>\n<meta property=\"og:site_name\" content=\"Grazia M\u00e9xico y Latinoam\u00e9rica\" \/>\n<meta property=\"og:image\" content=\"https:\/\/graziamagazine.com\/mx\/wp-content\/uploads\/sites\/13\/2020\/02\/ya-esta-aqui-la-secuela-de-p-s-i-love-you-destacada.jpg?fit=1000%2C562\" \/>\n\t<meta property=\"og:image:width\" content=\"1000\" \/>\n\t<meta property=\"og:image:height\" content=\"562\" \/>\n\t<meta property=\"og:image:type\" content=\"image\/jpeg\" \/>\n<meta name=\"twitter:card\" content=\"summary_large_image\" \/>\n<meta name=\"twitter:label1\" content=\"Est. reading time\" \/>\n\t<meta name=\"twitter:data1\" content=\"2 minutos\" \/>\n<script type=\"application\/ld+json\" class=\"yoast-schema-graph\">{\"@context\":\"https:\/\/schema.org\",\"@graph\":[{\"@type\":\"WebPage\",\"@id\":\"https:\/\/graziamagazine.com\/mx\/articles\/ya-esta-aqui-la-secuela-de-p-s-i-love-you\/\",\"url\":\"https:\/\/graziamagazine.com\/mx\/articles\/ya-esta-aqui-la-secuela-de-p-s-i-love-you\/\",\"name\":\"\u00a1Ya est\u00e1 aqu\u00ed la secuela de P.S. I love you! | Grazia M\u00e9xico y Latinoam\u00e9rica\",\"isPartOf\":{\"@id\":\"https:\/\/graziamagazine.com\/mx\/#website\"},\"datePublished\":\"2020-02-12T17:37:11+00:00\",\"dateModified\":\"2020-02-12T17:37:11+00:00\",\"description\":\"En este mes del amor nos enteramos de la mejor noticia de todas: \u00a1P.S. I Love You tendr\u00e1 secuela! Preparando la caja de pa\u00f1uelos en tres, dos, uno...\",\"breadcrumb\":{\"@id\":\"https:\/\/graziamagazine.com\/mx\/articles\/ya-esta-aqui-la-secuela-de-p-s-i-love-you\/#breadcrumb\"},\"inLanguage\":\"es-MX\",\"potentialAction\":[{\"@type\":\"ReadAction\",\"target\":[\"https:\/\/graziamagazine.com\/mx\/articles\/ya-esta-aqui-la-secuela-de-p-s-i-love-you\/\"]}]},{\"@type\":\"BreadcrumbList\",\"@id\":\"https:\/\/graziamagazine.com\/mx\/articles\/ya-esta-aqui-la-secuela-de-p-s-i-love-you\/#breadcrumb\",\"itemListElement\":[{\"@type\":\"ListItem\",\"position\":1,\"name\":\"Home\",\"item\":\"https:\/\/graziamagazine.com\/mx\/\"},{\"@type\":\"ListItem\",\"position\":2,\"name\":\"\u00a1Ya est\u00e1 aqu\u00ed la secuela de P.S. I love you!\"}]},{\"@type\":\"WebSite\",\"@id\":\"https:\/\/graziamagazine.com\/mx\/#website\",\"url\":\"https:\/\/graziamagazine.com\/mx\/\",\"name\":\"Grazia M\u00e9xico y Latinoam\u00e9rica\",\"description\":\"Grazia es moda, belleza y noticias  de actualidad \",\"potentialAction\":[{\"@type\":\"SearchAction\",\"target\":{\"@type\":\"EntryPoint\",\"urlTemplate\":\"https:\/\/graziamagazine.com\/mx\/?s={search_term_string}\"},\"query-input\":\"required name=search_term_string\"}],\"inLanguage\":\"es-MX\"}]}<\/script>\n<!-- \/ Yoast SEO Premium plugin. -->","yoast_head_json":{"title":"\u00a1Ya est\u00e1 aqu\u00ed la secuela de P.S. I love you! | Grazia M\u00e9xico y Latinoam\u00e9rica","description":"En este mes del amor nos enteramos de la mejor noticia de todas: \u00a1P.S. I Love You tendr\u00e1 secuela! Preparando la caja de pa\u00f1uelos en tres, dos, uno...","robots":{"index":"index","follow":"follow","max-snippet":"max-snippet:-1","max-image-preview":"max-image-preview:large","max-video-preview":"max-video-preview:-1"},"canonical":"https:\/\/graziamagazine.com\/mx\/articles\/ya-esta-aqui-la-secuela-de-p-s-i-love-you\/","og_locale":"es_MX","og_type":"article","og_title":"\u00a1Ya est\u00e1 aqu\u00ed la secuela de P.S. I love you!","og_description":"En este mes del amor nos enteramos de la mejor noticia de todas: \u00a1P.S. I Love You tendr\u00e1 secuela! Preparando la caja de pa\u00f1uelos en tres, dos, uno...","og_url":"https:\/\/graziamagazine.com\/mx\/articles\/ya-esta-aqui-la-secuela-de-p-s-i-love-you\/","og_site_name":"Grazia M\u00e9xico y Latinoam\u00e9rica","og_image":[{"width":1000,"height":562,"url":"https:\/\/graziamagazine.com\/mx\/wp-content\/uploads\/sites\/13\/2020\/02\/ya-esta-aqui-la-secuela-de-p-s-i-love-you-destacada.jpg?fit=1000%2C562","type":"image\/jpeg"}],"twitter_card":"summary_large_image","twitter_misc":{"Est. reading time":"2 minutos"},"schema":{"@context":"https:\/\/schema.org","@graph":[{"@type":"WebPage","@id":"https:\/\/graziamagazine.com\/mx\/articles\/ya-esta-aqui-la-secuela-de-p-s-i-love-you\/","url":"https:\/\/graziamagazine.com\/mx\/articles\/ya-esta-aqui-la-secuela-de-p-s-i-love-you\/","name":"\u00a1Ya est\u00e1 aqu\u00ed la secuela de P.S. I love you! | Grazia M\u00e9xico y Latinoam\u00e9rica","isPartOf":{"@id":"https:\/\/graziamagazine.com\/mx\/#website"},"datePublished":"2020-02-12T17:37:11+00:00","dateModified":"2020-02-12T17:37:11+00:00","description":"En este mes del amor nos enteramos de la mejor noticia de todas: \u00a1P.S. I Love You tendr\u00e1 secuela! Preparando la caja de pa\u00f1uelos en tres, dos, uno...","breadcrumb":{"@id":"https:\/\/graziamagazine.com\/mx\/articles\/ya-esta-aqui-la-secuela-de-p-s-i-love-you\/#breadcrumb"},"inLanguage":"es-MX","potentialAction":[{"@type":"ReadAction","target":["https:\/\/graziamagazine.com\/mx\/articles\/ya-esta-aqui-la-secuela-de-p-s-i-love-you\/"]}]},{"@type":"BreadcrumbList","@id":"https:\/\/graziamagazine.com\/mx\/articles\/ya-esta-aqui-la-secuela-de-p-s-i-love-you\/#breadcrumb","itemListElement":[{"@type":"ListItem","position":1,"name":"Home","item":"https:\/\/graziamagazine.com\/mx\/"},{"@type":"ListItem","position":2,"name":"\u00a1Ya est\u00e1 aqu\u00ed la secuela de P.S. I love you!"}]},{"@type":"WebSite","@id":"https:\/\/graziamagazine.com\/mx\/#website","url":"https:\/\/graziamagazine.com\/mx\/","name":"Grazia M\u00e9xico y Latinoam\u00e9rica","description":"Grazia es moda, belleza y noticias  de actualidad ","potentialAction":[{"@type":"SearchAction","target":{"@type":"EntryPoint","urlTemplate":"https:\/\/graziamagazine.com\/mx\/?s={search_term_string}"},"query-input":"required name=search_term_string"}],"inLanguage":"es-MX"}]}},"jetpack_sharing_enabled":true,"distributor_meta":false,"distributor_terms":false,"distributor_media":false,"distributor_original_site_name":"Grazia M\u00e9xico y Latinoam\u00e9rica","distributor_original_site_url":"https:\/\/graziamagazine.com\/mx","push-errors":false,"_links":{"self":[{"href":"https:\/\/graziamagazine.com\/mx\/wp-json\/wp\/v2\/articles\/79523"}],"collection":[{"href":"https:\/\/graziamagazine.com\/mx\/wp-json\/wp\/v2\/articles"}],"about":[{"href":"https:\/\/graziamagazine.com\/mx\/wp-json\/wp\/v2\/types\/articles"}],"author":[{"embeddable":true,"href":"https:\/\/graziamagazine.com\/mx\/wp-json\/wp\/v2\/users\/11628"}],"wp:featuredmedia":[{"embeddable":true,"href":"https:\/\/graziamagazine.com\/mx\/wp-json\/wp\/v2\/media\/79535"}],"wp:attachment":[{"href":"https:\/\/graziamagazine.com\/mx\/wp-json\/wp\/v2\/media?parent=79523"}],"wp:term":[{"taxonomy":"category","embeddable":true,"href":"https:\/\/graziamagazine.com\/mx\/wp-json\/wp\/v2\/categories?post=79523"}],"curies":[{"name":"wp","href":"https:\/\/api.w.org\/{rel}","templated":true}]}}