{"id":79494,"date":"2020-02-12T12:01:36","date_gmt":"2020-02-12T17:01:36","guid":{"rendered":"https:\/\/graziamagazine.com\/mx\/?p=79494"},"modified":"2020-02-12T12:01:36","modified_gmt":"2020-02-12T17:01:36","slug":"por-esta-razon-luke-perry-y-cameron-boyce-quedaron-fuera-del-homenaje-de-los-oscar","status":"publish","type":"articles","link":"https:\/\/graziamagazine.com\/mx\/articles\/por-esta-razon-luke-perry-y-cameron-boyce-quedaron-fuera-del-homenaje-de-los-oscar\/","title":{"rendered":"Por esta raz\u00f3n Luke Perry y Cameron Boyce quedaron fuera del homenaje de los Oscar"},"content":{"rendered":"<p><span style=\"font-weight: 400;\">Que <strong>Luke Perry<\/strong> y <strong>Cameron Boyce<\/strong> <a href=\"https:\/\/graziamagazine.com\/mx\/luke-perry-y-cameron-boyce-fueron-olvidados-en-el-homenaje-de-los-oscar\/\" target=\"_blank\" rel=\"noopener\">no aparecieran<\/a> en la pantalla del <em>In Memoriam<\/em> de los premios Oscar mientras <strong>Billie Eilish<\/strong> y su hermano interpretaban <strong><em>Yesterday<\/em><\/strong>, de <strong>The Beatles<\/strong>, fue algo que no pas\u00f3 desapercibido ante nuestros ojos y para muchos fue calificado de \u201cerror\u201d u \u201colvido\u201d de la <strong>Academia de Cine de Hollywood<\/strong>. Pero ellos dicen que no fue as\u00ed.<\/span><\/p>\n<p><span style=\"font-weight: 400;\">Ante la pol\u00e9mica que se gener\u00f3 con este \u201colvido\u201d, el <em>staff<\/em> sali\u00f3 a defenderse explicando las razones por las que as\u00ed fue\u00a0<\/span>\u2014<span style=\"font-weight: 400;\">y no, en ning\u00fan momento la palabra \u201cerror\u201d est\u00e1 presente. &#8220;La Academia recibe cientos de peticiones para incluir a seres queridos y compa\u00f1eros de la industria en los <em>In Memoriam<\/em> de los Oscar. Un comit\u00e9 ejecutivo representa a cada uno de los que componen la lista y hace una selecci\u00f3n para la retransmisi\u00f3n en funci\u00f3n del tiempo disponible, que es limitado\u201d, dice el comunicado emitido por la Academia de Artes y Ciencias Cinematogr\u00e1ficas.\u00a0<\/span><\/p>\n<p><span style=\"font-weight: 400;\">&#8220;Todas las peticiones est\u00e1n incluidas en la web y permanecen ah\u00ed durante un a\u00f1o. Luke Perry y Cameron Boyce son recordados en la galer\u00eda de Oscar.com&#8221;, a\u00f1adi\u00f3. \u00bfQu\u00e9? \u00a1Suena totalmente a pretexto! \u00bfPor qu\u00e9 el comit\u00e9 no considerar\u00eda a figuras como ellos dos en su homenaje?\u00a0<\/span><\/p>\n<p><span style=\"font-weight: 400;\">Otros actores que no fueron elegidos para ser recordados entre las 59 personas cuya foto apareci\u00f3 en la pantalla en los 3 minutos que dur\u00f3 <em>Yesterday<\/em>, son <strong>Sid Haig<\/strong>, <strong>Tim Conway<\/strong>, <strong>Michael J. Pollard<\/strong> y <strong>Peggy Lipton<\/strong>. Pero ellos, junto a otras 100 personas aproximadamente, est\u00e1n incluidos en la secci\u00f3n de los Oscar <em>In Memoriam<\/em> en el sitio web de la organizaci\u00f3n.<\/span><\/p>\n<p><span style=\"font-weight: 400;\">No es la primera vez que la Academia se ve envuelta en este tipo de pol\u00e9micas por \u201colvidos\u201d, y a decir verdad, cada vez est\u00e1 envuelta en m\u00e1s esc\u00e1ndalos de distintos tipos, <a href=\"https:\/\/graziamagazine.com\/mx\/stephen-king-pone-en-duda-la-credibilidad-de-los-premios-oscar\/\" target=\"_blank\" rel=\"noopener\">desde la falta de diversidad e inclusi\u00f3n en sus nominaciones y premiaciones<\/a>, hasta los errores que han ocurrido en el escenario.<\/span><\/p>\n<h5><\/h5>\n<h5><em>*IMAGEN: Getty Images<\/em><\/h5>\n","protected":false},"author":11628,"featured_media":79515,"template":"","format":"standard","categories":[2],"acf":[],"yoast_head":"<!-- This site is optimized with the Yoast SEO Premium plugin v18.5 (Yoast SEO v20.4) - https:\/\/yoast.com\/wordpress\/plugins\/seo\/ -->\n<title>Por esta raz\u00f3n Luke Perry y Cameron Boyce quedaron fuera del homenaje de los Oscar | Grazia M\u00e9xico y Latinoam\u00e9rica<\/title>\n<meta name=\"description\" content=\"La Academia de cine decidi\u00f3 aclarar sus decisiones sobre el homenaje que dej\u00f3 fuera a Luke Perry y Cameron Boyce \u00bfTe convence su respuesta?\" \/>\n<meta name=\"robots\" content=\"index, follow, max-snippet:-1, max-image-preview:large, max-video-preview:-1\" \/>\n<link rel=\"canonical\" href=\"https:\/\/graziamagazine.com\/mx\/articles\/por-esta-razon-luke-perry-y-cameron-boyce-quedaron-fuera-del-homenaje-de-los-oscar\/\" \/>\n<meta property=\"og:locale\" content=\"es_MX\" \/>\n<meta property=\"og:type\" content=\"article\" \/>\n<meta property=\"og:title\" content=\"Por esta raz\u00f3n Luke Perry y Cameron Boyce quedaron fuera del homenaje de los Oscar\" \/>\n<meta property=\"og:description\" content=\"La Academia de cine decidi\u00f3 aclarar sus decisiones sobre el homenaje que dej\u00f3 fuera a Luke Perry y Cameron Boyce \u00bfTe convence su respuesta?\" \/>\n<meta property=\"og:url\" content=\"https:\/\/graziamagazine.com\/mx\/articles\/por-esta-razon-luke-perry-y-cameron-boyce-quedaron-fuera-del-homenaje-de-los-oscar\/\" \/>\n<meta property=\"og:site_name\" content=\"Grazia M\u00e9xico y Latinoam\u00e9rica\" \/>\n<meta property=\"og:image\" content=\"https:\/\/graziamagazine.com\/mx\/wp-content\/uploads\/sites\/13\/2020\/02\/por-esta-razon-luke-perry-y-cameron-boyce-quedaron-fuera-del-homenaje-de-los-oscar-destacada.jpg?fit=2203%2C1469\" \/>\n\t<meta property=\"og:image:width\" content=\"2203\" \/>\n\t<meta property=\"og:image:height\" content=\"1469\" \/>\n\t<meta property=\"og:image:type\" content=\"image\/jpeg\" \/>\n<meta name=\"twitter:card\" content=\"summary_large_image\" \/>\n<meta name=\"twitter:label1\" content=\"Est. reading time\" \/>\n\t<meta name=\"twitter:data1\" content=\"2 minutos\" \/>\n<script type=\"application\/ld+json\" class=\"yoast-schema-graph\">{\"@context\":\"https:\/\/schema.org\",\"@graph\":[{\"@type\":\"WebPage\",\"@id\":\"https:\/\/graziamagazine.com\/mx\/articles\/por-esta-razon-luke-perry-y-cameron-boyce-quedaron-fuera-del-homenaje-de-los-oscar\/\",\"url\":\"https:\/\/graziamagazine.com\/mx\/articles\/por-esta-razon-luke-perry-y-cameron-boyce-quedaron-fuera-del-homenaje-de-los-oscar\/\",\"name\":\"Por esta raz\u00f3n Luke Perry y Cameron Boyce quedaron fuera del homenaje de los Oscar | Grazia M\u00e9xico y Latinoam\u00e9rica\",\"isPartOf\":{\"@id\":\"https:\/\/graziamagazine.com\/mx\/#website\"},\"datePublished\":\"2020-02-12T17:01:36+00:00\",\"dateModified\":\"2020-02-12T17:01:36+00:00\",\"description\":\"La Academia de cine decidi\u00f3 aclarar sus decisiones sobre el homenaje que dej\u00f3 fuera a Luke Perry y Cameron Boyce \u00bfTe convence su respuesta?\",\"breadcrumb\":{\"@id\":\"https:\/\/graziamagazine.com\/mx\/articles\/por-esta-razon-luke-perry-y-cameron-boyce-quedaron-fuera-del-homenaje-de-los-oscar\/#breadcrumb\"},\"inLanguage\":\"es-MX\",\"potentialAction\":[{\"@type\":\"ReadAction\",\"target\":[\"https:\/\/graziamagazine.com\/mx\/articles\/por-esta-razon-luke-perry-y-cameron-boyce-quedaron-fuera-del-homenaje-de-los-oscar\/\"]}]},{\"@type\":\"BreadcrumbList\",\"@id\":\"https:\/\/graziamagazine.com\/mx\/articles\/por-esta-razon-luke-perry-y-cameron-boyce-quedaron-fuera-del-homenaje-de-los-oscar\/#breadcrumb\",\"itemListElement\":[{\"@type\":\"ListItem\",\"position\":1,\"name\":\"Home\",\"item\":\"https:\/\/graziamagazine.com\/mx\/\"},{\"@type\":\"ListItem\",\"position\":2,\"name\":\"Por esta raz\u00f3n Luke Perry y Cameron Boyce quedaron fuera del homenaje de los Oscar\"}]},{\"@type\":\"WebSite\",\"@id\":\"https:\/\/graziamagazine.com\/mx\/#website\",\"url\":\"https:\/\/graziamagazine.com\/mx\/\",\"name\":\"Grazia M\u00e9xico y Latinoam\u00e9rica\",\"description\":\"Grazia es moda, belleza y noticias  de actualidad \",\"potentialAction\":[{\"@type\":\"SearchAction\",\"target\":{\"@type\":\"EntryPoint\",\"urlTemplate\":\"https:\/\/graziamagazine.com\/mx\/?s={search_term_string}\"},\"query-input\":\"required name=search_term_string\"}],\"inLanguage\":\"es-MX\"}]}<\/script>\n<!-- \/ Yoast SEO Premium plugin. -->","yoast_head_json":{"title":"Por esta raz\u00f3n Luke Perry y Cameron Boyce quedaron fuera del homenaje de los Oscar | Grazia M\u00e9xico y Latinoam\u00e9rica","description":"La Academia de cine decidi\u00f3 aclarar sus decisiones sobre el homenaje que dej\u00f3 fuera a Luke Perry y Cameron Boyce \u00bfTe convence su respuesta?","robots":{"index":"index","follow":"follow","max-snippet":"max-snippet:-1","max-image-preview":"max-image-preview:large","max-video-preview":"max-video-preview:-1"},"canonical":"https:\/\/graziamagazine.com\/mx\/articles\/por-esta-razon-luke-perry-y-cameron-boyce-quedaron-fuera-del-homenaje-de-los-oscar\/","og_locale":"es_MX","og_type":"article","og_title":"Por esta raz\u00f3n Luke Perry y Cameron Boyce quedaron fuera del homenaje de los Oscar","og_description":"La Academia de cine decidi\u00f3 aclarar sus decisiones sobre el homenaje que dej\u00f3 fuera a Luke Perry y Cameron Boyce \u00bfTe convence su respuesta?","og_url":"https:\/\/graziamagazine.com\/mx\/articles\/por-esta-razon-luke-perry-y-cameron-boyce-quedaron-fuera-del-homenaje-de-los-oscar\/","og_site_name":"Grazia M\u00e9xico y Latinoam\u00e9rica","og_image":[{"width":2203,"height":1469,"url":"https:\/\/graziamagazine.com\/mx\/wp-content\/uploads\/sites\/13\/2020\/02\/por-esta-razon-luke-perry-y-cameron-boyce-quedaron-fuera-del-homenaje-de-los-oscar-destacada.jpg?fit=2203%2C1469","type":"image\/jpeg"}],"twitter_card":"summary_large_image","twitter_misc":{"Est. reading time":"2 minutos"},"schema":{"@context":"https:\/\/schema.org","@graph":[{"@type":"WebPage","@id":"https:\/\/graziamagazine.com\/mx\/articles\/por-esta-razon-luke-perry-y-cameron-boyce-quedaron-fuera-del-homenaje-de-los-oscar\/","url":"https:\/\/graziamagazine.com\/mx\/articles\/por-esta-razon-luke-perry-y-cameron-boyce-quedaron-fuera-del-homenaje-de-los-oscar\/","name":"Por esta raz\u00f3n Luke Perry y Cameron Boyce quedaron fuera del homenaje de los Oscar | Grazia M\u00e9xico y Latinoam\u00e9rica","isPartOf":{"@id":"https:\/\/graziamagazine.com\/mx\/#website"},"datePublished":"2020-02-12T17:01:36+00:00","dateModified":"2020-02-12T17:01:36+00:00","description":"La Academia de cine decidi\u00f3 aclarar sus decisiones sobre el homenaje que dej\u00f3 fuera a Luke Perry y Cameron Boyce \u00bfTe convence su respuesta?","breadcrumb":{"@id":"https:\/\/graziamagazine.com\/mx\/articles\/por-esta-razon-luke-perry-y-cameron-boyce-quedaron-fuera-del-homenaje-de-los-oscar\/#breadcrumb"},"inLanguage":"es-MX","potentialAction":[{"@type":"ReadAction","target":["https:\/\/graziamagazine.com\/mx\/articles\/por-esta-razon-luke-perry-y-cameron-boyce-quedaron-fuera-del-homenaje-de-los-oscar\/"]}]},{"@type":"BreadcrumbList","@id":"https:\/\/graziamagazine.com\/mx\/articles\/por-esta-razon-luke-perry-y-cameron-boyce-quedaron-fuera-del-homenaje-de-los-oscar\/#breadcrumb","itemListElement":[{"@type":"ListItem","position":1,"name":"Home","item":"https:\/\/graziamagazine.com\/mx\/"},{"@type":"ListItem","position":2,"name":"Por esta raz\u00f3n Luke Perry y Cameron Boyce quedaron fuera del homenaje de los Oscar"}]},{"@type":"WebSite","@id":"https:\/\/graziamagazine.com\/mx\/#website","url":"https:\/\/graziamagazine.com\/mx\/","name":"Grazia M\u00e9xico y Latinoam\u00e9rica","description":"Grazia es moda, belleza y noticias  de actualidad ","potentialAction":[{"@type":"SearchAction","target":{"@type":"EntryPoint","urlTemplate":"https:\/\/graziamagazine.com\/mx\/?s={search_term_string}"},"query-input":"required name=search_term_string"}],"inLanguage":"es-MX"}]}},"jetpack_sharing_enabled":true,"distributor_meta":false,"distributor_terms":false,"distributor_media":false,"distributor_original_site_name":"Grazia M\u00e9xico y Latinoam\u00e9rica","distributor_original_site_url":"https:\/\/graziamagazine.com\/mx","push-errors":false,"_links":{"self":[{"href":"https:\/\/graziamagazine.com\/mx\/wp-json\/wp\/v2\/articles\/79494"}],"collection":[{"href":"https:\/\/graziamagazine.com\/mx\/wp-json\/wp\/v2\/articles"}],"about":[{"href":"https:\/\/graziamagazine.com\/mx\/wp-json\/wp\/v2\/types\/articles"}],"author":[{"embeddable":true,"href":"https:\/\/graziamagazine.com\/mx\/wp-json\/wp\/v2\/users\/11628"}],"wp:featuredmedia":[{"embeddable":true,"href":"https:\/\/graziamagazine.com\/mx\/wp-json\/wp\/v2\/media\/79515"}],"wp:attachment":[{"href":"https:\/\/graziamagazine.com\/mx\/wp-json\/wp\/v2\/media?parent=79494"}],"wp:term":[{"taxonomy":"category","embeddable":true,"href":"https:\/\/graziamagazine.com\/mx\/wp-json\/wp\/v2\/categories?post=79494"}],"curies":[{"name":"wp","href":"https:\/\/api.w.org\/{rel}","templated":true}]}}