{"id":79399,"date":"2020-02-11T13:03:26","date_gmt":"2020-02-11T18:03:26","guid":{"rendered":"https:\/\/graziamagazine.com\/mx\/?p=79399"},"modified":"2020-02-11T13:04:39","modified_gmt":"2020-02-11T18:04:39","slug":"adele-ha-bajado-70-kilos-y-esta-irreconocible","status":"publish","type":"articles","link":"https:\/\/graziamagazine.com\/mx\/articles\/adele-ha-bajado-70-kilos-y-esta-irreconocible\/","title":{"rendered":"Adele ha bajado 70 kilos y est\u00e1 \u00a1irreconocible!"},"content":{"rendered":"<p><i><span style=\"font-weight: 400;\">Hot mom alert<\/span><\/i><span style=\"font-weight: 400;\">! <strong>Adele<\/strong> le est\u00e1 echando tremendas ganas a su nueva vida saludable, y ahora podemos decir que esos entrenamientos y su dieta ya est\u00e1n rindiendo frutos. Aunque no la vimos en la alfombra roja de los <strong>premios Oscar<\/strong>, s\u00ed pudimos ver su delgada cintura en una fotograf\u00eda tomada en la<\/span><i><span style=\"font-weight: 400;\"> after party<\/span><\/i><span style=\"font-weight: 400;\">\u00a0de <strong>Beyonc\u00e9<\/strong> y <strong>Jay-Z<\/strong>.\u00a0<\/span><\/p>\n<p><span style=\"font-weight: 400;\">La foto en cuesti\u00f3n fue compartida en su cuenta de Instagram por la presentadora de televisi\u00f3n rusa Kinga Rusin, quien confes\u00f3 que no sab\u00eda que se trataba de Adele hasta que ella misma se lo dijo. En la foto, se aprecia a la cantante usando un entallado vestido brilloso de leopardo, que destaca su delgado rostro y su peque\u00f1a cintura. \u00a1Wow!\u00a0<\/span><\/p>\n<p>https:\/\/www.instagram.com\/p\/B8ZSeI9lUbB\/<\/p>\n<p><span style=\"font-weight: 400;\">Pero, \u00bfc\u00f3mo lo hizo? Se dice que la brit\u00e1nica ha perdido 70 kilos gracias a la dieta <em>sirtfood<\/em>, que consiste en el \u201cconsumo de alimentos que interaccionan con un grupo de prote\u00ednas llamado sirtuinas y que promete adelgazar tres kilos a la semana al mismo tiempo que estimula el rejuvenecimiento y la reparaci\u00f3n celular\u201d. Este r\u00e9gimen implica el consumo de tan solo mil calor\u00edas al d\u00eda.<\/span><\/p>\n<p><span style=\"font-weight: 400;\">Adem\u00e1s, Adele est\u00e1 haciendo bastante ejercicio. Primero, pilates, que se ha convertido en su entrenamiento favorito para perder peso y fortalecer sus m\u00fasculos, rutina que complementa con los famosos videos de Joe Wicks para entrenar en casa. Y por \u00faltimo, tiene como entrenador personal a Dalton Wong, creador de <\/span><i><span style=\"font-weight: 400;\">TwentyTwo Training<\/span><\/i><span style=\"font-weight: 400;\">, un sistema basado en bandas de resistencia y en <em>gliders<\/em> para entrenar. Por lo que podemos ver, todo le est\u00e1 funcionando de maravilla.\u00a0<\/span><\/p>\n<p><span style=\"font-weight: 400;\">La <\/span><i><span style=\"font-weight: 400;\">hot mommy <\/span><\/i><span style=\"font-weight: 400;\">de 31 a\u00f1os de edad se encuentra en un gran momento de su vida. Reci\u00e9n divorciada de Simon Konecki tras haber estado juntos siete a\u00f1os y con quien tuvo a su hijo Angelo, ahora est\u00e1 disfrutando de la vida con su<\/span><i><span style=\"font-weight: 400;\"> revenge body<\/span><\/i><span style=\"font-weight: 400;\">, y est\u00e1 abierta a volver a enamorarse. De hecho, <a href=\"https:\/\/graziamagazine.com\/mx\/adele-y-harry-styles-tienen-una-relacion\/\" target=\"_blank\" rel=\"noopener\">se rumora que sale con el excantante de One Direction de 25 a\u00f1os, <strong>Harry Styles<\/strong><\/a>, con quien ya se le vio pasear en la playa. <em>Yas, <\/em><\/span><i><span style=\"font-weight: 400;\">girl!<\/span><\/i><\/p>\n<h5><\/h5>\n<h5><em>*IMAGEN: Getty Images<\/em><\/h5>\n","protected":false},"author":11628,"featured_media":79411,"template":"","format":"standard","categories":[2],"acf":[],"yoast_head":"<!-- This site is optimized with the Yoast SEO Premium plugin v18.5 (Yoast SEO v20.4) - https:\/\/yoast.com\/wordpress\/plugins\/seo\/ -->\n<title>Adele ha bajado 70 kilos y est\u00e1 \u00a1irreconocible! | Grazia M\u00e9xico y Latinoam\u00e9rica<\/title>\n<meta name=\"description\" content=\"Ni en un mill\u00f3n de a\u00f1os habr\u00edamos adivinado que esa silueta es de Adele, tal como le pas\u00f3 a la mujer que pos\u00f3 junto a ella.\" \/>\n<meta name=\"robots\" content=\"index, follow, max-snippet:-1, max-image-preview:large, max-video-preview:-1\" \/>\n<link rel=\"canonical\" href=\"https:\/\/graziamagazine.com\/mx\/articles\/adele-ha-bajado-70-kilos-y-esta-irreconocible\/\" \/>\n<meta property=\"og:locale\" content=\"es_MX\" \/>\n<meta property=\"og:type\" content=\"article\" \/>\n<meta property=\"og:title\" content=\"Adele ha bajado 70 kilos y est\u00e1 \u00a1irreconocible!\" \/>\n<meta property=\"og:description\" content=\"Ni en un mill\u00f3n de a\u00f1os habr\u00edamos adivinado que esa silueta es de Adele, tal como le pas\u00f3 a la mujer que pos\u00f3 junto a ella.\" \/>\n<meta property=\"og:url\" content=\"https:\/\/graziamagazine.com\/mx\/articles\/adele-ha-bajado-70-kilos-y-esta-irreconocible\/\" \/>\n<meta property=\"og:site_name\" content=\"Grazia M\u00e9xico y Latinoam\u00e9rica\" \/>\n<meta property=\"article:modified_time\" content=\"2020-02-11T18:04:39+00:00\" \/>\n<meta property=\"og:image\" content=\"https:\/\/graziamagazine.com\/mx\/wp-content\/uploads\/sites\/13\/2020\/02\/adele-ha-bajado-70-kilos-y-esta-irreconocible-destacada.jpg?fit=1548%2C1024\" \/>\n\t<meta property=\"og:image:width\" content=\"1548\" \/>\n\t<meta property=\"og:image:height\" content=\"1024\" \/>\n\t<meta property=\"og:image:type\" content=\"image\/jpeg\" \/>\n<meta name=\"twitter:card\" content=\"summary_large_image\" \/>\n<meta name=\"twitter:label1\" content=\"Est. reading time\" \/>\n\t<meta name=\"twitter:data1\" content=\"2 minutos\" \/>\n<script type=\"application\/ld+json\" class=\"yoast-schema-graph\">{\"@context\":\"https:\/\/schema.org\",\"@graph\":[{\"@type\":\"WebPage\",\"@id\":\"https:\/\/graziamagazine.com\/mx\/articles\/adele-ha-bajado-70-kilos-y-esta-irreconocible\/\",\"url\":\"https:\/\/graziamagazine.com\/mx\/articles\/adele-ha-bajado-70-kilos-y-esta-irreconocible\/\",\"name\":\"Adele ha bajado 70 kilos y est\u00e1 \u00a1irreconocible! | Grazia M\u00e9xico y Latinoam\u00e9rica\",\"isPartOf\":{\"@id\":\"https:\/\/graziamagazine.com\/mx\/#website\"},\"datePublished\":\"2020-02-11T18:03:26+00:00\",\"dateModified\":\"2020-02-11T18:04:39+00:00\",\"description\":\"Ni en un mill\u00f3n de a\u00f1os habr\u00edamos adivinado que esa silueta es de Adele, tal como le pas\u00f3 a la mujer que pos\u00f3 junto a ella.\",\"breadcrumb\":{\"@id\":\"https:\/\/graziamagazine.com\/mx\/articles\/adele-ha-bajado-70-kilos-y-esta-irreconocible\/#breadcrumb\"},\"inLanguage\":\"es-MX\",\"potentialAction\":[{\"@type\":\"ReadAction\",\"target\":[\"https:\/\/graziamagazine.com\/mx\/articles\/adele-ha-bajado-70-kilos-y-esta-irreconocible\/\"]}]},{\"@type\":\"BreadcrumbList\",\"@id\":\"https:\/\/graziamagazine.com\/mx\/articles\/adele-ha-bajado-70-kilos-y-esta-irreconocible\/#breadcrumb\",\"itemListElement\":[{\"@type\":\"ListItem\",\"position\":1,\"name\":\"Home\",\"item\":\"https:\/\/graziamagazine.com\/mx\/\"},{\"@type\":\"ListItem\",\"position\":2,\"name\":\"Adele ha bajado 70 kilos y est\u00e1 \u00a1irreconocible!\"}]},{\"@type\":\"WebSite\",\"@id\":\"https:\/\/graziamagazine.com\/mx\/#website\",\"url\":\"https:\/\/graziamagazine.com\/mx\/\",\"name\":\"Grazia M\u00e9xico y Latinoam\u00e9rica\",\"description\":\"Grazia es moda, belleza y noticias  de actualidad \",\"potentialAction\":[{\"@type\":\"SearchAction\",\"target\":{\"@type\":\"EntryPoint\",\"urlTemplate\":\"https:\/\/graziamagazine.com\/mx\/?s={search_term_string}\"},\"query-input\":\"required name=search_term_string\"}],\"inLanguage\":\"es-MX\"}]}<\/script>\n<!-- \/ Yoast SEO Premium plugin. -->","yoast_head_json":{"title":"Adele ha bajado 70 kilos y est\u00e1 \u00a1irreconocible! | Grazia M\u00e9xico y Latinoam\u00e9rica","description":"Ni en un mill\u00f3n de a\u00f1os habr\u00edamos adivinado que esa silueta es de Adele, tal como le pas\u00f3 a la mujer que pos\u00f3 junto a ella.","robots":{"index":"index","follow":"follow","max-snippet":"max-snippet:-1","max-image-preview":"max-image-preview:large","max-video-preview":"max-video-preview:-1"},"canonical":"https:\/\/graziamagazine.com\/mx\/articles\/adele-ha-bajado-70-kilos-y-esta-irreconocible\/","og_locale":"es_MX","og_type":"article","og_title":"Adele ha bajado 70 kilos y est\u00e1 \u00a1irreconocible!","og_description":"Ni en un mill\u00f3n de a\u00f1os habr\u00edamos adivinado que esa silueta es de Adele, tal como le pas\u00f3 a la mujer que pos\u00f3 junto a ella.","og_url":"https:\/\/graziamagazine.com\/mx\/articles\/adele-ha-bajado-70-kilos-y-esta-irreconocible\/","og_site_name":"Grazia M\u00e9xico y Latinoam\u00e9rica","article_modified_time":"2020-02-11T18:04:39+00:00","og_image":[{"width":1548,"height":1024,"url":"https:\/\/graziamagazine.com\/mx\/wp-content\/uploads\/sites\/13\/2020\/02\/adele-ha-bajado-70-kilos-y-esta-irreconocible-destacada.jpg?fit=1548%2C1024","type":"image\/jpeg"}],"twitter_card":"summary_large_image","twitter_misc":{"Est. reading time":"2 minutos"},"schema":{"@context":"https:\/\/schema.org","@graph":[{"@type":"WebPage","@id":"https:\/\/graziamagazine.com\/mx\/articles\/adele-ha-bajado-70-kilos-y-esta-irreconocible\/","url":"https:\/\/graziamagazine.com\/mx\/articles\/adele-ha-bajado-70-kilos-y-esta-irreconocible\/","name":"Adele ha bajado 70 kilos y est\u00e1 \u00a1irreconocible! | Grazia M\u00e9xico y Latinoam\u00e9rica","isPartOf":{"@id":"https:\/\/graziamagazine.com\/mx\/#website"},"datePublished":"2020-02-11T18:03:26+00:00","dateModified":"2020-02-11T18:04:39+00:00","description":"Ni en un mill\u00f3n de a\u00f1os habr\u00edamos adivinado que esa silueta es de Adele, tal como le pas\u00f3 a la mujer que pos\u00f3 junto a ella.","breadcrumb":{"@id":"https:\/\/graziamagazine.com\/mx\/articles\/adele-ha-bajado-70-kilos-y-esta-irreconocible\/#breadcrumb"},"inLanguage":"es-MX","potentialAction":[{"@type":"ReadAction","target":["https:\/\/graziamagazine.com\/mx\/articles\/adele-ha-bajado-70-kilos-y-esta-irreconocible\/"]}]},{"@type":"BreadcrumbList","@id":"https:\/\/graziamagazine.com\/mx\/articles\/adele-ha-bajado-70-kilos-y-esta-irreconocible\/#breadcrumb","itemListElement":[{"@type":"ListItem","position":1,"name":"Home","item":"https:\/\/graziamagazine.com\/mx\/"},{"@type":"ListItem","position":2,"name":"Adele ha bajado 70 kilos y est\u00e1 \u00a1irreconocible!"}]},{"@type":"WebSite","@id":"https:\/\/graziamagazine.com\/mx\/#website","url":"https:\/\/graziamagazine.com\/mx\/","name":"Grazia M\u00e9xico y Latinoam\u00e9rica","description":"Grazia es moda, belleza y noticias  de actualidad ","potentialAction":[{"@type":"SearchAction","target":{"@type":"EntryPoint","urlTemplate":"https:\/\/graziamagazine.com\/mx\/?s={search_term_string}"},"query-input":"required name=search_term_string"}],"inLanguage":"es-MX"}]}},"jetpack_sharing_enabled":true,"distributor_meta":false,"distributor_terms":false,"distributor_media":false,"distributor_original_site_name":"Grazia M\u00e9xico y Latinoam\u00e9rica","distributor_original_site_url":"https:\/\/graziamagazine.com\/mx","push-errors":false,"_links":{"self":[{"href":"https:\/\/graziamagazine.com\/mx\/wp-json\/wp\/v2\/articles\/79399"}],"collection":[{"href":"https:\/\/graziamagazine.com\/mx\/wp-json\/wp\/v2\/articles"}],"about":[{"href":"https:\/\/graziamagazine.com\/mx\/wp-json\/wp\/v2\/types\/articles"}],"author":[{"embeddable":true,"href":"https:\/\/graziamagazine.com\/mx\/wp-json\/wp\/v2\/users\/11628"}],"wp:featuredmedia":[{"embeddable":true,"href":"https:\/\/graziamagazine.com\/mx\/wp-json\/wp\/v2\/media\/79411"}],"wp:attachment":[{"href":"https:\/\/graziamagazine.com\/mx\/wp-json\/wp\/v2\/media?parent=79399"}],"wp:term":[{"taxonomy":"category","embeddable":true,"href":"https:\/\/graziamagazine.com\/mx\/wp-json\/wp\/v2\/categories?post=79399"}],"curies":[{"name":"wp","href":"https:\/\/api.w.org\/{rel}","templated":true}]}}