{"id":79218,"date":"2020-02-10T11:24:53","date_gmt":"2020-02-10T16:24:53","guid":{"rendered":"https:\/\/graziamagazine.com\/mx\/?p=79218"},"modified":"2020-02-10T11:24:53","modified_gmt":"2020-02-10T16:24:53","slug":"luke-perry-y-cameron-boyce-fueron-olvidados-en-el-homenaje-de-los-oscar","status":"publish","type":"articles","link":"https:\/\/graziamagazine.com\/mx\/articles\/luke-perry-y-cameron-boyce-fueron-olvidados-en-el-homenaje-de-los-oscar\/","title":{"rendered":"Luke Perry y Cameron Boyce fueron olvidados en el homenaje de los Oscar"},"content":{"rendered":"<p><span style=\"font-weight: 400;\">Como cada a\u00f1o, durante la ceremonia de entrega de los premios de la Academia de Cine de Estados Unidos, se rindi\u00f3 homenaje a los actores y personas que trabajaron dentro de la industria cinematogr\u00e1fica en todo el mundo y que fallecieron en el a\u00f1o anterior. Esta vez, el <\/span><i><span style=\"font-weight: 400;\">In Memoriam<\/span><\/i><span style=\"font-weight: 400;\"> fue musicalizado por <strong>Billie Eilish<\/strong> y su hermano, <strong>Finneas O&#8217;Connell<\/strong>, con una emotiva versi\u00f3n de <\/span><i><span style=\"font-weight: 400;\">Yesterday <\/span><\/i><span style=\"font-weight: 400;\">de <strong>The Beatles<\/strong>, pero hubo un detalle que no pas\u00f3 desapercibido: no incluyeron al actor <strong>Luke Perry<\/strong> en el homenaje.<\/span><\/p>\n<p><span style=\"font-weight: 400;\">Recordemos que Luke <a href=\"https:\/\/graziamagazine.com\/mx\/luke-perry-de-beverly-hills-90210-muere-a-los-52-anos\/\" target=\"_blank\" rel=\"noopener\">falleci\u00f3 el 4 de marzo de 2019<\/a> tras haber sufrido un derrame cerebral. Ten\u00eda 52 a\u00f1os y era una de las leyendas de la televisi\u00f3n tras su interpretaci\u00f3n como <strong>Dylan McKay<\/strong> en las diez temporadas de <\/span><i><span style=\"font-weight: 400;\"><strong>Beverly Hills 90210<\/strong>. <\/span><\/i><span style=\"font-weight: 400;\">Debido a la fecha de su fallecimiento, debi\u00f3 aparecer en este <\/span><i><span style=\"font-weight: 400;\">In Memorian<\/span><\/i><span style=\"font-weight: 400;\">, por lo que su olvido fue una l\u00e1stima, especialmente despu\u00e9s de formar parte del elenco secundario de <\/span><strong><i>Once Upon a Time In&#8230; Hollywood<\/i><\/strong><span style=\"font-weight: 400;\">, una de las pel\u00edculas con m\u00e1s nominaciones en los <strong>premios Oscar 2020<\/strong>. Luke tambi\u00e9n fue parte de la exitosa serie <\/span><strong><i>Riverdale<\/i><\/strong><span style=\"font-weight: 400;\">, de <strong>Netflix<\/strong>, as\u00ed como en <\/span><i><span style=\"font-weight: 400;\"><strong>Criminal Minds<\/strong>.<\/span><\/i><\/p>\n<p><span style=\"font-weight: 400;\">El homenaje que comenz\u00f3 con <a href=\"https:\/\/graziamagazine.com\/mx\/kobe-bryant-la-leyenda-del-basquetbol-muere-a-los-41-anos\/\" target=\"_blank\" rel=\"noopener\"><strong>Kobe Bryant<\/strong><\/a> y cerr\u00f3 con <strong>Kirk Douglas<\/strong>, tambi\u00e9n olvid\u00f3 al actor <a href=\"https:\/\/graziamagazine.com\/mx\/salma-hayek-reacciona-a-la-muerte-de-cameron-boyce\/\" target=\"_blank\" rel=\"noopener\"><strong>Cameron Boyce<\/strong><\/a>, quien particip\u00f3 en series de Disney como <\/span><i><span style=\"font-weight: 400;\">Descendants <\/span><\/i><span style=\"font-weight: 400;\">y<\/span><i><span style=\"font-weight: 400;\"> Jessie<\/span><\/i><span style=\"font-weight: 400;\">, y que lamentablemente falleci\u00f3 a sus 20 a\u00f1os el pasado 6 de julio por un ataque de epilepsia mientras dorm\u00eda.<\/span><\/p>\n<p><iframe loading=\"lazy\" src=\"https:\/\/www.youtube.com\/embed\/FKmqtaxIS3Y\" width=\"560\" height=\"315\" frameborder=\"0\"><\/iframe><\/p>\n<p><span style=\"font-weight: 400;\">\u00bfY qu\u00e9 ten\u00eda que ver Kobe Bryant con el cine? En 2018, el basquetbolista y el realizador Glen Keane recibieron un Oscar por <\/span><i><span style=\"font-weight: 400;\">Dear Basketball<\/span><\/i><span style=\"font-weight: 400;\">, un cortometraje animado narrado por el mismo Kobe, que narraba su vida y su pasi\u00f3n por este deporte. De ah\u00ed que lo incluyeran en el <\/span><i><span style=\"font-weight: 400;\">In Memoriam.\u00a0<\/span><\/i><\/p>\n<p><span style=\"font-weight: 400;\">Para nuestra sorpresa, quien s\u00ed tuvo su fotograf\u00eda en la pantalla durante el homenaje, fue el actor mexicano <strong>Fernando Luj\u00e1n<\/strong>, quien muri\u00f3 a los 79 a\u00f1os el 11 de enero de 2019. El \u00faltimo trabajo de Fernando fue en la serie <em>Ingobernable<\/em>, de Netflix, en la que comparti\u00f3 cr\u00e9ditos con Kate del Castillo, pero ser\u00e1 recordado por su participaci\u00f3n en telenovelas mexicanas como <em>Mirada de mujer<\/em>, <em>Cadenas de amargura<\/em> y <em>Los ricos tambi\u00e9n lloran<\/em>.<\/span><\/p>\n<h5><\/h5>\n<h5><em>*IMAGEN: Getty Images<\/em><\/h5>\n","protected":false},"author":11628,"featured_media":79228,"template":"","format":"standard","categories":[2],"acf":[],"yoast_head":"<!-- This site is optimized with the Yoast SEO Premium plugin v18.5 (Yoast SEO v20.4) - https:\/\/yoast.com\/wordpress\/plugins\/seo\/ -->\n<title>Luke Perry y Cameron Boyce fueron olvidados en el homenaje de los Oscar | Grazia M\u00e9xico y Latinoam\u00e9rica<\/title>\n<meta name=\"description\" content=\"Luke Perry y Cameron Boyce no tuvieron su momento en el homenaje a las personas fallecidas de los premios Oscar 2020. \u00bfPor?\" \/>\n<meta name=\"robots\" content=\"index, follow, max-snippet:-1, max-image-preview:large, max-video-preview:-1\" \/>\n<link rel=\"canonical\" href=\"https:\/\/graziamagazine.com\/mx\/articles\/luke-perry-y-cameron-boyce-fueron-olvidados-en-el-homenaje-de-los-oscar\/\" \/>\n<meta property=\"og:locale\" content=\"es_MX\" \/>\n<meta property=\"og:type\" content=\"article\" \/>\n<meta property=\"og:title\" content=\"Luke Perry y Cameron Boyce fueron olvidados en el homenaje de los Oscar\" \/>\n<meta property=\"og:description\" content=\"Luke Perry y Cameron Boyce no tuvieron su momento en el homenaje a las personas fallecidas de los premios Oscar 2020. \u00bfPor?\" \/>\n<meta property=\"og:url\" content=\"https:\/\/graziamagazine.com\/mx\/articles\/luke-perry-y-cameron-boyce-fueron-olvidados-en-el-homenaje-de-los-oscar\/\" \/>\n<meta property=\"og:site_name\" content=\"Grazia M\u00e9xico y Latinoam\u00e9rica\" \/>\n<meta property=\"og:image\" content=\"https:\/\/graziamagazine.com\/mx\/wp-content\/uploads\/sites\/13\/2020\/02\/luke-perry-y-cameron-boyce-fueron-olvidados-en-el-homenaje-de-los-oscar-destacada.jpg?fit=1998%2C1332\" \/>\n\t<meta property=\"og:image:width\" content=\"1998\" \/>\n\t<meta property=\"og:image:height\" content=\"1332\" \/>\n\t<meta property=\"og:image:type\" content=\"image\/jpeg\" \/>\n<meta name=\"twitter:card\" content=\"summary_large_image\" \/>\n<meta name=\"twitter:label1\" content=\"Est. reading time\" \/>\n\t<meta name=\"twitter:data1\" content=\"2 minutos\" \/>\n<script type=\"application\/ld+json\" class=\"yoast-schema-graph\">{\"@context\":\"https:\/\/schema.org\",\"@graph\":[{\"@type\":\"WebPage\",\"@id\":\"https:\/\/graziamagazine.com\/mx\/articles\/luke-perry-y-cameron-boyce-fueron-olvidados-en-el-homenaje-de-los-oscar\/\",\"url\":\"https:\/\/graziamagazine.com\/mx\/articles\/luke-perry-y-cameron-boyce-fueron-olvidados-en-el-homenaje-de-los-oscar\/\",\"name\":\"Luke Perry y Cameron Boyce fueron olvidados en el homenaje de los Oscar | Grazia M\u00e9xico y Latinoam\u00e9rica\",\"isPartOf\":{\"@id\":\"https:\/\/graziamagazine.com\/mx\/#website\"},\"datePublished\":\"2020-02-10T16:24:53+00:00\",\"dateModified\":\"2020-02-10T16:24:53+00:00\",\"description\":\"Luke Perry y Cameron Boyce no tuvieron su momento en el homenaje a las personas fallecidas de los premios Oscar 2020. \u00bfPor?\",\"breadcrumb\":{\"@id\":\"https:\/\/graziamagazine.com\/mx\/articles\/luke-perry-y-cameron-boyce-fueron-olvidados-en-el-homenaje-de-los-oscar\/#breadcrumb\"},\"inLanguage\":\"es-MX\",\"potentialAction\":[{\"@type\":\"ReadAction\",\"target\":[\"https:\/\/graziamagazine.com\/mx\/articles\/luke-perry-y-cameron-boyce-fueron-olvidados-en-el-homenaje-de-los-oscar\/\"]}]},{\"@type\":\"BreadcrumbList\",\"@id\":\"https:\/\/graziamagazine.com\/mx\/articles\/luke-perry-y-cameron-boyce-fueron-olvidados-en-el-homenaje-de-los-oscar\/#breadcrumb\",\"itemListElement\":[{\"@type\":\"ListItem\",\"position\":1,\"name\":\"Home\",\"item\":\"https:\/\/graziamagazine.com\/mx\/\"},{\"@type\":\"ListItem\",\"position\":2,\"name\":\"Luke Perry y Cameron Boyce fueron olvidados en el homenaje de los Oscar\"}]},{\"@type\":\"WebSite\",\"@id\":\"https:\/\/graziamagazine.com\/mx\/#website\",\"url\":\"https:\/\/graziamagazine.com\/mx\/\",\"name\":\"Grazia M\u00e9xico y Latinoam\u00e9rica\",\"description\":\"Grazia es moda, belleza y noticias  de actualidad \",\"potentialAction\":[{\"@type\":\"SearchAction\",\"target\":{\"@type\":\"EntryPoint\",\"urlTemplate\":\"https:\/\/graziamagazine.com\/mx\/?s={search_term_string}\"},\"query-input\":\"required name=search_term_string\"}],\"inLanguage\":\"es-MX\"}]}<\/script>\n<!-- \/ Yoast SEO Premium plugin. -->","yoast_head_json":{"title":"Luke Perry y Cameron Boyce fueron olvidados en el homenaje de los Oscar | Grazia M\u00e9xico y Latinoam\u00e9rica","description":"Luke Perry y Cameron Boyce no tuvieron su momento en el homenaje a las personas fallecidas de los premios Oscar 2020. \u00bfPor?","robots":{"index":"index","follow":"follow","max-snippet":"max-snippet:-1","max-image-preview":"max-image-preview:large","max-video-preview":"max-video-preview:-1"},"canonical":"https:\/\/graziamagazine.com\/mx\/articles\/luke-perry-y-cameron-boyce-fueron-olvidados-en-el-homenaje-de-los-oscar\/","og_locale":"es_MX","og_type":"article","og_title":"Luke Perry y Cameron Boyce fueron olvidados en el homenaje de los Oscar","og_description":"Luke Perry y Cameron Boyce no tuvieron su momento en el homenaje a las personas fallecidas de los premios Oscar 2020. \u00bfPor?","og_url":"https:\/\/graziamagazine.com\/mx\/articles\/luke-perry-y-cameron-boyce-fueron-olvidados-en-el-homenaje-de-los-oscar\/","og_site_name":"Grazia M\u00e9xico y Latinoam\u00e9rica","og_image":[{"width":1998,"height":1332,"url":"https:\/\/graziamagazine.com\/mx\/wp-content\/uploads\/sites\/13\/2020\/02\/luke-perry-y-cameron-boyce-fueron-olvidados-en-el-homenaje-de-los-oscar-destacada.jpg?fit=1998%2C1332","type":"image\/jpeg"}],"twitter_card":"summary_large_image","twitter_misc":{"Est. reading time":"2 minutos"},"schema":{"@context":"https:\/\/schema.org","@graph":[{"@type":"WebPage","@id":"https:\/\/graziamagazine.com\/mx\/articles\/luke-perry-y-cameron-boyce-fueron-olvidados-en-el-homenaje-de-los-oscar\/","url":"https:\/\/graziamagazine.com\/mx\/articles\/luke-perry-y-cameron-boyce-fueron-olvidados-en-el-homenaje-de-los-oscar\/","name":"Luke Perry y Cameron Boyce fueron olvidados en el homenaje de los Oscar | Grazia M\u00e9xico y Latinoam\u00e9rica","isPartOf":{"@id":"https:\/\/graziamagazine.com\/mx\/#website"},"datePublished":"2020-02-10T16:24:53+00:00","dateModified":"2020-02-10T16:24:53+00:00","description":"Luke Perry y Cameron Boyce no tuvieron su momento en el homenaje a las personas fallecidas de los premios Oscar 2020. \u00bfPor?","breadcrumb":{"@id":"https:\/\/graziamagazine.com\/mx\/articles\/luke-perry-y-cameron-boyce-fueron-olvidados-en-el-homenaje-de-los-oscar\/#breadcrumb"},"inLanguage":"es-MX","potentialAction":[{"@type":"ReadAction","target":["https:\/\/graziamagazine.com\/mx\/articles\/luke-perry-y-cameron-boyce-fueron-olvidados-en-el-homenaje-de-los-oscar\/"]}]},{"@type":"BreadcrumbList","@id":"https:\/\/graziamagazine.com\/mx\/articles\/luke-perry-y-cameron-boyce-fueron-olvidados-en-el-homenaje-de-los-oscar\/#breadcrumb","itemListElement":[{"@type":"ListItem","position":1,"name":"Home","item":"https:\/\/graziamagazine.com\/mx\/"},{"@type":"ListItem","position":2,"name":"Luke Perry y Cameron Boyce fueron olvidados en el homenaje de los Oscar"}]},{"@type":"WebSite","@id":"https:\/\/graziamagazine.com\/mx\/#website","url":"https:\/\/graziamagazine.com\/mx\/","name":"Grazia M\u00e9xico y Latinoam\u00e9rica","description":"Grazia es moda, belleza y noticias  de actualidad ","potentialAction":[{"@type":"SearchAction","target":{"@type":"EntryPoint","urlTemplate":"https:\/\/graziamagazine.com\/mx\/?s={search_term_string}"},"query-input":"required name=search_term_string"}],"inLanguage":"es-MX"}]}},"jetpack_sharing_enabled":true,"distributor_meta":false,"distributor_terms":false,"distributor_media":false,"distributor_original_site_name":"Grazia M\u00e9xico y Latinoam\u00e9rica","distributor_original_site_url":"https:\/\/graziamagazine.com\/mx","push-errors":false,"_links":{"self":[{"href":"https:\/\/graziamagazine.com\/mx\/wp-json\/wp\/v2\/articles\/79218"}],"collection":[{"href":"https:\/\/graziamagazine.com\/mx\/wp-json\/wp\/v2\/articles"}],"about":[{"href":"https:\/\/graziamagazine.com\/mx\/wp-json\/wp\/v2\/types\/articles"}],"author":[{"embeddable":true,"href":"https:\/\/graziamagazine.com\/mx\/wp-json\/wp\/v2\/users\/11628"}],"wp:featuredmedia":[{"embeddable":true,"href":"https:\/\/graziamagazine.com\/mx\/wp-json\/wp\/v2\/media\/79228"}],"wp:attachment":[{"href":"https:\/\/graziamagazine.com\/mx\/wp-json\/wp\/v2\/media?parent=79218"}],"wp:term":[{"taxonomy":"category","embeddable":true,"href":"https:\/\/graziamagazine.com\/mx\/wp-json\/wp\/v2\/categories?post=79218"}],"curies":[{"name":"wp","href":"https:\/\/api.w.org\/{rel}","templated":true}]}}