{"id":78293,"date":"2020-01-27T17:08:28","date_gmt":"2020-01-27T22:08:28","guid":{"rendered":"https:\/\/graziamagazine.com\/mx\/?p=78293"},"modified":"2020-01-27T17:08:28","modified_gmt":"2020-01-27T22:08:28","slug":"por-que-taylor-swift-no-fue-a-los-grammys-2020","status":"publish","type":"articles","link":"https:\/\/graziamagazine.com\/mx\/articles\/por-que-taylor-swift-no-fue-a-los-grammys-2020\/","title":{"rendered":"\u00bfPor qu\u00e9 Taylor Swift no fue a los Grammys 2020?"},"content":{"rendered":"<p><span style=\"font-weight: 400;\">Siendo realistas, esta noticia no es tan sorprendente. Que <strong>Taylor Swift<\/strong> haya cancelado su asistencia de \u00faltima hora a los <\/span><strong>Grammy Awards <\/strong><span style=\"font-weight: 400;\">2020, solo confirma que en verdad no desea estar relacionada con la Academia de Grabaci\u00f3n, pues es la cuarta ocasi\u00f3n que no asiste y cada a\u00f1o son motivos diferentes.<\/span><\/p>\n<blockquote class=\"instagram-media\" data-instgrm-captioned data-instgrm-permalink=\"https:\/\/www.instagram.com\/p\/B5R6glNDUEo\/?utm_source=ig_embed&amp;utm_campaign=loading\" data-instgrm-version=\"12\" style=\" background:#FFF; border:0; border-radius:3px; box-shadow:0 0 1px 0 rgba(0,0,0,0.5),0 1px 10px 0 rgba(0,0,0,0.15); margin: 1px; max-width:500px; min-width:326px; padding:0; width:99.375%; width:-webkit-calc(100% - 2px); width:calc(100% - 2px);\">\n<div style=\"padding:16px;\"> <a href=\"https:\/\/www.instagram.com\/p\/B5R6glNDUEo\/?utm_source=ig_embed&amp;utm_campaign=loading\" style=\" background:#FFFFFF; line-height:0; padding:0 0; text-align:center; text-decoration:none; width:100%;\" target=\"_blank\"> <\/p>\n<div style=\" display: flex; flex-direction: row; align-items: center;\">\n<div style=\"background-color: #F4F4F4; border-radius: 50%; flex-grow: 0; height: 40px; margin-right: 14px; width: 40px;\"><\/div>\n<div style=\"display: flex; flex-direction: column; flex-grow: 1; justify-content: center;\">\n<div style=\" background-color: #F4F4F4; border-radius: 4px; flex-grow: 0; height: 14px; margin-bottom: 6px; width: 100px;\"><\/div>\n<div style=\" background-color: #F4F4F4; border-radius: 4px; flex-grow: 0; height: 14px; width: 60px;\"><\/div>\n<\/div>\n<\/div>\n<div style=\"padding: 19% 0;\"><\/div>\n<div style=\"display:block; height:50px; margin:0 auto 12px; width:50px;\"><svg width=\"50px\" height=\"50px\" viewBox=\"0 0 60 60\" version=\"1.1\" xmlns=\"https:\/\/www.w3.org\/2000\/svg\" xmlns:xlink=\"https:\/\/www.w3.org\/1999\/xlink\"><g stroke=\"none\" stroke-width=\"1\" fill=\"none\" fill-rule=\"evenodd\"><g transform=\"translate(-511.000000, -20.000000)\" fill=\"#000000\"><g><path d=\"M556.869,30.41 C554.814,30.41 553.148,32.076 553.148,34.131 C553.148,36.186 554.814,37.852 556.869,37.852 C558.924,37.852 560.59,36.186 560.59,34.131 C560.59,32.076 558.924,30.41 556.869,30.41 M541,60.657 C535.114,60.657 530.342,55.887 530.342,50 C530.342,44.114 535.114,39.342 541,39.342 C546.887,39.342 551.658,44.114 551.658,50 C551.658,55.887 546.887,60.657 541,60.657 M541,33.886 C532.1,33.886 524.886,41.1 524.886,50 C524.886,58.899 532.1,66.113 541,66.113 C549.9,66.113 557.115,58.899 557.115,50 C557.115,41.1 549.9,33.886 541,33.886 M565.378,62.101 C565.244,65.022 564.756,66.606 564.346,67.663 C563.803,69.06 563.154,70.057 562.106,71.106 C561.058,72.155 560.06,72.803 558.662,73.347 C557.607,73.757 556.021,74.244 553.102,74.378 C549.944,74.521 548.997,74.552 541,74.552 C533.003,74.552 532.056,74.521 528.898,74.378 C525.979,74.244 524.393,73.757 523.338,73.347 C521.94,72.803 520.942,72.155 519.894,71.106 C518.846,70.057 518.197,69.06 517.654,67.663 C517.244,66.606 516.755,65.022 516.623,62.101 C516.479,58.943 516.448,57.996 516.448,50 C516.448,42.003 516.479,41.056 516.623,37.899 C516.755,34.978 517.244,33.391 517.654,32.338 C518.197,30.938 518.846,29.942 519.894,28.894 C520.942,27.846 521.94,27.196 523.338,26.654 C524.393,26.244 525.979,25.756 528.898,25.623 C532.057,25.479 533.004,25.448 541,25.448 C548.997,25.448 549.943,25.479 553.102,25.623 C556.021,25.756 557.607,26.244 558.662,26.654 C560.06,27.196 561.058,27.846 562.106,28.894 C563.154,29.942 563.803,30.938 564.346,32.338 C564.756,33.391 565.244,34.978 565.378,37.899 C565.522,41.056 565.552,42.003 565.552,50 C565.552,57.996 565.522,58.943 565.378,62.101 M570.82,37.631 C570.674,34.438 570.167,32.258 569.425,30.349 C568.659,28.377 567.633,26.702 565.965,25.035 C564.297,23.368 562.623,22.342 560.652,21.575 C558.743,20.834 556.562,20.326 553.369,20.18 C550.169,20.033 549.148,20 541,20 C532.853,20 531.831,20.033 528.631,20.18 C525.438,20.326 523.257,20.834 521.349,21.575 C519.376,22.342 517.703,23.368 516.035,25.035 C514.368,26.702 513.342,28.377 512.574,30.349 C511.834,32.258 511.326,34.438 511.181,37.631 C511.035,40.831 511,41.851 511,50 C511,58.147 511.035,59.17 511.181,62.369 C511.326,65.562 511.834,67.743 512.574,69.651 C513.342,71.625 514.368,73.296 516.035,74.965 C517.703,76.634 519.376,77.658 521.349,78.425 C523.257,79.167 525.438,79.673 528.631,79.82 C531.831,79.965 532.853,80.001 541,80.001 C549.148,80.001 550.169,79.965 553.369,79.82 C556.562,79.673 558.743,79.167 560.652,78.425 C562.623,77.658 564.297,76.634 565.965,74.965 C567.633,73.296 568.659,71.625 569.425,69.651 C570.167,67.743 570.674,65.562 570.82,62.369 C570.966,59.17 571,58.147 571,50 C571,41.851 570.966,40.831 570.82,37.631\"><\/path><\/g><\/g><\/g><\/svg><\/div>\n<div style=\"padding-top: 8px;\">\n<div style=\" color:#3897f0; font-family:Arial,sans-serif; font-size:14px; font-style:normal; font-weight:550; line-height:18px;\"> View this post on Instagram<\/div>\n<\/div>\n<div style=\"padding: 12.5% 0;\"><\/div>\n<div style=\"display: flex; flex-direction: row; margin-bottom: 14px; align-items: center;\">\n<div>\n<div style=\"background-color: #F4F4F4; border-radius: 50%; height: 12.5px; width: 12.5px; transform: translateX(0px) translateY(7px);\"><\/div>\n<div style=\"background-color: #F4F4F4; height: 12.5px; transform: rotate(-45deg) translateX(3px) translateY(1px); width: 12.5px; flex-grow: 0; margin-right: 14px; margin-left: 2px;\"><\/div>\n<div style=\"background-color: #F4F4F4; border-radius: 50%; height: 12.5px; width: 12.5px; transform: translateX(9px) translateY(-18px);\"><\/div>\n<\/div>\n<div style=\"margin-left: 8px;\">\n<div style=\" background-color: #F4F4F4; border-radius: 50%; flex-grow: 0; height: 20px; width: 20px;\"><\/div>\n<div style=\" width: 0; height: 0; border-top: 2px solid transparent; border-left: 6px solid #f4f4f4; border-bottom: 2px solid transparent; transform: translateX(16px) translateY(-4px) rotate(30deg)\"><\/div>\n<\/div>\n<div style=\"margin-left: auto;\">\n<div style=\" width: 0px; border-top: 8px solid #F4F4F4; border-right: 8px solid transparent; transform: translateY(16px);\"><\/div>\n<div style=\" background-color: #F4F4F4; flex-grow: 0; height: 12px; width: 16px; transform: translateY(-4px);\"><\/div>\n<div style=\" width: 0; height: 0; border-top: 8px solid #F4F4F4; border-left: 8px solid transparent; transform: translateY(-4px) translateX(8px);\"><\/div>\n<\/div>\n<\/div>\n<p><\/a> <\/p>\n<p style=\" margin:8px 0 0 0; padding:0 4px;\"> <a href=\"https:\/\/www.instagram.com\/p\/B5R6glNDUEo\/?utm_source=ig_embed&amp;utm_campaign=loading\" style=\" color:#000; font-family:Arial,sans-serif; font-size:14px; font-style:normal; font-weight:normal; line-height:17px; text-decoration:none; word-wrap:break-word;\" target=\"_blank\" target=\"_blank\">Hi guys have I told you lately that I LOVE YOU \ud83d\udcf8 @kevinmazur @gettyentertainment<\/a><\/p>\n<p style=\" color:#c9c8cd; font-family:Arial,sans-serif; font-size:14px; line-height:17px; margin-bottom:0; margin-top:8px; overflow:hidden; padding:8px 0 7px; text-align:center; text-overflow:ellipsis; white-space:nowrap;\">A post shared by <a href=\"https:\/\/www.instagram.com\/taylorswift\/?utm_source=ig_embed&amp;utm_campaign=loading\" style=\" color:#c9c8cd; font-family:Arial,sans-serif; font-size:14px; font-style:normal; font-weight:normal; line-height:17px;\" target=\"_blank\" target=\"_blank\"> Taylor Swift<\/a> (@taylorswift) on <time style=\" font-family:Arial,sans-serif; font-size:14px; line-height:17px;\" datetime=\"2019-11-25T07:24:04+00:00\">Nov 24, 2019 at 11:24pm PST<\/time><\/p>\n<\/div>\n<\/blockquote>\n<p><script async src=\"\/\/www.instagram.com\/embed.js\"><\/script><\/p>\n<p><span style=\"font-weight: 400;\">Se dice, de hecho, que la asistencia de Swift este a\u00f1o nunca estuvo confirmada, as\u00ed que en realidad no es una cancelaci\u00f3n, sino que nunca estuvo en sus planes asistir. Por dicha raz\u00f3n, su participaci\u00f3n \u201csorpresa\u201d en la entrega de premios nunca fue anunciada como tal, a diferencia de los otros artistas cuyas actuaciones se anunciaron p\u00fablicamente, como <strong>Billie Eilish, Lizzo<\/strong> y <strong>Ariana Grande<\/strong>.<\/span><\/p>\n<p><span style=\"font-weight: 400;\">&#8220;Los horarios de ensayos para grabaci\u00f3n en el<em> Staples Center<\/em> incluyeron a una \u2018artista por anunciarse (TBA)\u2019\u201d, public\u00f3 un medio estadounidense, asumiendo que esa \u201csorpresa\u201d era Taylor Swift, quien seguramente cantar\u00eda su m\u00e1s reciente single: <\/span><i><span style=\"font-weight: 400;\">The Man.<\/span><\/i><span style=\"font-weight: 400;\"> Sus fans tambi\u00e9n creyeron que se trataba de ella. Pero con la pol\u00e9mica que existe en torno a los <\/span><i><span style=\"font-weight: 400;\">Grammys<\/span><\/i><span style=\"font-weight: 400;\">, seguramente su canci\u00f3n se convertir\u00eda en el s\u00edmbolo feminista en medio de la demanda hecha por Deborah Dugan \u2014ex jefa de estos premios de la industria musical\u2014 por acoso y ambiente t\u00f3xico<\/span><span style=\"font-weight: 400;\">, con la que la cantante no quiere verse relacionada. Raro, porque la estadounidense se ha expresado varias veces en contra de las injusticias que hay en el mundo de la m\u00fasica y ha llevado sus acciones hasta las \u00faltimas consecuencias. En fin, esta es otra de las teor\u00edas por las cu\u00e1les se cree que no asisti\u00f3 ayer.<\/span><\/p>\n<p><span style=\"font-weight: 400;\">Pero sus fan\u00e1ticos salieron a defenderla, argumentando que la verdadera raz\u00f3n por la que no fue es por la salud de su madre. La se\u00f1ora Andrea Finlay padece de c\u00e1ncer cerebral y est\u00e1 recibiendo quimioterapias por un tumor que surgi\u00f3 en uno de sus senos producto de la met\u00e1stasis, por lo que su hija no quiso despegarse de ella.\u00a0<\/span><\/p>\n<p><span style=\"font-weight: 400;\">Humanamente, creer\u00edamos que esa fue la poderosa raz\u00f3n para no asistir. Pero, por ejemplo, el a\u00f1o pasado tampoco estuvo presente porque en enero de 2019 Taylor confirm\u00f3 su participaci\u00f3n como Bombalurina en la adaptaci\u00f3n cinematogr\u00e1fica del musical <\/span><i><span style=\"font-weight: 400;\">Cats<\/span><\/i><span style=\"font-weight: 400;\">, y la pel\u00edcula se film\u00f3 justo en ese momento en Londres. Y as\u00ed, podemos hacer un recuento del porqu\u00e9 no ha asistido desde 2016.<\/span><\/p>\n<p><span style=\"font-weight: 400;\">Sin embargo, ella no se ha declarado p\u00fablicamente en contra de los <\/span><span style=\"font-weight: 400;\">Grammy Awards<\/span><i><span style=\"font-weight: 400;\">.<\/span><\/i><span style=\"font-weight: 400;\"> De hecho, celebra con sus fans sus nominaciones. Esta vez, la cantante fue nominada para Mejor \u00c1lbum Vocal Pop por <\/span><i><span style=\"font-weight: 400;\">Lover<\/span><\/i><span style=\"font-weight: 400;\">, Mejor Actuaci\u00f3n Pop de Solista por <\/span><i><span style=\"font-weight: 400;\">You Need to Calm Down<\/span><\/i><span style=\"font-weight: 400;\">, y Mejor Canci\u00f3n del A\u00f1o para <\/span><i><span style=\"font-weight: 400;\">Lover<\/span><\/i><span style=\"font-weight: 400;\">, nominaciones que comparti\u00f3 en sus redes sociales en noviembre de 2019: \u201c\u00a1<\/span><i><span style=\"font-weight: 400;\">Lover<\/span><\/i><span style=\"font-weight: 400;\"> est\u00e1 nominada como Mejor Canci\u00f3n del A\u00f1o en los <\/span><i><span style=\"font-weight: 400;\">Grammys<\/span><\/i><span style=\"font-weight: 400;\">!\u201d\u00a0<\/span><\/p>\n<p><span style=\"font-weight: 400;\">La raz\u00f3n no la sabemos a ciencia cierta, pero es un hecho que Swift no depende de los premios\u00a0<\/span><span style=\"font-weight: 400;\">para demostrar la gran artista que es, rompiendo r\u00e9cords a su edad. \u00a1Bien por Taylor que persigue sus ideales y no se preocupa por quedar bien!\u00a0<\/span><\/p>\n<h5><em>*IMAGEN: Getty Images<\/em><\/h5>\n","protected":false},"author":11628,"featured_media":78304,"template":"","format":"standard","categories":[2],"acf":[],"yoast_head":"<!-- This site is optimized with the Yoast SEO Premium plugin v18.5 (Yoast SEO v20.4) - https:\/\/yoast.com\/wordpress\/plugins\/seo\/ -->\n<title>\u00bfPor qu\u00e9 Taylor Swift no fue a los Grammys 2020? | Grazia M\u00e9xico y Latinoam\u00e9rica<\/title>\n<meta name=\"description\" content=\"Aunque no hay ninguna informaci\u00f3n que compruebe Taylor Swift no quiere ir a los Grammys, aqu\u00ed te dejamos todo lo que sabemos.\" \/>\n<meta name=\"robots\" content=\"index, follow, max-snippet:-1, max-image-preview:large, max-video-preview:-1\" \/>\n<link rel=\"canonical\" href=\"https:\/\/graziamagazine.com\/mx\/articles\/por-que-taylor-swift-no-fue-a-los-grammys-2020\/\" \/>\n<meta property=\"og:locale\" content=\"es_MX\" \/>\n<meta property=\"og:type\" content=\"article\" \/>\n<meta property=\"og:title\" content=\"\u00bfPor qu\u00e9 Taylor Swift no fue a los Grammys 2020?\" \/>\n<meta property=\"og:description\" content=\"Aunque no hay ninguna informaci\u00f3n que compruebe Taylor Swift no quiere ir a los Grammys, aqu\u00ed te dejamos todo lo que sabemos.\" \/>\n<meta property=\"og:url\" content=\"https:\/\/graziamagazine.com\/mx\/articles\/por-que-taylor-swift-no-fue-a-los-grammys-2020\/\" \/>\n<meta property=\"og:site_name\" content=\"Grazia M\u00e9xico y Latinoam\u00e9rica\" \/>\n<meta property=\"og:image\" content=\"https:\/\/graziamagazine.com\/mx\/wp-content\/uploads\/sites\/13\/2020\/01\/por-que-taylor-swift-no-fue-a-los-grammys-2020-destacada.jpg?fit=760%2C419\" \/>\n\t<meta property=\"og:image:width\" content=\"760\" \/>\n\t<meta property=\"og:image:height\" content=\"419\" \/>\n\t<meta property=\"og:image:type\" content=\"image\/jpeg\" \/>\n<meta name=\"twitter:card\" content=\"summary_large_image\" \/>\n<meta name=\"twitter:label1\" content=\"Est. reading time\" \/>\n\t<meta name=\"twitter:data1\" content=\"3 minutos\" \/>\n<script type=\"application\/ld+json\" class=\"yoast-schema-graph\">{\"@context\":\"https:\/\/schema.org\",\"@graph\":[{\"@type\":\"WebPage\",\"@id\":\"https:\/\/graziamagazine.com\/mx\/articles\/por-que-taylor-swift-no-fue-a-los-grammys-2020\/\",\"url\":\"https:\/\/graziamagazine.com\/mx\/articles\/por-que-taylor-swift-no-fue-a-los-grammys-2020\/\",\"name\":\"\u00bfPor qu\u00e9 Taylor Swift no fue a los Grammys 2020? | Grazia M\u00e9xico y Latinoam\u00e9rica\",\"isPartOf\":{\"@id\":\"https:\/\/graziamagazine.com\/mx\/#website\"},\"datePublished\":\"2020-01-27T22:08:28+00:00\",\"dateModified\":\"2020-01-27T22:08:28+00:00\",\"description\":\"Aunque no hay ninguna informaci\u00f3n que compruebe Taylor Swift no quiere ir a los Grammys, aqu\u00ed te dejamos todo lo que sabemos.\",\"breadcrumb\":{\"@id\":\"https:\/\/graziamagazine.com\/mx\/articles\/por-que-taylor-swift-no-fue-a-los-grammys-2020\/#breadcrumb\"},\"inLanguage\":\"es-MX\",\"potentialAction\":[{\"@type\":\"ReadAction\",\"target\":[\"https:\/\/graziamagazine.com\/mx\/articles\/por-que-taylor-swift-no-fue-a-los-grammys-2020\/\"]}]},{\"@type\":\"BreadcrumbList\",\"@id\":\"https:\/\/graziamagazine.com\/mx\/articles\/por-que-taylor-swift-no-fue-a-los-grammys-2020\/#breadcrumb\",\"itemListElement\":[{\"@type\":\"ListItem\",\"position\":1,\"name\":\"Home\",\"item\":\"https:\/\/graziamagazine.com\/mx\/\"},{\"@type\":\"ListItem\",\"position\":2,\"name\":\"\u00bfPor qu\u00e9 Taylor Swift no fue a los Grammys 2020?\"}]},{\"@type\":\"WebSite\",\"@id\":\"https:\/\/graziamagazine.com\/mx\/#website\",\"url\":\"https:\/\/graziamagazine.com\/mx\/\",\"name\":\"Grazia M\u00e9xico y Latinoam\u00e9rica\",\"description\":\"Grazia es moda, belleza y noticias  de actualidad \",\"potentialAction\":[{\"@type\":\"SearchAction\",\"target\":{\"@type\":\"EntryPoint\",\"urlTemplate\":\"https:\/\/graziamagazine.com\/mx\/?s={search_term_string}\"},\"query-input\":\"required name=search_term_string\"}],\"inLanguage\":\"es-MX\"}]}<\/script>\n<!-- \/ Yoast SEO Premium plugin. -->","yoast_head_json":{"title":"\u00bfPor qu\u00e9 Taylor Swift no fue a los Grammys 2020? | Grazia M\u00e9xico y Latinoam\u00e9rica","description":"Aunque no hay ninguna informaci\u00f3n que compruebe Taylor Swift no quiere ir a los Grammys, aqu\u00ed te dejamos todo lo que sabemos.","robots":{"index":"index","follow":"follow","max-snippet":"max-snippet:-1","max-image-preview":"max-image-preview:large","max-video-preview":"max-video-preview:-1"},"canonical":"https:\/\/graziamagazine.com\/mx\/articles\/por-que-taylor-swift-no-fue-a-los-grammys-2020\/","og_locale":"es_MX","og_type":"article","og_title":"\u00bfPor qu\u00e9 Taylor Swift no fue a los Grammys 2020?","og_description":"Aunque no hay ninguna informaci\u00f3n que compruebe Taylor Swift no quiere ir a los Grammys, aqu\u00ed te dejamos todo lo que sabemos.","og_url":"https:\/\/graziamagazine.com\/mx\/articles\/por-que-taylor-swift-no-fue-a-los-grammys-2020\/","og_site_name":"Grazia M\u00e9xico y Latinoam\u00e9rica","og_image":[{"width":760,"height":419,"url":"https:\/\/graziamagazine.com\/mx\/wp-content\/uploads\/sites\/13\/2020\/01\/por-que-taylor-swift-no-fue-a-los-grammys-2020-destacada.jpg?fit=760%2C419","type":"image\/jpeg"}],"twitter_card":"summary_large_image","twitter_misc":{"Est. reading time":"3 minutos"},"schema":{"@context":"https:\/\/schema.org","@graph":[{"@type":"WebPage","@id":"https:\/\/graziamagazine.com\/mx\/articles\/por-que-taylor-swift-no-fue-a-los-grammys-2020\/","url":"https:\/\/graziamagazine.com\/mx\/articles\/por-que-taylor-swift-no-fue-a-los-grammys-2020\/","name":"\u00bfPor qu\u00e9 Taylor Swift no fue a los Grammys 2020? | Grazia M\u00e9xico y Latinoam\u00e9rica","isPartOf":{"@id":"https:\/\/graziamagazine.com\/mx\/#website"},"datePublished":"2020-01-27T22:08:28+00:00","dateModified":"2020-01-27T22:08:28+00:00","description":"Aunque no hay ninguna informaci\u00f3n que compruebe Taylor Swift no quiere ir a los Grammys, aqu\u00ed te dejamos todo lo que sabemos.","breadcrumb":{"@id":"https:\/\/graziamagazine.com\/mx\/articles\/por-que-taylor-swift-no-fue-a-los-grammys-2020\/#breadcrumb"},"inLanguage":"es-MX","potentialAction":[{"@type":"ReadAction","target":["https:\/\/graziamagazine.com\/mx\/articles\/por-que-taylor-swift-no-fue-a-los-grammys-2020\/"]}]},{"@type":"BreadcrumbList","@id":"https:\/\/graziamagazine.com\/mx\/articles\/por-que-taylor-swift-no-fue-a-los-grammys-2020\/#breadcrumb","itemListElement":[{"@type":"ListItem","position":1,"name":"Home","item":"https:\/\/graziamagazine.com\/mx\/"},{"@type":"ListItem","position":2,"name":"\u00bfPor qu\u00e9 Taylor Swift no fue a los Grammys 2020?"}]},{"@type":"WebSite","@id":"https:\/\/graziamagazine.com\/mx\/#website","url":"https:\/\/graziamagazine.com\/mx\/","name":"Grazia M\u00e9xico y Latinoam\u00e9rica","description":"Grazia es moda, belleza y noticias  de actualidad ","potentialAction":[{"@type":"SearchAction","target":{"@type":"EntryPoint","urlTemplate":"https:\/\/graziamagazine.com\/mx\/?s={search_term_string}"},"query-input":"required name=search_term_string"}],"inLanguage":"es-MX"}]}},"jetpack_sharing_enabled":true,"distributor_meta":false,"distributor_terms":false,"distributor_media":false,"distributor_original_site_name":"Grazia M\u00e9xico y Latinoam\u00e9rica","distributor_original_site_url":"https:\/\/graziamagazine.com\/mx","push-errors":false,"_links":{"self":[{"href":"https:\/\/graziamagazine.com\/mx\/wp-json\/wp\/v2\/articles\/78293"}],"collection":[{"href":"https:\/\/graziamagazine.com\/mx\/wp-json\/wp\/v2\/articles"}],"about":[{"href":"https:\/\/graziamagazine.com\/mx\/wp-json\/wp\/v2\/types\/articles"}],"author":[{"embeddable":true,"href":"https:\/\/graziamagazine.com\/mx\/wp-json\/wp\/v2\/users\/11628"}],"wp:featuredmedia":[{"embeddable":true,"href":"https:\/\/graziamagazine.com\/mx\/wp-json\/wp\/v2\/media\/78304"}],"wp:attachment":[{"href":"https:\/\/graziamagazine.com\/mx\/wp-json\/wp\/v2\/media?parent=78293"}],"wp:term":[{"taxonomy":"category","embeddable":true,"href":"https:\/\/graziamagazine.com\/mx\/wp-json\/wp\/v2\/categories?post=78293"}],"curies":[{"name":"wp","href":"https:\/\/api.w.org\/{rel}","templated":true}]}}