{"id":78266,"date":"2020-01-27T13:33:22","date_gmt":"2020-01-27T18:33:22","guid":{"rendered":"https:\/\/graziamagazine.com\/mx\/?p=78266"},"modified":"2020-01-27T13:35:31","modified_gmt":"2020-01-27T18:35:31","slug":"lana-del-rey-compro-su-vestido-para-los-grammys-2020-en-un-centro-comercial","status":"publish","type":"articles","link":"https:\/\/graziamagazine.com\/mx\/articles\/lana-del-rey-compro-su-vestido-para-los-grammys-2020-en-un-centro-comercial\/","title":{"rendered":"Lana del Rey compr\u00f3 su vestido para los Grammys 2020 en un centro comercial"},"content":{"rendered":"<p><span style=\"font-weight: 400;\">Como si sabiendo que su disco <\/span><a href=\"https:\/\/graziamagazine.com\/mx\/lana-del-rey-lanza-videoclip-doble-de-su-nuevo-album\/\" target=\"_blank\" rel=\"noopener\"><i><span style=\"font-weight: 400;\"><strong>Norman Fucking Rockwell <\/strong><\/span><\/i><\/a><span style=\"font-weight: 400;\">no iba a ganar nada en los <strong>Grammys 2020<\/strong>, <strong>Lana del Rey<\/strong> no se tom\u00f3 la molestia de volverse loca pensando qu\u00e9 vestir\u00eda para la gala<\/span><span style=\"font-weight: 400;\">, y tampoco quiso gastar una cantidad exagerada de dinero. Est\u00e1 perfecto, solo es poco habitual que una artista de su talla compre un vestido para uno de los eventos m\u00e1s importantes de la industria en un centro comercial. S\u00ed, le\u00edste bien, \u00a1un centro comercial!<\/span><\/p>\n<p><img loading=\"lazy\" decoding=\"async\" class=\"alignnone wp-image-78272 size-large\" src=\"https:\/\/graziamagazine.com\/mx\/wp-content\/uploads\/sites\/13\/2020\/01\/lana-del-rey-compro-su-vestido-para-los-grammys-2020-en-un-centro-comercial-1-700x1050.jpg\" alt=\"Lana del Rey compr\u00f3 su vestido para los Grammys 2020 en un centro comercial\" width=\"700\" height=\"1050\" \/><\/p>\n<p><span style=\"font-weight: 400;\">\u201c\u00bfQu\u00e9 llevas puesto?\u201d, le pregunt\u00f3 la presentadora de <\/span><i><span style=\"font-weight: 400;\">Entertainment Tonight<\/span><\/i><span style=\"font-weight: 400;\"> en su paso por la alfombra roja a lo que ella respondi\u00f3: &#8220;Lo compr\u00e9 en el centro comercial. Lo vi y me encant\u00f3&#8221;. El vestido dise\u00f1ado por<\/span><span style=\"font-weight: 400;\">\u00a0Aidan Mattox est\u00e1 en oferta (de aproximadamente $15,067 pesos a $4,520 pesos) y fue una compra de \u00faltima hora para la cantante. &#8220;Ten\u00eda otro vestido, pero luego mi novio y yo est\u00e1bamos buscando un cintur\u00f3n para \u00e9l en un centro comercial, cuando lo vi, me encant\u00f3. As\u00ed que este es un vestido de \u00faltima hora. Me lo prob\u00e9 all\u00ed mismo. Entonces, ya sabes, un poco de mezclar y combinar. Estamos haciendo que todo funcione\u201d.<\/span><\/p>\n<blockquote class=\"twitter-tweet\" data-width=\"500\" data-dnt=\"true\">\n<p lang=\"en\" dir=\"ltr\">LANA BOUGHT THIS AT THE MALL BYE <a href=\"https:\/\/t.co\/5zIyxNQQx9\" target=\"_blank\">https:\/\/t.co\/5zIyxNQQx9<\/a><\/p>\n<p>&mdash; edgar (@hrhcoIIection) <a href=\"https:\/\/twitter.com\/hrhcoIIection\/status\/1221631450157670403?ref_src=twsrc%5Etfw\" target=\"_blank\">January 27, 2020<\/a><\/p><\/blockquote>\n<p><script async src=\"https:\/\/platform.twitter.com\/widgets.js\" charset=\"utf-8\"><\/script><\/p>\n<p><span style=\"font-weight: 400;\">El vestido en cuesti\u00f3n es color plata, con lentejuelas, mangas cortas con vuelo, y en la parte inferior es acompa\u00f1ado de flequillos cortos que le dan movimiento y un toque <em>vintage<\/em>. Lana complement\u00f3 el look setentero con un chongo alto y un <em>cat eye<\/em> pronunciado, as\u00ed como labios <em>nude<\/em>.<\/span><\/p>\n<p><span style=\"font-weight: 400;\">Del Rey perdi\u00f3 dos veces frente a <strong>Billie Eilish<\/strong>, quien le arrebat\u00f3 sus dos nominaciones por Mejor \u00c1lbum y Mejor Canci\u00f3n. As\u00ed que la cantante no solo fue opacada por quien tambi\u00e9n gan\u00f3 como Mejor Artista Revelaci\u00f3n y Mejor Grabaci\u00f3n, sino que adem\u00e1s Eilish se luci\u00f3 en un dise\u00f1o <em>custom<\/em> por Alessandro Michele para\u00a0<\/span><span style=\"font-weight: 400;\">Gucci<\/span><i><span style=\"font-weight: 400;\">.<\/span><\/i><span style=\"font-weight: 400;\"> Definitivamente no fue la mejor noche para Lana, pero igual la amamos.<\/span><\/p>\n<h5><\/h5>\n<h5><em>*IM\u00c1GENES: Getty Images<\/em><\/h5>\n","protected":false},"author":11628,"featured_media":78273,"template":"","format":"standard","categories":[2],"acf":[],"yoast_head":"<!-- This site is optimized with the Yoast SEO Premium plugin v18.5 (Yoast SEO v20.4) - https:\/\/yoast.com\/wordpress\/plugins\/seo\/ -->\n<title>Lana del Rey compr\u00f3 su vestido para los Grammys 2020 en un centro comercial | Grazia M\u00e9xico y Latinoam\u00e9rica<\/title>\n<meta name=\"description\" content=\"Lana del Rey se atrevi\u00f3 a vestir algo diferente, y completamente fuera de lo com\u00fan, en la alfombra roja de los Grammys 2020 y ella misma te dice por qu\u00e9.\" \/>\n<meta name=\"robots\" content=\"index, follow, max-snippet:-1, max-image-preview:large, max-video-preview:-1\" \/>\n<link rel=\"canonical\" href=\"https:\/\/graziamagazine.com\/mx\/articles\/lana-del-rey-compro-su-vestido-para-los-grammys-2020-en-un-centro-comercial\/\" \/>\n<meta property=\"og:locale\" content=\"es_MX\" \/>\n<meta property=\"og:type\" content=\"article\" \/>\n<meta property=\"og:title\" content=\"Lana del Rey compr\u00f3 su vestido para los Grammys 2020 en un centro comercial\" \/>\n<meta property=\"og:description\" content=\"Lana del Rey se atrevi\u00f3 a vestir algo diferente, y completamente fuera de lo com\u00fan, en la alfombra roja de los Grammys 2020 y ella misma te dice por qu\u00e9.\" \/>\n<meta property=\"og:url\" content=\"https:\/\/graziamagazine.com\/mx\/articles\/lana-del-rey-compro-su-vestido-para-los-grammys-2020-en-un-centro-comercial\/\" \/>\n<meta property=\"og:site_name\" content=\"Grazia M\u00e9xico y Latinoam\u00e9rica\" \/>\n<meta property=\"article:modified_time\" content=\"2020-01-27T18:35:31+00:00\" \/>\n<meta property=\"og:image\" content=\"https:\/\/graziamagazine.com\/mx\/wp-content\/uploads\/sites\/13\/2020\/01\/lana-del-rey-compro-su-vestido-para-los-grammys-2020-en-un-centro-comercial-destacada.jpg?fit=2048%2C1365\" \/>\n\t<meta property=\"og:image:width\" content=\"2048\" \/>\n\t<meta property=\"og:image:height\" content=\"1365\" \/>\n\t<meta property=\"og:image:type\" content=\"image\/jpeg\" \/>\n<meta name=\"twitter:card\" content=\"summary_large_image\" \/>\n<meta name=\"twitter:label1\" content=\"Est. reading time\" \/>\n\t<meta name=\"twitter:data1\" content=\"2 minutos\" \/>\n<script type=\"application\/ld+json\" class=\"yoast-schema-graph\">{\"@context\":\"https:\/\/schema.org\",\"@graph\":[{\"@type\":\"WebPage\",\"@id\":\"https:\/\/graziamagazine.com\/mx\/articles\/lana-del-rey-compro-su-vestido-para-los-grammys-2020-en-un-centro-comercial\/\",\"url\":\"https:\/\/graziamagazine.com\/mx\/articles\/lana-del-rey-compro-su-vestido-para-los-grammys-2020-en-un-centro-comercial\/\",\"name\":\"Lana del Rey compr\u00f3 su vestido para los Grammys 2020 en un centro comercial | Grazia M\u00e9xico y Latinoam\u00e9rica\",\"isPartOf\":{\"@id\":\"https:\/\/graziamagazine.com\/mx\/#website\"},\"datePublished\":\"2020-01-27T18:33:22+00:00\",\"dateModified\":\"2020-01-27T18:35:31+00:00\",\"description\":\"Lana del Rey se atrevi\u00f3 a vestir algo diferente, y completamente fuera de lo com\u00fan, en la alfombra roja de los Grammys 2020 y ella misma te dice por qu\u00e9.\",\"breadcrumb\":{\"@id\":\"https:\/\/graziamagazine.com\/mx\/articles\/lana-del-rey-compro-su-vestido-para-los-grammys-2020-en-un-centro-comercial\/#breadcrumb\"},\"inLanguage\":\"es-MX\",\"potentialAction\":[{\"@type\":\"ReadAction\",\"target\":[\"https:\/\/graziamagazine.com\/mx\/articles\/lana-del-rey-compro-su-vestido-para-los-grammys-2020-en-un-centro-comercial\/\"]}]},{\"@type\":\"BreadcrumbList\",\"@id\":\"https:\/\/graziamagazine.com\/mx\/articles\/lana-del-rey-compro-su-vestido-para-los-grammys-2020-en-un-centro-comercial\/#breadcrumb\",\"itemListElement\":[{\"@type\":\"ListItem\",\"position\":1,\"name\":\"Home\",\"item\":\"https:\/\/graziamagazine.com\/mx\/\"},{\"@type\":\"ListItem\",\"position\":2,\"name\":\"Lana del Rey compr\u00f3 su vestido para los Grammys 2020 en un centro comercial\"}]},{\"@type\":\"WebSite\",\"@id\":\"https:\/\/graziamagazine.com\/mx\/#website\",\"url\":\"https:\/\/graziamagazine.com\/mx\/\",\"name\":\"Grazia M\u00e9xico y Latinoam\u00e9rica\",\"description\":\"Grazia es moda, belleza y noticias  de actualidad \",\"potentialAction\":[{\"@type\":\"SearchAction\",\"target\":{\"@type\":\"EntryPoint\",\"urlTemplate\":\"https:\/\/graziamagazine.com\/mx\/?s={search_term_string}\"},\"query-input\":\"required name=search_term_string\"}],\"inLanguage\":\"es-MX\"}]}<\/script>\n<!-- \/ Yoast SEO Premium plugin. -->","yoast_head_json":{"title":"Lana del Rey compr\u00f3 su vestido para los Grammys 2020 en un centro comercial | Grazia M\u00e9xico y Latinoam\u00e9rica","description":"Lana del Rey se atrevi\u00f3 a vestir algo diferente, y completamente fuera de lo com\u00fan, en la alfombra roja de los Grammys 2020 y ella misma te dice por qu\u00e9.","robots":{"index":"index","follow":"follow","max-snippet":"max-snippet:-1","max-image-preview":"max-image-preview:large","max-video-preview":"max-video-preview:-1"},"canonical":"https:\/\/graziamagazine.com\/mx\/articles\/lana-del-rey-compro-su-vestido-para-los-grammys-2020-en-un-centro-comercial\/","og_locale":"es_MX","og_type":"article","og_title":"Lana del Rey compr\u00f3 su vestido para los Grammys 2020 en un centro comercial","og_description":"Lana del Rey se atrevi\u00f3 a vestir algo diferente, y completamente fuera de lo com\u00fan, en la alfombra roja de los Grammys 2020 y ella misma te dice por qu\u00e9.","og_url":"https:\/\/graziamagazine.com\/mx\/articles\/lana-del-rey-compro-su-vestido-para-los-grammys-2020-en-un-centro-comercial\/","og_site_name":"Grazia M\u00e9xico y Latinoam\u00e9rica","article_modified_time":"2020-01-27T18:35:31+00:00","og_image":[{"width":2048,"height":1365,"url":"https:\/\/graziamagazine.com\/mx\/wp-content\/uploads\/sites\/13\/2020\/01\/lana-del-rey-compro-su-vestido-para-los-grammys-2020-en-un-centro-comercial-destacada.jpg?fit=2048%2C1365","type":"image\/jpeg"}],"twitter_card":"summary_large_image","twitter_misc":{"Est. reading time":"2 minutos"},"schema":{"@context":"https:\/\/schema.org","@graph":[{"@type":"WebPage","@id":"https:\/\/graziamagazine.com\/mx\/articles\/lana-del-rey-compro-su-vestido-para-los-grammys-2020-en-un-centro-comercial\/","url":"https:\/\/graziamagazine.com\/mx\/articles\/lana-del-rey-compro-su-vestido-para-los-grammys-2020-en-un-centro-comercial\/","name":"Lana del Rey compr\u00f3 su vestido para los Grammys 2020 en un centro comercial | Grazia M\u00e9xico y Latinoam\u00e9rica","isPartOf":{"@id":"https:\/\/graziamagazine.com\/mx\/#website"},"datePublished":"2020-01-27T18:33:22+00:00","dateModified":"2020-01-27T18:35:31+00:00","description":"Lana del Rey se atrevi\u00f3 a vestir algo diferente, y completamente fuera de lo com\u00fan, en la alfombra roja de los Grammys 2020 y ella misma te dice por qu\u00e9.","breadcrumb":{"@id":"https:\/\/graziamagazine.com\/mx\/articles\/lana-del-rey-compro-su-vestido-para-los-grammys-2020-en-un-centro-comercial\/#breadcrumb"},"inLanguage":"es-MX","potentialAction":[{"@type":"ReadAction","target":["https:\/\/graziamagazine.com\/mx\/articles\/lana-del-rey-compro-su-vestido-para-los-grammys-2020-en-un-centro-comercial\/"]}]},{"@type":"BreadcrumbList","@id":"https:\/\/graziamagazine.com\/mx\/articles\/lana-del-rey-compro-su-vestido-para-los-grammys-2020-en-un-centro-comercial\/#breadcrumb","itemListElement":[{"@type":"ListItem","position":1,"name":"Home","item":"https:\/\/graziamagazine.com\/mx\/"},{"@type":"ListItem","position":2,"name":"Lana del Rey compr\u00f3 su vestido para los Grammys 2020 en un centro comercial"}]},{"@type":"WebSite","@id":"https:\/\/graziamagazine.com\/mx\/#website","url":"https:\/\/graziamagazine.com\/mx\/","name":"Grazia M\u00e9xico y Latinoam\u00e9rica","description":"Grazia es moda, belleza y noticias  de actualidad ","potentialAction":[{"@type":"SearchAction","target":{"@type":"EntryPoint","urlTemplate":"https:\/\/graziamagazine.com\/mx\/?s={search_term_string}"},"query-input":"required name=search_term_string"}],"inLanguage":"es-MX"}]}},"jetpack_sharing_enabled":true,"distributor_meta":false,"distributor_terms":false,"distributor_media":false,"distributor_original_site_name":"Grazia M\u00e9xico y Latinoam\u00e9rica","distributor_original_site_url":"https:\/\/graziamagazine.com\/mx","push-errors":false,"_links":{"self":[{"href":"https:\/\/graziamagazine.com\/mx\/wp-json\/wp\/v2\/articles\/78266"}],"collection":[{"href":"https:\/\/graziamagazine.com\/mx\/wp-json\/wp\/v2\/articles"}],"about":[{"href":"https:\/\/graziamagazine.com\/mx\/wp-json\/wp\/v2\/types\/articles"}],"author":[{"embeddable":true,"href":"https:\/\/graziamagazine.com\/mx\/wp-json\/wp\/v2\/users\/11628"}],"wp:featuredmedia":[{"embeddable":true,"href":"https:\/\/graziamagazine.com\/mx\/wp-json\/wp\/v2\/media\/78273"}],"wp:attachment":[{"href":"https:\/\/graziamagazine.com\/mx\/wp-json\/wp\/v2\/media?parent=78266"}],"wp:term":[{"taxonomy":"category","embeddable":true,"href":"https:\/\/graziamagazine.com\/mx\/wp-json\/wp\/v2\/categories?post=78266"}],"curies":[{"name":"wp","href":"https:\/\/api.w.org\/{rel}","templated":true}]}}