{"id":78229,"date":"2020-01-27T11:27:12","date_gmt":"2020-01-27T16:27:12","guid":{"rendered":"https:\/\/graziamagazine.com\/mx\/?p=78229"},"modified":"2020-01-27T11:27:12","modified_gmt":"2020-01-27T16:27:12","slug":"los-mejores-looks-de-belleza-en-los-grammys-2020","status":"publish","type":"articles","link":"https:\/\/graziamagazine.com\/mx\/articles\/los-mejores-looks-de-belleza-en-los-grammys-2020\/","title":{"rendered":"Los mejores looks de belleza en los Grammys 2020"},"content":{"rendered":"<p>La alfombra roja es una de nuestras partes favoritas de los <strong>Grammys<\/strong>, pues no solo vemos los mejores looks de los nominados e invitados a la ceremonia, sino los <strong>beauty looks<\/strong> que nos sorprenden a su paso.\u00a0Esta vez el color del a\u00f1o, azul arras\u00f3 con el <em>makeup<\/em>.\u00a0Pero no solo fue la declaraci\u00f3n vibrante en los p\u00e1rpados, tambi\u00e9n cejas al natural y labios <em>glossy<\/em>. Hacemos un recuento a los mejores <em>looks<\/em> de belleza que conquistaron la\u00a0<em>red carpet<\/em> de la entrega n\u00famero 62 de la Recording Academy.<\/p>\n<h3>Dua Lipa<\/h3>\n<p>Dua Lipa decide usar el color azul, siendo uno de los <em>beauty looks<\/em> mas impactantes en los Grammys. Y es que las sombras azules contrastan perfecto con su piel, combinado con su peinado nos hace pensar que los noventa est\u00e1n de vuelta.<\/p>\n<p><a href=\"http:\/\/www.gettyimages.es\/detail\/1202161969\"id=\"4IdX0gQYRsdP3O47xc9aTw\" class=\"gie-single\" style=\"color: #a7a7a7; text-decoration: none; font-weight: normal !important; border: none; display: inline-block;\"  target=\"_blank\" rel=\"noopener\" target=\"_blank\">Embed from Getty Images<\/a><script>window.gie=window.gie||function(c){(gie.q=gie.q||[]).push(c)};gie(function(){gie.widgets.load({id:'4IdX0gQYRsdP3O47xc9aTw',sig:'tadyD12PsH5ylMSpPjf0tSHp4r1Jv_L4SDUowBjnaEs=',w:'424px',h:'594px',items:'1202161969',caption: true ,tld:'es',is360: false })});<\/script><script src='\/\/embed-cdn.gettyimages.com\/widgets.js' charset='utf-8' async><\/script><\/p>\n<h3>Billy Porter<\/h3>\n<p>Despu\u00e9s de levantar todas las miradas en la alfombra roja de los Grammys con un\u00a0<a href=\"https:\/\/graziamagazine.com\/mx\/los-sombreros-fueron-el-accesorio-estrella-en-la-alfombra-roja-de-los-grammys-2020\/\" target=\"_blank\" rel=\"noopener\">ic\u00f3nico sombrero<\/a>, el <em>makeup look<\/em> de\u00a0Billy tambi\u00e9n sorprendi\u00f3. Emulando la paleta de color que utiliz\u00f3 en su atuendo, el <em>performer<\/em> agreg\u00f3 sutiles toques en perlas plateadas, lo que\u00a0nos hace pensar que los met\u00e1licos pisaran fuerte este a\u00f1o.<\/p>\n<p><a href=\"http:\/\/www.gettyimages.es\/detail\/1202154690\"id=\"ziFWBJcLRCJat1jdnJVsvQ\" class=\"gie-single\" style=\"color: #a7a7a7; text-decoration: none; font-weight: normal !important; border: none; display: inline-block;\"  target=\"_blank\" rel=\"noopener\" target=\"_blank\">Embed from Getty Images<\/a><script>window.gie=window.gie||function(c){(gie.q=gie.q||[]).push(c)};gie(function(){gie.widgets.load({id:'ziFWBJcLRCJat1jdnJVsvQ',sig:'j_P-ABURO1aU12kDbgr-TZZAS6AKC-Xx5r-Ngw6pxvM=',w:'594px',h:'396px',items:'1202154690',caption: true ,tld:'es',is360: false })});<\/script><script src='\/\/embed-cdn.gettyimages.com\/widgets.js' charset='utf-8' async><\/script><\/p>\n<h3><strong>Billie Eilish<\/strong><\/h3>\n<p>Su cabello con ra\u00edces verde fluorescente ya es parte de su imagen. Sin embargo, en los Grammys la cantante quiso que el monograma de Gucci fuera el protagonista de su <em>look<\/em>, traslad\u00e1ndolo a su\u00a0<em>manicure<\/em> de u\u00f1as extra largas. Adem\u00e1s, su <em>makeup look<\/em> incluy\u00f3 labios\u00a0<em>glossy<\/em>, una de las tendencias m\u00e1s fuertes de la temporada.<\/p>\n<p><a href=\"http:\/\/www.gettyimages.es\/detail\/1202172973\"id=\"Mm81PujaSmRxGtEez9D4Ew\" class=\"gie-single\" style=\"color: #a7a7a7; text-decoration: none; font-weight: normal !important; border: none; display: inline-block;\"  target=\"_blank\" rel=\"noopener\" target=\"_blank\">Embed from Getty Images<\/a><script>window.gie=window.gie||function(c){(gie.q=gie.q||[]).push(c)};gie(function(){gie.widgets.load({id:'Mm81PujaSmRxGtEez9D4Ew',sig:'WEO1HNBS98X2Ddmc10er61zMlG8FSRvsZiJVXrvccxA=',w:'594px',h:'396px',items:'1202172973',caption: true ,tld:'es',is360: false })});<\/script><script src='\/\/embed-cdn.gettyimages.com\/widgets.js' charset='utf-8' async><\/script><\/p>\n<h3><strong>Jameela Jamil<\/strong><\/h3>\n<p>Jameela llev\u00f3 el pelo suelto con su caracter\u00edstico fleco y para su <em>makeup<\/em> combin\u00f3 el azul con un delineado en <em>glitter<\/em>\u00a0para abrir su mirada. Termin\u00f3 el <em>look<\/em> con labios naranjas para contrastar.<\/p>\n<p><a href=\"http:\/\/www.gettyimages.es\/detail\/1202163593\"id=\"u8P3SREKQb94KVsk6nQU2A\" class=\"gie-single\" style=\"color: #a7a7a7; text-decoration: none; font-weight: normal !important; border: none; display: inline-block;\"  target=\"_blank\" rel=\"noopener\" target=\"_blank\">Embed from Getty Images<\/a><script>window.gie=window.gie||function(c){(gie.q=gie.q||[]).push(c)};gie(function(){gie.widgets.load({id:'u8P3SREKQb94KVsk6nQU2A',sig:'ExJWOSfkWGx3VW6L4P624345TmWUZlu5mVojkyv3zJE=',w:'427px',h:'594px',items:'1202163593',caption: true ,tld:'es',is360: false })});<\/script><script src='\/\/embed-cdn.gettyimages.com\/widgets.js' charset='utf-8' async><\/script><\/p>\n<h3><strong>Ariana Grande<\/strong><\/h3>\n<p>La eterna reina de la <em>ponytail<\/em> nos record\u00f3 que su ic\u00f3nico <em>look<\/em> seguir\u00e1 siendo su mejor <em>statement<\/em>\u00a0sin importar los a\u00f1os. Complement\u00f3 con labios <em>glossy<\/em> y por su puesto <em>cat eye<\/em>. \u00bfTe gusta?<\/p>\n<p><a href=\"http:\/\/www.gettyimages.es\/detail\/1202163660\"id=\"sJMR0zHiR3VkYB1eEXsfMQ\" class=\"gie-slideshow\" style=\"color: #a7a7a7; text-decoration: none; font-weight: normal !important; border: none; display: inline-block;\"  target=\"_blank\" rel=\"noopener\" target=\"_blank\">Embed from Getty Images<\/a><script>window.gie=window.gie||function(c){(gie.q=gie.q||[]).push(c)};gie(function(){gie.widgets.load({id:'sJMR0zHiR3VkYB1eEXsfMQ',sig:'7A_89Hj9xoxbHoa_sOCxk2_lJ4N729GzFKmNxFXUpoM=',w:'396px',h:'594px',items:'1202163660,1202179390',caption: true ,tld:'es',is360: false })});<\/script><script src='\/\/embed-cdn.gettyimages.com\/widgets.js' charset='utf-8' async><\/script><\/p>\n<h3><strong>Lizzo<\/strong><\/h3>\n<p>Su <em>beauty look<\/em> para los Grammy 2020 nos encanta pues sus labios dictan la ultima tendencia en cuanto a maquillaje se refiere: efecto ombr\u00e9 en dos colores, degradando desde el mas oscuro hasta el mas claro. \u00bfTe atrever\u00edas a usar el efecto?<\/p>\n<p><a href=\"http:\/\/www.gettyimages.es\/detail\/1202136582\"id=\"Hqg3TCatQndlZzDbTbWNVA\" class=\"gie-single\" style=\"color: #a7a7a7; text-decoration: none; font-weight: normal !important; border: none; display: inline-block;\"  target=\"_blank\" rel=\"noopener\" target=\"_blank\">Embed from Getty Images<\/a><script>window.gie=window.gie||function(c){(gie.q=gie.q||[]).push(c)};gie(function(){gie.widgets.load({id:'Hqg3TCatQndlZzDbTbWNVA',sig:'EanYyV-Kjx1jlq6DZXJKnBbMULFQZX0n1ecvMk38UU4=',w:'433px',h:'594px',items:'1202136582',caption: true ,tld:'es',is360: false })});<\/script><script src='\/\/embed-cdn.gettyimages.com\/widgets.js' charset='utf-8' async><\/script><\/p>\n<h3>Rosal\u00eda<\/h3>\n<p>Opto por un maquillaje poco llamativo, en tonos neutros resaltando sus labios y cejas. Pero sin duda alguna, lo que m\u00e1s llamo la atenci\u00f3n fueron sus sorprendentes u\u00f1as extra largas.<\/p>\n<p><a href=\"http:\/\/www.gettyimages.es\/detail\/1202144587\"id=\"32BP9kEgSQVh-dta8x_AjQ\" class=\"gie-slideshow\" style=\"color: #a7a7a7; text-decoration: none; font-weight: normal !important; border: none; display: inline-block;\"  target=\"_blank\" rel=\"noopener\" target=\"_blank\">Embed from Getty Images<\/a><script>window.gie=window.gie||function(c){(gie.q=gie.q||[]).push(c)};gie(function(){gie.widgets.load({id:'32BP9kEgSQVh-dta8x_AjQ',sig:'jgviaKJ3V8XZWo8XkaUP72jYZCTq8nkSt4-RhbmCTqs=',w:'594px',h:'396px',items:'1202144587,1202153560',caption: true ,tld:'es',is360: false })});<\/script><script src='\/\/embed-cdn.gettyimages.com\/widgets.js' charset='utf-8' async><\/script><\/p>\n<h5><\/h5>\n<h5><em>*IMAGEN: Getty Images<\/em><\/h5>\n","protected":false},"author":11625,"featured_media":78249,"template":"","format":"standard","categories":[3],"acf":[],"yoast_head":"<!-- This site is optimized with the Yoast SEO Premium plugin v18.5 (Yoast SEO v20.4) - https:\/\/yoast.com\/wordpress\/plugins\/seo\/ -->\n<title>Los mejores looks de belleza en los Grammys 2020 | Grazia M\u00e9xico y Latinoam\u00e9rica<\/title>\n<meta name=\"description\" content=\"No solo vimos vestidos de impacto en los Grammys 2020, sino tambi\u00e9n looks de belleza para inspirarnos. Te dejamos nuestros favoritos.\" \/>\n<meta name=\"robots\" content=\"index, follow, max-snippet:-1, max-image-preview:large, max-video-preview:-1\" \/>\n<link rel=\"canonical\" href=\"https:\/\/graziamagazine.com\/mx\/articles\/los-mejores-looks-de-belleza-en-los-grammys-2020\/\" \/>\n<meta property=\"og:locale\" content=\"es_MX\" \/>\n<meta property=\"og:type\" content=\"article\" \/>\n<meta property=\"og:title\" content=\"Los mejores looks de belleza en los Grammys 2020\" \/>\n<meta property=\"og:description\" content=\"No solo vimos vestidos de impacto en los Grammys 2020, sino tambi\u00e9n looks de belleza para inspirarnos. Te dejamos nuestros favoritos.\" \/>\n<meta property=\"og:url\" content=\"https:\/\/graziamagazine.com\/mx\/articles\/los-mejores-looks-de-belleza-en-los-grammys-2020\/\" \/>\n<meta property=\"og:site_name\" content=\"Grazia M\u00e9xico y Latinoam\u00e9rica\" \/>\n<meta property=\"og:image\" content=\"https:\/\/graziamagazine.com\/mx\/wp-content\/uploads\/sites\/13\/2020\/01\/los-mejores-looks-de-belleza-en-los-grammys-2020-destacada.jpg?fit=4000%2C2666\" \/>\n\t<meta property=\"og:image:width\" content=\"4000\" \/>\n\t<meta property=\"og:image:height\" content=\"2666\" \/>\n\t<meta property=\"og:image:type\" content=\"image\/jpeg\" \/>\n<meta name=\"twitter:card\" content=\"summary_large_image\" \/>\n<meta name=\"twitter:label1\" content=\"Est. reading time\" \/>\n\t<meta name=\"twitter:data1\" content=\"2 minutos\" \/>\n<script type=\"application\/ld+json\" class=\"yoast-schema-graph\">{\"@context\":\"https:\/\/schema.org\",\"@graph\":[{\"@type\":\"WebPage\",\"@id\":\"https:\/\/graziamagazine.com\/mx\/articles\/los-mejores-looks-de-belleza-en-los-grammys-2020\/\",\"url\":\"https:\/\/graziamagazine.com\/mx\/articles\/los-mejores-looks-de-belleza-en-los-grammys-2020\/\",\"name\":\"Los mejores looks de belleza en los Grammys 2020 | Grazia M\u00e9xico y Latinoam\u00e9rica\",\"isPartOf\":{\"@id\":\"https:\/\/graziamagazine.com\/mx\/#website\"},\"datePublished\":\"2020-01-27T16:27:12+00:00\",\"dateModified\":\"2020-01-27T16:27:12+00:00\",\"description\":\"No solo vimos vestidos de impacto en los Grammys 2020, sino tambi\u00e9n looks de belleza para inspirarnos. Te dejamos nuestros favoritos.\",\"breadcrumb\":{\"@id\":\"https:\/\/graziamagazine.com\/mx\/articles\/los-mejores-looks-de-belleza-en-los-grammys-2020\/#breadcrumb\"},\"inLanguage\":\"es-MX\",\"potentialAction\":[{\"@type\":\"ReadAction\",\"target\":[\"https:\/\/graziamagazine.com\/mx\/articles\/los-mejores-looks-de-belleza-en-los-grammys-2020\/\"]}]},{\"@type\":\"BreadcrumbList\",\"@id\":\"https:\/\/graziamagazine.com\/mx\/articles\/los-mejores-looks-de-belleza-en-los-grammys-2020\/#breadcrumb\",\"itemListElement\":[{\"@type\":\"ListItem\",\"position\":1,\"name\":\"Home\",\"item\":\"https:\/\/graziamagazine.com\/mx\/\"},{\"@type\":\"ListItem\",\"position\":2,\"name\":\"Los mejores looks de belleza en los Grammys 2020\"}]},{\"@type\":\"WebSite\",\"@id\":\"https:\/\/graziamagazine.com\/mx\/#website\",\"url\":\"https:\/\/graziamagazine.com\/mx\/\",\"name\":\"Grazia M\u00e9xico y Latinoam\u00e9rica\",\"description\":\"Grazia es moda, belleza y noticias  de actualidad \",\"potentialAction\":[{\"@type\":\"SearchAction\",\"target\":{\"@type\":\"EntryPoint\",\"urlTemplate\":\"https:\/\/graziamagazine.com\/mx\/?s={search_term_string}\"},\"query-input\":\"required name=search_term_string\"}],\"inLanguage\":\"es-MX\"}]}<\/script>\n<!-- \/ Yoast SEO Premium plugin. -->","yoast_head_json":{"title":"Los mejores looks de belleza en los Grammys 2020 | Grazia M\u00e9xico y Latinoam\u00e9rica","description":"No solo vimos vestidos de impacto en los Grammys 2020, sino tambi\u00e9n looks de belleza para inspirarnos. Te dejamos nuestros favoritos.","robots":{"index":"index","follow":"follow","max-snippet":"max-snippet:-1","max-image-preview":"max-image-preview:large","max-video-preview":"max-video-preview:-1"},"canonical":"https:\/\/graziamagazine.com\/mx\/articles\/los-mejores-looks-de-belleza-en-los-grammys-2020\/","og_locale":"es_MX","og_type":"article","og_title":"Los mejores looks de belleza en los Grammys 2020","og_description":"No solo vimos vestidos de impacto en los Grammys 2020, sino tambi\u00e9n looks de belleza para inspirarnos. Te dejamos nuestros favoritos.","og_url":"https:\/\/graziamagazine.com\/mx\/articles\/los-mejores-looks-de-belleza-en-los-grammys-2020\/","og_site_name":"Grazia M\u00e9xico y Latinoam\u00e9rica","og_image":[{"width":4000,"height":2666,"url":"https:\/\/graziamagazine.com\/mx\/wp-content\/uploads\/sites\/13\/2020\/01\/los-mejores-looks-de-belleza-en-los-grammys-2020-destacada.jpg?fit=4000%2C2666","type":"image\/jpeg"}],"twitter_card":"summary_large_image","twitter_misc":{"Est. reading time":"2 minutos"},"schema":{"@context":"https:\/\/schema.org","@graph":[{"@type":"WebPage","@id":"https:\/\/graziamagazine.com\/mx\/articles\/los-mejores-looks-de-belleza-en-los-grammys-2020\/","url":"https:\/\/graziamagazine.com\/mx\/articles\/los-mejores-looks-de-belleza-en-los-grammys-2020\/","name":"Los mejores looks de belleza en los Grammys 2020 | Grazia M\u00e9xico y Latinoam\u00e9rica","isPartOf":{"@id":"https:\/\/graziamagazine.com\/mx\/#website"},"datePublished":"2020-01-27T16:27:12+00:00","dateModified":"2020-01-27T16:27:12+00:00","description":"No solo vimos vestidos de impacto en los Grammys 2020, sino tambi\u00e9n looks de belleza para inspirarnos. Te dejamos nuestros favoritos.","breadcrumb":{"@id":"https:\/\/graziamagazine.com\/mx\/articles\/los-mejores-looks-de-belleza-en-los-grammys-2020\/#breadcrumb"},"inLanguage":"es-MX","potentialAction":[{"@type":"ReadAction","target":["https:\/\/graziamagazine.com\/mx\/articles\/los-mejores-looks-de-belleza-en-los-grammys-2020\/"]}]},{"@type":"BreadcrumbList","@id":"https:\/\/graziamagazine.com\/mx\/articles\/los-mejores-looks-de-belleza-en-los-grammys-2020\/#breadcrumb","itemListElement":[{"@type":"ListItem","position":1,"name":"Home","item":"https:\/\/graziamagazine.com\/mx\/"},{"@type":"ListItem","position":2,"name":"Los mejores looks de belleza en los Grammys 2020"}]},{"@type":"WebSite","@id":"https:\/\/graziamagazine.com\/mx\/#website","url":"https:\/\/graziamagazine.com\/mx\/","name":"Grazia M\u00e9xico y Latinoam\u00e9rica","description":"Grazia es moda, belleza y noticias  de actualidad ","potentialAction":[{"@type":"SearchAction","target":{"@type":"EntryPoint","urlTemplate":"https:\/\/graziamagazine.com\/mx\/?s={search_term_string}"},"query-input":"required name=search_term_string"}],"inLanguage":"es-MX"}]}},"jetpack_sharing_enabled":true,"distributor_meta":false,"distributor_terms":false,"distributor_media":false,"distributor_original_site_name":"Grazia M\u00e9xico y Latinoam\u00e9rica","distributor_original_site_url":"https:\/\/graziamagazine.com\/mx","push-errors":false,"_links":{"self":[{"href":"https:\/\/graziamagazine.com\/mx\/wp-json\/wp\/v2\/articles\/78229"}],"collection":[{"href":"https:\/\/graziamagazine.com\/mx\/wp-json\/wp\/v2\/articles"}],"about":[{"href":"https:\/\/graziamagazine.com\/mx\/wp-json\/wp\/v2\/types\/articles"}],"author":[{"embeddable":true,"href":"https:\/\/graziamagazine.com\/mx\/wp-json\/wp\/v2\/users\/11625"}],"wp:featuredmedia":[{"embeddable":true,"href":"https:\/\/graziamagazine.com\/mx\/wp-json\/wp\/v2\/media\/78249"}],"wp:attachment":[{"href":"https:\/\/graziamagazine.com\/mx\/wp-json\/wp\/v2\/media?parent=78229"}],"wp:term":[{"taxonomy":"category","embeddable":true,"href":"https:\/\/graziamagazine.com\/mx\/wp-json\/wp\/v2\/categories?post=78229"}],"curies":[{"name":"wp","href":"https:\/\/api.w.org\/{rel}","templated":true}]}}