{"id":78197,"date":"2020-01-26T22:16:00","date_gmt":"2020-01-27T03:16:00","guid":{"rendered":"https:\/\/graziamagazine.com\/mx\/?p=78197"},"modified":"2020-01-26T22:18:47","modified_gmt":"2020-01-27T03:18:47","slug":"la-cancion-que-le-dedico-camila-cabello-a-su-papa-en-los-grammys","status":"publish","type":"articles","link":"https:\/\/graziamagazine.com\/mx\/articles\/la-cancion-que-le-dedico-camila-cabello-a-su-papa-en-los-grammys\/","title":{"rendered":"La canci\u00f3n que le dedic\u00f3 Camila Cabello a su pap\u00e1 en los Grammys"},"content":{"rendered":"<p>Los \u00c1ngeles est\u00e1 dando lugar a la entrega n\u00famero 62 de los <strong><em>Grammys<\/em><\/strong>, donde <strong>Tyler the Creator<\/strong>\u00a0ya dio una presentaci\u00f3n inolvidable y <strong>Lizzo<\/strong> gan\u00f3 el premio a Mejor actuaci\u00f3n solista pop. Pero eso no es lo que a todos tiene conmovidos, si no la nueva canci\u00f3n que <strong>Camila Cabello<\/strong> le dedic\u00f3 en vivo a su pap\u00e1.<\/p>\n<p>La actriz no solo est\u00e1 nominada a Mejor interpretaci\u00f3n d\u00fao o grupo por <em>Se\u00f1orita<\/em> con <strong>Shawn Mendes<\/strong>, pues en un vestido rosa y repleto de perlas, ya nos dio uno de los mejores momentos este a\u00f1o.<strong><em>\u00a0First Man <\/em><\/strong>es una melod\u00eda donde confirma a todo el mundo lo agradecida que est\u00e1 por el apoyo de su pap\u00e1 a lo largo de su vida y le record\u00f3 fue la primera persona que la am\u00f3.<\/p>\n<p>&#8220;Te prometo que me ama, \u00e9l nunca me lastimar\u00eda. T\u00fa me abrazaste tan fuerte y ahora alguien m\u00e1s puede, pero tu fuiste el primer hombre que realmente me am\u00f3. Ahora est\u00e1s en la autopista fingi\u00e9ndome una sonrisa y deseando decirle que no me merece, as\u00ed que tuve que parar el coche y voltear a verte para decirte: T\u00fa fuiste el primer hombre que realmente me am\u00f3&#8221;, dice una de las partes m\u00e1s emotivas de esta canci\u00f3n.<\/p>\n<p>Y es que c\u00f3mo no iba a hacer llorar a todos, si las pantallas el fondo del escenario proyectaban un video de su infancia acompa\u00f1ada de su padre. Y como broche de oro, cerr\u00f3 su espect\u00e1culo acerc\u00e1ndose a \u00e9l y cant\u00e1ndole de cerca. \u00a1Qu\u00e9 emotivo!, \u00bfno?<\/p>\n<div class=\"uHNKed Oh5wg\">\n<div class=\"PZPZlf bbVIQb\">\n<div class=\"ujudUb xpdxpnd\" data-mh=\"-1\" aria-hidden=\"true\"><\/div>\n<\/div>\n<\/div>\n<p>https:\/\/youtu.be\/lDyo1Y4uCWg<\/p>\n<h5><em>*IMAGEN: Getty Images<\/em><\/h5>\n","protected":false},"author":11656,"featured_media":78208,"template":"","format":"standard","categories":[2],"acf":[],"yoast_head":"<!-- This site is optimized with the Yoast SEO Premium plugin v18.5 (Yoast SEO v20.4) - https:\/\/yoast.com\/wordpress\/plugins\/seo\/ -->\n<title>La canci\u00f3n que le dedic\u00f3 Camila Cabello a su pap\u00e1 en los Grammys | Grazia M\u00e9xico y Latinoam\u00e9rica<\/title>\n<meta name=\"description\" content=\"Los Grammys llegaron una vez m\u00e1s y Camila Cabello ya nos dio uno de los momentos m\u00e1s emotivos del a\u00f1o. \u00a1No te lo pierdas!\" \/>\n<meta name=\"robots\" content=\"index, follow, max-snippet:-1, max-image-preview:large, max-video-preview:-1\" \/>\n<link rel=\"canonical\" href=\"https:\/\/graziamagazine.com\/mx\/articles\/la-cancion-que-le-dedico-camila-cabello-a-su-papa-en-los-grammys\/\" \/>\n<meta property=\"og:locale\" content=\"es_MX\" \/>\n<meta property=\"og:type\" content=\"article\" \/>\n<meta property=\"og:title\" content=\"La canci\u00f3n que le dedic\u00f3 Camila Cabello a su pap\u00e1 en los Grammys\" \/>\n<meta property=\"og:description\" content=\"Los Grammys llegaron una vez m\u00e1s y Camila Cabello ya nos dio uno de los momentos m\u00e1s emotivos del a\u00f1o. \u00a1No te lo pierdas!\" \/>\n<meta property=\"og:url\" content=\"https:\/\/graziamagazine.com\/mx\/articles\/la-cancion-que-le-dedico-camila-cabello-a-su-papa-en-los-grammys\/\" \/>\n<meta property=\"og:site_name\" content=\"Grazia M\u00e9xico y Latinoam\u00e9rica\" \/>\n<meta property=\"article:modified_time\" content=\"2020-01-27T03:18:47+00:00\" \/>\n<meta property=\"og:image\" content=\"https:\/\/graziamagazine.com\/mx\/wp-content\/uploads\/sites\/13\/2020\/01\/la-cancion-que-le-dedico-camila-cabello-a-su-papa-en-los-grammys-destacada-1.jpg?fit=970%2C546\" \/>\n\t<meta property=\"og:image:width\" content=\"970\" \/>\n\t<meta property=\"og:image:height\" content=\"546\" \/>\n\t<meta property=\"og:image:type\" content=\"image\/jpeg\" \/>\n<meta name=\"twitter:card\" content=\"summary_large_image\" \/>\n<meta name=\"twitter:label1\" content=\"Est. reading time\" \/>\n\t<meta name=\"twitter:data1\" content=\"1 minuto\" \/>\n<script type=\"application\/ld+json\" class=\"yoast-schema-graph\">{\"@context\":\"https:\/\/schema.org\",\"@graph\":[{\"@type\":\"WebPage\",\"@id\":\"https:\/\/graziamagazine.com\/mx\/articles\/la-cancion-que-le-dedico-camila-cabello-a-su-papa-en-los-grammys\/\",\"url\":\"https:\/\/graziamagazine.com\/mx\/articles\/la-cancion-que-le-dedico-camila-cabello-a-su-papa-en-los-grammys\/\",\"name\":\"La canci\u00f3n que le dedic\u00f3 Camila Cabello a su pap\u00e1 en los Grammys | Grazia M\u00e9xico y Latinoam\u00e9rica\",\"isPartOf\":{\"@id\":\"https:\/\/graziamagazine.com\/mx\/#website\"},\"datePublished\":\"2020-01-27T03:16:00+00:00\",\"dateModified\":\"2020-01-27T03:18:47+00:00\",\"description\":\"Los Grammys llegaron una vez m\u00e1s y Camila Cabello ya nos dio uno de los momentos m\u00e1s emotivos del a\u00f1o. \u00a1No te lo pierdas!\",\"breadcrumb\":{\"@id\":\"https:\/\/graziamagazine.com\/mx\/articles\/la-cancion-que-le-dedico-camila-cabello-a-su-papa-en-los-grammys\/#breadcrumb\"},\"inLanguage\":\"es-MX\",\"potentialAction\":[{\"@type\":\"ReadAction\",\"target\":[\"https:\/\/graziamagazine.com\/mx\/articles\/la-cancion-que-le-dedico-camila-cabello-a-su-papa-en-los-grammys\/\"]}]},{\"@type\":\"BreadcrumbList\",\"@id\":\"https:\/\/graziamagazine.com\/mx\/articles\/la-cancion-que-le-dedico-camila-cabello-a-su-papa-en-los-grammys\/#breadcrumb\",\"itemListElement\":[{\"@type\":\"ListItem\",\"position\":1,\"name\":\"Home\",\"item\":\"https:\/\/graziamagazine.com\/mx\/\"},{\"@type\":\"ListItem\",\"position\":2,\"name\":\"La canci\u00f3n que le dedic\u00f3 Camila Cabello a su pap\u00e1 en los Grammys\"}]},{\"@type\":\"WebSite\",\"@id\":\"https:\/\/graziamagazine.com\/mx\/#website\",\"url\":\"https:\/\/graziamagazine.com\/mx\/\",\"name\":\"Grazia M\u00e9xico y Latinoam\u00e9rica\",\"description\":\"Grazia es moda, belleza y noticias  de actualidad \",\"potentialAction\":[{\"@type\":\"SearchAction\",\"target\":{\"@type\":\"EntryPoint\",\"urlTemplate\":\"https:\/\/graziamagazine.com\/mx\/?s={search_term_string}\"},\"query-input\":\"required name=search_term_string\"}],\"inLanguage\":\"es-MX\"}]}<\/script>\n<!-- \/ Yoast SEO Premium plugin. -->","yoast_head_json":{"title":"La canci\u00f3n que le dedic\u00f3 Camila Cabello a su pap\u00e1 en los Grammys | Grazia M\u00e9xico y Latinoam\u00e9rica","description":"Los Grammys llegaron una vez m\u00e1s y Camila Cabello ya nos dio uno de los momentos m\u00e1s emotivos del a\u00f1o. \u00a1No te lo pierdas!","robots":{"index":"index","follow":"follow","max-snippet":"max-snippet:-1","max-image-preview":"max-image-preview:large","max-video-preview":"max-video-preview:-1"},"canonical":"https:\/\/graziamagazine.com\/mx\/articles\/la-cancion-que-le-dedico-camila-cabello-a-su-papa-en-los-grammys\/","og_locale":"es_MX","og_type":"article","og_title":"La canci\u00f3n que le dedic\u00f3 Camila Cabello a su pap\u00e1 en los Grammys","og_description":"Los Grammys llegaron una vez m\u00e1s y Camila Cabello ya nos dio uno de los momentos m\u00e1s emotivos del a\u00f1o. \u00a1No te lo pierdas!","og_url":"https:\/\/graziamagazine.com\/mx\/articles\/la-cancion-que-le-dedico-camila-cabello-a-su-papa-en-los-grammys\/","og_site_name":"Grazia M\u00e9xico y Latinoam\u00e9rica","article_modified_time":"2020-01-27T03:18:47+00:00","og_image":[{"width":970,"height":546,"url":"https:\/\/graziamagazine.com\/mx\/wp-content\/uploads\/sites\/13\/2020\/01\/la-cancion-que-le-dedico-camila-cabello-a-su-papa-en-los-grammys-destacada-1.jpg?fit=970%2C546","type":"image\/jpeg"}],"twitter_card":"summary_large_image","twitter_misc":{"Est. reading time":"1 minuto"},"schema":{"@context":"https:\/\/schema.org","@graph":[{"@type":"WebPage","@id":"https:\/\/graziamagazine.com\/mx\/articles\/la-cancion-que-le-dedico-camila-cabello-a-su-papa-en-los-grammys\/","url":"https:\/\/graziamagazine.com\/mx\/articles\/la-cancion-que-le-dedico-camila-cabello-a-su-papa-en-los-grammys\/","name":"La canci\u00f3n que le dedic\u00f3 Camila Cabello a su pap\u00e1 en los Grammys | Grazia M\u00e9xico y Latinoam\u00e9rica","isPartOf":{"@id":"https:\/\/graziamagazine.com\/mx\/#website"},"datePublished":"2020-01-27T03:16:00+00:00","dateModified":"2020-01-27T03:18:47+00:00","description":"Los Grammys llegaron una vez m\u00e1s y Camila Cabello ya nos dio uno de los momentos m\u00e1s emotivos del a\u00f1o. \u00a1No te lo pierdas!","breadcrumb":{"@id":"https:\/\/graziamagazine.com\/mx\/articles\/la-cancion-que-le-dedico-camila-cabello-a-su-papa-en-los-grammys\/#breadcrumb"},"inLanguage":"es-MX","potentialAction":[{"@type":"ReadAction","target":["https:\/\/graziamagazine.com\/mx\/articles\/la-cancion-que-le-dedico-camila-cabello-a-su-papa-en-los-grammys\/"]}]},{"@type":"BreadcrumbList","@id":"https:\/\/graziamagazine.com\/mx\/articles\/la-cancion-que-le-dedico-camila-cabello-a-su-papa-en-los-grammys\/#breadcrumb","itemListElement":[{"@type":"ListItem","position":1,"name":"Home","item":"https:\/\/graziamagazine.com\/mx\/"},{"@type":"ListItem","position":2,"name":"La canci\u00f3n que le dedic\u00f3 Camila Cabello a su pap\u00e1 en los Grammys"}]},{"@type":"WebSite","@id":"https:\/\/graziamagazine.com\/mx\/#website","url":"https:\/\/graziamagazine.com\/mx\/","name":"Grazia M\u00e9xico y Latinoam\u00e9rica","description":"Grazia es moda, belleza y noticias  de actualidad ","potentialAction":[{"@type":"SearchAction","target":{"@type":"EntryPoint","urlTemplate":"https:\/\/graziamagazine.com\/mx\/?s={search_term_string}"},"query-input":"required name=search_term_string"}],"inLanguage":"es-MX"}]}},"jetpack_sharing_enabled":true,"distributor_meta":false,"distributor_terms":false,"distributor_media":false,"distributor_original_site_name":"Grazia M\u00e9xico y Latinoam\u00e9rica","distributor_original_site_url":"https:\/\/graziamagazine.com\/mx","push-errors":false,"_links":{"self":[{"href":"https:\/\/graziamagazine.com\/mx\/wp-json\/wp\/v2\/articles\/78197"}],"collection":[{"href":"https:\/\/graziamagazine.com\/mx\/wp-json\/wp\/v2\/articles"}],"about":[{"href":"https:\/\/graziamagazine.com\/mx\/wp-json\/wp\/v2\/types\/articles"}],"author":[{"embeddable":true,"href":"https:\/\/graziamagazine.com\/mx\/wp-json\/wp\/v2\/users\/11656"}],"wp:featuredmedia":[{"embeddable":true,"href":"https:\/\/graziamagazine.com\/mx\/wp-json\/wp\/v2\/media\/78208"}],"wp:attachment":[{"href":"https:\/\/graziamagazine.com\/mx\/wp-json\/wp\/v2\/media?parent=78197"}],"wp:term":[{"taxonomy":"category","embeddable":true,"href":"https:\/\/graziamagazine.com\/mx\/wp-json\/wp\/v2\/categories?post=78197"}],"curies":[{"name":"wp","href":"https:\/\/api.w.org\/{rel}","templated":true}]}}