{"id":77925,"date":"2020-01-27T15:10:15","date_gmt":"2020-01-27T20:10:15","guid":{"rendered":"https:\/\/graziamagazine.com\/mx\/?p=77925"},"modified":"2020-01-27T15:10:15","modified_gmt":"2020-01-27T20:10:15","slug":"8-tendencias-del-street-style-en-la-semana-de-alta-costura","status":"publish","type":"articles","link":"https:\/\/graziamagazine.com\/mx\/articles\/8-tendencias-del-street-style-en-la-semana-de-alta-costura\/","title":{"rendered":"8 tendencias del street style en la semana de Alta Costura"},"content":{"rendered":"<p>Cada semana de la moda viene acompa\u00f1ado de un sinf\u00edn de im\u00e1genes de\u00a0<strong><em>street style<\/em><\/strong>\u00a0para inspirarnos todas las ma\u00f1anas. La <strong>semana de la<\/strong> <strong>Alta Costura<\/strong> no es excepci\u00f3n y es probablemente una de las m\u00e1s emocionantes en cuanto a estilo se refiere. No solo las modelos del momento son fotografiadas al salir de su hotel o llegando a un <em>show<\/em> para caminar la pasarela, sino tambi\u00e9n celebridades,\u00a0<em>influencers<\/em>, clientes y editores. Apoder\u00e1ndose de las calles, las personalidades dictaron las tendencias que estaremos emulando en los pr\u00f3ximos meses y aqu\u00ed enlistamos ocho:<\/p>\n<h3><em>Total Look<\/em> Dior<\/h3>\n<p><a href=\"https:\/\/graziamagazine.com\/mx\/la-evolucion-femenina-fue-el-tema-para-dior-alta-costura-primavera-verano-2020\/\" target=\"_blank\" rel=\"noopener\"><strong>Dior<\/strong><\/a> est\u00e1 en su punto m\u00e1s alto. Y es que <strong>Maria Grazia Chiuri<\/strong> lleva reinventando la <em>maison<\/em>\u00a0con un lenguaje que las mujeres se sienten identificadas, as\u00ed que es completamente l\u00f3gico que el <em>street style<\/em> de la Alta Costura se plague de sus dise\u00f1os. Bolsos, joyer\u00eda, vestidos y zapatos, todos de las m\u00e1s recientes colecciones que la italiana ha creado. Pero lo interesante es ver c\u00f3mo cada\u00a0<em>influencer<\/em> le da su propio giro de personalidad.<\/p>\n<p><a href=\"http:\/\/www.gettyimages.es\/detail\/1200895572\"id=\"5FYuxzrnSqJhwyTnAIakIg\" class=\"gie-slideshow\" style=\"color: #a7a7a7; text-decoration: none; font-weight: normal !important; border: none; display: inline-block;\"  target=\"_blank\" rel=\"noopener\" target=\"_blank\">Embed from Getty Images<\/a><script>window.gie=window.gie||function(c){(gie.q=gie.q||[]).push(c)};gie(function(){gie.widgets.load({id:'5FYuxzrnSqJhwyTnAIakIg',sig:'W6oh1y-aD3HF95m4wTfiO92DTndBs92lugW9qxwcSao=',w:'396px',h:'594px',items:'1200895572,1097652914,1125447069',caption: true ,tld:'es',is360: false })});<\/script><script src='\/\/embed-cdn.gettyimages.com\/widgets.js' charset='utf-8' async><\/script><\/p>\n<h3><em>Oversized Blazer<\/em><\/h3>\n<p>Hablemos de tendencias que perduran como el <em>oversized blazer<\/em>. Si bien, esta prenda se ha convertido en un b\u00e1sico del cl\u00f3set y las personalidades que atestan las calles de los tres d\u00edas de Alta Costura, nunca escatiman en agregarlo a sus\u00a0<em>looks<\/em>. Adem\u00e1s es un toque cl\u00e1sico y atemporal que jam\u00e1s te har\u00e1 pasar desapercibida.<\/p>\n<p><a href=\"http:\/\/www.gettyimages.es\/detail\/1159296693\"id=\"Biynka5pTmxAKpjUCTyppQ\" class=\"gie-slideshow\" style=\"color: #a7a7a7; text-decoration: none; font-weight: normal !important; border: none; display: inline-block;\"  target=\"_blank\" rel=\"noopener\" target=\"_blank\">Embed from Getty Images<\/a><script>window.gie=window.gie||function(c){(gie.q=gie.q||[]).push(c)};gie(function(){gie.widgets.load({id:'Biynka5pTmxAKpjUCTyppQ',sig:'A_KFs1YN9bRyNMIXlvyPXcKvtvrpyOWrfbDvo-j3d6Y=',w:'396px',h:'594px',items:'1159296693,1200815676,1201024671,1200990195',caption: true ,tld:'es',is360: false })});<\/script><script src='\/\/embed-cdn.gettyimages.com\/widgets.js' charset='utf-8' async><\/script><\/p>\n<h3>Jacquemus<\/h3>\n<p>El dise\u00f1ador del momento sigue abri\u00e9ndose mercado, pues todos, absolutamente <em>todos<\/em>, quieren tener al menos un\u00a0<em>micro bag<\/em> firmado por <strong>Jacquemus<\/strong>. Y se vuelve m\u00e1s divertido cuando juegas en bloques de color con estos bolsos.<\/p>\n<p><a href=\"http:\/\/www.gettyimages.es\/detail\/1200827845\"id=\"xbeh-bETSmtCAftSOXxYnQ\" class=\"gie-single\" style=\"color: #a7a7a7; text-decoration: none; font-weight: normal !important; border: none; display: inline-block;\"  target=\"_blank\" rel=\"noopener\" target=\"_blank\">Embed from Getty Images<\/a><script>window.gie=window.gie||function(c){(gie.q=gie.q||[]).push(c)};gie(function(){gie.widgets.load({id:'xbeh-bETSmtCAftSOXxYnQ',sig:'OuJRT1QHhfF9HQqQfGgLgtHerp45qdRF0fAhB2xZZ_o=',w:'416px',h:'594px',items:'1200827845',caption: true ,tld:'es',is360: false })});<\/script><script src='\/\/embed-cdn.gettyimages.com\/widgets.js' charset='utf-8' async><\/script><\/p>\n<h3>Tart\u00e1n<\/h3>\n<p>Uno de los estampados m\u00e1s cl\u00e1sicos de la moda y que ahora es un s\u00edmbolo de estilo andr\u00f3gino. Hoy, el tart\u00e1n regresa con un como un gui\u00f1o moderno, pues se ti\u00f1e de distintos colores.<\/p>\n<p><a href=\"http:\/\/www.gettyimages.es\/detail\/1201328166\"id=\"U-ZbVAVtQBBde7g83gCRrw\" class=\"gie-slideshow\" style=\"color: #a7a7a7; text-decoration: none; font-weight: normal !important; border: none; display: inline-block;\"  target=\"_blank\" rel=\"noopener\" target=\"_blank\">Embed from Getty Images<\/a><script>window.gie=window.gie||function(c){(gie.q=gie.q||[]).push(c)};gie(function(){gie.widgets.load({id:'U-ZbVAVtQBBde7g83gCRrw',sig:'UxgYtTEQEqrKRX9RWck2hduemypDpGqYaIV00KsOE6g=',w:'413px',h:'594px',items:'1201328166,1201039701,1201041851,1200798092',caption: true ,tld:'es',is360: false })});<\/script><script src='\/\/embed-cdn.gettyimages.com\/widgets.js' charset='utf-8' async><\/script><\/p>\n<h3><em>Animal Print<\/em><\/h3>\n<p>Hay personas que destacan el <em>animal print<\/em> como el nuevo negro. Y es que aunque pensemos que ya va de salida, los estampados que aluden a animales siempre encuentran la manera de regresar a las pasarelas y al <em>street style<\/em>. La semana de la Alta Costura reafirma su poder una vez m\u00e1s.<\/p>\n<p><a href=\"http:\/\/www.gettyimages.es\/detail\/1160088019\"id=\"9exvPPToRBJa8kAvimrx1Q\" class=\"gie-slideshow\" style=\"color: #a7a7a7; text-decoration: none; font-weight: normal !important; border: none; display: inline-block;\"  target=\"_blank\" rel=\"noopener\" target=\"_blank\">Embed from Getty Images<\/a><script>window.gie=window.gie||function(c){(gie.q=gie.q||[]).push(c)};gie(function(){gie.widgets.load({id:'9exvPPToRBJa8kAvimrx1Q',sig:'cUt4mCdo2_KBwXWkQowG8sBhoTeb9NvTJotcqszFlLQ=',w:'395px',h:'594px',items:'1160088019,1159552137,1201031156,1159876971,1097543528',caption: true ,tld:'es',is360: false })});<\/script><script src='\/\/embed-cdn.gettyimages.com\/widgets.js' charset='utf-8' async><\/script><\/p>\n<h3>Constrastes en azul<\/h3>\n<p><a href=\"https:\/\/graziamagazine.com\/mx\/no-mas-tonos-rosas-la-nueva-decada-empieza-con-el-color-azul\/\" target=\"_blank\" rel=\"noopener\">Este a\u00f1o el color es el azul<\/a>. En tan solo unas semanas del 2020, este tono se ha convertido en el favorito de todas las industrias creativas y el <em>street style<\/em> de la semana de la Alta Costura lo confirma para la moda. Dej\u00e1ndose ver en todas sus tonalidades, este color cae como anillo al dedo en tiempos cuando el minimalismo est\u00e1 de regreso.<\/p>\n<p><a href=\"http:\/\/www.gettyimages.es\/detail\/1201021132\"id=\"KNNs9Xs4R5lR3RA47Stejw\" class=\"gie-slideshow\" style=\"color: #a7a7a7; text-decoration: none; font-weight: normal !important; border: none; display: inline-block;\"  target=\"_blank\" rel=\"noopener\" target=\"_blank\">Embed from Getty Images<\/a><script>window.gie=window.gie||function(c){(gie.q=gie.q||[]).push(c)};gie(function(){gie.widgets.load({id:'KNNs9Xs4R5lR3RA47Stejw',sig:'BK3-QRAW__2yOfFdPComTIPH89g0Th4b8WvcJyAcjKQ=',w:'412px',h:'594px',items:'1201021132,1160087956',caption: true ,tld:'es',is360: false })});<\/script><script src='\/\/embed-cdn.gettyimages.com\/widgets.js' charset='utf-8' async><\/script><\/p>\n<h3><em>All White<\/em><\/h3>\n<p>El blanco es perfecto para la transici\u00f3n de temporada. Y aunque a\u00fan estemos a unas semanas del cambio en climas, la realidad es que el tono es perfecto para lucir extraordinaria sin ser tan invernal o tan primaveral. Lo mejor es que puedes darle un contraste de color con tonos vibrantes en accesorios, bolsos o zapatos.<\/p>\n<p><a href=\"http:\/\/www.gettyimages.es\/detail\/1160037009\"id=\"-0HzJ56JQvZ6j_XJsETFaw\" class=\"gie-slideshow\" style=\"color: #a7a7a7; text-decoration: none; font-weight: normal !important; border: none; display: inline-block;\"  target=\"_blank\" rel=\"noopener\" target=\"_blank\">Embed from Getty Images<\/a><script>window.gie=window.gie||function(c){(gie.q=gie.q||[]).push(c)};gie(function(){gie.widgets.load({id:'-0HzJ56JQvZ6j_XJsETFaw',sig:'Zo4Q6RaA27-ip6hsCAYf2LQqMKIbQE1J8WvjQ7MIoo0=',w:'396px',h:'594px',items:'1160037009,1159877082,1159288206,1160391864,1160754671',caption: true ,tld:'es',is360: false })});<\/script><script src='\/\/embed-cdn.gettyimages.com\/widgets.js' charset='utf-8' async><\/script><\/p>\n<h3>Derivados del\u00a0<em>nude<\/em><\/h3>\n<p>En tiempos del renacimiento del minimalismo, el\u00a0<em>nude<\/em> en cualquiera de sus presentaciones es el favorito para vestir. La realidad es que es un color que se lleva bien con todos y que incluso luce espectacular monocrom\u00e1tico. Adem\u00e1s en Par\u00eds, el contraste con el caracter\u00edstico estilo arquitect\u00f3nico de la ciudad, lo hace ver mucho m\u00e1s\u00a0<em>chic<\/em>.<\/p>\n<p><a href=\"http:\/\/www.gettyimages.es\/detail\/1201330387\"id=\"ZPhUnC6zQ2dqJ6As7BZjFw\" class=\"gie-slideshow\" style=\"color: #a7a7a7; text-decoration: none; font-weight: normal !important; border: none; display: inline-block;\"  target=\"_blank\" rel=\"noopener\" target=\"_blank\">Embed from Getty Images<\/a><script>window.gie=window.gie||function(c){(gie.q=gie.q||[]).push(c)};gie(function(){gie.widgets.load({id:'ZPhUnC6zQ2dqJ6As7BZjFw',sig:'cKF7OhjFirRK3pemLrUYB53xJxTa9maB2Xy5kZET1fM=',w:'594px',h:'396px',items:'1201330387,1201306848,1201026361,1159862781,1173679132',caption: true ,tld:'es',is360: false })});<\/script><script src='\/\/embed-cdn.gettyimages.com\/widgets.js' charset='utf-8' async><\/script><\/p>\n<h5><\/h5>\n<h5><em>*IMAGEN: Getty Images<\/em><\/h5>\n","protected":false},"author":11625,"featured_media":78292,"template":"","format":"standard","categories":[4],"acf":[],"yoast_head":"<!-- This site is optimized with the Yoast SEO Premium plugin v18.5 (Yoast SEO v20.4) - https:\/\/yoast.com\/wordpress\/plugins\/seo\/ -->\n<title>8 tendencias del street style en la semana de Alta Costura | Grazia M\u00e9xico y Latinoam\u00e9rica<\/title>\n<meta name=\"description\" content=\"La semana de la Alta Costura en Par\u00eds nos ha dejado impresionantes colecciones, sin olvidar mencionar las tendencias que marca el street style.\" \/>\n<meta name=\"robots\" content=\"index, follow, max-snippet:-1, max-image-preview:large, max-video-preview:-1\" \/>\n<link rel=\"canonical\" href=\"https:\/\/graziamagazine.com\/mx\/articles\/8-tendencias-del-street-style-en-la-semana-de-alta-costura\/\" \/>\n<meta property=\"og:locale\" content=\"es_MX\" \/>\n<meta property=\"og:type\" content=\"article\" \/>\n<meta property=\"og:title\" content=\"8 tendencias del street style en la semana de Alta Costura\" \/>\n<meta property=\"og:description\" content=\"La semana de la Alta Costura en Par\u00eds nos ha dejado impresionantes colecciones, sin olvidar mencionar las tendencias que marca el street style.\" \/>\n<meta property=\"og:url\" content=\"https:\/\/graziamagazine.com\/mx\/articles\/8-tendencias-del-street-style-en-la-semana-de-alta-costura\/\" \/>\n<meta property=\"og:site_name\" content=\"Grazia M\u00e9xico y Latinoam\u00e9rica\" \/>\n<meta property=\"og:image\" content=\"https:\/\/graziamagazine.com\/mx\/wp-content\/uploads\/sites\/13\/2020\/01\/8-tendencias-del-street-style-en-la-semana-de-alta-costura-destacada.jpg\" \/>\n\t<meta property=\"og:image:width\" content=\"1880\" \/>\n\t<meta property=\"og:image:height\" content=\"1253\" \/>\n\t<meta property=\"og:image:type\" content=\"image\/jpeg\" \/>\n<meta name=\"twitter:card\" content=\"summary_large_image\" \/>\n<meta name=\"twitter:label1\" content=\"Est. reading time\" \/>\n\t<meta name=\"twitter:data1\" content=\"3 minutos\" \/>\n<script type=\"application\/ld+json\" class=\"yoast-schema-graph\">{\"@context\":\"https:\/\/schema.org\",\"@graph\":[{\"@type\":\"WebPage\",\"@id\":\"https:\/\/graziamagazine.com\/mx\/articles\/8-tendencias-del-street-style-en-la-semana-de-alta-costura\/\",\"url\":\"https:\/\/graziamagazine.com\/mx\/articles\/8-tendencias-del-street-style-en-la-semana-de-alta-costura\/\",\"name\":\"8 tendencias del street style en la semana de Alta Costura | Grazia M\u00e9xico y Latinoam\u00e9rica\",\"isPartOf\":{\"@id\":\"https:\/\/graziamagazine.com\/mx\/#website\"},\"datePublished\":\"2020-01-27T20:10:15+00:00\",\"dateModified\":\"2020-01-27T20:10:15+00:00\",\"description\":\"La semana de la Alta Costura en Par\u00eds nos ha dejado impresionantes colecciones, sin olvidar mencionar las tendencias que marca el street style.\",\"breadcrumb\":{\"@id\":\"https:\/\/graziamagazine.com\/mx\/articles\/8-tendencias-del-street-style-en-la-semana-de-alta-costura\/#breadcrumb\"},\"inLanguage\":\"es-MX\",\"potentialAction\":[{\"@type\":\"ReadAction\",\"target\":[\"https:\/\/graziamagazine.com\/mx\/articles\/8-tendencias-del-street-style-en-la-semana-de-alta-costura\/\"]}]},{\"@type\":\"BreadcrumbList\",\"@id\":\"https:\/\/graziamagazine.com\/mx\/articles\/8-tendencias-del-street-style-en-la-semana-de-alta-costura\/#breadcrumb\",\"itemListElement\":[{\"@type\":\"ListItem\",\"position\":1,\"name\":\"Home\",\"item\":\"https:\/\/graziamagazine.com\/mx\/\"},{\"@type\":\"ListItem\",\"position\":2,\"name\":\"8 tendencias del street style en la semana de Alta Costura\"}]},{\"@type\":\"WebSite\",\"@id\":\"https:\/\/graziamagazine.com\/mx\/#website\",\"url\":\"https:\/\/graziamagazine.com\/mx\/\",\"name\":\"Grazia M\u00e9xico y Latinoam\u00e9rica\",\"description\":\"Grazia es moda, belleza y noticias  de actualidad \",\"potentialAction\":[{\"@type\":\"SearchAction\",\"target\":{\"@type\":\"EntryPoint\",\"urlTemplate\":\"https:\/\/graziamagazine.com\/mx\/?s={search_term_string}\"},\"query-input\":\"required name=search_term_string\"}],\"inLanguage\":\"es-MX\"}]}<\/script>\n<!-- \/ Yoast SEO Premium plugin. -->","yoast_head_json":{"title":"8 tendencias del street style en la semana de Alta Costura | Grazia M\u00e9xico y Latinoam\u00e9rica","description":"La semana de la Alta Costura en Par\u00eds nos ha dejado impresionantes colecciones, sin olvidar mencionar las tendencias que marca el street style.","robots":{"index":"index","follow":"follow","max-snippet":"max-snippet:-1","max-image-preview":"max-image-preview:large","max-video-preview":"max-video-preview:-1"},"canonical":"https:\/\/graziamagazine.com\/mx\/articles\/8-tendencias-del-street-style-en-la-semana-de-alta-costura\/","og_locale":"es_MX","og_type":"article","og_title":"8 tendencias del street style en la semana de Alta Costura","og_description":"La semana de la Alta Costura en Par\u00eds nos ha dejado impresionantes colecciones, sin olvidar mencionar las tendencias que marca el street style.","og_url":"https:\/\/graziamagazine.com\/mx\/articles\/8-tendencias-del-street-style-en-la-semana-de-alta-costura\/","og_site_name":"Grazia M\u00e9xico y Latinoam\u00e9rica","og_image":[{"width":1880,"height":1253,"url":"https:\/\/graziamagazine.com\/mx\/wp-content\/uploads\/sites\/13\/2020\/01\/8-tendencias-del-street-style-en-la-semana-de-alta-costura-destacada.jpg","type":"image\/jpeg"}],"twitter_card":"summary_large_image","twitter_misc":{"Est. reading time":"3 minutos"},"schema":{"@context":"https:\/\/schema.org","@graph":[{"@type":"WebPage","@id":"https:\/\/graziamagazine.com\/mx\/articles\/8-tendencias-del-street-style-en-la-semana-de-alta-costura\/","url":"https:\/\/graziamagazine.com\/mx\/articles\/8-tendencias-del-street-style-en-la-semana-de-alta-costura\/","name":"8 tendencias del street style en la semana de Alta Costura | Grazia M\u00e9xico y Latinoam\u00e9rica","isPartOf":{"@id":"https:\/\/graziamagazine.com\/mx\/#website"},"datePublished":"2020-01-27T20:10:15+00:00","dateModified":"2020-01-27T20:10:15+00:00","description":"La semana de la Alta Costura en Par\u00eds nos ha dejado impresionantes colecciones, sin olvidar mencionar las tendencias que marca el street style.","breadcrumb":{"@id":"https:\/\/graziamagazine.com\/mx\/articles\/8-tendencias-del-street-style-en-la-semana-de-alta-costura\/#breadcrumb"},"inLanguage":"es-MX","potentialAction":[{"@type":"ReadAction","target":["https:\/\/graziamagazine.com\/mx\/articles\/8-tendencias-del-street-style-en-la-semana-de-alta-costura\/"]}]},{"@type":"BreadcrumbList","@id":"https:\/\/graziamagazine.com\/mx\/articles\/8-tendencias-del-street-style-en-la-semana-de-alta-costura\/#breadcrumb","itemListElement":[{"@type":"ListItem","position":1,"name":"Home","item":"https:\/\/graziamagazine.com\/mx\/"},{"@type":"ListItem","position":2,"name":"8 tendencias del street style en la semana de Alta Costura"}]},{"@type":"WebSite","@id":"https:\/\/graziamagazine.com\/mx\/#website","url":"https:\/\/graziamagazine.com\/mx\/","name":"Grazia M\u00e9xico y Latinoam\u00e9rica","description":"Grazia es moda, belleza y noticias  de actualidad ","potentialAction":[{"@type":"SearchAction","target":{"@type":"EntryPoint","urlTemplate":"https:\/\/graziamagazine.com\/mx\/?s={search_term_string}"},"query-input":"required name=search_term_string"}],"inLanguage":"es-MX"}]}},"jetpack_sharing_enabled":true,"distributor_meta":false,"distributor_terms":false,"distributor_media":false,"distributor_original_site_name":"Grazia M\u00e9xico y Latinoam\u00e9rica","distributor_original_site_url":"https:\/\/graziamagazine.com\/mx","push-errors":false,"_links":{"self":[{"href":"https:\/\/graziamagazine.com\/mx\/wp-json\/wp\/v2\/articles\/77925"}],"collection":[{"href":"https:\/\/graziamagazine.com\/mx\/wp-json\/wp\/v2\/articles"}],"about":[{"href":"https:\/\/graziamagazine.com\/mx\/wp-json\/wp\/v2\/types\/articles"}],"author":[{"embeddable":true,"href":"https:\/\/graziamagazine.com\/mx\/wp-json\/wp\/v2\/users\/11625"}],"wp:featuredmedia":[{"embeddable":true,"href":"https:\/\/graziamagazine.com\/mx\/wp-json\/wp\/v2\/media\/78292"}],"wp:attachment":[{"href":"https:\/\/graziamagazine.com\/mx\/wp-json\/wp\/v2\/media?parent=77925"}],"wp:term":[{"taxonomy":"category","embeddable":true,"href":"https:\/\/graziamagazine.com\/mx\/wp-json\/wp\/v2\/categories?post=77925"}],"curies":[{"name":"wp","href":"https:\/\/api.w.org\/{rel}","templated":true}]}}