{"id":77765,"date":"2020-01-22T15:50:25","date_gmt":"2020-01-22T20:50:25","guid":{"rendered":"https:\/\/graziamagazine.com\/mx\/?p=77765"},"modified":"2020-01-22T19:14:45","modified_gmt":"2020-01-23T00:14:45","slug":"las-10-colecciones-mas-grandiosas-de-jean-paul-gaultier","status":"publish","type":"articles","link":"https:\/\/graziamagazine.com\/mx\/articles\/las-10-colecciones-mas-grandiosas-de-jean-paul-gaultier\/","title":{"rendered":"Las 10 colecciones m\u00e1s grandiosas de Jean Paul Gaultier"},"content":{"rendered":"<p><strong>Jean Paul Gaultier<\/strong>, el dise\u00f1ador mejor conocido como el<strong><em>\u00a0enfant terrible<\/em><\/strong> de la moda\u00a0gracias a su particular est\u00e9tica andr\u00f3gina y sensual, se despide de las pasarelas festejando 50 a\u00f1os de carrera. Tras haber sido aprendiz de <a href=\"https:\/\/graziamagazine.com\/mx\/en-plena-space-age-de-la-moda-apollo-11-llego-a-la-luna\/\" target=\"_blank\" rel=\"noopener\"><strong>Pierre Cardin<\/strong><\/a>, su primera colecci\u00f3n en 1976 mostraba su enfoque transgresor, completamente escandaloso, pero adorado por las multitudes que rogaban entrar a una de sus pasarelas.<\/p>\n<p>El retiro de Gaultier fue anunciado paulatinamente. Primero dej\u00f3 las pasarelas <em>pr\u00eat-\u00e0-porter<\/em>\u00a0para concentrarse en\u00a0<em>Haute Couture<\/em> y en su l\u00ednea de perfumes. Sin embargo, hoy ha llegado el d\u00eda en que los fan\u00e1ticos se despedir\u00e1n del rebelde dise\u00f1ador&#8230; aunque no por siempre. En el\u00a0<em>tweet<\/em> que dio a conocer su pasarela de clausura, Jean Paul Gaultier agreg\u00f3 que la Alta Costura seguir\u00e1 con un nuevo concepto.<\/p>\n<p>Antes de que el <em>enfant terrible<\/em>\u00a0d\u00e9 su\u00a0<em>last bow<\/em>, repasamos con cierta nostalgia diez de las mejores colecciones en su medio siglo de carrera.<\/p>\n<h3>Oto\u00f1o-invierno 1984<\/h3>\n<p><a href=\"http:\/\/www.gettyimages.es\/detail\/688531050\"id=\"G8Iw6rdGRxRCKbExrrU40g\" class=\"gie-slideshow\" style=\"color: #a7a7a7; text-decoration: none; font-weight: normal !important; border: none; display: inline-block;\"  target=\"_blank\" rel=\"noopener\" target=\"_blank\">Embed from Getty Images<\/a><script>window.gie=window.gie||function(c){(gie.q=gie.q||[]).push(c)};gie(function(){gie.widgets.load({id:'G8Iw6rdGRxRCKbExrrU40g',sig:'_vxk1jM25UU7urW8e3yyXWB5nHf2pPRPivBVdv7H-pk=',w:'594px',h:'386px',items:'688531050,463007003',caption: true ,tld:'es',is360: false })});<\/script><script src='\/\/embed-cdn.gettyimages.com\/widgets.js' charset='utf-8' async><\/script><\/p>\n<p>En su colecci\u00f3n oto\u00f1o-invierno 1984 crea su <a href=\"https:\/\/graziamagazine.com\/mx\/madonna-gaultier-poderoso-corset\/\" target=\"_blank\" rel=\"noopener\">ic\u00f3nico corset<\/a>, una pieza que causo relevancia y que mas tarde, en 1990, llam\u00f3 la atenci\u00f3n de <strong>Madonna<\/strong>, quien le pidi\u00f3 a Gaultier que hiciera su vestuario para la gira mundial <em>Blonde Ambition<\/em>. Para el\u00a0<em>cone bra<\/em>\u00a0se inspir\u00f3 en cors\u00e9s r\u00edgidos encontrados en el armario de su abuela, los modelos de cintura de avispa de los a\u00f1os cuarenta e incluy\u00f3 un gui\u00f1o al\u00a0<em>couturier<\/em>\u00a0<strong>Yves Saint Lauren<\/strong>t. As\u00ed, Jean Paul marc\u00f3 el inicio de una nueva era que liber\u00f3 a la moda y desafi\u00f3 las costumbres. Para primavera-verano 2010, el franc\u00e9s lo present\u00f3 de nuevo.<\/p>\n<p>&nbsp;<\/p>\n<h3>Alta Costura primavera-verano 1997<\/h3>\n<p><a href=\"http:\/\/www.gettyimages.es\/detail\/954639712\"id=\"ZerWq4XqRxBq_Q24gUc8mg\" class=\"gie-slideshow\" style=\"color: #a7a7a7; text-decoration: none; font-weight: normal !important; border: none; display: inline-block;\"  target=\"_blank\" rel=\"noopener\" target=\"_blank\">Embed from Getty Images<\/a><script>window.gie=window.gie||function(c){(gie.q=gie.q||[]).push(c)};gie(function(){gie.widgets.load({id:'ZerWq4XqRxBq_Q24gUc8mg',sig:'bUzO5CBtZ7X41uKTBf6GIKbXMMOtVubhb8eu1p6YX8U=',w:'395px',h:'594px',items:'954639712,627464060,956741612,954639900,954639690',caption: true ,tld:'es',is360: false })});<\/script><script src='\/\/embed-cdn.gettyimages.com\/widgets.js' charset='utf-8' async><\/script><\/p>\n<p>Tras cumplir 20 a\u00f1os en la industria de la moda, en 1997 Jean Paul Gaultier lleg\u00f3 a la Alta Costura. Conquist\u00f3 el evento con su caracter\u00edstico dise\u00f1o extravagante que inclu\u00eda sastrer\u00eda, el ic\u00f3nico cors\u00e9 y las plumas.<\/p>\n<p>&nbsp;<\/p>\n<h3>Primavera-verano 1998<\/h3>\n<p><a href=\"http:\/\/www.gettyimages.es\/detail\/124127639\"id=\"eikX9YuDSHZpyvLIL08VMg\" class=\"gie-slideshow\" style=\"color: #a7a7a7; text-decoration: none; font-weight: normal !important; border: none; display: inline-block;\"  target=\"_blank\" rel=\"noopener\" target=\"_blank\">Embed from Getty Images<\/a><script>window.gie=window.gie||function(c){(gie.q=gie.q||[]).push(c)};gie(function(){gie.widgets.load({id:'eikX9YuDSHZpyvLIL08VMg',sig:'nfd8-VZyTWTJYCeDgK7DO-gt9rwTNzYywyh9jsIGVFs=',w:'594px',h:'399px',items:'124127639,124053869,124127627,124127644,124127632',caption: true ,tld:'es',is360: false })});<\/script><script src='\/\/embed-cdn.gettyimages.com\/widgets.js' charset='utf-8' async><\/script><\/p>\n<p>Jean Paul hizo de <strong>Frida Kahlo<\/strong> su musa para la colecci\u00f3n primavera-verano 1998.\u00a0Para revivir a la artista mexicana, el dise\u00f1ador tom\u00f3 distintos elementos de las pinturas firmadas por Kahlo y los adapt\u00f3 a sus creaciones. Las flores, la <em>unibrow<\/em> y los objetos r\u00edgidos que Frida acostumbraba a usar en su cama gracias a su condici\u00f3n fueron reinterpretados y el resultado fue una carta de amor.<\/p>\n<p>&nbsp;<\/p>\n<h3>Primavera-verano 2003<\/h3>\n<p><a href=\"http:\/\/www.gettyimages.es\/detail\/967276512\"id=\"isH4C-rZRFNUUwHLVZj8TQ\" class=\"gie-slideshow\" style=\"color: #a7a7a7; text-decoration: none; font-weight: normal !important; border: none; display: inline-block;\"  target=\"_blank\" rel=\"noopener\" target=\"_blank\">Embed from Getty Images<\/a><script>window.gie=window.gie||function(c){(gie.q=gie.q||[]).push(c)};gie(function(){gie.widgets.load({id:'isH4C-rZRFNUUwHLVZj8TQ',sig:'14n8xcc0P9a4NTqs-JLcb8jqTp47hTQk4O616TYj61g=',w:'397px',h:'594px',items:'967276512,967276056',caption: true ,tld:'es',is360: false })});<\/script><script src='\/\/embed-cdn.gettyimages.com\/widgets.js' charset='utf-8' async><\/script><\/p>\n<p>Para 2003, el franc\u00e9s no dej\u00f3 de innovar. Su colecci\u00f3n <em>SS03<\/em> introdujo un particular dise\u00f1o denominado &#8220;perchero para caminar&#8221;. Aunque un tanto\u00a0<em>kitsch<\/em>, este se dej\u00f3 ver elegante y de cierta manera\u00a0<em>avant-garde<\/em>.<\/p>\n<p>&nbsp;<\/p>\n<h3>Alta Costura primavera-verano 2007<\/h3>\n<p><a href=\"http:\/\/www.gettyimages.es\/detail\/536026200\"id=\"VVkbsijdR8h3i5W2yzBh2g\" class=\"gie-slideshow\" style=\"color: #a7a7a7; text-decoration: none; font-weight: normal !important; border: none; display: inline-block;\"  target=\"_blank\" rel=\"noopener\" target=\"_blank\">Embed from Getty Images<\/a><script>window.gie=window.gie||function(c){(gie.q=gie.q||[]).push(c)};gie(function(){gie.widgets.load({id:'VVkbsijdR8h3i5W2yzBh2g',sig:'KjcPpXh9-Tqjt3jr4CKwQQBIEI9Os0gKPCc4eisNd28=',w:'396px',h:'594px',items:'536026200,536026048,536026056,536026218',caption: true ,tld:'es',is360: false })});<\/script><script src='\/\/embed-cdn.gettyimages.com\/widgets.js' charset='utf-8' async><\/script><\/p>\n<p>Inspirada en elementos religiosos, esta colecci\u00f3n <em>Haute Couture<\/em>\u00a0hizo que el dise\u00f1ador franc\u00e9s fuera reconocido por rendir culto a la Virgen a trav\u00e9s de una variedad de dise\u00f1os que parec\u00edan estatuas, sin olvidar los corazones sagrados al centro de distintos vestidos.<\/p>\n<p>&nbsp;<\/p>\n<h3>Primavera-verano 2010<\/h3>\n<p><a href=\"http:\/\/www.gettyimages.es\/detail\/536115100\"id=\"d5sQo7G5Q-9V9QsKtF4eIw\" class=\"gie-slideshow\" style=\"color: #a7a7a7; text-decoration: none; font-weight: normal !important; border: none; display: inline-block;\"  target=\"_blank\" rel=\"noopener\" target=\"_blank\">Embed from Getty Images<\/a><script>window.gie=window.gie||function(c){(gie.q=gie.q||[]).push(c)};gie(function(){gie.widgets.load({id:'d5sQo7G5Q-9V9QsKtF4eIw',sig:'q-VOD8CybV6zKcQ8KDbBXbgPK32pgGtGCJ1ydddTGTY=',w:'396px',h:'594px',items:'536115100,535693680,535693560',caption: true ,tld:'es',is360: false })});<\/script><script src='\/\/embed-cdn.gettyimages.com\/widgets.js' charset='utf-8' async><\/script><\/p>\n<p>Gaultier decidi\u00f3 regresar a sus ra\u00edces empleando el cors\u00e9 como protagonista y las raya\u00a0<em>breton<\/em> como antagonistas. Uno de los momentos mas representativos de la pasarela, fue cuando <strong>Jourdan Dunn<\/strong> levant\u00f3 miradas apareciendo embarazada con su propio cors\u00e9 a la medida.<\/p>\n<p>&nbsp;<\/p>\n<h3>Primavera-verano 2011<\/h3>\n<p><a href=\"http:\/\/www.gettyimages.es\/detail\/536139860\"id=\"JRKVjqH4RRlU_S4wYO-PVw\" class=\"gie-slideshow\" style=\"color: #a7a7a7; text-decoration: none; font-weight: normal !important; border: none; display: inline-block;\"  target=\"_blank\" rel=\"noopener\" target=\"_blank\">Embed from Getty Images<\/a><script>window.gie=window.gie||function(c){(gie.q=gie.q||[]).push(c)};gie(function(){gie.widgets.load({id:'JRKVjqH4RRlU_S4wYO-PVw',sig:'FV-PsH3ojyccw6xFT4VkCRfo1LCOqrcs-c-_iseAbf4=',w:'594px',h:'396px',items:'536139860,104656554,104656677',caption: true ,tld:'es',is360: false })});<\/script><script src='\/\/embed-cdn.gettyimages.com\/widgets.js' charset='utf-8' async><\/script><\/p>\n<p>Como olvidar el momento de <strong>Beth Ditto<\/strong> en la pasarela de Gaultier a finales del 2010. La cantante abri\u00f3 el espect\u00e1culo con un vestido plateado cortado a l\u00e1ser. Pero eso no fue todo, pues el dise\u00f1ador present\u00f3 una colaboraci\u00f3n con <strong>Dr. Martens<\/strong>, una marca que comparte ADN con la firma. Pero regresando a Ditto, cerr\u00f3 el <em>show<\/em> con cors\u00e9 deconstruido,\u00a0<em>shorts<\/em> negros y\u00a0<em>fishnets<\/em> mientras interpretaba\u00a0<em>River Deep, Mountain High<\/em> de Tina Turner.<\/p>\n<p>&nbsp;<\/p>\n<h3>Primavera-verano 2015<\/h3>\n<p><a href=\"http:\/\/www.gettyimages.es\/detail\/536017100\"id=\"1bSFZNdWT_x6s0txDFfYcw\" class=\"gie-slideshow\" style=\"color: #a7a7a7; text-decoration: none; font-weight: normal !important; border: none; display: inline-block;\"  target=\"_blank\" rel=\"noopener\" target=\"_blank\">Embed from Getty Images<\/a><script>window.gie=window.gie||function(c){(gie.q=gie.q||[]).push(c)};gie(function(){gie.widgets.load({id:'1bSFZNdWT_x6s0txDFfYcw',sig:'MICTOqOLTrQg4jPlaggcXJHGHhjSowRJ70zf1wPiZx8=',w:'594px',h:'395px',items:'536017100,536017182',caption: true ,tld:'es',is360: false })});<\/script><script src='\/\/embed-cdn.gettyimages.com\/widgets.js' charset='utf-8' async><\/script><\/p>\n<p>La lucha libre mexicana, un \u00edcono cultural de <strong>M\u00e9xico<\/strong>, fue el punto de partida de Jean Paul Gaultier para <em>SS15<\/em>, con ella anunci\u00f3 su retiro del\u00a0<em>pr\u00eat-\u00e0-porter<\/em> para concentrarse en Alta Costura y otros proyectos. Como gui\u00f1o, el dise\u00f1ador visti\u00f3 a sus modelos como editoras famosas para marcar el fin de una era.<\/p>\n<p>&nbsp;<\/p>\n<h3>Alta Costura oto\u00f1o-invierno 2017<\/h3>\n<p><a href=\"http:\/\/www.gettyimages.es\/detail\/810338732\"id=\"a7b86MdbQIlyhHUofj1K1w\" class=\"gie-slideshow\" style=\"color: #a7a7a7; text-decoration: none; font-weight: normal !important; border: none; display: inline-block;\"  target=\"_blank\" rel=\"noopener\" target=\"_blank\">Embed from Getty Images<\/a><script>window.gie=window.gie||function(c){(gie.q=gie.q||[]).push(c)};gie(function(){gie.widgets.load({id:'a7b86MdbQIlyhHUofj1K1w',sig:'gMf3w6fzMOM8ZEIJyEWDF5gT6Io2rI7gPRWGAYIpg-o=',w:'594px',h:'396px',items:'810338732,545609214,810340650',caption: true ,tld:'es',is360: false })});<\/script><script src=\"\/\/embed-cdn.gettyimages.com\/widgets.js\" charset=\"utf-8\" async=\"\"><\/script><\/p>\n<p>La geometr\u00eda jug\u00f3 un papel importante en esta colecci\u00f3n. Cort\u00e9s rectos, mangas circulares y drapeados que envolv\u00edan al cuerpo para acentuar la cintura. Aqu\u00ed, Jean Paul quiso darle a una mujer cosmopolita los esenciales para viajar a las monta\u00f1as nevadas&#8230; claro que vestida en Alta Costura.<\/p>\n<p>&nbsp;<\/p>\n<h3>Alta Costura oto\u00f1o-invierno 2018<\/h3>\n<p><a href=\"http:\/\/www.gettyimages.es\/detail\/993635148\"id=\"kOASg3MPSSZUn1SwT64jQw\" class=\"gie-slideshow\" style=\"color: #a7a7a7; text-decoration: none; font-weight: normal !important; border: none; display: inline-block;\"  target=\"_blank\" rel=\"noopener\" target=\"_blank\">Embed from Getty Images<\/a><script>window.gie=window.gie||function(c){(gie.q=gie.q||[]).push(c)};gie(function(){gie.widgets.load({id:'kOASg3MPSSZUn1SwT64jQw',sig:'OudHFyev-AJjscr8DSbuvJZD5LDGTZE6jrsBnMax1vk=',w:'396px',h:'594px',items:'993635148,993635302,993635378,993635240',caption: true ,tld:'es',is360: false })});<\/script><script src=\"\/\/embed-cdn.gettyimages.com\/widgets.js\" charset=\"utf-8\" async=\"\"><\/script><\/p>\n<p>Con su colecci\u00f3n\u00a0Alta Costura <em>AW18<\/em>,\u00a0Jean Paul Gaultier emple\u00f3 la elegancia a trav\u00e9s de la combinaci\u00f3n de texturas y vol\u00famenes. As\u00ed, reconstruy\u00f3 el <em>smoking<\/em>\u00a0y lo reinterpret\u00f3 en su atrevida manera pero aline\u00e1ndose a la simplicidad con sus cortes. Para cerrar el\u00a0<em>show<\/em> el franc\u00e9s se uni\u00f3 a la protesta por liberar los pezones.<\/p>\n<p>&nbsp;<\/p>\n<h3>Alta Costura oto\u00f1o-invierno 2019<\/h3>\n<p><a href=\"http:\/\/www.gettyimages.es\/detail\/1160059098\"id=\"bFwp14y7S3pHoRHDCT-4MA\" class=\"gie-slideshow\" style=\"color: #a7a7a7; text-decoration: none; font-weight: normal !important; border: none; display: inline-block;\"  target=\"_blank\" rel=\"noopener\" target=\"_blank\">Embed from Getty Images<\/a><script>window.gie=window.gie||function(c){(gie.q=gie.q||[]).push(c)};gie(function(){gie.widgets.load({id:'bFwp14y7S3pHoRHDCT-4MA',sig:'FYBVX7CYWfgV3j3XEKI0qHfLKARezVZHqYeVTE2FTWE=',w:'396px',h:'594px',items:'1160059098,1160050480,1159900224,1159883398,1159883514',caption: true ,tld:'es',is360: false })});<\/script><script src=\"\/\/embed-cdn.gettyimages.com\/widgets.js\" charset=\"utf-8\" async=\"\"><\/script><\/p>\n<p>Si hablamos de las colecciones grandiosas de Jean Paul Gaultier, su pen\u00faltima debe estar en la lista. Partiendo del anuncio que no volver\u00eda a usar prendas de animales, esta trajo mucho <em>faux fur<\/em>. Pero ese no fue el inicio de su inspiraci\u00f3n, sino la sudadera. Quiz\u00e1 la idea suene un tanto extra\u00f1a; sin embargo, cuando eres un maestro de la creaci\u00f3n, jugar con prendas ordinarias, deconstruirlas y rehacerlas en maravillosas siluetas c\u00f3nicas, es una posibilidad absoluta. Para cerrar, revivi\u00f3 uno de sus ic\u00f3nicos dise\u00f1os de los noventa\u00a0\u2014el <em>catsuit<\/em> de <em>polka dots<\/em>\u2014\u00a0como si \u00e9l ya supiera que su pasarela de 50 aniversario ser\u00eda su <em>last bow<\/em>.<\/p>\n<h5><\/h5>\n<h5><em>*IMAGEN: Getty Images<\/em><\/h5>\n","protected":false},"author":11625,"featured_media":77939,"template":"","format":"standard","categories":[4],"acf":[],"yoast_head":"<!-- This site is optimized with the Yoast SEO Premium plugin v18.5 (Yoast SEO v20.4) - https:\/\/yoast.com\/wordpress\/plugins\/seo\/ -->\n<title>Las 10 colecciones m\u00e1s grandiosas de Jean Paul Gaultier | Grazia M\u00e9xico y Latinoam\u00e9rica<\/title>\n<meta name=\"description\" content=\"Tras 50 a\u00f1os de carrera, Jean Paul Gaultier, el dise\u00f1ador frances que nos ha sorprendido con sus extravagantes dise\u00f1os, anuncia su retiro de las pasarelas.\" \/>\n<meta name=\"robots\" content=\"index, follow, max-snippet:-1, max-image-preview:large, max-video-preview:-1\" \/>\n<link rel=\"canonical\" href=\"https:\/\/graziamagazine.com\/mx\/articles\/las-10-colecciones-mas-grandiosas-de-jean-paul-gaultier\/\" \/>\n<meta property=\"og:locale\" content=\"es_MX\" \/>\n<meta property=\"og:type\" content=\"article\" \/>\n<meta property=\"og:title\" content=\"Las 10 colecciones m\u00e1s grandiosas de Jean Paul Gaultier\" \/>\n<meta property=\"og:description\" content=\"Tras 50 a\u00f1os de carrera, Jean Paul Gaultier, el dise\u00f1ador frances que nos ha sorprendido con sus extravagantes dise\u00f1os, anuncia su retiro de las pasarelas.\" \/>\n<meta property=\"og:url\" content=\"https:\/\/graziamagazine.com\/mx\/articles\/las-10-colecciones-mas-grandiosas-de-jean-paul-gaultier\/\" \/>\n<meta property=\"og:site_name\" content=\"Grazia M\u00e9xico y Latinoam\u00e9rica\" \/>\n<meta property=\"article:modified_time\" content=\"2020-01-23T00:14:45+00:00\" \/>\n<meta property=\"og:image\" content=\"https:\/\/graziamagazine.com\/mx\/wp-content\/uploads\/sites\/13\/2020\/01\/las-10-colecciones-mas-grandiosas-de-jean-paul-gaultier-destacada.jpg?fit=2690%2C1751\" \/>\n\t<meta property=\"og:image:width\" content=\"2690\" \/>\n\t<meta property=\"og:image:height\" content=\"1751\" \/>\n\t<meta property=\"og:image:type\" content=\"image\/jpeg\" \/>\n<meta name=\"twitter:card\" content=\"summary_large_image\" \/>\n<meta name=\"twitter:label1\" content=\"Est. reading time\" \/>\n\t<meta name=\"twitter:data1\" content=\"5 minutos\" \/>\n<script type=\"application\/ld+json\" class=\"yoast-schema-graph\">{\"@context\":\"https:\/\/schema.org\",\"@graph\":[{\"@type\":\"WebPage\",\"@id\":\"https:\/\/graziamagazine.com\/mx\/articles\/las-10-colecciones-mas-grandiosas-de-jean-paul-gaultier\/\",\"url\":\"https:\/\/graziamagazine.com\/mx\/articles\/las-10-colecciones-mas-grandiosas-de-jean-paul-gaultier\/\",\"name\":\"Las 10 colecciones m\u00e1s grandiosas de Jean Paul Gaultier | Grazia M\u00e9xico y Latinoam\u00e9rica\",\"isPartOf\":{\"@id\":\"https:\/\/graziamagazine.com\/mx\/#website\"},\"datePublished\":\"2020-01-22T20:50:25+00:00\",\"dateModified\":\"2020-01-23T00:14:45+00:00\",\"description\":\"Tras 50 a\u00f1os de carrera, Jean Paul Gaultier, el dise\u00f1ador frances que nos ha sorprendido con sus extravagantes dise\u00f1os, anuncia su retiro de las pasarelas.\",\"breadcrumb\":{\"@id\":\"https:\/\/graziamagazine.com\/mx\/articles\/las-10-colecciones-mas-grandiosas-de-jean-paul-gaultier\/#breadcrumb\"},\"inLanguage\":\"es-MX\",\"potentialAction\":[{\"@type\":\"ReadAction\",\"target\":[\"https:\/\/graziamagazine.com\/mx\/articles\/las-10-colecciones-mas-grandiosas-de-jean-paul-gaultier\/\"]}]},{\"@type\":\"BreadcrumbList\",\"@id\":\"https:\/\/graziamagazine.com\/mx\/articles\/las-10-colecciones-mas-grandiosas-de-jean-paul-gaultier\/#breadcrumb\",\"itemListElement\":[{\"@type\":\"ListItem\",\"position\":1,\"name\":\"Home\",\"item\":\"https:\/\/graziamagazine.com\/mx\/\"},{\"@type\":\"ListItem\",\"position\":2,\"name\":\"Las 10 colecciones m\u00e1s grandiosas de Jean Paul Gaultier\"}]},{\"@type\":\"WebSite\",\"@id\":\"https:\/\/graziamagazine.com\/mx\/#website\",\"url\":\"https:\/\/graziamagazine.com\/mx\/\",\"name\":\"Grazia M\u00e9xico y Latinoam\u00e9rica\",\"description\":\"Grazia es moda, belleza y noticias  de actualidad \",\"potentialAction\":[{\"@type\":\"SearchAction\",\"target\":{\"@type\":\"EntryPoint\",\"urlTemplate\":\"https:\/\/graziamagazine.com\/mx\/?s={search_term_string}\"},\"query-input\":\"required name=search_term_string\"}],\"inLanguage\":\"es-MX\"}]}<\/script>\n<!-- \/ Yoast SEO Premium plugin. -->","yoast_head_json":{"title":"Las 10 colecciones m\u00e1s grandiosas de Jean Paul Gaultier | Grazia M\u00e9xico y Latinoam\u00e9rica","description":"Tras 50 a\u00f1os de carrera, Jean Paul Gaultier, el dise\u00f1ador frances que nos ha sorprendido con sus extravagantes dise\u00f1os, anuncia su retiro de las pasarelas.","robots":{"index":"index","follow":"follow","max-snippet":"max-snippet:-1","max-image-preview":"max-image-preview:large","max-video-preview":"max-video-preview:-1"},"canonical":"https:\/\/graziamagazine.com\/mx\/articles\/las-10-colecciones-mas-grandiosas-de-jean-paul-gaultier\/","og_locale":"es_MX","og_type":"article","og_title":"Las 10 colecciones m\u00e1s grandiosas de Jean Paul Gaultier","og_description":"Tras 50 a\u00f1os de carrera, Jean Paul Gaultier, el dise\u00f1ador frances que nos ha sorprendido con sus extravagantes dise\u00f1os, anuncia su retiro de las pasarelas.","og_url":"https:\/\/graziamagazine.com\/mx\/articles\/las-10-colecciones-mas-grandiosas-de-jean-paul-gaultier\/","og_site_name":"Grazia M\u00e9xico y Latinoam\u00e9rica","article_modified_time":"2020-01-23T00:14:45+00:00","og_image":[{"width":2690,"height":1751,"url":"https:\/\/graziamagazine.com\/mx\/wp-content\/uploads\/sites\/13\/2020\/01\/las-10-colecciones-mas-grandiosas-de-jean-paul-gaultier-destacada.jpg?fit=2690%2C1751","type":"image\/jpeg"}],"twitter_card":"summary_large_image","twitter_misc":{"Est. reading time":"5 minutos"},"schema":{"@context":"https:\/\/schema.org","@graph":[{"@type":"WebPage","@id":"https:\/\/graziamagazine.com\/mx\/articles\/las-10-colecciones-mas-grandiosas-de-jean-paul-gaultier\/","url":"https:\/\/graziamagazine.com\/mx\/articles\/las-10-colecciones-mas-grandiosas-de-jean-paul-gaultier\/","name":"Las 10 colecciones m\u00e1s grandiosas de Jean Paul Gaultier | Grazia M\u00e9xico y Latinoam\u00e9rica","isPartOf":{"@id":"https:\/\/graziamagazine.com\/mx\/#website"},"datePublished":"2020-01-22T20:50:25+00:00","dateModified":"2020-01-23T00:14:45+00:00","description":"Tras 50 a\u00f1os de carrera, Jean Paul Gaultier, el dise\u00f1ador frances que nos ha sorprendido con sus extravagantes dise\u00f1os, anuncia su retiro de las pasarelas.","breadcrumb":{"@id":"https:\/\/graziamagazine.com\/mx\/articles\/las-10-colecciones-mas-grandiosas-de-jean-paul-gaultier\/#breadcrumb"},"inLanguage":"es-MX","potentialAction":[{"@type":"ReadAction","target":["https:\/\/graziamagazine.com\/mx\/articles\/las-10-colecciones-mas-grandiosas-de-jean-paul-gaultier\/"]}]},{"@type":"BreadcrumbList","@id":"https:\/\/graziamagazine.com\/mx\/articles\/las-10-colecciones-mas-grandiosas-de-jean-paul-gaultier\/#breadcrumb","itemListElement":[{"@type":"ListItem","position":1,"name":"Home","item":"https:\/\/graziamagazine.com\/mx\/"},{"@type":"ListItem","position":2,"name":"Las 10 colecciones m\u00e1s grandiosas de Jean Paul Gaultier"}]},{"@type":"WebSite","@id":"https:\/\/graziamagazine.com\/mx\/#website","url":"https:\/\/graziamagazine.com\/mx\/","name":"Grazia M\u00e9xico y Latinoam\u00e9rica","description":"Grazia es moda, belleza y noticias  de actualidad ","potentialAction":[{"@type":"SearchAction","target":{"@type":"EntryPoint","urlTemplate":"https:\/\/graziamagazine.com\/mx\/?s={search_term_string}"},"query-input":"required name=search_term_string"}],"inLanguage":"es-MX"}]}},"jetpack_sharing_enabled":true,"distributor_meta":false,"distributor_terms":false,"distributor_media":false,"distributor_original_site_name":"Grazia M\u00e9xico y Latinoam\u00e9rica","distributor_original_site_url":"https:\/\/graziamagazine.com\/mx","push-errors":false,"_links":{"self":[{"href":"https:\/\/graziamagazine.com\/mx\/wp-json\/wp\/v2\/articles\/77765"}],"collection":[{"href":"https:\/\/graziamagazine.com\/mx\/wp-json\/wp\/v2\/articles"}],"about":[{"href":"https:\/\/graziamagazine.com\/mx\/wp-json\/wp\/v2\/types\/articles"}],"author":[{"embeddable":true,"href":"https:\/\/graziamagazine.com\/mx\/wp-json\/wp\/v2\/users\/11625"}],"wp:featuredmedia":[{"embeddable":true,"href":"https:\/\/graziamagazine.com\/mx\/wp-json\/wp\/v2\/media\/77939"}],"wp:attachment":[{"href":"https:\/\/graziamagazine.com\/mx\/wp-json\/wp\/v2\/media?parent=77765"}],"wp:term":[{"taxonomy":"category","embeddable":true,"href":"https:\/\/graziamagazine.com\/mx\/wp-json\/wp\/v2\/categories?post=77765"}],"curies":[{"name":"wp","href":"https:\/\/api.w.org\/{rel}","templated":true}]}}