{"id":77500,"date":"2020-01-16T12:42:07","date_gmt":"2020-01-16T17:42:07","guid":{"rendered":"https:\/\/graziamagazine.com\/mx\/?p=77500"},"modified":"2020-01-16T12:42:07","modified_gmt":"2020-01-16T17:42:07","slug":"meghan-markle-reaparece-en-canada-lista-para-iniciar-sus-labores","status":"publish","type":"articles","link":"https:\/\/graziamagazine.com\/mx\/articles\/meghan-markle-reaparece-en-canada-lista-para-iniciar-sus-labores\/","title":{"rendered":"Meghan Markle reaparece en Canad\u00e1 lista para iniciar sus labores"},"content":{"rendered":"<p><span style=\"font-weight: 400;\">Luego del anuncio que hicieron los <strong>duques de Sussex<\/strong> sobre su renuncia como miembros <em>senior<\/em> de la familia real, <strong>Meghan Markle<\/strong> hizo su primera aparici\u00f3n p\u00fablica en Canad\u00e1. La actriz se dej\u00f3 ver con un<em> look<\/em> totalmente diferente a c\u00f3mo siempre se mostr\u00f3 cuando cumpl\u00eda con el protocolo de vestimenta de la corona brit\u00e1nica, pues esta vez luci\u00f3 c\u00f3moda e informal.<\/span><\/p>\n<p><span style=\"font-weight: 400;\">Meghan visit\u00f3 el Downtown Eastside Women&#8217;s Centre de Vancouver, una organizaci\u00f3n que se dedica a ayudar a mujeres y ni\u00f1os en situaci\u00f3n de calle o con problemas econ\u00f3micos. Ella fue quien busc\u00f3 el acercamiento con la asociaci\u00f3n que atiende a 500 mujeres diariamente.<\/span><\/p>\n<blockquote class=\"instagram-media\" data-instgrm-captioned data-instgrm-permalink=\"https:\/\/www.instagram.com\/p\/B7YcYeIHr8s\/?utm_source=ig_embed&amp;utm_campaign=loading\" data-instgrm-version=\"12\" style=\" background:#FFF; border:0; border-radius:3px; box-shadow:0 0 1px 0 rgba(0,0,0,0.5),0 1px 10px 0 rgba(0,0,0,0.15); margin: 1px; max-width:500px; min-width:326px; padding:0; width:99.375%; width:-webkit-calc(100% - 2px); width:calc(100% - 2px);\">\n<div style=\"padding:16px;\"> <a href=\"https:\/\/www.instagram.com\/p\/B7YcYeIHr8s\/?utm_source=ig_embed&amp;utm_campaign=loading\" style=\" background:#FFFFFF; line-height:0; padding:0 0; text-align:center; text-decoration:none; width:100%;\" target=\"_blank\"> <\/p>\n<div style=\" display: flex; flex-direction: row; align-items: center;\">\n<div style=\"background-color: #F4F4F4; border-radius: 50%; flex-grow: 0; height: 40px; margin-right: 14px; width: 40px;\"><\/div>\n<div style=\"display: flex; flex-direction: column; flex-grow: 1; justify-content: center;\">\n<div style=\" background-color: #F4F4F4; border-radius: 4px; flex-grow: 0; height: 14px; margin-bottom: 6px; width: 100px;\"><\/div>\n<div style=\" background-color: #F4F4F4; border-radius: 4px; flex-grow: 0; height: 14px; width: 60px;\"><\/div>\n<\/div>\n<\/div>\n<div style=\"padding: 19% 0;\"><\/div>\n<div style=\"display:block; height:50px; margin:0 auto 12px; width:50px;\"><svg width=\"50px\" height=\"50px\" viewBox=\"0 0 60 60\" version=\"1.1\" xmlns=\"https:\/\/www.w3.org\/2000\/svg\" xmlns:xlink=\"https:\/\/www.w3.org\/1999\/xlink\"><g stroke=\"none\" stroke-width=\"1\" fill=\"none\" fill-rule=\"evenodd\"><g transform=\"translate(-511.000000, -20.000000)\" fill=\"#000000\"><g><path d=\"M556.869,30.41 C554.814,30.41 553.148,32.076 553.148,34.131 C553.148,36.186 554.814,37.852 556.869,37.852 C558.924,37.852 560.59,36.186 560.59,34.131 C560.59,32.076 558.924,30.41 556.869,30.41 M541,60.657 C535.114,60.657 530.342,55.887 530.342,50 C530.342,44.114 535.114,39.342 541,39.342 C546.887,39.342 551.658,44.114 551.658,50 C551.658,55.887 546.887,60.657 541,60.657 M541,33.886 C532.1,33.886 524.886,41.1 524.886,50 C524.886,58.899 532.1,66.113 541,66.113 C549.9,66.113 557.115,58.899 557.115,50 C557.115,41.1 549.9,33.886 541,33.886 M565.378,62.101 C565.244,65.022 564.756,66.606 564.346,67.663 C563.803,69.06 563.154,70.057 562.106,71.106 C561.058,72.155 560.06,72.803 558.662,73.347 C557.607,73.757 556.021,74.244 553.102,74.378 C549.944,74.521 548.997,74.552 541,74.552 C533.003,74.552 532.056,74.521 528.898,74.378 C525.979,74.244 524.393,73.757 523.338,73.347 C521.94,72.803 520.942,72.155 519.894,71.106 C518.846,70.057 518.197,69.06 517.654,67.663 C517.244,66.606 516.755,65.022 516.623,62.101 C516.479,58.943 516.448,57.996 516.448,50 C516.448,42.003 516.479,41.056 516.623,37.899 C516.755,34.978 517.244,33.391 517.654,32.338 C518.197,30.938 518.846,29.942 519.894,28.894 C520.942,27.846 521.94,27.196 523.338,26.654 C524.393,26.244 525.979,25.756 528.898,25.623 C532.057,25.479 533.004,25.448 541,25.448 C548.997,25.448 549.943,25.479 553.102,25.623 C556.021,25.756 557.607,26.244 558.662,26.654 C560.06,27.196 561.058,27.846 562.106,28.894 C563.154,29.942 563.803,30.938 564.346,32.338 C564.756,33.391 565.244,34.978 565.378,37.899 C565.522,41.056 565.552,42.003 565.552,50 C565.552,57.996 565.522,58.943 565.378,62.101 M570.82,37.631 C570.674,34.438 570.167,32.258 569.425,30.349 C568.659,28.377 567.633,26.702 565.965,25.035 C564.297,23.368 562.623,22.342 560.652,21.575 C558.743,20.834 556.562,20.326 553.369,20.18 C550.169,20.033 549.148,20 541,20 C532.853,20 531.831,20.033 528.631,20.18 C525.438,20.326 523.257,20.834 521.349,21.575 C519.376,22.342 517.703,23.368 516.035,25.035 C514.368,26.702 513.342,28.377 512.574,30.349 C511.834,32.258 511.326,34.438 511.181,37.631 C511.035,40.831 511,41.851 511,50 C511,58.147 511.035,59.17 511.181,62.369 C511.326,65.562 511.834,67.743 512.574,69.651 C513.342,71.625 514.368,73.296 516.035,74.965 C517.703,76.634 519.376,77.658 521.349,78.425 C523.257,79.167 525.438,79.673 528.631,79.82 C531.831,79.965 532.853,80.001 541,80.001 C549.148,80.001 550.169,79.965 553.369,79.82 C556.562,79.673 558.743,79.167 560.652,78.425 C562.623,77.658 564.297,76.634 565.965,74.965 C567.633,73.296 568.659,71.625 569.425,69.651 C570.167,67.743 570.674,65.562 570.82,62.369 C570.966,59.17 571,58.147 571,50 C571,41.851 570.966,40.831 570.82,37.631\"><\/path><\/g><\/g><\/g><\/svg><\/div>\n<div style=\"padding-top: 8px;\">\n<div style=\" color:#3897f0; font-family:Arial,sans-serif; font-size:14px; font-style:normal; font-weight:550; line-height:18px;\"> View this post on Instagram<\/div>\n<\/div>\n<div style=\"padding: 12.5% 0;\"><\/div>\n<div style=\"display: flex; flex-direction: row; margin-bottom: 14px; align-items: center;\">\n<div>\n<div style=\"background-color: #F4F4F4; border-radius: 50%; height: 12.5px; width: 12.5px; transform: translateX(0px) translateY(7px);\"><\/div>\n<div style=\"background-color: #F4F4F4; height: 12.5px; transform: rotate(-45deg) translateX(3px) translateY(1px); width: 12.5px; flex-grow: 0; margin-right: 14px; margin-left: 2px;\"><\/div>\n<div style=\"background-color: #F4F4F4; border-radius: 50%; height: 12.5px; width: 12.5px; transform: translateX(9px) translateY(-18px);\"><\/div>\n<\/div>\n<div style=\"margin-left: 8px;\">\n<div style=\" background-color: #F4F4F4; border-radius: 50%; flex-grow: 0; height: 20px; width: 20px;\"><\/div>\n<div style=\" width: 0; height: 0; border-top: 2px solid transparent; border-left: 6px solid #f4f4f4; border-bottom: 2px solid transparent; transform: translateX(16px) translateY(-4px) rotate(30deg)\"><\/div>\n<\/div>\n<div style=\"margin-left: auto;\">\n<div style=\" width: 0px; border-top: 8px solid #F4F4F4; border-right: 8px solid transparent; transform: translateY(16px);\"><\/div>\n<div style=\" background-color: #F4F4F4; flex-grow: 0; height: 12px; width: 16px; transform: translateY(-4px);\"><\/div>\n<div style=\" width: 0; height: 0; border-top: 8px solid #F4F4F4; border-left: 8px solid transparent; transform: translateY(-4px) translateX(8px);\"><\/div>\n<\/div>\n<\/div>\n<p><\/a> <\/p>\n<p style=\" margin:8px 0 0 0; padding:0 4px;\"> <a href=\"https:\/\/www.instagram.com\/p\/B7YcYeIHr8s\/?utm_source=ig_embed&amp;utm_campaign=loading\" style=\" color:#000; font-family:Arial,sans-serif; font-size:14px; font-style:normal; font-weight:normal; line-height:17px; text-decoration:none; word-wrap:break-word;\" target=\"_blank\" target=\"_blank\">Just days after Prince Harry and Meghan\u2019s big announcement of their plans to step down as senior members of the royal family, the Duchess of Sussex has already hit the ground running in Canada! This week she visited the Downtown Eastside Women\u2019s Centre in Vancouver and Justice For Girls, both organizations that focus on women\u2019s rights and empowerment. She bundled up in some of her old favorites, this Barbour Epler parka and a black Cuyana tote. Recreate her look by following us on the @liketoknow.it app or by heading to SussexStyleWatch.com today! http:\/\/liketk.it\/2JcIg #liketkit #meghanmarkle #whatmeghanwore #meghanmarklestyle #sussexstylewatch #sussexroyal #royalfamily #royalstyle #duchessofsussex #canada #barbour #cuyana<\/a><\/p>\n<p style=\" color:#c9c8cd; font-family:Arial,sans-serif; font-size:14px; line-height:17px; margin-bottom:0; margin-top:8px; overflow:hidden; padding:8px 0 7px; text-align:center; text-overflow:ellipsis; white-space:nowrap;\">A post shared by <a href=\"https:\/\/www.instagram.com\/sussexstylewatch\/?utm_source=ig_embed&amp;utm_campaign=loading\" style=\" color:#c9c8cd; font-family:Arial,sans-serif; font-size:14px; font-style:normal; font-weight:normal; line-height:17px;\" target=\"_blank\" target=\"_blank\"> Sussex Style Watch<\/a> (@sussexstylewatch) on <time style=\" font-family:Arial,sans-serif; font-size:14px; line-height:17px;\" datetime=\"2020-01-16T13:18:17+00:00\">Jan 16, 2020 at 5:18am PST<\/time><\/p>\n<\/div>\n<\/blockquote>\n<p><script async src=\"\/\/www.instagram.com\/embed.js\"><\/script><\/p>\n<p><span style=\"font-weight: 400;\">\u201cElla fue sencilla y adorable. Simplemente quer\u00eda conocer la asociaci\u00f3n. Nosotros sabemos que ella va a venir a Canad\u00e1 y puede ser que a la costa oeste. Yo pienso que ella no quiere pasar por una extranjera, quiere conocer a la gente\u201d, <a href=\"https:\/\/www.cbc.ca\/news\/canada\/british-columbia\/meghan-markle-dtes-womens-shelter-1.5427270\" target=\"_blank\" rel=\"noopener\" target=\"_blank\">dijo a medios de comunicaci\u00f3n locales<\/a> la directora de la organizaci\u00f3n, Kate Gibson. \u201cEstuvo fant\u00e1stica\u201d, a\u00f1adi\u00f3, y adem\u00e1s subi\u00f3 una fotograf\u00eda de todo su equipo junto a Meghan a su cuenta de Facebook.<\/span><\/p>\n<p>Tras esa visita, Markle hizo una parada en Justice for Girls para conversar sobre los derechos de las personas ind\u00edgenas y el poder del liderazgo femenino.<\/p>\n<blockquote class=\"twitter-tweet\" data-width=\"500\" data-dnt=\"true\">\n<p lang=\"en\" dir=\"ltr\">Yesterday, The Duchess of Sussex, Meghan Markle visited to discuss climate justice for girls and the rights of Indigenous peoples. Was great to talk about the importance of a holistic approach to social justice, and the power of young women\u2019s leadership. <a href=\"https:\/\/twitter.com\/hashtag\/DuchessOfSussex?src=hash&amp;ref_src=twsrc%5Etfw\" target=\"_blank\">#DuchessOfSussex<\/a> <a href=\"https:\/\/t.co\/M9LaqEELl7\" target=\"_blank\">pic.twitter.com\/M9LaqEELl7<\/a><\/p>\n<p>&mdash; Justice For Girls (@JFG_Canada) <a href=\"https:\/\/twitter.com\/JFG_Canada\/status\/1217602782779166720?ref_src=twsrc%5Etfw\" target=\"_blank\">January 16, 2020<\/a><\/p><\/blockquote>\n<p><script async src=\"https:\/\/platform.twitter.com\/widgets.js\" charset=\"utf-8\"><\/script><\/p>\n<p><span style=\"font-weight: 400;\">Meghan le tiene un cari\u00f1o especial a Canad\u00e1 a pesar de su nacionalidad estadounidense, pues ah\u00ed vivi\u00f3 durante siete a\u00f1os mientras grababa la serie <em>Suits<\/em>, programa televisivo que le hizo ganar fama. De hecho, le tiene tanto cari\u00f1o al pa\u00eds, que el plan que tiene junto a su esposo, Prince Harry, es mudarse ah\u00ed.\u00a0<\/span><\/p>\n<p><span style=\"font-weight: 400;\">Tras la reuni\u00f3n con la <strong>reina Elizabeth II<\/strong> en Sandringham, el duque de Sussex acord\u00f3 con los altos miembros de la monarqu\u00eda que habr\u00e1 un acuerdo en el que \u00e9l y su esposa puedan dividir su tiempo entre Canad\u00e1 y el Reino Unido. Aunque la especulaci\u00f3n de la prensa indague en qu\u00e9 tan de acuerdo est\u00e9 la monarca con el plan, la aparici\u00f3n de Meghan demuestra que el proyecto de vida de la pareja est\u00e1 aprobado, no solo por la reina, sino tambi\u00e9n por <strong>Prince Charles<\/strong> y <strong>Prince William<\/strong>. Por ahora, Prince Harry sigue en Londres donde asisti\u00f3 a un evento de la copa mundial de Rugby en Buckingham Palace.<\/span><\/p>\n<h5><\/h5>\n<h5><em>*IMAGEN: Getty Images<\/em><\/h5>\n","protected":false},"author":11628,"featured_media":77505,"template":"","format":"standard","categories":[2],"acf":[],"yoast_head":"<!-- This site is optimized with the Yoast SEO Premium plugin v18.5 (Yoast SEO v20.4) - https:\/\/yoast.com\/wordpress\/plugins\/seo\/ -->\n<title>Meghan Markle reaparece en Canad\u00e1 lista para iniciar sus labores | Grazia M\u00e9xico y Latinoam\u00e9rica<\/title>\n<meta name=\"description\" content=\"La duquesa de Sussex, Meghan Markle, reactiv\u00f3 sus actividades en Canad\u00e1, donde planea vivir parte del a\u00f1o junto a su esposo, Prince Harry, y Archie.\" \/>\n<meta name=\"robots\" content=\"index, follow, max-snippet:-1, max-image-preview:large, max-video-preview:-1\" \/>\n<link rel=\"canonical\" href=\"https:\/\/graziamagazine.com\/mx\/articles\/meghan-markle-reaparece-en-canada-lista-para-iniciar-sus-labores\/\" \/>\n<meta property=\"og:locale\" content=\"es_MX\" \/>\n<meta property=\"og:type\" content=\"article\" \/>\n<meta property=\"og:title\" content=\"Meghan Markle reaparece en Canad\u00e1 lista para iniciar sus labores\" \/>\n<meta property=\"og:description\" content=\"La duquesa de Sussex, Meghan Markle, reactiv\u00f3 sus actividades en Canad\u00e1, donde planea vivir parte del a\u00f1o junto a su esposo, Prince Harry, y Archie.\" \/>\n<meta property=\"og:url\" content=\"https:\/\/graziamagazine.com\/mx\/articles\/meghan-markle-reaparece-en-canada-lista-para-iniciar-sus-labores\/\" \/>\n<meta property=\"og:site_name\" content=\"Grazia M\u00e9xico y Latinoam\u00e9rica\" \/>\n<meta property=\"og:image\" content=\"https:\/\/graziamagazine.com\/mx\/wp-content\/uploads\/sites\/13\/2020\/01\/meghan-markle-reaparece-en-canada-lista-para-iniciar-sus-labores-destacada.jpg?fit=1024%2C732\" \/>\n\t<meta property=\"og:image:width\" content=\"1024\" \/>\n\t<meta property=\"og:image:height\" content=\"732\" \/>\n\t<meta property=\"og:image:type\" content=\"image\/jpeg\" \/>\n<meta name=\"twitter:card\" content=\"summary_large_image\" \/>\n<meta name=\"twitter:label1\" content=\"Est. reading time\" \/>\n\t<meta name=\"twitter:data1\" content=\"2 minutos\" \/>\n<script type=\"application\/ld+json\" class=\"yoast-schema-graph\">{\"@context\":\"https:\/\/schema.org\",\"@graph\":[{\"@type\":\"WebPage\",\"@id\":\"https:\/\/graziamagazine.com\/mx\/articles\/meghan-markle-reaparece-en-canada-lista-para-iniciar-sus-labores\/\",\"url\":\"https:\/\/graziamagazine.com\/mx\/articles\/meghan-markle-reaparece-en-canada-lista-para-iniciar-sus-labores\/\",\"name\":\"Meghan Markle reaparece en Canad\u00e1 lista para iniciar sus labores | Grazia M\u00e9xico y Latinoam\u00e9rica\",\"isPartOf\":{\"@id\":\"https:\/\/graziamagazine.com\/mx\/#website\"},\"datePublished\":\"2020-01-16T17:42:07+00:00\",\"dateModified\":\"2020-01-16T17:42:07+00:00\",\"description\":\"La duquesa de Sussex, Meghan Markle, reactiv\u00f3 sus actividades en Canad\u00e1, donde planea vivir parte del a\u00f1o junto a su esposo, Prince Harry, y Archie.\",\"breadcrumb\":{\"@id\":\"https:\/\/graziamagazine.com\/mx\/articles\/meghan-markle-reaparece-en-canada-lista-para-iniciar-sus-labores\/#breadcrumb\"},\"inLanguage\":\"es-MX\",\"potentialAction\":[{\"@type\":\"ReadAction\",\"target\":[\"https:\/\/graziamagazine.com\/mx\/articles\/meghan-markle-reaparece-en-canada-lista-para-iniciar-sus-labores\/\"]}]},{\"@type\":\"BreadcrumbList\",\"@id\":\"https:\/\/graziamagazine.com\/mx\/articles\/meghan-markle-reaparece-en-canada-lista-para-iniciar-sus-labores\/#breadcrumb\",\"itemListElement\":[{\"@type\":\"ListItem\",\"position\":1,\"name\":\"Home\",\"item\":\"https:\/\/graziamagazine.com\/mx\/\"},{\"@type\":\"ListItem\",\"position\":2,\"name\":\"Meghan Markle reaparece en Canad\u00e1 lista para iniciar sus labores\"}]},{\"@type\":\"WebSite\",\"@id\":\"https:\/\/graziamagazine.com\/mx\/#website\",\"url\":\"https:\/\/graziamagazine.com\/mx\/\",\"name\":\"Grazia M\u00e9xico y Latinoam\u00e9rica\",\"description\":\"Grazia es moda, belleza y noticias  de actualidad \",\"potentialAction\":[{\"@type\":\"SearchAction\",\"target\":{\"@type\":\"EntryPoint\",\"urlTemplate\":\"https:\/\/graziamagazine.com\/mx\/?s={search_term_string}\"},\"query-input\":\"required name=search_term_string\"}],\"inLanguage\":\"es-MX\"}]}<\/script>\n<!-- \/ Yoast SEO Premium plugin. -->","yoast_head_json":{"title":"Meghan Markle reaparece en Canad\u00e1 lista para iniciar sus labores | Grazia M\u00e9xico y Latinoam\u00e9rica","description":"La duquesa de Sussex, Meghan Markle, reactiv\u00f3 sus actividades en Canad\u00e1, donde planea vivir parte del a\u00f1o junto a su esposo, Prince Harry, y Archie.","robots":{"index":"index","follow":"follow","max-snippet":"max-snippet:-1","max-image-preview":"max-image-preview:large","max-video-preview":"max-video-preview:-1"},"canonical":"https:\/\/graziamagazine.com\/mx\/articles\/meghan-markle-reaparece-en-canada-lista-para-iniciar-sus-labores\/","og_locale":"es_MX","og_type":"article","og_title":"Meghan Markle reaparece en Canad\u00e1 lista para iniciar sus labores","og_description":"La duquesa de Sussex, Meghan Markle, reactiv\u00f3 sus actividades en Canad\u00e1, donde planea vivir parte del a\u00f1o junto a su esposo, Prince Harry, y Archie.","og_url":"https:\/\/graziamagazine.com\/mx\/articles\/meghan-markle-reaparece-en-canada-lista-para-iniciar-sus-labores\/","og_site_name":"Grazia M\u00e9xico y Latinoam\u00e9rica","og_image":[{"width":1024,"height":732,"url":"https:\/\/graziamagazine.com\/mx\/wp-content\/uploads\/sites\/13\/2020\/01\/meghan-markle-reaparece-en-canada-lista-para-iniciar-sus-labores-destacada.jpg?fit=1024%2C732","type":"image\/jpeg"}],"twitter_card":"summary_large_image","twitter_misc":{"Est. reading time":"2 minutos"},"schema":{"@context":"https:\/\/schema.org","@graph":[{"@type":"WebPage","@id":"https:\/\/graziamagazine.com\/mx\/articles\/meghan-markle-reaparece-en-canada-lista-para-iniciar-sus-labores\/","url":"https:\/\/graziamagazine.com\/mx\/articles\/meghan-markle-reaparece-en-canada-lista-para-iniciar-sus-labores\/","name":"Meghan Markle reaparece en Canad\u00e1 lista para iniciar sus labores | Grazia M\u00e9xico y Latinoam\u00e9rica","isPartOf":{"@id":"https:\/\/graziamagazine.com\/mx\/#website"},"datePublished":"2020-01-16T17:42:07+00:00","dateModified":"2020-01-16T17:42:07+00:00","description":"La duquesa de Sussex, Meghan Markle, reactiv\u00f3 sus actividades en Canad\u00e1, donde planea vivir parte del a\u00f1o junto a su esposo, Prince Harry, y Archie.","breadcrumb":{"@id":"https:\/\/graziamagazine.com\/mx\/articles\/meghan-markle-reaparece-en-canada-lista-para-iniciar-sus-labores\/#breadcrumb"},"inLanguage":"es-MX","potentialAction":[{"@type":"ReadAction","target":["https:\/\/graziamagazine.com\/mx\/articles\/meghan-markle-reaparece-en-canada-lista-para-iniciar-sus-labores\/"]}]},{"@type":"BreadcrumbList","@id":"https:\/\/graziamagazine.com\/mx\/articles\/meghan-markle-reaparece-en-canada-lista-para-iniciar-sus-labores\/#breadcrumb","itemListElement":[{"@type":"ListItem","position":1,"name":"Home","item":"https:\/\/graziamagazine.com\/mx\/"},{"@type":"ListItem","position":2,"name":"Meghan Markle reaparece en Canad\u00e1 lista para iniciar sus labores"}]},{"@type":"WebSite","@id":"https:\/\/graziamagazine.com\/mx\/#website","url":"https:\/\/graziamagazine.com\/mx\/","name":"Grazia M\u00e9xico y Latinoam\u00e9rica","description":"Grazia es moda, belleza y noticias  de actualidad ","potentialAction":[{"@type":"SearchAction","target":{"@type":"EntryPoint","urlTemplate":"https:\/\/graziamagazine.com\/mx\/?s={search_term_string}"},"query-input":"required name=search_term_string"}],"inLanguage":"es-MX"}]}},"jetpack_sharing_enabled":true,"distributor_meta":false,"distributor_terms":false,"distributor_media":false,"distributor_original_site_name":"Grazia M\u00e9xico y Latinoam\u00e9rica","distributor_original_site_url":"https:\/\/graziamagazine.com\/mx","push-errors":false,"_links":{"self":[{"href":"https:\/\/graziamagazine.com\/mx\/wp-json\/wp\/v2\/articles\/77500"}],"collection":[{"href":"https:\/\/graziamagazine.com\/mx\/wp-json\/wp\/v2\/articles"}],"about":[{"href":"https:\/\/graziamagazine.com\/mx\/wp-json\/wp\/v2\/types\/articles"}],"author":[{"embeddable":true,"href":"https:\/\/graziamagazine.com\/mx\/wp-json\/wp\/v2\/users\/11628"}],"wp:featuredmedia":[{"embeddable":true,"href":"https:\/\/graziamagazine.com\/mx\/wp-json\/wp\/v2\/media\/77505"}],"wp:attachment":[{"href":"https:\/\/graziamagazine.com\/mx\/wp-json\/wp\/v2\/media?parent=77500"}],"wp:term":[{"taxonomy":"category","embeddable":true,"href":"https:\/\/graziamagazine.com\/mx\/wp-json\/wp\/v2\/categories?post=77500"}],"curies":[{"name":"wp","href":"https:\/\/api.w.org\/{rel}","templated":true}]}}