{"id":77350,"date":"2020-01-14T13:29:15","date_gmt":"2020-01-14T18:29:15","guid":{"rendered":"https:\/\/graziamagazine.com\/mx\/?p=77350"},"modified":"2020-01-14T13:29:15","modified_gmt":"2020-01-14T18:29:15","slug":"gigi-hadid-sera-parte-del-juicio-contra-harvey-weinstein","status":"publish","type":"articles","link":"https:\/\/graziamagazine.com\/mx\/articles\/gigi-hadid-sera-parte-del-juicio-contra-harvey-weinstein\/","title":{"rendered":"\u00bfGigi Hadid ser\u00e1 parte del juicio contra Harvey Weinstein?"},"content":{"rendered":"<p><span style=\"font-weight: 400;\">La modelo <strong>Gigi Hadid<\/strong> podr\u00eda ser parte del jurado que participar\u00e1 en el j<a href=\"https:\/\/graziamagazine.com\/mx\/la-primera-aparicion-de-harvey-weinstein-ante-la-corte\/\" target=\"_blank\" rel=\"noopener\">uicio p\u00fablico contra el productor <strong>Harvey Weinstein<\/strong><\/a>, acusado de violaci\u00f3n por varias actrices, modelos y cantantes del medio art\u00edstico, uno de los casos m\u00e1s relevantes del movimiento <em>#MeToo<\/em>. La mayor de las hermanas Hadid se encuentra en el grupo final de 120 personas, de donde seleccionar\u00e1n doce miembros del jurado y seis suplentes que declarar\u00e1n a Weinstein culpable o inocente. Este grupo comenz\u00f3 con 500 personas.<\/span><\/p>\n<p>https:\/\/www.instagram.com\/p\/B7T095yBnUt\/<\/p>\n<p><span style=\"font-weight: 400;\">En las legislaci\u00f3n estadounidense, son los miembros del jurado quienes deben dar el veredicto final al acusado. El juez se encarga de dirigir el juicio y de mediar cuando se amerite. Por lo tanto, las personas que formen parte del jurado no deben conocer al acusado, ni tener nada en contra o a favor de \u00e9l.\u00a0<\/span><\/p>\n<p><span style=\"font-weight: 400;\">Sin embargo, Gigi s\u00ed conoce a Weinstein. Ella levant\u00f3 la mano cuando el juez James Burke pregunt\u00f3 a los 120 candidatos a jurado convocados este lunes si alguno conoc\u00eda al acusado. \u201cConoc\u00ed al acusado\u201d, dijo la modelo. Cuando el juez le pregunt\u00f3 si estaba en condiciones de juzgar el caso de manera imparcial, ella dijo: \u201ccreo que soy capaz de mantener una mente abierta sobre los hechos\u201d. \u00a1Qu\u00e9 valor! La modelo adem\u00e1s conoce a la actriz <strong>Salma Hayek<\/strong>, quien fungir\u00e1 como testigo en contra del acusado.<\/span><\/p>\n<p><span style=\"font-weight: 400;\">El pr\u00f3ximo jueves, la novia de Zayn Malik regresar\u00e1 a la Suprema Corte de Justicia de Manhattan para responder otras preguntas del juez y ser\u00e1 hasta dentro de un par de semanas que podremos saber si fue seleccionada.\u00a0<\/span><\/p>\n<p><span style=\"font-weight: 400;\">El productor de Hollywood, ahora con 67 a\u00f1os de edad y notables problemas de salud, es acusado de acoso o agresi\u00f3n sexual por m\u00e1s de 80 mujeres, entre ellas algunas celebridades como <strong>Ashley Judd, Gwyneth Paltrow<\/strong> y <strong>L\u00e9a Seydoux<\/strong>. Sin embargo, solo ser\u00e1 juzgado por dos casos de violaci\u00f3n.\u00a0<\/span><\/p>\n<p><span style=\"font-weight: 400;\">Este caso tiene demasiada presi\u00f3n medi\u00e1tica, no solamente porque hay varias celebridades involucradas, sino porque es uno de los casos m\u00e1s sonados del movimiento <em>#MeToo<\/em> que se extendi\u00f3 por todo el mundo, y en diferentes \u00e1reas sociales.\u00a0\u00a0<\/span><\/p>\n<h5><em>*IMAGEN: Getty Images<\/em><\/h5>\n","protected":false},"author":11628,"featured_media":77357,"template":"","format":"standard","categories":[2],"acf":[],"yoast_head":"<!-- This site is optimized with the Yoast SEO Premium plugin v18.5 (Yoast SEO v20.4) - https:\/\/yoast.com\/wordpress\/plugins\/seo\/ -->\n<title>\u00bfGigi Hadid ser\u00e1 parte del juicio contra Harvey Weinstein? | Grazia M\u00e9xico y Latinoam\u00e9rica<\/title>\n<meta name=\"description\" content=\"El juicio contra el productor se encuentra en la fase de selecci\u00f3n de jurado y Gigi Hadid podr\u00eda ser parte de \u00e9l. Te contamos los detalles.\" \/>\n<meta name=\"robots\" content=\"index, follow, max-snippet:-1, max-image-preview:large, max-video-preview:-1\" \/>\n<link rel=\"canonical\" href=\"https:\/\/graziamagazine.com\/mx\/articles\/gigi-hadid-sera-parte-del-juicio-contra-harvey-weinstein\/\" \/>\n<meta property=\"og:locale\" content=\"es_MX\" \/>\n<meta property=\"og:type\" content=\"article\" \/>\n<meta property=\"og:title\" content=\"\u00bfGigi Hadid ser\u00e1 parte del juicio contra Harvey Weinstein?\" \/>\n<meta property=\"og:description\" content=\"El juicio contra el productor se encuentra en la fase de selecci\u00f3n de jurado y Gigi Hadid podr\u00eda ser parte de \u00e9l. Te contamos los detalles.\" \/>\n<meta property=\"og:url\" content=\"https:\/\/graziamagazine.com\/mx\/articles\/gigi-hadid-sera-parte-del-juicio-contra-harvey-weinstein\/\" \/>\n<meta property=\"og:site_name\" content=\"Grazia M\u00e9xico y Latinoam\u00e9rica\" \/>\n<meta property=\"og:image\" content=\"https:\/\/graziamagazine.com\/mx\/wp-content\/uploads\/sites\/13\/2020\/01\/gigi-hadid-podria-ser-parte-del-juicio-contra-harvey-weinstein-destacada.jpg?fit=1920%2C1080\" \/>\n\t<meta property=\"og:image:width\" content=\"1920\" \/>\n\t<meta property=\"og:image:height\" content=\"1080\" \/>\n\t<meta property=\"og:image:type\" content=\"image\/jpeg\" \/>\n<meta name=\"twitter:card\" content=\"summary_large_image\" \/>\n<meta name=\"twitter:label1\" content=\"Est. reading time\" \/>\n\t<meta name=\"twitter:data1\" content=\"2 minutos\" \/>\n<script type=\"application\/ld+json\" class=\"yoast-schema-graph\">{\"@context\":\"https:\/\/schema.org\",\"@graph\":[{\"@type\":\"WebPage\",\"@id\":\"https:\/\/graziamagazine.com\/mx\/articles\/gigi-hadid-sera-parte-del-juicio-contra-harvey-weinstein\/\",\"url\":\"https:\/\/graziamagazine.com\/mx\/articles\/gigi-hadid-sera-parte-del-juicio-contra-harvey-weinstein\/\",\"name\":\"\u00bfGigi Hadid ser\u00e1 parte del juicio contra Harvey Weinstein? | Grazia M\u00e9xico y Latinoam\u00e9rica\",\"isPartOf\":{\"@id\":\"https:\/\/graziamagazine.com\/mx\/#website\"},\"datePublished\":\"2020-01-14T18:29:15+00:00\",\"dateModified\":\"2020-01-14T18:29:15+00:00\",\"description\":\"El juicio contra el productor se encuentra en la fase de selecci\u00f3n de jurado y Gigi Hadid podr\u00eda ser parte de \u00e9l. Te contamos los detalles.\",\"breadcrumb\":{\"@id\":\"https:\/\/graziamagazine.com\/mx\/articles\/gigi-hadid-sera-parte-del-juicio-contra-harvey-weinstein\/#breadcrumb\"},\"inLanguage\":\"es-MX\",\"potentialAction\":[{\"@type\":\"ReadAction\",\"target\":[\"https:\/\/graziamagazine.com\/mx\/articles\/gigi-hadid-sera-parte-del-juicio-contra-harvey-weinstein\/\"]}]},{\"@type\":\"BreadcrumbList\",\"@id\":\"https:\/\/graziamagazine.com\/mx\/articles\/gigi-hadid-sera-parte-del-juicio-contra-harvey-weinstein\/#breadcrumb\",\"itemListElement\":[{\"@type\":\"ListItem\",\"position\":1,\"name\":\"Home\",\"item\":\"https:\/\/graziamagazine.com\/mx\/\"},{\"@type\":\"ListItem\",\"position\":2,\"name\":\"\u00bfGigi Hadid ser\u00e1 parte del juicio contra Harvey Weinstein?\"}]},{\"@type\":\"WebSite\",\"@id\":\"https:\/\/graziamagazine.com\/mx\/#website\",\"url\":\"https:\/\/graziamagazine.com\/mx\/\",\"name\":\"Grazia M\u00e9xico y Latinoam\u00e9rica\",\"description\":\"Grazia es moda, belleza y noticias  de actualidad \",\"potentialAction\":[{\"@type\":\"SearchAction\",\"target\":{\"@type\":\"EntryPoint\",\"urlTemplate\":\"https:\/\/graziamagazine.com\/mx\/?s={search_term_string}\"},\"query-input\":\"required name=search_term_string\"}],\"inLanguage\":\"es-MX\"}]}<\/script>\n<!-- \/ Yoast SEO Premium plugin. -->","yoast_head_json":{"title":"\u00bfGigi Hadid ser\u00e1 parte del juicio contra Harvey Weinstein? | Grazia M\u00e9xico y Latinoam\u00e9rica","description":"El juicio contra el productor se encuentra en la fase de selecci\u00f3n de jurado y Gigi Hadid podr\u00eda ser parte de \u00e9l. Te contamos los detalles.","robots":{"index":"index","follow":"follow","max-snippet":"max-snippet:-1","max-image-preview":"max-image-preview:large","max-video-preview":"max-video-preview:-1"},"canonical":"https:\/\/graziamagazine.com\/mx\/articles\/gigi-hadid-sera-parte-del-juicio-contra-harvey-weinstein\/","og_locale":"es_MX","og_type":"article","og_title":"\u00bfGigi Hadid ser\u00e1 parte del juicio contra Harvey Weinstein?","og_description":"El juicio contra el productor se encuentra en la fase de selecci\u00f3n de jurado y Gigi Hadid podr\u00eda ser parte de \u00e9l. Te contamos los detalles.","og_url":"https:\/\/graziamagazine.com\/mx\/articles\/gigi-hadid-sera-parte-del-juicio-contra-harvey-weinstein\/","og_site_name":"Grazia M\u00e9xico y Latinoam\u00e9rica","og_image":[{"width":1920,"height":1080,"url":"https:\/\/graziamagazine.com\/mx\/wp-content\/uploads\/sites\/13\/2020\/01\/gigi-hadid-podria-ser-parte-del-juicio-contra-harvey-weinstein-destacada.jpg?fit=1920%2C1080","type":"image\/jpeg"}],"twitter_card":"summary_large_image","twitter_misc":{"Est. reading time":"2 minutos"},"schema":{"@context":"https:\/\/schema.org","@graph":[{"@type":"WebPage","@id":"https:\/\/graziamagazine.com\/mx\/articles\/gigi-hadid-sera-parte-del-juicio-contra-harvey-weinstein\/","url":"https:\/\/graziamagazine.com\/mx\/articles\/gigi-hadid-sera-parte-del-juicio-contra-harvey-weinstein\/","name":"\u00bfGigi Hadid ser\u00e1 parte del juicio contra Harvey Weinstein? | Grazia M\u00e9xico y Latinoam\u00e9rica","isPartOf":{"@id":"https:\/\/graziamagazine.com\/mx\/#website"},"datePublished":"2020-01-14T18:29:15+00:00","dateModified":"2020-01-14T18:29:15+00:00","description":"El juicio contra el productor se encuentra en la fase de selecci\u00f3n de jurado y Gigi Hadid podr\u00eda ser parte de \u00e9l. Te contamos los detalles.","breadcrumb":{"@id":"https:\/\/graziamagazine.com\/mx\/articles\/gigi-hadid-sera-parte-del-juicio-contra-harvey-weinstein\/#breadcrumb"},"inLanguage":"es-MX","potentialAction":[{"@type":"ReadAction","target":["https:\/\/graziamagazine.com\/mx\/articles\/gigi-hadid-sera-parte-del-juicio-contra-harvey-weinstein\/"]}]},{"@type":"BreadcrumbList","@id":"https:\/\/graziamagazine.com\/mx\/articles\/gigi-hadid-sera-parte-del-juicio-contra-harvey-weinstein\/#breadcrumb","itemListElement":[{"@type":"ListItem","position":1,"name":"Home","item":"https:\/\/graziamagazine.com\/mx\/"},{"@type":"ListItem","position":2,"name":"\u00bfGigi Hadid ser\u00e1 parte del juicio contra Harvey Weinstein?"}]},{"@type":"WebSite","@id":"https:\/\/graziamagazine.com\/mx\/#website","url":"https:\/\/graziamagazine.com\/mx\/","name":"Grazia M\u00e9xico y Latinoam\u00e9rica","description":"Grazia es moda, belleza y noticias  de actualidad ","potentialAction":[{"@type":"SearchAction","target":{"@type":"EntryPoint","urlTemplate":"https:\/\/graziamagazine.com\/mx\/?s={search_term_string}"},"query-input":"required name=search_term_string"}],"inLanguage":"es-MX"}]}},"jetpack_sharing_enabled":true,"distributor_meta":false,"distributor_terms":false,"distributor_media":false,"distributor_original_site_name":"Grazia M\u00e9xico y Latinoam\u00e9rica","distributor_original_site_url":"https:\/\/graziamagazine.com\/mx","push-errors":false,"_links":{"self":[{"href":"https:\/\/graziamagazine.com\/mx\/wp-json\/wp\/v2\/articles\/77350"}],"collection":[{"href":"https:\/\/graziamagazine.com\/mx\/wp-json\/wp\/v2\/articles"}],"about":[{"href":"https:\/\/graziamagazine.com\/mx\/wp-json\/wp\/v2\/types\/articles"}],"author":[{"embeddable":true,"href":"https:\/\/graziamagazine.com\/mx\/wp-json\/wp\/v2\/users\/11628"}],"wp:featuredmedia":[{"embeddable":true,"href":"https:\/\/graziamagazine.com\/mx\/wp-json\/wp\/v2\/media\/77357"}],"wp:attachment":[{"href":"https:\/\/graziamagazine.com\/mx\/wp-json\/wp\/v2\/media?parent=77350"}],"wp:term":[{"taxonomy":"category","embeddable":true,"href":"https:\/\/graziamagazine.com\/mx\/wp-json\/wp\/v2\/categories?post=77350"}],"curies":[{"name":"wp","href":"https:\/\/api.w.org\/{rel}","templated":true}]}}