{"id":77107,"date":"2020-01-09T14:11:56","date_gmt":"2020-01-09T19:11:56","guid":{"rendered":"https:\/\/graziamagazine.com\/mx\/?p=77107"},"modified":"2020-01-10T10:35:02","modified_gmt":"2020-01-10T15:35:02","slug":"the-nanny-regresa-con-un-musical-en-broadway","status":"publish","type":"articles","link":"https:\/\/graziamagazine.com\/mx\/articles\/the-nanny-regresa-con-un-musical-en-broadway\/","title":{"rendered":"\u00a1The Nanny regresa con un musical en Broadway!"},"content":{"rendered":"<p><span style=\"font-weight: 400;\"><em>The Nanny is back<\/em>! La emblem\u00e1tica serie de la d\u00e9cada de los 90 regresa a nuestras vidas pero esta vez como un musical. <em>La Ni\u00f1era<\/em> se convertir\u00e1 en una puesta en escena en <em>Broadway<\/em>, Nueva York. Pero eso no es lo mejor, esto s\u00ed: \u00a1la protagonista, <a href=\"https:\/\/graziamagazine.com\/mx\/fran-fine-y-sus-mejores-looks\/#0\" target=\"_blank\" rel=\"noopener\"><strong>Fran Drescher<\/strong><\/a> formar\u00e1 parte del equipo!<\/span><\/p>\n<p><img decoding=\"async\" src=\"https:\/\/media.giphy.com\/media\/R0SV12D3K7oQ0\/giphy.gif\" \/><\/p>\n<p><span style=\"font-weight: 400;\">Aunque tenemos algo que decirte. Fran, que ahora tiene 62 a\u00f1os de edad, no interpretar\u00e1 a <strong>Fran Fine<\/strong>. La actriz estar\u00e1 en el equipo de producci\u00f3n para asegurarse de mantener la historia original y de que no se pierda ning\u00fan detalle de su esencia. La direcci\u00f3n estar\u00e1 a cargo de Marc Bruni, y ser\u00e1 producido por Brian y Scott Zeilinger.<\/span><\/p>\n<p><span style=\"font-weight: 400;\">&#8220;Estamos muy emocionados de trabajar en el musical de <em>Broadway<\/em> y de que Rachel Bloom escriba la letra y la m\u00fasica\u201d, dijo Fran en una entrevista. Pero respecto a la mujer que interprete a la famosa ni\u00f1era, a\u00fan no hay informaci\u00f3n: \u201cNadie ha sido seleccionado a\u00fan para el papel, pero confiamos en encontrar a una fabulosa actriz que sea divertida, encantadora y con una buena voz&#8221;.<\/span><\/p>\n<p><span style=\"font-weight: 400;\">La encargada de musicalizar la historia, Rachel Bloom, coment\u00f3 que &#8220;La historia de Fran Fine es una historia universal que ha llegado al coraz\u00f3n a gente de todas las razas, religiones y orientaciones. Estoy muy orgullosa de poder usar los personajes de<em> La Ni\u00f1era<\/em> para contar una nueva historia sobre el camino que emprende una mujer para sentirse orgullosa de qui\u00e9n es&#8221;.<\/span><\/p>\n<p><span style=\"font-weight: 400;\">La serie que se transmiti\u00f3 en televisi\u00f3n contaba la vida de Fran Fine, una joven jud\u00eda del barrio de Queens, en Nueva York, que perdi\u00f3 su empleo y que poco tiempo despu\u00e9s encontr\u00f3 otro como ni\u00f1era en casa de un millonario productor de <em>Broadway<\/em> que vive con sus tres hijos, Grace, Margaret y Brighton. Fran comienza a sentir algo por su jefe, Mr. Maxwell Sheffield, por lo que hace lo imposible para quitar de su camino a C.C. Babcock, compa\u00f1era de trabajo del se\u00f1or Sheffield, que pretende ganarse su amor\u2026 y su fortuna.<\/span><\/p>\n<p><span style=\"font-weight: 400;\">La serie estuvo al aire de 1993 a 1999, durante seis temporadas. Fue nominada a 12 premios <em>Emmy<\/em>, se emiti\u00f3 en m\u00e1s de 100 pa\u00edses y se tradujo a m\u00e1s de 30 idiomas. Por esto y por m\u00e1s, estamos muy emocionados con este gran regreso.<\/span><\/p>\n<h5><em>*IMAGEN: Still The Nanny<\/em><\/h5>\n","protected":false},"author":11628,"featured_media":77110,"template":"","format":"standard","categories":[114],"acf":[],"yoast_head":"<!-- This site is optimized with the Yoast SEO Premium plugin v18.5 (Yoast SEO v20.4) - https:\/\/yoast.com\/wordpress\/plugins\/seo\/ -->\n<title>\u00a1The Nanny regresa con un musical en Broadway! | Grazia M\u00e9xico y Latinoam\u00e9rica<\/title>\n<meta name=\"description\" content=\"The Nanny, una de nuestras series favoritas de los noventa, regresa actualizada y musicalizada. Y s\u00ed, Fran Drescher formar\u00e1 parte del equipo.\" \/>\n<meta name=\"robots\" content=\"index, follow, max-snippet:-1, max-image-preview:large, max-video-preview:-1\" \/>\n<link rel=\"canonical\" href=\"https:\/\/graziamagazine.com\/mx\/articles\/the-nanny-regresa-con-un-musical-en-broadway\/\" \/>\n<meta property=\"og:locale\" content=\"es_MX\" \/>\n<meta property=\"og:type\" content=\"article\" \/>\n<meta property=\"og:title\" content=\"\u00a1The Nanny regresa con un musical en Broadway!\" \/>\n<meta property=\"og:description\" content=\"The Nanny, una de nuestras series favoritas de los noventa, regresa actualizada y musicalizada. Y s\u00ed, Fran Drescher formar\u00e1 parte del equipo.\" \/>\n<meta property=\"og:url\" content=\"https:\/\/graziamagazine.com\/mx\/articles\/the-nanny-regresa-con-un-musical-en-broadway\/\" \/>\n<meta property=\"og:site_name\" content=\"Grazia M\u00e9xico y Latinoam\u00e9rica\" \/>\n<meta property=\"article:modified_time\" content=\"2020-01-10T15:35:02+00:00\" \/>\n<meta property=\"og:image\" content=\"https:\/\/graziamagazine.com\/mx\/wp-content\/uploads\/sites\/13\/2020\/01\/the-nanny-regresa-con-un-musical-en-broadway-destacada.jpg?fit=1024%2C694\" \/>\n\t<meta property=\"og:image:width\" content=\"1024\" \/>\n\t<meta property=\"og:image:height\" content=\"694\" \/>\n\t<meta property=\"og:image:type\" content=\"image\/jpeg\" \/>\n<meta name=\"twitter:card\" content=\"summary_large_image\" \/>\n<meta name=\"twitter:label1\" content=\"Est. reading time\" \/>\n\t<meta name=\"twitter:data1\" content=\"2 minutos\" \/>\n<script type=\"application\/ld+json\" class=\"yoast-schema-graph\">{\"@context\":\"https:\/\/schema.org\",\"@graph\":[{\"@type\":\"WebPage\",\"@id\":\"https:\/\/graziamagazine.com\/mx\/articles\/the-nanny-regresa-con-un-musical-en-broadway\/\",\"url\":\"https:\/\/graziamagazine.com\/mx\/articles\/the-nanny-regresa-con-un-musical-en-broadway\/\",\"name\":\"\u00a1The Nanny regresa con un musical en Broadway! | Grazia M\u00e9xico y Latinoam\u00e9rica\",\"isPartOf\":{\"@id\":\"https:\/\/graziamagazine.com\/mx\/#website\"},\"datePublished\":\"2020-01-09T19:11:56+00:00\",\"dateModified\":\"2020-01-10T15:35:02+00:00\",\"description\":\"The Nanny, una de nuestras series favoritas de los noventa, regresa actualizada y musicalizada. Y s\u00ed, Fran Drescher formar\u00e1 parte del equipo.\",\"breadcrumb\":{\"@id\":\"https:\/\/graziamagazine.com\/mx\/articles\/the-nanny-regresa-con-un-musical-en-broadway\/#breadcrumb\"},\"inLanguage\":\"es-MX\",\"potentialAction\":[{\"@type\":\"ReadAction\",\"target\":[\"https:\/\/graziamagazine.com\/mx\/articles\/the-nanny-regresa-con-un-musical-en-broadway\/\"]}]},{\"@type\":\"BreadcrumbList\",\"@id\":\"https:\/\/graziamagazine.com\/mx\/articles\/the-nanny-regresa-con-un-musical-en-broadway\/#breadcrumb\",\"itemListElement\":[{\"@type\":\"ListItem\",\"position\":1,\"name\":\"Home\",\"item\":\"https:\/\/graziamagazine.com\/mx\/\"},{\"@type\":\"ListItem\",\"position\":2,\"name\":\"\u00a1The Nanny regresa con un musical en Broadway!\"}]},{\"@type\":\"WebSite\",\"@id\":\"https:\/\/graziamagazine.com\/mx\/#website\",\"url\":\"https:\/\/graziamagazine.com\/mx\/\",\"name\":\"Grazia M\u00e9xico y Latinoam\u00e9rica\",\"description\":\"Grazia es moda, belleza y noticias  de actualidad \",\"potentialAction\":[{\"@type\":\"SearchAction\",\"target\":{\"@type\":\"EntryPoint\",\"urlTemplate\":\"https:\/\/graziamagazine.com\/mx\/?s={search_term_string}\"},\"query-input\":\"required name=search_term_string\"}],\"inLanguage\":\"es-MX\"}]}<\/script>\n<!-- \/ Yoast SEO Premium plugin. -->","yoast_head_json":{"title":"\u00a1The Nanny regresa con un musical en Broadway! | Grazia M\u00e9xico y Latinoam\u00e9rica","description":"The Nanny, una de nuestras series favoritas de los noventa, regresa actualizada y musicalizada. Y s\u00ed, Fran Drescher formar\u00e1 parte del equipo.","robots":{"index":"index","follow":"follow","max-snippet":"max-snippet:-1","max-image-preview":"max-image-preview:large","max-video-preview":"max-video-preview:-1"},"canonical":"https:\/\/graziamagazine.com\/mx\/articles\/the-nanny-regresa-con-un-musical-en-broadway\/","og_locale":"es_MX","og_type":"article","og_title":"\u00a1The Nanny regresa con un musical en Broadway!","og_description":"The Nanny, una de nuestras series favoritas de los noventa, regresa actualizada y musicalizada. Y s\u00ed, Fran Drescher formar\u00e1 parte del equipo.","og_url":"https:\/\/graziamagazine.com\/mx\/articles\/the-nanny-regresa-con-un-musical-en-broadway\/","og_site_name":"Grazia M\u00e9xico y Latinoam\u00e9rica","article_modified_time":"2020-01-10T15:35:02+00:00","og_image":[{"width":1024,"height":694,"url":"https:\/\/graziamagazine.com\/mx\/wp-content\/uploads\/sites\/13\/2020\/01\/the-nanny-regresa-con-un-musical-en-broadway-destacada.jpg?fit=1024%2C694","type":"image\/jpeg"}],"twitter_card":"summary_large_image","twitter_misc":{"Est. reading time":"2 minutos"},"schema":{"@context":"https:\/\/schema.org","@graph":[{"@type":"WebPage","@id":"https:\/\/graziamagazine.com\/mx\/articles\/the-nanny-regresa-con-un-musical-en-broadway\/","url":"https:\/\/graziamagazine.com\/mx\/articles\/the-nanny-regresa-con-un-musical-en-broadway\/","name":"\u00a1The Nanny regresa con un musical en Broadway! | Grazia M\u00e9xico y Latinoam\u00e9rica","isPartOf":{"@id":"https:\/\/graziamagazine.com\/mx\/#website"},"datePublished":"2020-01-09T19:11:56+00:00","dateModified":"2020-01-10T15:35:02+00:00","description":"The Nanny, una de nuestras series favoritas de los noventa, regresa actualizada y musicalizada. Y s\u00ed, Fran Drescher formar\u00e1 parte del equipo.","breadcrumb":{"@id":"https:\/\/graziamagazine.com\/mx\/articles\/the-nanny-regresa-con-un-musical-en-broadway\/#breadcrumb"},"inLanguage":"es-MX","potentialAction":[{"@type":"ReadAction","target":["https:\/\/graziamagazine.com\/mx\/articles\/the-nanny-regresa-con-un-musical-en-broadway\/"]}]},{"@type":"BreadcrumbList","@id":"https:\/\/graziamagazine.com\/mx\/articles\/the-nanny-regresa-con-un-musical-en-broadway\/#breadcrumb","itemListElement":[{"@type":"ListItem","position":1,"name":"Home","item":"https:\/\/graziamagazine.com\/mx\/"},{"@type":"ListItem","position":2,"name":"\u00a1The Nanny regresa con un musical en Broadway!"}]},{"@type":"WebSite","@id":"https:\/\/graziamagazine.com\/mx\/#website","url":"https:\/\/graziamagazine.com\/mx\/","name":"Grazia M\u00e9xico y Latinoam\u00e9rica","description":"Grazia es moda, belleza y noticias  de actualidad ","potentialAction":[{"@type":"SearchAction","target":{"@type":"EntryPoint","urlTemplate":"https:\/\/graziamagazine.com\/mx\/?s={search_term_string}"},"query-input":"required name=search_term_string"}],"inLanguage":"es-MX"}]}},"jetpack_sharing_enabled":true,"distributor_meta":false,"distributor_terms":false,"distributor_media":false,"distributor_original_site_name":"Grazia M\u00e9xico y Latinoam\u00e9rica","distributor_original_site_url":"https:\/\/graziamagazine.com\/mx","push-errors":false,"_links":{"self":[{"href":"https:\/\/graziamagazine.com\/mx\/wp-json\/wp\/v2\/articles\/77107"}],"collection":[{"href":"https:\/\/graziamagazine.com\/mx\/wp-json\/wp\/v2\/articles"}],"about":[{"href":"https:\/\/graziamagazine.com\/mx\/wp-json\/wp\/v2\/types\/articles"}],"author":[{"embeddable":true,"href":"https:\/\/graziamagazine.com\/mx\/wp-json\/wp\/v2\/users\/11628"}],"wp:featuredmedia":[{"embeddable":true,"href":"https:\/\/graziamagazine.com\/mx\/wp-json\/wp\/v2\/media\/77110"}],"wp:attachment":[{"href":"https:\/\/graziamagazine.com\/mx\/wp-json\/wp\/v2\/media?parent=77107"}],"wp:term":[{"taxonomy":"category","embeddable":true,"href":"https:\/\/graziamagazine.com\/mx\/wp-json\/wp\/v2\/categories?post=77107"}],"curies":[{"name":"wp","href":"https:\/\/api.w.org\/{rel}","templated":true}]}}