{"id":76433,"date":"2019-12-10T12:00:09","date_gmt":"2019-12-10T17:00:09","guid":{"rendered":"https:\/\/graziamagazine.com\/mx\/?p=76433"},"modified":"2019-12-27T14:09:14","modified_gmt":"2019-12-27T19:09:14","slug":"winnie-harlow-y-steve-madden-se-unen-para-crear-una-coleccion-especial-de-zapatos","status":"publish","type":"articles","link":"https:\/\/graziamagazine.com\/mx\/articles\/winnie-harlow-y-steve-madden-se-unen-para-crear-una-coleccion-especial-de-zapatos\/","title":{"rendered":"Winnie Harlow y Steve Madden se unen para crear una colecci\u00f3n especial de zapatos"},"content":{"rendered":"<p>No es completamente extra\u00f1o ver a una modelo convertirse en dise\u00f1adora. Y es que al ser una <i>insider<\/i> de la industria, la pasi\u00f3n por crear se contagia. Tal fue el caso de <strong>Winnie Harlow<\/strong>, una de las modelos m\u00e1s aclamadas, y quien dise\u00f1\u00f3 la \u00faltima colecci\u00f3n c\u00e1psula para <strong>Steve Madden<\/strong>.<\/p>\n<p>Inspirada en el estilo de Winnie y en las personas que han influido en su vida, el dise\u00f1ador y la tambi\u00e9n activista crearon en conjunto los zapatos que necesitas para apoderarte de las pr\u00f3ximas fiestas.<\/p>\n<p><img decoding=\"async\" class=\"alignnone size-large wp-image-76435\" src=\"https:\/\/graziamagazine.com\/mx\/wp-content\/uploads\/sites\/13\/2019\/12\/winnie-harlow-y-steve-madden-se-unen-para-crear-una-coleccion-especial-de-zapatos-1-700x467.jpg\" alt=\"\" \/><\/p>\n<p><img decoding=\"async\" class=\"alignnone size-large wp-image-76436\" src=\"https:\/\/graziamagazine.com\/mx\/wp-content\/uploads\/sites\/13\/2019\/12\/winnie-harlow-y-steve-madden-se-unen-para-crear-una-coleccion-especial-de-zapatos-2-700x467.jpg\" alt=\"\" \/><\/p>\n<p>Harlow sabe que las mujeres buscan atemporalidad. Con texturas interesantes y colores que aportan energ\u00eda, la modelo logr\u00f3 presentarnos versatilidad para todos los estilos. Desde botas <i>over-the-knee<\/i> en colores cl\u00e1sicos pero atrevidas por el estampado de serpiente, sandalias altas \u2014un par en rosa met\u00e1lico para lograr ese <i>70\u2019s-inspired look<\/i>\u2014, hasta botines para llevar de la oficina a la cena de fin de a\u00f1o con tus amigos.<\/p>\n<p>Cada modelo eleva tu <i>outfit<\/i> y lo pone autom\u00e1ticamente en tendencia. Y es Winnie Harlow pens\u00f3 en su profesi\u00f3n y en lo que ella busca en cada par de zapatos. No importa si son <i>sneakers<\/i>, ella busca unos que combinen con todo. O, unos <i>pumps<\/i> c\u00f3modos que puedas combinar con <i>todo<\/i>.<\/p>\n<p><img decoding=\"async\" class=\"alignnone size-large wp-image-76437\" src=\"https:\/\/graziamagazine.com\/mx\/wp-content\/uploads\/sites\/13\/2019\/12\/winnie-harlow-y-steve-madden-se-unen-para-crear-una-coleccion-especial-de-zapatos-3-700x467.jpg\" alt=\"\" \/><\/p>\n<p><img decoding=\"async\" class=\"alignnone size-large wp-image-76438\" src=\"https:\/\/graziamagazine.com\/mx\/wp-content\/uploads\/sites\/13\/2019\/12\/winnie-harlow-y-steve-madden-se-unen-para-crear-una-coleccion-especial-de-zapatos-4-700x467.jpg\" alt=\"\" \/><\/p>\n<p><em>Ya puedes encontrar Winnie Harlow x Steve Madden en tiendas seleccionadas.<\/em><\/p>\n<h5><\/h5>\n<h5><em>*IM\u00c1GENES: Cortes\u00eda de Steve Madden<\/em><\/h5>\n","protected":false},"author":11636,"featured_media":76434,"template":"","format":"standard","categories":[4],"acf":[],"yoast_head":"<!-- This site is optimized with the Yoast SEO Premium plugin v18.5 (Yoast SEO v20.4) - https:\/\/yoast.com\/wordpress\/plugins\/seo\/ -->\n<title>Winnie Harlow y Steve Madden se unen para crear una colecci\u00f3n especial de zapatos | Grazia M\u00e9xico y Latinoam\u00e9rica<\/title>\n<meta name=\"description\" content=\"Winnie Harlow se uni\u00f3 a Steve Madden para dise\u00f1ar su propia colecci\u00f3n c\u00e1psula de zapatos que vas a querer tener esta temporada de fiestas.\" \/>\n<meta name=\"robots\" content=\"index, follow, max-snippet:-1, max-image-preview:large, max-video-preview:-1\" \/>\n<link rel=\"canonical\" href=\"https:\/\/graziamagazine.com\/mx\/articles\/winnie-harlow-y-steve-madden-se-unen-para-crear-una-coleccion-especial-de-zapatos\/\" \/>\n<meta property=\"og:locale\" content=\"es_MX\" \/>\n<meta property=\"og:type\" content=\"article\" \/>\n<meta property=\"og:title\" content=\"Winnie Harlow y Steve Madden se unen para crear una colecci\u00f3n especial de zapatos\" \/>\n<meta property=\"og:description\" content=\"Winnie Harlow se uni\u00f3 a Steve Madden para dise\u00f1ar su propia colecci\u00f3n c\u00e1psula de zapatos que vas a querer tener esta temporada de fiestas.\" \/>\n<meta property=\"og:url\" content=\"https:\/\/graziamagazine.com\/mx\/articles\/winnie-harlow-y-steve-madden-se-unen-para-crear-una-coleccion-especial-de-zapatos\/\" \/>\n<meta property=\"og:site_name\" content=\"Grazia M\u00e9xico y Latinoam\u00e9rica\" \/>\n<meta property=\"article:modified_time\" content=\"2019-12-27T19:09:14+00:00\" \/>\n<meta property=\"og:image\" content=\"https:\/\/graziamagazine.com\/mx\/wp-content\/uploads\/sites\/13\/2019\/12\/winnie-harlow-y-steve-madden-se-unen-para-crear-una-coleccion-especial-de-zapatos-destacada.jpg?fit=1359%2C803\" \/>\n\t<meta property=\"og:image:width\" content=\"1359\" \/>\n\t<meta property=\"og:image:height\" content=\"803\" \/>\n\t<meta property=\"og:image:type\" content=\"image\/jpeg\" \/>\n<meta name=\"twitter:card\" content=\"summary_large_image\" \/>\n<meta name=\"twitter:label1\" content=\"Est. reading time\" \/>\n\t<meta name=\"twitter:data1\" content=\"1 minuto\" \/>\n<script type=\"application\/ld+json\" class=\"yoast-schema-graph\">{\"@context\":\"https:\/\/schema.org\",\"@graph\":[{\"@type\":\"WebPage\",\"@id\":\"https:\/\/graziamagazine.com\/mx\/articles\/winnie-harlow-y-steve-madden-se-unen-para-crear-una-coleccion-especial-de-zapatos\/\",\"url\":\"https:\/\/graziamagazine.com\/mx\/articles\/winnie-harlow-y-steve-madden-se-unen-para-crear-una-coleccion-especial-de-zapatos\/\",\"name\":\"Winnie Harlow y Steve Madden se unen para crear una colecci\u00f3n especial de zapatos | Grazia M\u00e9xico y Latinoam\u00e9rica\",\"isPartOf\":{\"@id\":\"https:\/\/graziamagazine.com\/mx\/#website\"},\"datePublished\":\"2019-12-10T17:00:09+00:00\",\"dateModified\":\"2019-12-27T19:09:14+00:00\",\"description\":\"Winnie Harlow se uni\u00f3 a Steve Madden para dise\u00f1ar su propia colecci\u00f3n c\u00e1psula de zapatos que vas a querer tener esta temporada de fiestas.\",\"breadcrumb\":{\"@id\":\"https:\/\/graziamagazine.com\/mx\/articles\/winnie-harlow-y-steve-madden-se-unen-para-crear-una-coleccion-especial-de-zapatos\/#breadcrumb\"},\"inLanguage\":\"es-MX\",\"potentialAction\":[{\"@type\":\"ReadAction\",\"target\":[\"https:\/\/graziamagazine.com\/mx\/articles\/winnie-harlow-y-steve-madden-se-unen-para-crear-una-coleccion-especial-de-zapatos\/\"]}]},{\"@type\":\"BreadcrumbList\",\"@id\":\"https:\/\/graziamagazine.com\/mx\/articles\/winnie-harlow-y-steve-madden-se-unen-para-crear-una-coleccion-especial-de-zapatos\/#breadcrumb\",\"itemListElement\":[{\"@type\":\"ListItem\",\"position\":1,\"name\":\"Home\",\"item\":\"https:\/\/graziamagazine.com\/mx\/\"},{\"@type\":\"ListItem\",\"position\":2,\"name\":\"Winnie Harlow y Steve Madden se unen para crear una colecci\u00f3n especial de zapatos\"}]},{\"@type\":\"WebSite\",\"@id\":\"https:\/\/graziamagazine.com\/mx\/#website\",\"url\":\"https:\/\/graziamagazine.com\/mx\/\",\"name\":\"Grazia M\u00e9xico y Latinoam\u00e9rica\",\"description\":\"Grazia es moda, belleza y noticias  de actualidad \",\"potentialAction\":[{\"@type\":\"SearchAction\",\"target\":{\"@type\":\"EntryPoint\",\"urlTemplate\":\"https:\/\/graziamagazine.com\/mx\/?s={search_term_string}\"},\"query-input\":\"required name=search_term_string\"}],\"inLanguage\":\"es-MX\"}]}<\/script>\n<!-- \/ Yoast SEO Premium plugin. -->","yoast_head_json":{"title":"Winnie Harlow y Steve Madden se unen para crear una colecci\u00f3n especial de zapatos | Grazia M\u00e9xico y Latinoam\u00e9rica","description":"Winnie Harlow se uni\u00f3 a Steve Madden para dise\u00f1ar su propia colecci\u00f3n c\u00e1psula de zapatos que vas a querer tener esta temporada de fiestas.","robots":{"index":"index","follow":"follow","max-snippet":"max-snippet:-1","max-image-preview":"max-image-preview:large","max-video-preview":"max-video-preview:-1"},"canonical":"https:\/\/graziamagazine.com\/mx\/articles\/winnie-harlow-y-steve-madden-se-unen-para-crear-una-coleccion-especial-de-zapatos\/","og_locale":"es_MX","og_type":"article","og_title":"Winnie Harlow y Steve Madden se unen para crear una colecci\u00f3n especial de zapatos","og_description":"Winnie Harlow se uni\u00f3 a Steve Madden para dise\u00f1ar su propia colecci\u00f3n c\u00e1psula de zapatos que vas a querer tener esta temporada de fiestas.","og_url":"https:\/\/graziamagazine.com\/mx\/articles\/winnie-harlow-y-steve-madden-se-unen-para-crear-una-coleccion-especial-de-zapatos\/","og_site_name":"Grazia M\u00e9xico y Latinoam\u00e9rica","article_modified_time":"2019-12-27T19:09:14+00:00","og_image":[{"width":1359,"height":803,"url":"https:\/\/graziamagazine.com\/mx\/wp-content\/uploads\/sites\/13\/2019\/12\/winnie-harlow-y-steve-madden-se-unen-para-crear-una-coleccion-especial-de-zapatos-destacada.jpg?fit=1359%2C803","type":"image\/jpeg"}],"twitter_card":"summary_large_image","twitter_misc":{"Est. reading time":"1 minuto"},"schema":{"@context":"https:\/\/schema.org","@graph":[{"@type":"WebPage","@id":"https:\/\/graziamagazine.com\/mx\/articles\/winnie-harlow-y-steve-madden-se-unen-para-crear-una-coleccion-especial-de-zapatos\/","url":"https:\/\/graziamagazine.com\/mx\/articles\/winnie-harlow-y-steve-madden-se-unen-para-crear-una-coleccion-especial-de-zapatos\/","name":"Winnie Harlow y Steve Madden se unen para crear una colecci\u00f3n especial de zapatos | Grazia M\u00e9xico y Latinoam\u00e9rica","isPartOf":{"@id":"https:\/\/graziamagazine.com\/mx\/#website"},"datePublished":"2019-12-10T17:00:09+00:00","dateModified":"2019-12-27T19:09:14+00:00","description":"Winnie Harlow se uni\u00f3 a Steve Madden para dise\u00f1ar su propia colecci\u00f3n c\u00e1psula de zapatos que vas a querer tener esta temporada de fiestas.","breadcrumb":{"@id":"https:\/\/graziamagazine.com\/mx\/articles\/winnie-harlow-y-steve-madden-se-unen-para-crear-una-coleccion-especial-de-zapatos\/#breadcrumb"},"inLanguage":"es-MX","potentialAction":[{"@type":"ReadAction","target":["https:\/\/graziamagazine.com\/mx\/articles\/winnie-harlow-y-steve-madden-se-unen-para-crear-una-coleccion-especial-de-zapatos\/"]}]},{"@type":"BreadcrumbList","@id":"https:\/\/graziamagazine.com\/mx\/articles\/winnie-harlow-y-steve-madden-se-unen-para-crear-una-coleccion-especial-de-zapatos\/#breadcrumb","itemListElement":[{"@type":"ListItem","position":1,"name":"Home","item":"https:\/\/graziamagazine.com\/mx\/"},{"@type":"ListItem","position":2,"name":"Winnie Harlow y Steve Madden se unen para crear una colecci\u00f3n especial de zapatos"}]},{"@type":"WebSite","@id":"https:\/\/graziamagazine.com\/mx\/#website","url":"https:\/\/graziamagazine.com\/mx\/","name":"Grazia M\u00e9xico y Latinoam\u00e9rica","description":"Grazia es moda, belleza y noticias  de actualidad ","potentialAction":[{"@type":"SearchAction","target":{"@type":"EntryPoint","urlTemplate":"https:\/\/graziamagazine.com\/mx\/?s={search_term_string}"},"query-input":"required name=search_term_string"}],"inLanguage":"es-MX"}]}},"jetpack_sharing_enabled":true,"distributor_meta":false,"distributor_terms":false,"distributor_media":false,"distributor_original_site_name":"Grazia M\u00e9xico y Latinoam\u00e9rica","distributor_original_site_url":"https:\/\/graziamagazine.com\/mx","push-errors":false,"_links":{"self":[{"href":"https:\/\/graziamagazine.com\/mx\/wp-json\/wp\/v2\/articles\/76433"}],"collection":[{"href":"https:\/\/graziamagazine.com\/mx\/wp-json\/wp\/v2\/articles"}],"about":[{"href":"https:\/\/graziamagazine.com\/mx\/wp-json\/wp\/v2\/types\/articles"}],"author":[{"embeddable":true,"href":"https:\/\/graziamagazine.com\/mx\/wp-json\/wp\/v2\/users\/11636"}],"wp:featuredmedia":[{"embeddable":true,"href":"https:\/\/graziamagazine.com\/mx\/wp-json\/wp\/v2\/media\/76434"}],"wp:attachment":[{"href":"https:\/\/graziamagazine.com\/mx\/wp-json\/wp\/v2\/media?parent=76433"}],"wp:term":[{"taxonomy":"category","embeddable":true,"href":"https:\/\/graziamagazine.com\/mx\/wp-json\/wp\/v2\/categories?post=76433"}],"curies":[{"name":"wp","href":"https:\/\/api.w.org\/{rel}","templated":true}]}}