{"id":76147,"date":"2020-12-23T10:00:54","date_gmt":"2020-12-23T15:00:54","guid":{"rendered":"https:\/\/graziamagazine.com\/mx\/?p=76147"},"modified":"2021-01-04T11:13:50","modified_gmt":"2021-01-04T16:13:50","slug":"asi-fue-la-evolucion-de-la-moda-en-la-ultima-decada","status":"publish","type":"articles","link":"https:\/\/graziamagazine.com\/mx\/articles\/asi-fue-la-evolucion-de-la-moda-en-la-ultima-decada\/","title":{"rendered":"Los 48 momentos m\u00e1s ic\u00f3nicos de la moda desde 2010"},"content":{"rendered":"<p>Si regresamos a los primeros diez a\u00f1os del siglo y los comparamos con <strong>la \u00faltima d\u00e9cada<\/strong>, sin duda los cambios han sido radicales. Los 2010 marcaron la diferencia en innovaciones tecnol\u00f3gicas, con Apple revolucionando sus productos\u00a0a la par que nuevas t\u00e9cnicas para confecci\u00f3n y construcci\u00f3n de las prendas, como la impresi\u00f3n 3D, llegaron.<\/p>\n<p>Diferentes sucesos como la muerte de aclamados dise\u00f1adores como <strong>Alexander McQueen<\/strong>\u00a0y <strong>Karl Lagerfeld\u00a0<\/strong>cambiaron el rumbo de la industria de la moda, as\u00ed como el traslado\u00a0de diferentes dise\u00f1adores creativos de una firma a otra.<\/p>\n<p>Por su lado, <strong>Rihanna, Dua Lipa y Meghan Markle\u00a0<\/strong>se convirtieron en algunas de las artistas m\u00e1s influyentes de nuestros tiempos, a la par que el clan <strong>Kardashian-Jenner <\/strong>conquist\u00f3 el mundo digital.\u00a0Al final\u00a0todo se trata de una manifestaci\u00f3n de la cultura, y as\u00ed como nosotras, seguramente ya est\u00e1s recordando con nostalgia cada a\u00f1o transcurrido.<\/p>\n<p><span style=\"line-height: 1.4em\">Revivimos para ti los momentos que definieron cada a\u00f1o desde el 2010:<\/span><\/p>\n<div class=\"content-gallery\"><div class=\"gallery-placeholder\"><div class=\"spinner\"><\/div><\/div><span class=\"gallery-pagination\"><\/span><div id=\"gallery-1\" class=\"gallery galleryid-76147 gallery-columns- gallery-size-\"><figure class=\"gallery-item grazia-gallery-show-text\"><div class=\"gallery-icon landscape\"><img loading=\"lazy\" decoding=\"async\" width=\"700\" height=\"1131\" src=\"https:\/\/graziamagazine.com\/mx\/wp-content\/uploads\/sites\/13\/2019\/12\/asi-fue-la-evolucion-de-la-moda-en-la-ultima-decada-2.jpg\" class=\"lazy\" alt=\"As\u00ed fue la evoluci\u00f3n de la moda en la \u00faltima d\u00e9cada\" srcset=\"https:\/\/graziamagazine.com\/mx\/wp-content\/uploads\/sites\/13\/2019\/12\/asi-fue-la-evolucion-de-la-moda-en-la-ultima-decada-2.jpg 700w, https:\/\/graziamagazine.com\/mx\/wp-content\/uploads\/sites\/13\/2019\/12\/asi-fue-la-evolucion-de-la-moda-en-la-ultima-decada-2.jpg?resize=279,450 279w, https:\/\/graziamagazine.com\/mx\/wp-content\/uploads\/sites\/13\/2019\/12\/asi-fue-la-evolucion-de-la-moda-en-la-ultima-decada-2.jpg?resize=634,1024 634w, https:\/\/graziamagazine.com\/mx\/wp-content\/uploads\/sites\/13\/2019\/12\/asi-fue-la-evolucion-de-la-moda-en-la-ultima-decada-2.jpg?resize=133,215 133w\" sizes=\"(max-width: 700px) 100vw, 700px\" \/><\/div><div class=\"grazia-gallery-text\"><h3>2010<\/h3>\n<p>Dando la bienvenida a una nueva d\u00e9cada el mundo sufri\u00f3 la p\u00e9rdida de <strong>Alexander McQueen<\/strong>, uno de los dise\u00f1adores m\u00e1s brillantes y el \u00faltimo que cre\u00f3\u00a0una pieza \u00fanica y nunca antes vista que hoy todos conocemos como\u00a0<em>Bumster. <\/em>Aunque no te sea muy familiar el nombre,\u00a0hablamos de\u00a0los pantalones en tendencia que dejaban ver la parte m\u00e1s baja de la espalda y el inicio de los gl\u00fateos, que <strong>Britney Spears\u00a0<\/strong>populariz\u00f3 y despu\u00e9s todo mundo empez\u00f3 a usar.<\/p>\n<h5><em>Imagen: Getty Images<\/em><\/h5>\n<\/div><\/figure><figure class=\"gallery-item grazia-gallery-show-text\"><div class=\"gallery-icon landscape\"><img loading=\"lazy\" decoding=\"async\" width=\"480\" height=\"720\" src=\"https:\/\/graziamagazine.com\/mx\/wp-content\/uploads\/sites\/13\/2019\/12\/asi-fue-la-evolucion-de-la-moda-en-la-ultima-decada-3.jpg\" class=\"lazy\" alt=\"Alexander McQueen\" srcset=\"https:\/\/graziamagazine.com\/mx\/wp-content\/uploads\/sites\/13\/2019\/12\/asi-fue-la-evolucion-de-la-moda-en-la-ultima-decada-3.jpg 480w, https:\/\/graziamagazine.com\/mx\/wp-content\/uploads\/sites\/13\/2019\/12\/asi-fue-la-evolucion-de-la-moda-en-la-ultima-decada-3.jpg?resize=300,450 300w, https:\/\/graziamagazine.com\/mx\/wp-content\/uploads\/sites\/13\/2019\/12\/asi-fue-la-evolucion-de-la-moda-en-la-ultima-decada-3.jpg?resize=143,215 143w\" sizes=\"(max-width: 480px) 100vw, 480px\" \/><\/div><div class=\"grazia-gallery-text\"><p>Los nuevos creativos y dise\u00f1adores emergentes toman de McQueen la inspiraci\u00f3n y motivaci\u00f3n en t\u00e9rminos de procesos de dise\u00f1o como construcci\u00f3n, intervenci\u00f3n textil y patronaje, entre otros factores de su trayectoria. Aunque <strong>Sarah Burton<\/strong> \u2014su actual directora creativa\u2014 ha logrado crear <a href=\"https:\/\/graziamagazine.com\/mx\/una-propuesta-sublime-por-alexander-mcqueen\/\" target=\"_blank\" rel=\"noopener\">colecciones que nos quitan el aliento<\/a>, la firma nunca volver\u00e1 a ser lo mismo. \u00bfNo te encantar\u00eda ver qu\u00e9 nuevas propuestas lanzar\u00eda con todos los avances tecnol\u00f3gicos actuales?<\/p>\n<h5><em>Imagen: Getty Images<\/em><\/h5>\n<\/div><\/figure><figure class=\"gallery-item grazia-gallery-show-text\"><div class=\"gallery-icon landscape\"><img loading=\"lazy\" decoding=\"async\" width=\"800\" height=\"1282\" src=\"https:\/\/graziamagazine.com\/mx\/wp-content\/uploads\/sites\/13\/2019\/12\/asi-fue-la-evolucion-de-la-moda-en-la-ultima-decada-4.jpg\" class=\"lazy\" alt=\"Vestido de carne Lady Gaga\" srcset=\"https:\/\/graziamagazine.com\/mx\/wp-content\/uploads\/sites\/13\/2019\/12\/asi-fue-la-evolucion-de-la-moda-en-la-ultima-decada-4.jpg 800w, https:\/\/graziamagazine.com\/mx\/wp-content\/uploads\/sites\/13\/2019\/12\/asi-fue-la-evolucion-de-la-moda-en-la-ultima-decada-4.jpg?resize=281,450 281w, https:\/\/graziamagazine.com\/mx\/wp-content\/uploads\/sites\/13\/2019\/12\/asi-fue-la-evolucion-de-la-moda-en-la-ultima-decada-4.jpg?resize=768,1231 768w, https:\/\/graziamagazine.com\/mx\/wp-content\/uploads\/sites\/13\/2019\/12\/asi-fue-la-evolucion-de-la-moda-en-la-ultima-decada-4.jpg?resize=639,1024 639w, https:\/\/graziamagazine.com\/mx\/wp-content\/uploads\/sites\/13\/2019\/12\/asi-fue-la-evolucion-de-la-moda-en-la-ultima-decada-4.jpg?resize=134,215 134w\" sizes=\"(max-width: 800px) 100vw, 800px\" \/><\/div><div class=\"grazia-gallery-text\"><p>Por su lado, algo que nunca olvidaremos del 2010 es el vestido de carne que <strong>Lady Gaga<\/strong> llev\u00f3 a los <em>VMAs <\/em>como un <em>statement<\/em>\u00a0en contra de los militares estadounidenses por la exclusi\u00f3n de la comunidad LGBTQ. \u00bfTe acuerdas que nadie pod\u00eda dejar de hablar de ella en ese entonces?<\/p>\n<h5><em>Imagen: Getty Images<\/em><\/h5>\n<p>&nbsp;<\/p>\n<\/div><\/figure><figure class=\"gallery-item grazia-gallery-show-text\"><div class=\"gallery-icon landscape\"><img loading=\"lazy\" decoding=\"async\" width=\"650\" height=\"418\" src=\"https:\/\/graziamagazine.com\/mx\/wp-content\/uploads\/sites\/13\/2019\/12\/asi-fue-la-evolucion-de-la-moda-en-la-ultima-decada-5.jpg\" class=\"lazy\" alt=\"Kendall Jenner Instagram\" srcset=\"https:\/\/graziamagazine.com\/mx\/wp-content\/uploads\/sites\/13\/2019\/12\/asi-fue-la-evolucion-de-la-moda-en-la-ultima-decada-5.jpg 650w, https:\/\/graziamagazine.com\/mx\/wp-content\/uploads\/sites\/13\/2019\/12\/asi-fue-la-evolucion-de-la-moda-en-la-ultima-decada-5.jpg?resize=450,289 450w, https:\/\/graziamagazine.com\/mx\/wp-content\/uploads\/sites\/13\/2019\/12\/asi-fue-la-evolucion-de-la-moda-en-la-ultima-decada-5.jpg?resize=155,100 155w\" sizes=\"(max-width: 650px) 100vw, 650px\" \/><\/div><div class=\"grazia-gallery-text\"><p>M\u00e1s tarde ese mismo a\u00f1o, <strong>Instagram<\/strong> debut\u00f3 y lleg\u00f3 a cambiar el rumbo de la d\u00e9cada por completo, nuestra percepci\u00f3n del mundo y de nosotros mismos, adem\u00e1s de cambiar las tendencias de consumo en cultura, noticias y celebridades. Sin duda, 2010 abri\u00f3 paso a una nueva era digital.<\/p>\n<h5><em>Imagen: Cortes\u00eda<\/em><\/h5>\n<\/div><\/figure><figure class=\"gallery-item grazia-gallery-show-text\"><div class=\"gallery-icon landscape\"><img loading=\"lazy\" decoding=\"async\" width=\"899\" height=\"1200\" src=\"https:\/\/graziamagazine.com\/mx\/wp-content\/uploads\/sites\/13\/2019\/12\/asi-fue-la-evolucion-de-la-moda-en-la-ultima-decada-6.jpg\" class=\"lazy\" alt=\"As\u00ed fue la evoluci\u00f3n de la moda en la \u00faltima d\u00e9cada\" srcset=\"https:\/\/graziamagazine.com\/mx\/wp-content\/uploads\/sites\/13\/2019\/12\/asi-fue-la-evolucion-de-la-moda-en-la-ultima-decada-6.jpg 899w, https:\/\/graziamagazine.com\/mx\/wp-content\/uploads\/sites\/13\/2019\/12\/asi-fue-la-evolucion-de-la-moda-en-la-ultima-decada-6.jpg?resize=337,450 337w, https:\/\/graziamagazine.com\/mx\/wp-content\/uploads\/sites\/13\/2019\/12\/asi-fue-la-evolucion-de-la-moda-en-la-ultima-decada-6.jpg?resize=768,1025 768w, https:\/\/graziamagazine.com\/mx\/wp-content\/uploads\/sites\/13\/2019\/12\/asi-fue-la-evolucion-de-la-moda-en-la-ultima-decada-6.jpg?resize=767,1024 767w, https:\/\/graziamagazine.com\/mx\/wp-content\/uploads\/sites\/13\/2019\/12\/asi-fue-la-evolucion-de-la-moda-en-la-ultima-decada-6.jpg?resize=155,207 155w\" sizes=\"(max-width: 899px) 100vw, 899px\" \/><\/div><div class=\"grazia-gallery-text\"><h3>2011<\/h3>\n<p>Los est\u00e1ndares de belleza cambiaron iniciando el segundo a\u00f1o de los 2010, pues el debut de <strong>Cara Delevingne<\/strong> en la pasarela de <strong>Burberry<\/strong> para <em>AW11 <\/em>y sus\u00a0cejas s\u00faper pobladas fueron llamadas &#8220;La obsesi\u00f3n de belleza de la d\u00e9cada&#8221; por <em>The Guardian<\/em>. Esta se convirti\u00f3 en una de las tendencias que hasta la fecha est\u00e1n vigentes, y s\u00ed, todo fue gracias a Cara.<\/p>\n<h5><em>Imagen: Cortes\u00eda<\/em><\/h5>\n<\/div><\/figure><figure class=\"gallery-item grazia-gallery-show-text\"><div class=\"gallery-icon landscape\"><img loading=\"lazy\" decoding=\"async\" width=\"360\" height=\"540\" src=\"https:\/\/graziamagazine.com\/mx\/wp-content\/uploads\/sites\/13\/2019\/12\/asi-fue-la-evolucion-de-la-moda-en-la-ultima-decada-7.jpg\" class=\"lazy\" alt=\"Dior John Galliano\" srcset=\"https:\/\/graziamagazine.com\/mx\/wp-content\/uploads\/sites\/13\/2019\/12\/asi-fue-la-evolucion-de-la-moda-en-la-ultima-decada-7.jpg 360w, https:\/\/graziamagazine.com\/mx\/wp-content\/uploads\/sites\/13\/2019\/12\/asi-fue-la-evolucion-de-la-moda-en-la-ultima-decada-7.jpg?resize=300,450 300w, https:\/\/graziamagazine.com\/mx\/wp-content\/uploads\/sites\/13\/2019\/12\/asi-fue-la-evolucion-de-la-moda-en-la-ultima-decada-7.jpg?resize=143,215 143w\" sizes=\"(max-width: 360px) 100vw, 360px\" \/><\/div><div class=\"grazia-gallery-text\"><p><span style=\"line-height: 1.5;\">Un mes despu\u00e9s del debut de la modelo, despiden a <strong>John Galliano<\/strong> tras quince a\u00f1os como la mente creativa de\u00a0<strong>Dior<\/strong> por comentarios antisemitas. El dise\u00f1ador se retir\u00f3 de la industria para entrar a rehabilitaci\u00f3n y fue hasta 2015 que regres\u00f3 al <em>spotlight<\/em> con <strong>Maison Margiela<\/strong>. La firma cambi\u00f3 su est\u00e9tica cuando <strong>Bill Gaytten<\/strong> tom\u00f3 las riendas de la <em>maison<\/em> por un tiempo, y en 2012,\u00a0<strong>Raf Simons<\/strong> debut\u00f3 con su primera colecci\u00f3n siendo todo un \u00e9xito.<\/span><\/p>\n<h5><em>Imagen: Getty Images<\/em><\/h5>\n<\/div><\/figure><figure class=\"gallery-item grazia-gallery-show-text\"><div class=\"gallery-icon landscape\"><img loading=\"lazy\" decoding=\"async\" width=\"696\" height=\"993\" src=\"https:\/\/graziamagazine.com\/mx\/wp-content\/uploads\/sites\/13\/2019\/12\/asi-fue-la-evolucion-de-la-moda-en-la-ultima-decada-8.jpg\" class=\"lazy\" alt=\"Boda Kate Middleton y Prince William\" srcset=\"https:\/\/graziamagazine.com\/mx\/wp-content\/uploads\/sites\/13\/2019\/12\/asi-fue-la-evolucion-de-la-moda-en-la-ultima-decada-8.jpg 696w, https:\/\/graziamagazine.com\/mx\/wp-content\/uploads\/sites\/13\/2019\/12\/asi-fue-la-evolucion-de-la-moda-en-la-ultima-decada-8.jpg?resize=315,450 315w, https:\/\/graziamagazine.com\/mx\/wp-content\/uploads\/sites\/13\/2019\/12\/asi-fue-la-evolucion-de-la-moda-en-la-ultima-decada-8.jpg?resize=151,215 151w\" sizes=\"(max-width: 696px) 100vw, 696px\" \/><\/div><div class=\"grazia-gallery-text\"><p>Y retomando los sucesos que impusieron una tendencia en el mundo, recordemos que en abril de 2011 el primer\u00a0episodio de <strong><em>Game of Thrones<\/em><\/strong> fue transmitido en HBO. Doce d\u00edas despu\u00e9s, <strong>Kate Middleton<\/strong> y <strong>Prince William<\/strong> caminaron hacia el altar y todo mundo empez\u00f3 a fijarse en el estilo de la duquesa de Cambridge, uno que todas hasta la fecha quieren imitar.<\/p>\n<h5><em>Imagen: Getty Images<\/em><\/h5>\n<\/div><\/figure><figure class=\"gallery-item grazia-gallery-show-text\"><div class=\"gallery-icon landscape\"><img loading=\"lazy\" decoding=\"async\" width=\"1147\" height=\"1991\" src=\"https:\/\/graziamagazine.com\/mx\/wp-content\/uploads\/sites\/13\/2019\/12\/asi-fue-la-evolucion-de-la-moda-en-la-ultima-decada-9.jpg\" class=\"lazy\" alt=\"A$AP Rocky\" srcset=\"https:\/\/graziamagazine.com\/mx\/wp-content\/uploads\/sites\/13\/2019\/12\/asi-fue-la-evolucion-de-la-moda-en-la-ultima-decada-9.jpg 1147w, https:\/\/graziamagazine.com\/mx\/wp-content\/uploads\/sites\/13\/2019\/12\/asi-fue-la-evolucion-de-la-moda-en-la-ultima-decada-9.jpg?resize=259,450 259w, https:\/\/graziamagazine.com\/mx\/wp-content\/uploads\/sites\/13\/2019\/12\/asi-fue-la-evolucion-de-la-moda-en-la-ultima-decada-9.jpg?resize=768,1333 768w, https:\/\/graziamagazine.com\/mx\/wp-content\/uploads\/sites\/13\/2019\/12\/asi-fue-la-evolucion-de-la-moda-en-la-ultima-decada-9.jpg?resize=590,1024 590w, https:\/\/graziamagazine.com\/mx\/wp-content\/uploads\/sites\/13\/2019\/12\/asi-fue-la-evolucion-de-la-moda-en-la-ultima-decada-9.jpg?resize=885,1536 885w, https:\/\/graziamagazine.com\/mx\/wp-content\/uploads\/sites\/13\/2019\/12\/asi-fue-la-evolucion-de-la-moda-en-la-ultima-decada-9.jpg?resize=124,215 124w\" sizes=\"(max-width: 1147px) 100vw, 1147px\" \/><\/div><div class=\"grazia-gallery-text\"><p>Al mismo tiempo que <a href=\"https:\/\/graziamagazine.com\/mx\/10-accesorios-y-prendas-que-marcaron-la-decada\/\" target=\"_blank\" rel=\"noopener\">la sudadera de <strong>Kenzo <\/strong>conquist\u00f3 el<em> street style<\/em><\/a>,<strong> A$AP Rocky<\/strong> con su \u00e1lbum debut se convirti\u00f3 en uno de los l\u00edderes culturales de la d\u00e9cada. Rapero e icono de estilo, el estadounidense le abri\u00f3 camino a una nueva era donde lo m\u00e1s <em>cool<\/em> era llevar un <em>total look<\/em> firmado por\u00a0<strong>Gucci <\/strong>y el<em> streetwear<\/em>\u00a0de lujo le rob\u00f3 el primer lugar a cualquier otra tendencia.<\/p>\n<p>Por su lado, ese mismo a\u00f1o el mundo perdi\u00f3 a <strong>Amy Winehouse<\/strong>, una de las artistas m\u00e1s talentosas de su generaci\u00f3n. \u00bfTambi\u00e9n te gustar\u00eda ver evolucionar su m\u00fasica y su estilo?<\/p>\n<h5><em>Imagen: Getty Images<\/em><\/h5>\n<\/div><\/figure><figure class=\"gallery-item grazia-gallery-show-text\"><div class=\"gallery-icon landscape\"><img loading=\"lazy\" decoding=\"async\" width=\"650\" height=\"497\" src=\"https:\/\/graziamagazine.com\/mx\/wp-content\/uploads\/sites\/13\/2019\/12\/asi-fue-la-evolucion-de-la-moda-en-la-ultima-decada-10.png\" class=\"lazy\" alt=\"As\u00ed fue la evoluci\u00f3n de la moda en la \u00faltima d\u00e9cada\" srcset=\"https:\/\/graziamagazine.com\/mx\/wp-content\/uploads\/sites\/13\/2019\/12\/asi-fue-la-evolucion-de-la-moda-en-la-ultima-decada-10.png 650w, https:\/\/graziamagazine.com\/mx\/wp-content\/uploads\/sites\/13\/2019\/12\/asi-fue-la-evolucion-de-la-moda-en-la-ultima-decada-10.png?resize=450,344 450w, https:\/\/graziamagazine.com\/mx\/wp-content\/uploads\/sites\/13\/2019\/12\/asi-fue-la-evolucion-de-la-moda-en-la-ultima-decada-10.png?resize=155,119 155w\" sizes=\"(max-width: 650px) 100vw, 650px\" \/><\/div><div class=\"grazia-gallery-text\"><p>Por \u00faltimo, a la par que <em>212<\/em> de <strong>Azealia Banks<\/strong> sonaba en todos lados, el mundo digital venci\u00f3 oficialmente a los medios de comunicaci\u00f3n impresos. Y claro, como te habr\u00e1s dado cuenta este crecimiento irreversible se ha acelerado a\u00fan m\u00e1s, pues incluso la televisi\u00f3n tiene menos alcance que Internet cuando se trata de noticias.<\/p>\n<h5><em>Imagen: Cortes\u00eda<\/em><\/h5>\n<\/div><\/figure><figure class=\"gallery-item grazia-gallery-show-text\"><div class=\"gallery-icon landscape\"><img loading=\"lazy\" decoding=\"async\" width=\"700\" height=\"1050\" src=\"https:\/\/graziamagazine.com\/mx\/wp-content\/uploads\/sites\/13\/2019\/12\/asi-fue-la-evolucion-de-la-moda-en-la-ultima-decada-11.jpg\" class=\"lazy\" alt=\"Virgil Abloh\" srcset=\"https:\/\/graziamagazine.com\/mx\/wp-content\/uploads\/sites\/13\/2019\/12\/asi-fue-la-evolucion-de-la-moda-en-la-ultima-decada-11.jpg 700w, https:\/\/graziamagazine.com\/mx\/wp-content\/uploads\/sites\/13\/2019\/12\/asi-fue-la-evolucion-de-la-moda-en-la-ultima-decada-11.jpg?resize=300,450 300w, https:\/\/graziamagazine.com\/mx\/wp-content\/uploads\/sites\/13\/2019\/12\/asi-fue-la-evolucion-de-la-moda-en-la-ultima-decada-11.jpg?resize=683,1024 683w, https:\/\/graziamagazine.com\/mx\/wp-content\/uploads\/sites\/13\/2019\/12\/asi-fue-la-evolucion-de-la-moda-en-la-ultima-decada-11.jpg?resize=143,215 143w\" sizes=\"(max-width: 700px) 100vw, 700px\" \/><\/div><div class=\"grazia-gallery-text\"><h3>2012<\/h3>\n<p>Como seguramente sabes,<strong>Virgil Abloh<\/strong>\u00a0es la mente creativa detr\u00e1s de esas colecciones espectaculares de <strong>Dior Men<\/strong> y de su propia firma, <strong>Off-White<\/strong>. Mientras que\u00a0<strong>Matthew Williams\u00a0<\/strong>es el dise\u00f1ador y fundador de\u00a0<strong>Alyx <\/strong>y\u00a0<strong>Heron Preston\u00a0<\/strong>dirige su firma hom\u00f3nima de <em>streetwear. <\/em>Sin embargo, si hablamos de este tr\u00edo\u00a0hace siete a\u00f1os la historia era diferente, pues justo cuando <strong>Tumblr<\/strong> viv\u00eda sus mejores a\u00f1os de \u00e9xito, los creativos abrieron su famosa cuenta\u00a0#BEENTRILL#: un colectivo de arte y un grupo de<em> DJs<\/em>\u00a0 que se distingu\u00edan por el frenes\u00ed que exist\u00eda de una nueva cultura juvenil., imponiendo una nueva tendencia de <em>street style<\/em>.\u00a0Un a\u00f1o y medio despu\u00e9s, lanzaron <a href=\"https:\/\/beentrill.com\/\" target=\"_blank\" rel=\"noopener\" target=\"_blank\">una firma de <em>streetwear<\/em><\/a> con la que crearon colaboraciones con otras aclamadas marcas como<strong> Hood By Air<\/strong>.<\/p>\n<h5><em>Imagen: Getty Images<\/em><\/h5>\n<\/div><\/figure><figure class=\"gallery-item grazia-gallery-show-text\"><div class=\"gallery-icon landscape\"><img loading=\"lazy\" decoding=\"async\" width=\"1440\" height=\"750\" src=\"https:\/\/graziamagazine.com\/mx\/wp-content\/uploads\/sites\/13\/2019\/12\/asi-fue-la-evolucion-de-la-moda-en-la-ultima-decada-12.jpeg\" class=\"lazy\" alt=\"Girls HBO\" srcset=\"https:\/\/graziamagazine.com\/mx\/wp-content\/uploads\/sites\/13\/2019\/12\/asi-fue-la-evolucion-de-la-moda-en-la-ultima-decada-12.jpeg 1440w, https:\/\/graziamagazine.com\/mx\/wp-content\/uploads\/sites\/13\/2019\/12\/asi-fue-la-evolucion-de-la-moda-en-la-ultima-decada-12.jpeg?resize=450,234 450w, https:\/\/graziamagazine.com\/mx\/wp-content\/uploads\/sites\/13\/2019\/12\/asi-fue-la-evolucion-de-la-moda-en-la-ultima-decada-12.jpeg?resize=768,400 768w, https:\/\/graziamagazine.com\/mx\/wp-content\/uploads\/sites\/13\/2019\/12\/asi-fue-la-evolucion-de-la-moda-en-la-ultima-decada-12.jpeg?resize=1024,533 1024w, https:\/\/graziamagazine.com\/mx\/wp-content\/uploads\/sites\/13\/2019\/12\/asi-fue-la-evolucion-de-la-moda-en-la-ultima-decada-12.jpeg?resize=155,81 155w\" sizes=\"(max-width: 1440px) 100vw, 1440px\" \/><\/div><div class=\"grazia-gallery-text\"><p>Un mes despu\u00e9s del lanzamiento de\u00a0#BEENTRILL#, el primer episodio de <strong><em>Girls <\/em><\/strong>ideado por <strong>Lena Dunham\u00a0<\/strong>se estren\u00f3 en HBO convirti\u00e9ndose en una de las series m\u00e1s influyentes de sus tiempos, d\u00e1ndole asimismo paso a una nueva era de consumo para la pantalla chica. Pues claro, la trama explora las contradicciones y frustraciones de las mujeres <em>millenial<\/em>.<\/p>\n<h5><em>Imagen: Getty Images<\/em><\/h5>\n<\/div><\/figure><figure class=\"gallery-item grazia-gallery-show-text\"><div class=\"gallery-icon landscape\"><img loading=\"lazy\" decoding=\"async\" width=\"720\" height=\"465\" src=\"https:\/\/graziamagazine.com\/mx\/wp-content\/uploads\/sites\/13\/2019\/12\/asi-fue-la-evolucion-de-la-moda-en-la-ultima-decada-13.jpg\" class=\"lazy\" alt=\"A$AP Rocky Goldie\" srcset=\"https:\/\/graziamagazine.com\/mx\/wp-content\/uploads\/sites\/13\/2019\/12\/asi-fue-la-evolucion-de-la-moda-en-la-ultima-decada-13.jpg 720w, https:\/\/graziamagazine.com\/mx\/wp-content\/uploads\/sites\/13\/2019\/12\/asi-fue-la-evolucion-de-la-moda-en-la-ultima-decada-13.jpg?resize=450,291 450w, https:\/\/graziamagazine.com\/mx\/wp-content\/uploads\/sites\/13\/2019\/12\/asi-fue-la-evolucion-de-la-moda-en-la-ultima-decada-13.jpg?resize=155,100 155w\" sizes=\"(max-width: 720px) 100vw, 720px\" \/><\/div><div class=\"grazia-gallery-text\"><p>Fue gracias al nuevo video de<strong> A$AP Rocky<\/strong>\u00a0denominado <em>Goldie<\/em>, que esos ic\u00f3nicos\u00a0<em>beanie hats <\/em>que ve\u00edas en todos lados con la frase &#8220;Commes des Fuckdown&#8221; firmados por <strong>Russ Karablin,<\/strong>\u00a0empezaron a apoderarse del <em>street style<\/em>. Incluso, seguramente recuerdas que <strong>Madonna<\/strong> los populariz\u00f3 despu\u00e9s del estreno del video.<\/p>\n<h5><em>Imagen: Still Goldie<\/em><\/h5>\n<\/div><\/figure><figure class=\"gallery-item grazia-gallery-show-text\"><div class=\"gallery-icon landscape\"><img loading=\"lazy\" decoding=\"async\" width=\"612\" height=\"612\" src=\"https:\/\/graziamagazine.com\/mx\/wp-content\/uploads\/sites\/13\/2019\/12\/asi-fue-la-evolucion-de-la-moda-en-la-ultima-decada-14.jpg\" class=\"lazy\" alt=\"Contouring Kim Kardashian\" srcset=\"https:\/\/graziamagazine.com\/mx\/wp-content\/uploads\/sites\/13\/2019\/12\/asi-fue-la-evolucion-de-la-moda-en-la-ultima-decada-14.jpg 612w, https:\/\/graziamagazine.com\/mx\/wp-content\/uploads\/sites\/13\/2019\/12\/asi-fue-la-evolucion-de-la-moda-en-la-ultima-decada-14.jpg?resize=150,150 150w, https:\/\/graziamagazine.com\/mx\/wp-content\/uploads\/sites\/13\/2019\/12\/asi-fue-la-evolucion-de-la-moda-en-la-ultima-decada-14.jpg?resize=450,450 450w, https:\/\/graziamagazine.com\/mx\/wp-content\/uploads\/sites\/13\/2019\/12\/asi-fue-la-evolucion-de-la-moda-en-la-ultima-decada-14.jpg?resize=155,155 155w\" sizes=\"(max-width: 612px) 100vw, 612px\" \/><\/div><div class=\"grazia-gallery-text\"><p>Mientras sonaba en todos lados <em>Gangnam Style,<\/em> el 4 de septiembre de 2012\u00a0<strong>Kim Kardashian <\/strong>introdujo al mundo con una publicaci\u00f3n en su cuenta de Instagram, lo que hoy conocemos como <em>contouring. <\/em>Esta tendencia de maquillaje vigente hasta ahora, era antes usada solo por <em>drag queens<\/em> y como t\u00e9cnica para dar efectos en el cine.<\/p>\n<h5><em>Imagen: Cortes\u00eda<\/em><\/h5>\n<\/div><\/figure><figure class=\"gallery-item grazia-gallery-show-text\"><div class=\"gallery-icon landscape\"><img loading=\"lazy\" decoding=\"async\" width=\"960\" height=\"540\" src=\"https:\/\/graziamagazine.com\/mx\/wp-content\/uploads\/sites\/13\/2019\/12\/asi-fue-la-evolucion-de-la-moda-en-la-ultima-decada-15.jpg\" class=\"lazy\" alt=\"Saint Laurent Hedi Slimane\" srcset=\"https:\/\/graziamagazine.com\/mx\/wp-content\/uploads\/sites\/13\/2019\/12\/asi-fue-la-evolucion-de-la-moda-en-la-ultima-decada-15.jpg 960w, https:\/\/graziamagazine.com\/mx\/wp-content\/uploads\/sites\/13\/2019\/12\/asi-fue-la-evolucion-de-la-moda-en-la-ultima-decada-15.jpg?resize=450,253 450w, https:\/\/graziamagazine.com\/mx\/wp-content\/uploads\/sites\/13\/2019\/12\/asi-fue-la-evolucion-de-la-moda-en-la-ultima-decada-15.jpg?resize=768,432 768w, https:\/\/graziamagazine.com\/mx\/wp-content\/uploads\/sites\/13\/2019\/12\/asi-fue-la-evolucion-de-la-moda-en-la-ultima-decada-15.jpg?resize=155,87 155w\" sizes=\"(max-width: 960px) 100vw, 960px\" \/><\/div><div class=\"grazia-gallery-text\"><p>Ese mismo mes, la <em>maison<\/em> que conoc\u00edamos como\u00a0<strong>YSL <\/strong>le dio la bienvenida a una nueva era con el debut de\u00a0<strong>Hedi Slimane <\/strong>\u2014el actual director creativo en Celine\u2014, quien elimin\u00f3 el Yves y desde entonces todos conocemos la firma como<strong> Saint Laurent<\/strong>. Su est\u00e9tica y creatividad cambiaron el rumbo de la moda con esas minifaldas, escotes voluminosos de holanes y una paleta de color en blanco y negro.<\/p>\n<h5><em>Imagen: Cortes\u00eda<\/em><\/h5>\n<h3><\/h3>\n<\/div><\/figure><figure class=\"gallery-item grazia-gallery-show-text\"><div class=\"gallery-icon landscape\"><img loading=\"lazy\" decoding=\"async\" width=\"500\" height=\"751\" src=\"https:\/\/graziamagazine.com\/mx\/wp-content\/uploads\/sites\/13\/2019\/12\/asi-fue-la-evolucion-de-la-moda-en-la-ultima-decada-16.jpg\" class=\"lazy\" alt=\"Louis Vuitton - Runway RTW - Fall 2014 - Paris Fashion Week\" srcset=\"https:\/\/graziamagazine.com\/mx\/wp-content\/uploads\/sites\/13\/2019\/12\/asi-fue-la-evolucion-de-la-moda-en-la-ultima-decada-16.jpg 500w, https:\/\/graziamagazine.com\/mx\/wp-content\/uploads\/sites\/13\/2019\/12\/asi-fue-la-evolucion-de-la-moda-en-la-ultima-decada-16.jpg?resize=300,450 300w, https:\/\/graziamagazine.com\/mx\/wp-content\/uploads\/sites\/13\/2019\/12\/asi-fue-la-evolucion-de-la-moda-en-la-ultima-decada-16.jpg?resize=143,215 143w\" sizes=\"(max-width: 500px) 100vw, 500px\" \/><\/div><div class=\"grazia-gallery-text\"><h3>2013<\/h3>\n<p>El cuarto a\u00f1o de la d\u00e9cada, vio la despedida de <strong>Marc Jacobs<\/strong> en<strong> Louis Vuitton<\/strong> despu\u00e9s de 16 a\u00f1os para enfocarse en su firma hom\u00f3nima. Y s\u00ed, la era de\u00a0<strong>Nicolas Ghesqui\u00e8re<\/strong> comenz\u00f3 con una colecci\u00f3n debut que le dio al lujo y al <em>ready-to-wear<\/em> un nuevo significado.<\/p>\n<h5><em>Imagen: Getty Images<\/em><\/h5>\n<\/div><\/figure><figure class=\"gallery-item grazia-gallery-show-text\"><div class=\"gallery-icon landscape\"><img loading=\"lazy\" decoding=\"async\" width=\"1000\" height=\"667\" src=\"https:\/\/graziamagazine.com\/mx\/wp-content\/uploads\/sites\/13\/2019\/12\/asi-fue-la-evolucion-de-la-moda-en-la-ultima-decada-17.jpg\" class=\"lazy\" alt=\"Emily Ratajkowski Blurred Lines\" srcset=\"https:\/\/graziamagazine.com\/mx\/wp-content\/uploads\/sites\/13\/2019\/12\/asi-fue-la-evolucion-de-la-moda-en-la-ultima-decada-17.jpg 1000w, https:\/\/graziamagazine.com\/mx\/wp-content\/uploads\/sites\/13\/2019\/12\/asi-fue-la-evolucion-de-la-moda-en-la-ultima-decada-17.jpg?resize=450,300 450w, https:\/\/graziamagazine.com\/mx\/wp-content\/uploads\/sites\/13\/2019\/12\/asi-fue-la-evolucion-de-la-moda-en-la-ultima-decada-17.jpg?resize=768,512 768w, https:\/\/graziamagazine.com\/mx\/wp-content\/uploads\/sites\/13\/2019\/12\/asi-fue-la-evolucion-de-la-moda-en-la-ultima-decada-17.jpg?resize=155,103 155w\" sizes=\"(max-width: 1000px) 100vw, 1000px\" \/><\/div><div class=\"grazia-gallery-text\"><p>Este mismo a\u00f1o, todos bail\u00e1bamos al ritmo de\u00a0<strong><em>Blurred Lines<\/em><\/strong>, pero con ese video de <strong>Robin Thicke, T.I. <\/strong>y <strong>Pharell,\u00a0<\/strong>el mundo conoci\u00f3 a la modelo brit\u00e1nica<strong>\u00a0Emily Ratajkowski<\/strong>. Este suceso sin duda cambi\u00f3 desde 2013 los est\u00e1ndares de belleza, pues al mismo tiempo que <strong>Victoria\u00b4s Secret <\/strong>viv\u00eda sus a\u00f1os de gloria con la nueva generaci\u00f3n de supermodelos como <strong>Karlie Kloss<\/strong>, <strong>Lily Aldridge<\/strong> y <strong>Cara Delevingne,\u00a0<\/strong>Emily se uni\u00f3 a la lista de mujeres a las que todas lamentablemente segu\u00edan por su f\u00edsico \u2014aunque el video en cuesti\u00f3n causara tanta pol\u00e9mica en su momento por contenido inapropiado.<\/p>\n<h5><em>Imagen: Still Blurred Lines<\/em><\/h5>\n<p>&nbsp;<\/p>\n<\/div><\/figure><figure class=\"gallery-item grazia-gallery-show-text\"><div class=\"gallery-icon landscape\"><img loading=\"lazy\" decoding=\"async\" width=\"615\" height=\"320\" src=\"https:\/\/graziamagazine.com\/mx\/wp-content\/uploads\/sites\/13\/2019\/12\/asi-fue-la-evolucion-de-la-moda-en-la-ultima-decada-18.jpg\" class=\"lazy\" alt=\"Rana Plaza Bangladesh\" srcset=\"https:\/\/graziamagazine.com\/mx\/wp-content\/uploads\/sites\/13\/2019\/12\/asi-fue-la-evolucion-de-la-moda-en-la-ultima-decada-18.jpg 615w, https:\/\/graziamagazine.com\/mx\/wp-content\/uploads\/sites\/13\/2019\/12\/asi-fue-la-evolucion-de-la-moda-en-la-ultima-decada-18.jpg?resize=450,234 450w, https:\/\/graziamagazine.com\/mx\/wp-content\/uploads\/sites\/13\/2019\/12\/asi-fue-la-evolucion-de-la-moda-en-la-ultima-decada-18.jpg?resize=155,81 155w\" sizes=\"(max-width: 615px) 100vw, 615px\" \/><\/div><div class=\"grazia-gallery-text\"><p>2013 fue un a\u00f1o que todos recordaremos por el colapso de la f\u00e1brica<strong> Rana Plaza<\/strong> en Bangladesh. La falla estructural del edificio colaps\u00f3 dejando 1,134 empleados muertos y aproximadamente 2,500 heridos. El suceso dio pie a estrenos de documentales que exponen las condiciones de trabajo en la industria de la moda, sin embargo, todo este tema solo dej\u00f3 ver posturas hip\u00f3critas y la ignorancia de todos aquellos que se quejaron de los hechos.<\/p>\n<h5><em>Imagen: Getty Images<\/em><\/h5>\n<\/div><\/figure><figure class=\"gallery-item grazia-gallery-show-text\"><div class=\"gallery-icon landscape\"><img loading=\"lazy\" decoding=\"async\" width=\"800\" height=\"511\" src=\"https:\/\/graziamagazine.com\/mx\/wp-content\/uploads\/sites\/13\/2019\/12\/asi-fue-la-evolucion-de-la-moda-en-la-ultima-decada-19.png\" class=\"lazy\" alt=\"Diet Prada\" srcset=\"https:\/\/graziamagazine.com\/mx\/wp-content\/uploads\/sites\/13\/2019\/12\/asi-fue-la-evolucion-de-la-moda-en-la-ultima-decada-19.png 800w, https:\/\/graziamagazine.com\/mx\/wp-content\/uploads\/sites\/13\/2019\/12\/asi-fue-la-evolucion-de-la-moda-en-la-ultima-decada-19.png?resize=450,287 450w, https:\/\/graziamagazine.com\/mx\/wp-content\/uploads\/sites\/13\/2019\/12\/asi-fue-la-evolucion-de-la-moda-en-la-ultima-decada-19.png?resize=768,491 768w, https:\/\/graziamagazine.com\/mx\/wp-content\/uploads\/sites\/13\/2019\/12\/asi-fue-la-evolucion-de-la-moda-en-la-ultima-decada-19.png?resize=155,99 155w\" sizes=\"(max-width: 800px) 100vw, 800px\" \/><\/div><div class=\"grazia-gallery-text\"><h3>2014<\/h3>\n<p>El mundo digital por primera vez vio este a\u00f1o el proyecto al que todos le temen en la industria de la moda. <strong><em>Diet Prada<\/em><\/strong> abri\u00f3 por primera vez su cuenta de Instagram y empez\u00f3 a llamar la atenci\u00f3n entre las celebridades y aclamados dise\u00f1adores, pues\u00a0<strong>Tommy Liu<\/strong> y <strong>Lindsey Schuyler <\/strong>\u2014<a href=\"https:\/\/graziamagazine.com\/mx\/la-identidad-de-diet-prada-la-fashion-police-de-la-moda-ya-fue-revelada\/\" target=\"_blank\" rel=\"noopener\">las mentes creativas detr\u00e1s<\/a>\u2014 empezaron a comparar objetos originales con copias de otras firmas, o quiz\u00e1 solo encontrar las incre\u00edbles similitudes que existen entre una prenda y otra por la falta de creatividad de los dise\u00f1adores para innovar.<\/p>\n<h5><em>Imagen: Cortes\u00eda<\/em><\/h5>\n<\/div><\/figure><figure class=\"gallery-item grazia-gallery-show-text\"><div class=\"gallery-icon landscape\"><img loading=\"lazy\" decoding=\"async\" width=\"480\" height=\"721\" src=\"https:\/\/graziamagazine.com\/mx\/wp-content\/uploads\/sites\/13\/2019\/12\/asi-fue-la-evolucion-de-la-moda-en-la-ultima-decada-20.jpg\" class=\"lazy\" alt=\"Kendall Jenner Marc Jacobs\" srcset=\"https:\/\/graziamagazine.com\/mx\/wp-content\/uploads\/sites\/13\/2019\/12\/asi-fue-la-evolucion-de-la-moda-en-la-ultima-decada-20.jpg 480w, https:\/\/graziamagazine.com\/mx\/wp-content\/uploads\/sites\/13\/2019\/12\/asi-fue-la-evolucion-de-la-moda-en-la-ultima-decada-20.jpg?resize=300,450 300w, https:\/\/graziamagazine.com\/mx\/wp-content\/uploads\/sites\/13\/2019\/12\/asi-fue-la-evolucion-de-la-moda-en-la-ultima-decada-20.jpg?resize=143,215 143w\" sizes=\"(max-width: 480px) 100vw, 480px\" \/><\/div><div class=\"grazia-gallery-text\"><p>2014 fue el a\u00f1o debut en la pasarela para <strong>Gigi Hadid<\/strong> en <strong>Desigual<\/strong> y para <strong>Kylie Jenner<\/strong> en <strong>Marc Jacobs<\/strong> durante<em> NYFW<\/em>. Esto dio la bienvenida a una nueva generaci\u00f3n de supermodelos que marc\u00f3 el punto de encuentro entre las redes sociales y la moda.<\/p>\n<h5><em>Imagen: Getty Images<\/em><\/h5>\n<\/div><\/figure><figure class=\"gallery-item grazia-gallery-show-text\"><div class=\"gallery-icon landscape\"><img loading=\"lazy\" decoding=\"async\" width=\"590\" height=\"791\" src=\"https:\/\/graziamagazine.com\/mx\/wp-content\/uploads\/sites\/13\/2019\/12\/asi-fue-la-evolucion-de-la-moda-en-la-ultima-decada-21.jpg\" class=\"lazy\" alt=\"As\u00ed fue la evoluci\u00f3n de la moda en la \u00faltima d\u00e9cada\" srcset=\"https:\/\/graziamagazine.com\/mx\/wp-content\/uploads\/sites\/13\/2019\/12\/asi-fue-la-evolucion-de-la-moda-en-la-ultima-decada-21.jpg 590w, https:\/\/graziamagazine.com\/mx\/wp-content\/uploads\/sites\/13\/2019\/12\/asi-fue-la-evolucion-de-la-moda-en-la-ultima-decada-21.jpg?resize=336,450 336w, https:\/\/graziamagazine.com\/mx\/wp-content\/uploads\/sites\/13\/2019\/12\/asi-fue-la-evolucion-de-la-moda-en-la-ultima-decada-21.jpg?resize=155,208 155w\" sizes=\"(max-width: 590px) 100vw, 590px\" \/><\/div><div class=\"grazia-gallery-text\"><p>Si volvemos atr\u00e1s en el tiempo, seguramente recuerdas la primera vez que escuchaste <strong><em>Normcore<\/em><\/strong>. Esta palabra que hoy es parte de nuestro diccionario para definir la moda, se volvi\u00f3 tendencia en 2014 cuando b\u00e1sicos en tonos neutros como<em> jeans, <\/em>sudaderas<em>, T-shirts <\/em>y tenis eran parte de un mismo <em>look <\/em>que conquist\u00f3 el<em> street style, <\/em>uno que en los siguientes a\u00f1os fue reemplazado por lo que conocemos como logoman\u00eda.<\/p>\n<h5><em>Imagen: Cortes\u00eda<\/em><\/h5>\n<\/div><\/figure><figure class=\"gallery-item grazia-gallery-show-text\"><div class=\"gallery-icon landscape\"><img loading=\"lazy\" decoding=\"async\" width=\"960\" height=\"1440\" src=\"https:\/\/graziamagazine.com\/mx\/wp-content\/uploads\/sites\/13\/2019\/12\/asi-fue-la-evolucion-de-la-moda-en-la-ultima-decada-22.jpg\" class=\"lazy\" alt=\"Alessandro Michele Gucci\" srcset=\"https:\/\/graziamagazine.com\/mx\/wp-content\/uploads\/sites\/13\/2019\/12\/asi-fue-la-evolucion-de-la-moda-en-la-ultima-decada-22.jpg 960w, https:\/\/graziamagazine.com\/mx\/wp-content\/uploads\/sites\/13\/2019\/12\/asi-fue-la-evolucion-de-la-moda-en-la-ultima-decada-22.jpg?resize=300,450 300w, https:\/\/graziamagazine.com\/mx\/wp-content\/uploads\/sites\/13\/2019\/12\/asi-fue-la-evolucion-de-la-moda-en-la-ultima-decada-22.jpg?resize=768,1152 768w, https:\/\/graziamagazine.com\/mx\/wp-content\/uploads\/sites\/13\/2019\/12\/asi-fue-la-evolucion-de-la-moda-en-la-ultima-decada-22.jpg?resize=683,1024 683w, https:\/\/graziamagazine.com\/mx\/wp-content\/uploads\/sites\/13\/2019\/12\/asi-fue-la-evolucion-de-la-moda-en-la-ultima-decada-22.jpg?resize=143,215 143w\" sizes=\"(max-width: 960px) 100vw, 960px\" \/><\/div><div class=\"grazia-gallery-text\"><h3>2015<\/h3>\n<p>El mundo de la moda en 2015 empieza a acercarse al que conocemos hoy en d\u00eda. El debut de <strong>Alessandro Michele<\/strong> \u2014el italiano que nadie conoc\u00eda\u2014 en <strong>Gucci<\/strong>. Y s\u00ed, el creativo lleg\u00f3 a darle un giro inesperado a la firma y la posicion\u00f3 como una de las m\u00e1s aclamadas de nuestros tiempos con esa vibra rom\u00e1ntica setentera e imponiendo tendencia en 2015 con esos ic\u00f3nicos y distintivos <em>mules <\/em>en cuero y<em> fur.\u00a0<\/em><\/p>\n<h5><em>Imagen: Getty Images<\/em><\/h5>\n<\/div><\/figure><figure class=\"gallery-item grazia-gallery-show-text\"><div class=\"gallery-icon landscape\"><img loading=\"lazy\" decoding=\"async\" width=\"700\" height=\"1052\" src=\"https:\/\/graziamagazine.com\/mx\/wp-content\/uploads\/sites\/13\/2019\/12\/asi-fue-la-evolucion-de-la-moda-en-la-ultima-decada-23.jpg\" class=\"lazy\" alt=\"As\u00ed fue la evoluci\u00f3n de la moda en la \u00faltima d\u00e9cada\" srcset=\"https:\/\/graziamagazine.com\/mx\/wp-content\/uploads\/sites\/13\/2019\/12\/asi-fue-la-evolucion-de-la-moda-en-la-ultima-decada-23.jpg 700w, https:\/\/graziamagazine.com\/mx\/wp-content\/uploads\/sites\/13\/2019\/12\/asi-fue-la-evolucion-de-la-moda-en-la-ultima-decada-23.jpg?resize=299,450 299w, https:\/\/graziamagazine.com\/mx\/wp-content\/uploads\/sites\/13\/2019\/12\/asi-fue-la-evolucion-de-la-moda-en-la-ultima-decada-23.jpg?resize=681,1024 681w, https:\/\/graziamagazine.com\/mx\/wp-content\/uploads\/sites\/13\/2019\/12\/asi-fue-la-evolucion-de-la-moda-en-la-ultima-decada-23.jpg?resize=143,215 143w\" sizes=\"(max-width: 700px) 100vw, 700px\" \/><\/div><div class=\"grazia-gallery-text\"><p><strong>John Galliano<\/strong> regres\u00f3 en 2015 al mundo de la moda despu\u00e9s de cuatro a\u00f1os con su colecci\u00f3n debut en <strong>Maison Margiela<\/strong>. El creativo fusion\u00f3 los valores creativos representativos de la firma como el minimalismo con su est\u00e9tica extravagante y el resultado fue todo un \u00e9xito. Este suceso marc\u00f3 por completo el rumbo de la moda, pues as\u00ed como con Alexander McQueen y otros aclamados dise\u00f1adores, los procesos cretivos de Galliano como la deconstrucci\u00f3n e intervenci\u00f3n textil manual son motivo de inspiraci\u00f3n para dise\u00f1adores emergentes.<\/p>\n<h5><em>Imagen: Getty Images<\/em><\/h5>\n<p>&nbsp;<\/p>\n<\/div><\/figure><figure class=\"gallery-item grazia-gallery-show-text\"><div class=\"gallery-icon landscape\"><img loading=\"lazy\" decoding=\"async\" width=\"700\" height=\"1052\" src=\"https:\/\/graziamagazine.com\/mx\/wp-content\/uploads\/sites\/13\/2019\/12\/asi-fue-la-evolucion-de-la-moda-en-la-ultima-decada-24.jpg\" class=\"lazy\" alt=\"Andreja Pejic\" srcset=\"https:\/\/graziamagazine.com\/mx\/wp-content\/uploads\/sites\/13\/2019\/12\/asi-fue-la-evolucion-de-la-moda-en-la-ultima-decada-24.jpg 700w, https:\/\/graziamagazine.com\/mx\/wp-content\/uploads\/sites\/13\/2019\/12\/asi-fue-la-evolucion-de-la-moda-en-la-ultima-decada-24.jpg?resize=299,450 299w, https:\/\/graziamagazine.com\/mx\/wp-content\/uploads\/sites\/13\/2019\/12\/asi-fue-la-evolucion-de-la-moda-en-la-ultima-decada-24.jpg?resize=681,1024 681w, https:\/\/graziamagazine.com\/mx\/wp-content\/uploads\/sites\/13\/2019\/12\/asi-fue-la-evolucion-de-la-moda-en-la-ultima-decada-24.jpg?resize=143,215 143w\" sizes=\"(max-width: 700px) 100vw, 700px\" \/><\/div><div class=\"grazia-gallery-text\"><p>Dos meses despu\u00e9s de que el vestido amarillo de <strong>Rihanna<\/strong> en la<em> Met Gala<\/em> fuera el tema de conversaci\u00f3n, y al mismo tiempo que\u00a0<em>Where Are U Now<\/em> de <strong>Justin Bieber<\/strong>, <em>Bitch Better Have My Money<\/em> de <strong>Rihanna<\/strong> y <em>Hotline Bling<\/em> de <strong>Drake\u00a0<\/strong>eran las canciones del momento, <strong>Andreja Pejic<\/strong> \u2014una de las modelos m\u00e1s aclamadas del momento\u2014 revel\u00f3 su transici\u00f3n de g\u00e9nero despu\u00e9s de cinco a\u00f1os, abri\u00e9ndole el paso a un cambio totalmente inclusivo en la industria de la moda.<\/p>\n<h5><em>Imagen: Getty Images<\/em><\/h5>\n<\/div><\/figure><figure class=\"gallery-item grazia-gallery-show-text\"><div class=\"gallery-icon landscape\"><img loading=\"lazy\" decoding=\"async\" width=\"1994\" height=\"3000\" src=\"https:\/\/graziamagazine.com\/mx\/wp-content\/uploads\/sites\/13\/2019\/12\/asi-fue-la-evolucion-de-la-moda-en-la-ultima-decada-25.jpg\" class=\"lazy\" alt=\"As\u00ed fue la evoluci\u00f3n de la moda en la \u00faltima d\u00e9cada\" srcset=\"https:\/\/graziamagazine.com\/mx\/wp-content\/uploads\/sites\/13\/2019\/12\/asi-fue-la-evolucion-de-la-moda-en-la-ultima-decada-25.jpg 1994w, https:\/\/graziamagazine.com\/mx\/wp-content\/uploads\/sites\/13\/2019\/12\/asi-fue-la-evolucion-de-la-moda-en-la-ultima-decada-25.jpg?resize=299,450 299w, https:\/\/graziamagazine.com\/mx\/wp-content\/uploads\/sites\/13\/2019\/12\/asi-fue-la-evolucion-de-la-moda-en-la-ultima-decada-25.jpg?resize=768,1155 768w, https:\/\/graziamagazine.com\/mx\/wp-content\/uploads\/sites\/13\/2019\/12\/asi-fue-la-evolucion-de-la-moda-en-la-ultima-decada-25.jpg?resize=681,1024 681w, https:\/\/graziamagazine.com\/mx\/wp-content\/uploads\/sites\/13\/2019\/12\/asi-fue-la-evolucion-de-la-moda-en-la-ultima-decada-25.jpg?resize=1021,1536 1021w, https:\/\/graziamagazine.com\/mx\/wp-content\/uploads\/sites\/13\/2019\/12\/asi-fue-la-evolucion-de-la-moda-en-la-ultima-decada-25.jpg?resize=1361,2048 1361w, https:\/\/graziamagazine.com\/mx\/wp-content\/uploads\/sites\/13\/2019\/12\/asi-fue-la-evolucion-de-la-moda-en-la-ultima-decada-25.jpg?resize=143,215 143w\" sizes=\"(max-width: 1994px) 100vw, 1994px\" \/><\/div><div class=\"grazia-gallery-text\"><p>Despu\u00e9s de una semana de lanzar la ic\u00f3nica<em> T-shirt<\/em> DHL para <strong>Vetements<\/strong>,<strong> Demna Gvasalia <\/strong>fue nombrado el nuevo dise\u00f1ador creativo en la casa espa\u00f1ola <strong>Balenciaga<\/strong>. Sin duda, su proceso creativo y est\u00e9tica reimaginaron la firma que hoy conocemos, imponiendo tendencias y nuevas formas de expresi\u00f3n en el mundo de la moda.<\/p>\n<h5><em>Imagen: Getty Images<\/em><\/h5>\n<\/div><\/figure><figure class=\"gallery-item grazia-gallery-show-text\"><div class=\"gallery-icon landscape\"><img loading=\"lazy\" decoding=\"async\" width=\"712\" height=\"1050\" src=\"https:\/\/graziamagazine.com\/mx\/wp-content\/uploads\/sites\/13\/2019\/12\/asi-fue-la-evolucion-de-la-moda-en-la-ultima-decada-26.jpg\" class=\"lazy\" alt=\"Saint Laurent\" srcset=\"https:\/\/graziamagazine.com\/mx\/wp-content\/uploads\/sites\/13\/2019\/12\/asi-fue-la-evolucion-de-la-moda-en-la-ultima-decada-26.jpg 712w, https:\/\/graziamagazine.com\/mx\/wp-content\/uploads\/sites\/13\/2019\/12\/asi-fue-la-evolucion-de-la-moda-en-la-ultima-decada-26.jpg?resize=305,450 305w, https:\/\/graziamagazine.com\/mx\/wp-content\/uploads\/sites\/13\/2019\/12\/asi-fue-la-evolucion-de-la-moda-en-la-ultima-decada-26.jpg?resize=694,1024 694w, https:\/\/graziamagazine.com\/mx\/wp-content\/uploads\/sites\/13\/2019\/12\/asi-fue-la-evolucion-de-la-moda-en-la-ultima-decada-26.jpg?resize=146,215 146w\" sizes=\"(max-width: 712px) 100vw, 712px\" \/><\/div><div class=\"grazia-gallery-text\"><h3>2016<\/h3>\n<p>En marzo de 2016, <strong>Hedi Slimane <\/strong>present\u00f3 su \u00faltima colecci\u00f3n para <strong>Saint Laurent<\/strong>. El creativo le dio un nuevo significado al <em>glamour<\/em>\u00a0con esas siluetas voluminosas, escotes pronunciados y un abrigo rojo en forma de coraz\u00f3n que despu\u00e9s<strong> Rihanna<\/strong> us\u00f3 en Nueva York y todo mundo quer\u00eda tener.<\/p>\n<h5><em>Imagen: Getty Images<\/em><\/h5>\n<\/div><\/figure><figure class=\"gallery-item grazia-gallery-show-text\"><div class=\"gallery-icon landscape\"><img loading=\"lazy\" decoding=\"async\" width=\"845\" height=\"1200\" src=\"https:\/\/graziamagazine.com\/mx\/wp-content\/uploads\/sites\/13\/2019\/12\/asi-fue-la-evolucion-de-la-moda-en-la-ultima-decada-27.jpg\" class=\"lazy\" alt=\"Marc Jacobs SS17\" srcset=\"https:\/\/graziamagazine.com\/mx\/wp-content\/uploads\/sites\/13\/2019\/12\/asi-fue-la-evolucion-de-la-moda-en-la-ultima-decada-27.jpg 845w, https:\/\/graziamagazine.com\/mx\/wp-content\/uploads\/sites\/13\/2019\/12\/asi-fue-la-evolucion-de-la-moda-en-la-ultima-decada-27.jpg?resize=317,450 317w, https:\/\/graziamagazine.com\/mx\/wp-content\/uploads\/sites\/13\/2019\/12\/asi-fue-la-evolucion-de-la-moda-en-la-ultima-decada-27.jpg?resize=768,1091 768w, https:\/\/graziamagazine.com\/mx\/wp-content\/uploads\/sites\/13\/2019\/12\/asi-fue-la-evolucion-de-la-moda-en-la-ultima-decada-27.jpg?resize=721,1024 721w, https:\/\/graziamagazine.com\/mx\/wp-content\/uploads\/sites\/13\/2019\/12\/asi-fue-la-evolucion-de-la-moda-en-la-ultima-decada-27.jpg?resize=151,215 151w\" sizes=\"(max-width: 845px) 100vw, 845px\" \/><\/div><div class=\"grazia-gallery-text\"><p>El mismo mes que <strong>Apple<\/strong> lanz\u00f3 sus ya ic\u00f3nicos <em>AirPods<\/em>, se abri\u00f3 un discurso alrededor del mundo acerca de la apropiaci\u00f3n cultural en colecciones de moda con <strong>Marc Jacobs<\/strong> y su propuesta <em>SS17. <\/em>Las modelos \u2014la mayor\u00eda de tez blanca\u2014 caminaron en la pasarela en siluetas inspiradas en <em>cyberpunk, <\/em>pero si algo despert\u00f3 las cr\u00edticas de todo mundo, fueron los peinados representativos de los afroamericanos.<\/p>\n<h5><em>Imagen: Getty Images<\/em><\/h5>\n<\/div><\/figure><figure class=\"gallery-item grazia-gallery-show-text\"><div class=\"gallery-icon landscape\"><img loading=\"lazy\" decoding=\"async\" width=\"810\" height=\"1215\" src=\"https:\/\/graziamagazine.com\/mx\/wp-content\/uploads\/sites\/13\/2019\/12\/asi-fue-la-evolucion-de-la-moda-en-la-ultima-decada-28.jpg\" class=\"lazy\" alt=\"Dior Maria Grazia Chiuri\" srcset=\"https:\/\/graziamagazine.com\/mx\/wp-content\/uploads\/sites\/13\/2019\/12\/asi-fue-la-evolucion-de-la-moda-en-la-ultima-decada-28.jpg 810w, https:\/\/graziamagazine.com\/mx\/wp-content\/uploads\/sites\/13\/2019\/12\/asi-fue-la-evolucion-de-la-moda-en-la-ultima-decada-28.jpg?resize=300,450 300w, https:\/\/graziamagazine.com\/mx\/wp-content\/uploads\/sites\/13\/2019\/12\/asi-fue-la-evolucion-de-la-moda-en-la-ultima-decada-28.jpg?resize=768,1152 768w, https:\/\/graziamagazine.com\/mx\/wp-content\/uploads\/sites\/13\/2019\/12\/asi-fue-la-evolucion-de-la-moda-en-la-ultima-decada-28.jpg?resize=683,1024 683w, https:\/\/graziamagazine.com\/mx\/wp-content\/uploads\/sites\/13\/2019\/12\/asi-fue-la-evolucion-de-la-moda-en-la-ultima-decada-28.jpg?resize=143,215 143w\" sizes=\"(max-width: 810px) 100vw, 810px\" \/><\/div><div class=\"grazia-gallery-text\"><p>Despu\u00e9s del debut de <strong>Kanye West<\/strong>\u00a0en la industria de la moda con su primera colecci\u00f3n <em>ready-to-wear<\/em>\u00a0para\u00a0<strong>Yeezy<\/strong>,<strong> Rihanna <\/strong>y su\u00a0<em>show<\/em> en los <em>VMAs<\/em> llevando de pies a cabeza <strong>Hood By Air <\/strong>indudablemente conquist\u00f3 las calles con la firma, reafirmando el <em>streetwear<\/em> rein\u00f3 esta \u00faltima d\u00e9cada. Sin embargo, <strong>Raf Simons<\/strong> dej\u00f3 <strong>Dior<\/strong> en octubre abri\u00e9ndole paso a una nueva era que <strong>Maria Grazia Chiuri<\/strong> lleg\u00f3 a conquistar. Hasta la fecha, la italiana ha logrado posicionar la <em>maison<\/em> como una de las m\u00e1s aclamadas de nuestros tiempos.<\/p>\n<h5><em>Imagen: Getty Images<\/em><\/h5>\n<\/div><\/figure><figure class=\"gallery-item grazia-gallery-show-text\"><div class=\"gallery-icon landscape\"><img loading=\"lazy\" decoding=\"async\" width=\"800\" height=\"1200\" src=\"https:\/\/graziamagazine.com\/mx\/wp-content\/uploads\/sites\/13\/2019\/12\/asi-fue-la-evolucion-de-la-moda-en-la-ultima-decada-29.jpg\" class=\"lazy\" alt=\"Supreme x Louis Vuitton\" srcset=\"https:\/\/graziamagazine.com\/mx\/wp-content\/uploads\/sites\/13\/2019\/12\/asi-fue-la-evolucion-de-la-moda-en-la-ultima-decada-29.jpg 800w, https:\/\/graziamagazine.com\/mx\/wp-content\/uploads\/sites\/13\/2019\/12\/asi-fue-la-evolucion-de-la-moda-en-la-ultima-decada-29.jpg?resize=300,450 300w, https:\/\/graziamagazine.com\/mx\/wp-content\/uploads\/sites\/13\/2019\/12\/asi-fue-la-evolucion-de-la-moda-en-la-ultima-decada-29.jpg?resize=768,1152 768w, https:\/\/graziamagazine.com\/mx\/wp-content\/uploads\/sites\/13\/2019\/12\/asi-fue-la-evolucion-de-la-moda-en-la-ultima-decada-29.jpg?resize=683,1024 683w, https:\/\/graziamagazine.com\/mx\/wp-content\/uploads\/sites\/13\/2019\/12\/asi-fue-la-evolucion-de-la-moda-en-la-ultima-decada-29.jpg?resize=143,215 143w\" sizes=\"(max-width: 800px) 100vw, 800px\" \/><\/div><div class=\"grazia-gallery-text\"><h3>2017<\/h3>\n<p>Iniciando el 2017, los <em>Triple S<\/em> de <strong>Balenciaga <\/strong>debutaron el pasarela convierti\u00e9ndose en uno de <a href=\"https:\/\/graziamagazine.com\/mx\/10-zapatos-que-dejaron-huella-en-la-ultima-decada\/\" target=\"_blank\" rel=\"noopener\">los modelos m\u00e1s ic\u00f3nicos de la d\u00e9cada<\/a>. Sin embargo, ese mismo mes se lanz\u00f3 la colaboraci\u00f3n de <strong>Supreme<\/strong> con <strong>Louis Vuitton<\/strong>, y claro,\u00a0con la logoman\u00eda como una de las tendencias m\u00e1s fuertes de los 2010 y esa fusi\u00f3n de <em>streetwear<\/em> con el lujo representativo de la <em>maison<\/em>, esta l\u00ednea se convirti\u00f3 en una de las m\u00e1s anticipadas que aument\u00f3 las ventas incontroladamente.<\/p>\n<h5><em>Imagen: Getty Images<\/em><\/h5>\n<\/div><\/figure><figure class=\"gallery-item grazia-gallery-show-text\"><div class=\"gallery-icon landscape\"><img loading=\"lazy\" decoding=\"async\" width=\"480\" height=\"768\" src=\"https:\/\/graziamagazine.com\/mx\/wp-content\/uploads\/sites\/13\/2019\/12\/asi-fue-la-evolucion-de-la-moda-en-la-ultima-decada-30.jpg\" class=\"lazy\" alt=\"Grace Jone Azzedine Alaia\" srcset=\"https:\/\/graziamagazine.com\/mx\/wp-content\/uploads\/sites\/13\/2019\/12\/asi-fue-la-evolucion-de-la-moda-en-la-ultima-decada-30.jpg 480w, https:\/\/graziamagazine.com\/mx\/wp-content\/uploads\/sites\/13\/2019\/12\/asi-fue-la-evolucion-de-la-moda-en-la-ultima-decada-30.jpg?resize=281,450 281w, https:\/\/graziamagazine.com\/mx\/wp-content\/uploads\/sites\/13\/2019\/12\/asi-fue-la-evolucion-de-la-moda-en-la-ultima-decada-30.jpg?resize=134,215 134w\" sizes=\"(max-width: 480px) 100vw, 480px\" \/><\/div><div class=\"grazia-gallery-text\"><p>Este a\u00f1o vio pasar en el <em>Metropolitan Museum of Art<\/em> de Nueva York una de las exhibiciones m\u00e1s visitadas del <em>Constume Institute<\/em> con <strong>Rei Kawakubo<\/strong> para<strong> Comme des Gar\u00e7ons<\/strong>, siendo la primera vez despu\u00e9s de Yves Saint Laurent que el famoso museo rindi\u00f3 un homenaje a un creativo que no ha muerto. Pero si una noticia cambi\u00f3 por completo el rumbo de la moda fue la muerte de <strong>Azzedine Ala\u00efa, <\/strong>uno de los <em>couturiers<\/em> m\u00e1s aclamados que dejaron huella en el mundo de la moda.<\/p>\n<h5><em>Imagen: Getty Images<\/em><\/h5>\n<\/div><\/figure><figure class=\"gallery-item grazia-gallery-show-text\"><div class=\"gallery-icon landscape\"><img loading=\"lazy\" decoding=\"async\" width=\"1600\" height=\"800\" src=\"https:\/\/graziamagazine.com\/mx\/wp-content\/uploads\/sites\/13\/2019\/12\/asi-fue-la-evolucion-de-la-moda-en-la-ultima-decada-31.jpg\" class=\"lazy\" alt=\"Versace\" srcset=\"https:\/\/graziamagazine.com\/mx\/wp-content\/uploads\/sites\/13\/2019\/12\/asi-fue-la-evolucion-de-la-moda-en-la-ultima-decada-31.jpg 1600w, https:\/\/graziamagazine.com\/mx\/wp-content\/uploads\/sites\/13\/2019\/12\/asi-fue-la-evolucion-de-la-moda-en-la-ultima-decada-31.jpg?resize=450,225 450w, https:\/\/graziamagazine.com\/mx\/wp-content\/uploads\/sites\/13\/2019\/12\/asi-fue-la-evolucion-de-la-moda-en-la-ultima-decada-31.jpg?resize=768,384 768w, https:\/\/graziamagazine.com\/mx\/wp-content\/uploads\/sites\/13\/2019\/12\/asi-fue-la-evolucion-de-la-moda-en-la-ultima-decada-31.jpg?resize=1024,512 1024w, https:\/\/graziamagazine.com\/mx\/wp-content\/uploads\/sites\/13\/2019\/12\/asi-fue-la-evolucion-de-la-moda-en-la-ultima-decada-31.jpg?resize=1536,768 1536w, https:\/\/graziamagazine.com\/mx\/wp-content\/uploads\/sites\/13\/2019\/12\/asi-fue-la-evolucion-de-la-moda-en-la-ultima-decada-31.jpg?resize=155,78 155w\" sizes=\"(max-width: 1600px) 100vw, 1600px\" \/><\/div><div class=\"grazia-gallery-text\"><p>Dos meses antes del estreno de <strong><em>Call Me by Your Name<\/em><\/strong>, el 22 de septiembre para ser exactos, las supermodelos de los noventa <strong>Naomi Campbell<\/strong>, <strong>Cindy Crawford<\/strong>, <strong>Claudia Schiffer<\/strong>, <strong>Carla Bruni <\/strong>y<strong> Helena Christensen <\/strong>se reunieron en honor a<strong> Gianni Versace<\/strong> despu\u00e9s de 20 a\u00f1os de su muerte, rindiendo tributo a sus inigualables colecciones. Sin duda, este fue uno de los momentos m\u00e1s ic\u00f3nicos que marcaron la d\u00e9cada, pues adem\u00e1s nos recordaron la incomparable trayectoria de <strong>Donatella Versace<\/strong> como dise\u00f1adora creativa.<\/p>\n<h5><em>Imagen: Getty Images<\/em><\/h5>\n<\/div><\/figure><figure class=\"gallery-item grazia-gallery-show-text\"><div class=\"gallery-icon landscape\"><img loading=\"lazy\" decoding=\"async\" width=\"640\" height=\"960\" src=\"https:\/\/graziamagazine.com\/mx\/wp-content\/uploads\/sites\/13\/2019\/12\/asi-fue-la-evolucion-de-la-moda-en-la-ultima-decada-32.jpg\" class=\"lazy\" alt=\"Fenty Beauty\" srcset=\"https:\/\/graziamagazine.com\/mx\/wp-content\/uploads\/sites\/13\/2019\/12\/asi-fue-la-evolucion-de-la-moda-en-la-ultima-decada-32.jpg 640w, https:\/\/graziamagazine.com\/mx\/wp-content\/uploads\/sites\/13\/2019\/12\/asi-fue-la-evolucion-de-la-moda-en-la-ultima-decada-32.jpg?resize=300,450 300w, https:\/\/graziamagazine.com\/mx\/wp-content\/uploads\/sites\/13\/2019\/12\/asi-fue-la-evolucion-de-la-moda-en-la-ultima-decada-32.jpg?resize=143,215 143w\" sizes=\"(max-width: 640px) 100vw, 640px\" \/><\/div><div class=\"grazia-gallery-text\"><p>Es inevitable pensar en 2017 y no hablar del inicio de una trayectoria s\u00faper exitosa para\u00a0<strong>Rihanna<\/strong>. La barbadense que hoy es una de las artistas m\u00e1s ricas del mundo, se convirti\u00f3 en una de las mujer m\u00e1s influyentes de nuestros tiempos no solo por su m\u00fasica, pues este a\u00f1o una nueva era de inclusi\u00f3n y est\u00e1ndares de belleza empezaron a cambiar con la llegada de <strong>Fenty<\/strong>.<\/p>\n<h5><em>Imagen: Getty Images<\/em><\/h5>\n<\/div><\/figure><figure class=\"gallery-item grazia-gallery-show-text\"><div class=\"gallery-icon landscape\"><img loading=\"lazy\" decoding=\"async\" width=\"480\" height=\"336\" src=\"https:\/\/graziamagazine.com\/mx\/wp-content\/uploads\/sites\/13\/2019\/12\/asi-fue-la-evolucion-de-la-moda-en-la-ultima-decada-33.jpg\" class=\"lazy\" alt=\"Louis Vuitton SS19\" srcset=\"https:\/\/graziamagazine.com\/mx\/wp-content\/uploads\/sites\/13\/2019\/12\/asi-fue-la-evolucion-de-la-moda-en-la-ultima-decada-33.jpg 480w, https:\/\/graziamagazine.com\/mx\/wp-content\/uploads\/sites\/13\/2019\/12\/asi-fue-la-evolucion-de-la-moda-en-la-ultima-decada-33.jpg?resize=450,315 450w, https:\/\/graziamagazine.com\/mx\/wp-content\/uploads\/sites\/13\/2019\/12\/asi-fue-la-evolucion-de-la-moda-en-la-ultima-decada-33.jpg?resize=155,109 155w\" sizes=\"(max-width: 480px) 100vw, 480px\" \/><\/div><div class=\"grazia-gallery-text\"><h3>2018<\/h3>\n<p>Mientras <em>This Is America<\/em> de <strong>Childish Gambino <\/strong>se convert\u00eda en una de las canciones m\u00e1s pol\u00e9micas por su letra y <em>videoclip<\/em> haciendo referencia a un Estados Unidos actual, <a href=\"https:\/\/graziamagazine.com\/mx\/el-debut-de-virgil-abloh-para-louis-vuitton-incluyo-lagrimas-de-kanye-west\/\" target=\"_blank\" rel=\"noopener\">el debut del dise\u00f1ador estadounidense <strong>Virgil Abloh<\/strong> en <strong>Louis Vuitton <\/strong><\/a>dio un espect\u00e1culo hist\u00f3rico que hasta incluy\u00f3 lagrimas de <strong>Kanye West<\/strong>. En una pasarela donde los colores emblem\u00e1ticos de <em>Pride<\/em> fueron protagonistas, las siluetas evolucionaron hasta terminar con los seis colores distintivos de la bandera. Esto sin duda marc\u00f3 un momento que no olvidaremos en el mundo de la moda, pues un nuevo viaje exitoso comenz\u00f3 para la <em>maison<\/em> bajo su direcci\u00f3n creativa con la fusi\u00f3n de prendas sastreadas y su est\u00e9tica<em> streetwear<\/em>.<\/p>\n<h5><em>Imagen: Getty Images<\/em><\/h5>\n<\/div><\/figure><figure class=\"gallery-item grazia-gallery-show-text\"><div class=\"gallery-icon landscape\"><img loading=\"lazy\" decoding=\"async\" width=\"2000\" height=\"3000\" src=\"https:\/\/graziamagazine.com\/mx\/wp-content\/uploads\/sites\/13\/2019\/12\/asi-fue-la-evolucion-de-la-moda-en-la-ultima-decada-34.jpg\" class=\"lazy\" alt=\"Boda Meghan Markle\" srcset=\"https:\/\/graziamagazine.com\/mx\/wp-content\/uploads\/sites\/13\/2019\/12\/asi-fue-la-evolucion-de-la-moda-en-la-ultima-decada-34.jpg 2000w, https:\/\/graziamagazine.com\/mx\/wp-content\/uploads\/sites\/13\/2019\/12\/asi-fue-la-evolucion-de-la-moda-en-la-ultima-decada-34.jpg?resize=300,450 300w, https:\/\/graziamagazine.com\/mx\/wp-content\/uploads\/sites\/13\/2019\/12\/asi-fue-la-evolucion-de-la-moda-en-la-ultima-decada-34.jpg?resize=768,1152 768w, https:\/\/graziamagazine.com\/mx\/wp-content\/uploads\/sites\/13\/2019\/12\/asi-fue-la-evolucion-de-la-moda-en-la-ultima-decada-34.jpg?resize=683,1024 683w, https:\/\/graziamagazine.com\/mx\/wp-content\/uploads\/sites\/13\/2019\/12\/asi-fue-la-evolucion-de-la-moda-en-la-ultima-decada-34.jpg?resize=1024,1536 1024w, https:\/\/graziamagazine.com\/mx\/wp-content\/uploads\/sites\/13\/2019\/12\/asi-fue-la-evolucion-de-la-moda-en-la-ultima-decada-34.jpg?resize=1365,2048 1365w, https:\/\/graziamagazine.com\/mx\/wp-content\/uploads\/sites\/13\/2019\/12\/asi-fue-la-evolucion-de-la-moda-en-la-ultima-decada-34.jpg?resize=143,215 143w\" sizes=\"(max-width: 2000px) 100vw, 2000px\" \/><\/div><div class=\"grazia-gallery-text\"><p>Despu\u00e9s su boda con <strong>Prince Harry<\/strong>,\u00a0<strong>Meghan Markle<\/strong>\u00a0empez\u00f3 a ser el centro de atenci\u00f3n y un ejemplo a seguir para muchas. Su anillo de compromiso colaps\u00f3 las b\u00fasquedas en eBay y sus vestidos minimalistas para el gran d\u00eda \u2014firmados por <strong>Stella McCartney<\/strong> y\u00a0<strong>Clare Waight Keller <\/strong>para<strong> Givenchy<\/strong>\u2014\u00a0fueron las primeras prendas con la que impuso una tendencia que hasta la fecha est\u00e1 vigente. Incluso, el <em>engagement<\/em> que tuvieron las publicaciones de las firmas en redes sociales las hicieron ganar millones d\u00f3lares. A\u00fan as\u00ed, <strong>Kendall Jenner<\/strong> se posicion\u00f3 como la celebridad m\u00e1s influyente que <a href=\"https:\/\/graziamagazine.com\/mx\/10-celebridades-que-impactaron-nuestro-estilo-durante-la-decada\/\" target=\"_blank\" rel=\"noopener\">impact\u00f3 nuestro estilo en 2018<\/a>.<\/p>\n<h5><em>Imagen: Getty Images<\/em><\/h5>\n<\/div><\/figure><figure class=\"gallery-item grazia-gallery-show-text\"><div class=\"gallery-icon landscape\"><img loading=\"lazy\" decoding=\"async\" width=\"996\" height=\"648\" src=\"https:\/\/graziamagazine.com\/mx\/wp-content\/uploads\/sites\/13\/2019\/12\/asi-fue-la-evolucion-de-la-moda-en-la-ultima-decada-35.jpg\" class=\"lazy\" alt=\"Celine Hedi Slimane\" srcset=\"https:\/\/graziamagazine.com\/mx\/wp-content\/uploads\/sites\/13\/2019\/12\/asi-fue-la-evolucion-de-la-moda-en-la-ultima-decada-35.jpg 996w, https:\/\/graziamagazine.com\/mx\/wp-content\/uploads\/sites\/13\/2019\/12\/asi-fue-la-evolucion-de-la-moda-en-la-ultima-decada-35.jpg?resize=450,293 450w, https:\/\/graziamagazine.com\/mx\/wp-content\/uploads\/sites\/13\/2019\/12\/asi-fue-la-evolucion-de-la-moda-en-la-ultima-decada-35.jpg?resize=768,500 768w, https:\/\/graziamagazine.com\/mx\/wp-content\/uploads\/sites\/13\/2019\/12\/asi-fue-la-evolucion-de-la-moda-en-la-ultima-decada-35.jpg?resize=155,101 155w\" sizes=\"(max-width: 996px) 100vw, 996px\" \/><\/div><div class=\"grazia-gallery-text\"><p>Al mismo tiempo que los tenis\u00a0<em>Triple S<\/em> de <strong>Balenciaga<\/strong>\u00a0y el <em>fanny pack<\/em>\u00a0<strong><em>GG Marmont\u00a0<\/em><\/strong>de <strong>Gucci\u00a0<\/strong>conquistaron el<em> street style<\/em>,\u00a0<a href=\"https:\/\/graziamagazine.com\/mx\/phoebe-philo-deja-celine\/\" target=\"_blank\" rel=\"noopener\"><strong>Phoebe Philo<\/strong>\u00a0le dijo adi\u00f3s a <strong>C\u00e9line<\/strong><\/a>. Despu\u00e9s de revelar <a href=\"https:\/\/graziamagazine.com\/mx\/la-coleccion-mas-sincera-de-hedi-slimane-es-su-debut-para-celine\/\" target=\"_blank\" rel=\"noopener\">su colecci\u00f3n debut en la firma<\/a>,\u00a0<strong>Hedi Slimane<\/strong>\u00a0le dio la bienvenida a <strong>Celine<\/strong> dejando claro una nueva era estaba por llegar. Aunque muchos no fueron fan\u00e1ticos de la nueva propuesta, hoy todos conocemos la <em>maison<\/em>\u00a0por mantener ese aire minimalista que la representa, fusionado con el <em>glamour <\/em>setentero que am\u00e1bamos de<strong> Saint Laurent<\/strong>.<\/p>\n<h5><em>Imagen: Getty Images<\/em><\/h5>\n<\/div><\/figure><figure class=\"gallery-item grazia-gallery-show-text\"><div class=\"gallery-icon landscape\"><img loading=\"lazy\" decoding=\"async\" width=\"860\" height=\"573\" src=\"https:\/\/graziamagazine.com\/mx\/wp-content\/uploads\/sites\/13\/2019\/12\/asi-fue-la-evolucion-de-la-moda-en-la-ultima-decada-36.jpg\" class=\"lazy\" alt=\"Karl Lagerfeld\" srcset=\"https:\/\/graziamagazine.com\/mx\/wp-content\/uploads\/sites\/13\/2019\/12\/asi-fue-la-evolucion-de-la-moda-en-la-ultima-decada-36.jpg 860w, https:\/\/graziamagazine.com\/mx\/wp-content\/uploads\/sites\/13\/2019\/12\/asi-fue-la-evolucion-de-la-moda-en-la-ultima-decada-36.jpg?resize=450,300 450w, https:\/\/graziamagazine.com\/mx\/wp-content\/uploads\/sites\/13\/2019\/12\/asi-fue-la-evolucion-de-la-moda-en-la-ultima-decada-36.jpg?resize=768,512 768w, https:\/\/graziamagazine.com\/mx\/wp-content\/uploads\/sites\/13\/2019\/12\/asi-fue-la-evolucion-de-la-moda-en-la-ultima-decada-36.jpg?resize=155,103 155w\" sizes=\"(max-width: 860px) 100vw, 860px\" \/><\/div><div class=\"grazia-gallery-text\"><h3>2019<\/h3>\n<p>El mundo sufri\u00f3 la p\u00e9rdida de una de las mentes m\u00e1s brillantes que revolucionaron la industria de la moda y el mundo como hoy lo conocemos. La muerte de <strong>Karl Lagerfeld<\/strong> en febrero sin duda fue uno de los sucesos que marcaron la d\u00e9cada que est\u00e1 por terminar, pues hab\u00eda sido el \u00fanico creativo en dirigir la <em>maison<\/em>\u00a0y que mantuvo esa est\u00e9tica y valores representativos que mantuvieron viva la esencia de su fundadora<strong> Gabrielle Chanel<\/strong>. Asimismo, el k\u00e1iser de la moda mantuvo\u00a0<strong>Fendi<\/strong> como una de las casas de lujo m\u00e1s aclamadas y dej\u00f3 un legado que nunca olvidaremos.<\/p>\n<p>2019 le dio la bienvenida a una nueva era firmada por <strong>Virginie Viard <\/strong>para Chanel, una que no nos ha decepcionado hasta el momento con esas siluetas de construcci\u00f3n impecable\u00a0aterrizadas para una mujer actual, elegante y siempre imponente. \u00bfLograr\u00e1 revolucionar la industria como lo hizo Lagerfeld?<\/p>\n<h5><em>Imagen: Getty Images<\/em><\/h5>\n<\/div><\/figure><figure class=\"gallery-item grazia-gallery-show-text\"><div class=\"gallery-icon landscape\"><img loading=\"lazy\" decoding=\"async\" width=\"1020\" height=\"1530\" src=\"https:\/\/graziamagazine.com\/mx\/wp-content\/uploads\/sites\/13\/2019\/12\/asi-fue-la-evolucion-de-la-moda-en-la-ultima-decada-37.jpg\" class=\"lazy\" alt=\"Meghan Markle\" srcset=\"https:\/\/graziamagazine.com\/mx\/wp-content\/uploads\/sites\/13\/2019\/12\/asi-fue-la-evolucion-de-la-moda-en-la-ultima-decada-37.jpg 1020w, https:\/\/graziamagazine.com\/mx\/wp-content\/uploads\/sites\/13\/2019\/12\/asi-fue-la-evolucion-de-la-moda-en-la-ultima-decada-37.jpg?resize=300,450 300w, https:\/\/graziamagazine.com\/mx\/wp-content\/uploads\/sites\/13\/2019\/12\/asi-fue-la-evolucion-de-la-moda-en-la-ultima-decada-37.jpg?resize=768,1152 768w, https:\/\/graziamagazine.com\/mx\/wp-content\/uploads\/sites\/13\/2019\/12\/asi-fue-la-evolucion-de-la-moda-en-la-ultima-decada-37.jpg?resize=683,1024 683w, https:\/\/graziamagazine.com\/mx\/wp-content\/uploads\/sites\/13\/2019\/12\/asi-fue-la-evolucion-de-la-moda-en-la-ultima-decada-37.jpg?resize=143,215 143w\" sizes=\"(max-width: 1020px) 100vw, 1020px\" \/><\/div><div class=\"grazia-gallery-text\"><p><strong><em>Euphoria<\/em><\/strong> se convirti\u00f3 en una de las series favoritas de nuestros tiempos despu\u00e9s de su estreno en HBO hace cinco meses. La personalidad y est\u00e9tica de los personajes sin duda marc\u00f3 tendencia, y al mismo tiempo,\u00a0<strong>Meghan Markle<\/strong> se convirti\u00f3 en <a href=\"https:\/\/graziamagazine.com\/mx\/10-celebridades-que-impactaron-nuestro-estilo-durante-la-decada\/\" target=\"_blank\" rel=\"noopener\">la celebridad m\u00e1s influyente del 2019<\/a>.<\/p>\n<p class=\"linkAfter\">Seg\u00fan el reporte de <em>Lyst<\/em>, la duquesa de Sussex se convirti\u00f3 en la persona mas influyente en el mundo de la moda en 2019, superando a <strong>Kylie Jenner<\/strong> y convirti\u00e9ndose en \u00edcono de estilo que ha dejado huella, pues sus <em>outfits<\/em> han generado un aumento del 216% en b\u00fasquedas digitales.<\/p>\n<h5><em>Imagen: Getty Images<\/em><\/h5>\n<\/div><\/figure><figure class=\"gallery-item grazia-gallery-show-text\"><div class=\"gallery-icon landscape\"><img loading=\"lazy\" decoding=\"async\" width=\"640\" height=\"640\" src=\"https:\/\/graziamagazine.com\/mx\/wp-content\/uploads\/sites\/13\/2019\/12\/asi-fue-la-evolucion-de-la-moda-en-la-ultima-decada-38.jpg\" class=\"lazy\" alt=\"Teddy Quinlivan\" srcset=\"https:\/\/graziamagazine.com\/mx\/wp-content\/uploads\/sites\/13\/2019\/12\/asi-fue-la-evolucion-de-la-moda-en-la-ultima-decada-38.jpg 640w, https:\/\/graziamagazine.com\/mx\/wp-content\/uploads\/sites\/13\/2019\/12\/asi-fue-la-evolucion-de-la-moda-en-la-ultima-decada-38.jpg?resize=150,150 150w, https:\/\/graziamagazine.com\/mx\/wp-content\/uploads\/sites\/13\/2019\/12\/asi-fue-la-evolucion-de-la-moda-en-la-ultima-decada-38.jpg?resize=450,450 450w, https:\/\/graziamagazine.com\/mx\/wp-content\/uploads\/sites\/13\/2019\/12\/asi-fue-la-evolucion-de-la-moda-en-la-ultima-decada-38.jpg?resize=155,155 155w\" sizes=\"(max-width: 640px) 100vw, 640px\" \/><\/div><div class=\"grazia-gallery-text\"><p>A la par que <strong>Billie Eilish<\/strong> subi\u00f3 al primer lugar de <em>Billboard<\/em> con <em>Bad Guy<\/em>,\u00a0<a href=\"https:\/\/graziamagazine.com\/mx\/chanel-apuesta-por-su-primera-modelo-transgenero\/\" target=\"_blank\" rel=\"noopener\"><b>Theodora Quinlivan <\/b><\/a>fue anunciada como la primera modelo transg\u00e9nero en protagonizar una campa\u00f1a para <strong>Chanel Beauty<\/strong>. El video y fotograf\u00eda le dieron la vuelta al mundo dejando claro que la inclusi\u00f3n y la diversidad son los objetivos principales que el mundo de la moda debe adoptar actualmente.<\/p>\n<h5><em>Imagen: Cortes\u00eda<\/em><\/h5>\n<\/div><\/figure><figure class=\"gallery-item grazia-gallery-show-text\"><div class=\"gallery-icon landscape\"><img loading=\"lazy\" decoding=\"async\" width=\"640\" height=\"853\" src=\"https:\/\/graziamagazine.com\/mx\/wp-content\/uploads\/sites\/13\/2019\/12\/asi-fue-la-evolucion-de-la-moda-en-la-ultima-decada-39.jpg\" class=\"lazy\" alt=\"As\u00ed fue la evoluci\u00f3n de la moda en la \u00faltima d\u00e9cada\" srcset=\"https:\/\/graziamagazine.com\/mx\/wp-content\/uploads\/sites\/13\/2019\/12\/asi-fue-la-evolucion-de-la-moda-en-la-ultima-decada-39.jpg 640w, https:\/\/graziamagazine.com\/mx\/wp-content\/uploads\/sites\/13\/2019\/12\/asi-fue-la-evolucion-de-la-moda-en-la-ultima-decada-39.jpg?resize=338,450 338w, https:\/\/graziamagazine.com\/mx\/wp-content\/uploads\/sites\/13\/2019\/12\/asi-fue-la-evolucion-de-la-moda-en-la-ultima-decada-39.jpg?resize=155,207 155w\" sizes=\"(max-width: 640px) 100vw, 640px\" \/><\/div><div class=\"grazia-gallery-text\"><p>Aunque a todos nos impact\u00f3 la despedida de<strong> Demna Gvasalia<\/strong> tras cinco a\u00f1os de fundar Vetements, <strong>Victoria\u00b4s Secret<\/strong> cancel\u00f3 su tradicional <em>show <\/em>que caus\u00f3 tanta pol\u00e9mica y despert\u00f3 tantas cr\u00edticas negativas los \u00faltimos a\u00f1os. Por el contrario, <strong>Rihanna <\/strong>lleg\u00f3 a conquistar esta nueva era inclusiva con <a href=\"https:\/\/www.savagex.com\/\" target=\"_blank\" rel=\"noopener\" target=\"_blank\"><strong>Savage x Fenty<\/strong><\/a> y su ya <a href=\"https:\/\/graziamagazine.com\/mx\/victorias-que-rihanna-fue-la-reina-de-la-pasarela-con-su-show-en-nyfw\/\" target=\"_blank\" rel=\"noopener\">ic\u00f3nico espect\u00e1culo en el marco de<em> NYFW<\/em><\/a>. Incluso, <strong>Bella Hadid<\/strong> coment\u00f3 en una entrevista haberse sentido insegura trabajando para Victoria\u00b4s Secret, pero con Savage x Fenty fue la primera vez que se sinti\u00f3 sexy caminando en una pasarela.<\/p>\n<h5><em>Imagen: Getty Images<\/em><\/h5>\n<\/div><\/figure><figure class=\"gallery-item grazia-gallery-show-text\"><div class=\"gallery-icon landscape\"><img loading=\"lazy\" decoding=\"async\" width=\"915\" height=\"610\" src=\"https:\/\/graziamagazine.com\/mx\/wp-content\/uploads\/sites\/13\/2019\/12\/asi-fue-la-evolucion-de-la-moda-en-la-ultima-decada-40.jpg\" class=\"lazy\" alt=\"Jungle Dress\" srcset=\"https:\/\/graziamagazine.com\/mx\/wp-content\/uploads\/sites\/13\/2019\/12\/asi-fue-la-evolucion-de-la-moda-en-la-ultima-decada-40.jpg 915w, https:\/\/graziamagazine.com\/mx\/wp-content\/uploads\/sites\/13\/2019\/12\/asi-fue-la-evolucion-de-la-moda-en-la-ultima-decada-40.jpg?resize=450,300 450w, https:\/\/graziamagazine.com\/mx\/wp-content\/uploads\/sites\/13\/2019\/12\/asi-fue-la-evolucion-de-la-moda-en-la-ultima-decada-40.jpg?resize=768,512 768w, https:\/\/graziamagazine.com\/mx\/wp-content\/uploads\/sites\/13\/2019\/12\/asi-fue-la-evolucion-de-la-moda-en-la-ultima-decada-40.jpg?resize=155,103 155w\" sizes=\"(max-width: 915px) 100vw, 915px\" \/><\/div><div class=\"grazia-gallery-text\"><p><strong>Donatella Versace<\/strong> y <strong>Jennifer Lopez<\/strong> <a href=\"https:\/\/graziamagazine.com\/mx\/jennifer-lopez-vuelve-a-usar-el-vestido-versace\/\" target=\"_blank\" rel=\"noopener\">celebraron juntas veinte a\u00f1os del ic\u00f3nico\u00a0<em>Jungle Dress<\/em><\/a>\u00a0que la cantante llev\u00f3 a los <em>Grammys <\/em>en aqu\u00e9l entonces. La cantante luci\u00f3 una nueva versi\u00f3n mientras caminaba por la pasarela durante la presentaci\u00f3n Pre-Fall de la firma italiana, record\u00e1ndonos\u00a0<em>Google Images<\/em> se ide\u00f3 en el a\u00f1o 2000, pues la demanda en el buscador fue tan masiva que la empresa\u00a0se vio obligada a crear el banco de im\u00e1genes en cuesti\u00f3n.<\/p>\n<h5><em>Imagen: Getty Images<\/em><\/h5>\n<\/div><\/figure><figure class=\"gallery-item grazia-gallery-show-text\"><div class=\"gallery-icon landscape\"><img loading=\"lazy\" decoding=\"async\" width=\"700\" height=\"963\" src=\"https:\/\/graziamagazine.com\/mx\/wp-content\/uploads\/sites\/13\/2019\/12\/asi-fue-la-evolucion-de-la-moda-en-la-ultima-decada-41.jpg\" class=\"lazy\" alt=\"Bottega Veneta\" srcset=\"https:\/\/graziamagazine.com\/mx\/wp-content\/uploads\/sites\/13\/2019\/12\/asi-fue-la-evolucion-de-la-moda-en-la-ultima-decada-41.jpg 700w, https:\/\/graziamagazine.com\/mx\/wp-content\/uploads\/sites\/13\/2019\/12\/asi-fue-la-evolucion-de-la-moda-en-la-ultima-decada-41.jpg?resize=327,450 327w, https:\/\/graziamagazine.com\/mx\/wp-content\/uploads\/sites\/13\/2019\/12\/asi-fue-la-evolucion-de-la-moda-en-la-ultima-decada-41.jpg?resize=155,213 155w\" sizes=\"(max-width: 700px) 100vw, 700px\" \/><\/div><div class=\"grazia-gallery-text\"><p>Por \u00faltimo, como te habr\u00e1s dado cuenta firmas que hab\u00edan perdido visibilidad con el paso del tiempo como\u00a0<strong>Paco Rabanne<\/strong>, este a\u00f1o regresaron como las m\u00e1s exitosas. Sin embargo, este fue el a\u00f1o estelar para objetos de lujo\u00a0<strong>Bottega Venetta <\/strong>firmados por <strong>Daniel Lee<\/strong>, tales\u00a0como <a href=\"https:\/\/graziamagazine.com\/mx\/el-bolso-que-esta-conquistando-instagram\/\" target=\"_blank\" rel=\"noopener\">su ic\u00f3nico<strong><em> Pouch<\/em><\/strong><\/a>\u00a0y sus famosos\u00a0<em>Stretch<\/em>\u00a0en cuero con los que todo mundo est\u00e1 obsesionado.<\/p>\n<p>Aunque estos son los accesorios del momento, <strong>Simone Porte Jacquemus<\/strong>\u00a0y su vibra rom\u00e1ntica y veraniega se robaron el <em>spotlight<\/em> con <em>Le Chiquito<\/em>, el bolso que se convirti\u00f3 en el m\u00e1s ic\u00f3nico de 2019 conquistando el <em>street style<\/em> y el m\u00e1s popular entre las celebridades.<\/p>\n<p>\u00bfCu\u00e1les fueron tus momentos favoritos de la d\u00e9cada?<\/p>\n<h5><em>Imagen: Getty Images<\/em><\/h5>\n<p>&nbsp;<\/p>\n<\/div><\/figure><figure class=\"gallery-item grazia-gallery-show-text\"><div class=\"gallery-icon landscape\"><img loading=\"lazy\" decoding=\"async\" width=\"2800\" height=\"4200\" src=\"https:\/\/graziamagazine.com\/mx\/wp-content\/uploads\/sites\/13\/2020\/12\/GettyImages-1176792287-copia.jpg\" class=\"lazy\" alt=\"2020 La pandemia lleg\u00f3 y los desfiles de moda se cancelaron, las marcas pararon sus producciones para generar productos sanitarios como cubrebocas y gel antibacterial. Adem\u00e1s, el cubrebocas se convirti\u00f3 en un art\u00edculo de primera necesidad, ahora un accesorio que no puede faltar en nuestros outfits. Y claro, el encierro hizo que cambi\u00e1ramos nuestra rutina y manera de vestir. Pants abajo y saco arriba por las llamadas de Zoom, \u00bfte suena? Adem\u00e1s las ventas de sandalias, tracksuits y pijamas aumentaron.\" \/><\/div><div class=\"grazia-gallery-text\"><h3><strong>2020<\/strong><\/h3>\n<p>La pandemia lleg\u00f3 y los desfiles de moda se cancelaron, las marcas pararon sus producciones para generar productos sanitarios como cubrebocas y gel antibacterial. Adem\u00e1s, el cubrebocas se convirti\u00f3 en un art\u00edculo de primera necesidad, ahora un accesorio que no puede faltar en nuestros <em>outfits<\/em>. Y claro, el encierro hizo que cambi\u00e1ramos nuestra rutina y manera de vestir. Pants abajo y saco arriba por las llamadas de Zoom, \u00bfte suena? Adem\u00e1s las ventas de sandalias, <em>tracksuits<\/em> y pijamas aumentaron.<\/p>\n<h5><em>Imagen: Getty Images<\/em><\/h5>\n<\/div><\/figure><figure class=\"gallery-item grazia-gallery-show-text\"><div class=\"gallery-icon landscape\"><img loading=\"lazy\" decoding=\"async\" width=\"1800\" height=\"2250\" src=\"https:\/\/graziamagazine.com\/mx\/wp-content\/uploads\/sites\/13\/2020\/12\/descarga-1.jpeg\" class=\"lazy\" alt=\"\" \/><\/div><div class=\"grazia-gallery-text\"><p>El <em>pillow challenge<\/em> fue el reto de moda m\u00e1s viral de la cuarentena. Se apoder\u00f3 de Instagram, Facebook, Twitter y TikTok. \u00bfTambi\u00e9n te uniste?<\/p>\n<h5><em>Imagen: Instagram Anne Hathaway<\/em><\/h5>\n<\/div><\/figure><figure class=\"gallery-item grazia-gallery-show-text\"><div class=\"gallery-icon landscape\"><img loading=\"lazy\" decoding=\"async\" width=\"992\" height=\"534\" src=\"https:\/\/graziamagazine.com\/mx\/wp-content\/uploads\/sites\/13\/2020\/12\/nkl.jpg\" class=\"lazy\" alt=\"\" \/><\/div><div class=\"grazia-gallery-text\"><p>La muerte de<strong> George Floyd<\/strong> desat\u00f3 una serie de protestas alrededor del mundo y el movimiento <em>Black Lives Matter<\/em>, obligando a las firmas, editoriales y en general a toda la industria de la moda y de la belleza a reflexionar sobre m\u00e9todos, imagen y equipos de trabajo.<\/p>\n<h5><em>Imagen: Getty Images<\/em><\/h5>\n<\/div><\/figure><figure class=\"gallery-item grazia-gallery-show-text\"><div class=\"gallery-icon landscape\"><img loading=\"lazy\" decoding=\"async\" width=\"1999\" height=\"1199\" src=\"https:\/\/graziamagazine.com\/mx\/wp-content\/uploads\/sites\/13\/2020\/12\/kamala-harris-white-pant-suit.jpg\" class=\"lazy\" alt=\"\" \/><\/div><div class=\"grazia-gallery-text\"><p><strong>Kamala Harris<\/strong> hizo historia en 2020 por convertirse en la primera vicepresidenta negra en Estados Unidos. Cuando subi\u00f3 al escenario para dar su discurso de aceptaci\u00f3n, su traje blanco se apoder\u00f3 de los titulares alrededor del mundo, pues Kamala lo us\u00f3 como un gui\u00f1o al movimiento sufragista.<\/p>\n<h5><em>Imagen: Getty Images<\/em><\/h5>\n<\/div><\/figure><figure class=\"gallery-item grazia-gallery-show-text\"><div class=\"gallery-icon landscape\"><img loading=\"lazy\" decoding=\"async\" width=\"900\" height=\"493\" src=\"https:\/\/graziamagazine.com\/mx\/wp-content\/uploads\/sites\/13\/2020\/12\/1294515.jpg\" class=\"lazy\" alt=\"\" \/><\/div><div class=\"grazia-gallery-text\"><p>Al mismo tiempo que <em>Black Lives Matter<\/em> tom\u00f3 tanta fuerza,<strong> Beyonc\u00e9<\/strong> lanz\u00f3 <em>Black Is King\u00a0<\/em>con ic\u00f3nicos<em> outfits<\/em> que subieron al m\u00e1ximo las ventas y las b\u00fasquedas en internet. Este <em>outfit<\/em> de <strong>Marine Serre <\/strong>se agot\u00f3 en horas y fue de los m\u00e1s buscados del 2020.<\/p>\n<h5><em>Imagen: Film Still Black Is King<\/em><\/h5>\n<\/div><\/figure><figure class=\"gallery-item grazia-gallery-show-text\"><div class=\"gallery-icon landscape\"><img loading=\"lazy\" decoding=\"async\" width=\"680\" height=\"1024\" src=\"https:\/\/graziamagazine.com\/mx\/wp-content\/uploads\/sites\/13\/2020\/12\/GettyImages-1278852288-1.jpg\" class=\"lazy\" alt=\"\" \/><\/div><div class=\"grazia-gallery-text\"><p>Por las elecciones en Estados Unidos, miles de celebridades animaron en redes sociales a sus fans para votar, entre ellas <strong>Jennifer Aniston, Sophie Turner y Lily Collins<\/strong>. Incluso, <strong>Louis Vuitton<\/strong> present\u00f3 en su propuesta para primavera-verano 2021 prendas con gr\u00e1ficos donde la palabra &#8220;vote&#8221; estaba incluida.<\/p>\n<h5><em>Imagen: Getty Images<\/em><\/h5>\n<\/div><\/figure><figure class=\"gallery-item grazia-gallery-show-text\"><div class=\"gallery-icon landscape\"><img loading=\"lazy\" decoding=\"async\" width=\"1200\" height=\"800\" src=\"https:\/\/graziamagazine.com\/mx\/wp-content\/uploads\/sites\/13\/2020\/12\/16050942680288.jpg\" class=\"lazy\" alt=\"\" \/><\/div><div class=\"grazia-gallery-text\"><p>Al mismo tiempo que <strong>Dua Lipa<\/strong> suena en todos lados y que <strong>Saint Laurent<\/strong> present\u00f3 su colecci\u00f3n para primavera-verano 2021 fuera del calendario de la moda, el estreno de <strong><em>The Crown\u00a0<\/em><\/strong>desat\u00f3 una ola de nostalgia en todo internet por el estilo de <strong>Lady Di<\/strong>. \u00a1Los outfits de la princesa siguen vigentes!<\/p>\n<h5><em>Imagen: Film Still The Crown<\/em><\/h5>\n<\/div><\/figure><figure class=\"gallery-item grazia-gallery-show-text\"><div class=\"gallery-icon landscape\"><img loading=\"lazy\" decoding=\"async\" width=\"760\" height=\"1024\" src=\"https:\/\/graziamagazine.com\/mx\/wp-content\/uploads\/sites\/13\/2020\/12\/1602478580413_emily-in-paris-eiffel-tower-blouse-760x1024-1.jpg\" class=\"lazy\" alt=\"\" \/><\/div><div class=\"grazia-gallery-text\"><p>Y lo mismo pas\u00f3 con <strong><em>The Queen\u00b4s Gambit<\/em> y <em>Emily in Paris<\/em><\/strong>. \u00a1Ambas series de Netflix llenaron de estilo nuestro 2020!<\/p>\n<h5><em>Imagen: Film Still Emily in Paris<\/em><\/h5>\n<\/div><\/figure><\/div><\/div>\n<p>&nbsp;<\/p>\n<p>\u00bfCu\u00e1les son tus momentos favoritos?<\/p>\n<p>&nbsp;<\/p>\n","protected":false},"author":11656,"featured_media":92120,"template":"","format":"standard","categories":[4],"acf":[],"yoast_head":"<!-- This site is optimized with the Yoast SEO Premium plugin v18.5 (Yoast SEO v20.4) - https:\/\/yoast.com\/wordpress\/plugins\/seo\/ -->\n<title>Los 48 momentos m\u00e1s ic\u00f3nicos de la moda desde 2010 | Grazia M\u00e9xico y Latinoam\u00e9rica<\/title>\n<meta name=\"description\" content=\"Te dejamos una l\u00ednea del tiempo desde 2010 con todos los sucesos ic\u00f3nicos que marcaron una nueva era de tendencias y cambios en el mundo de la moda.\" \/>\n<meta name=\"robots\" content=\"index, follow, max-snippet:-1, max-image-preview:large, max-video-preview:-1\" \/>\n<link rel=\"canonical\" href=\"https:\/\/graziamagazine.com\/mx\/articles\/asi-fue-la-evolucion-de-la-moda-en-la-ultima-decada\/\" \/>\n<meta property=\"og:locale\" content=\"es_MX\" \/>\n<meta property=\"og:type\" content=\"article\" \/>\n<meta property=\"og:title\" content=\"Los 48 momentos m\u00e1s ic\u00f3nicos de la moda desde 2010\" \/>\n<meta property=\"og:description\" content=\"Te dejamos una l\u00ednea del tiempo desde 2010 con todos los sucesos ic\u00f3nicos que marcaron una nueva era de tendencias y cambios en el mundo de la moda.\" \/>\n<meta property=\"og:url\" content=\"https:\/\/graziamagazine.com\/mx\/articles\/asi-fue-la-evolucion-de-la-moda-en-la-ultima-decada\/\" \/>\n<meta property=\"og:site_name\" content=\"Grazia M\u00e9xico y Latinoam\u00e9rica\" \/>\n<meta property=\"article:modified_time\" content=\"2021-01-04T16:13:50+00:00\" \/>\n<meta property=\"og:image\" content=\"https:\/\/graziamagazine.com\/mx\/wp-content\/uploads\/sites\/13\/2020\/12\/680cbf04-f93a-46c2-afea-6e91c06bad37-getty-1147408864.jpg?fit=1020%2C574\" \/>\n\t<meta property=\"og:image:width\" content=\"1020\" \/>\n\t<meta property=\"og:image:height\" content=\"574\" \/>\n\t<meta property=\"og:image:type\" content=\"image\/jpeg\" \/>\n<meta name=\"twitter:card\" content=\"summary_large_image\" \/>\n<meta name=\"twitter:label1\" content=\"Est. reading time\" \/>\n\t<meta name=\"twitter:data1\" content=\"1 minuto\" \/>\n<script type=\"application\/ld+json\" class=\"yoast-schema-graph\">{\"@context\":\"https:\/\/schema.org\",\"@graph\":[{\"@type\":\"WebPage\",\"@id\":\"https:\/\/graziamagazine.com\/mx\/articles\/asi-fue-la-evolucion-de-la-moda-en-la-ultima-decada\/\",\"url\":\"https:\/\/graziamagazine.com\/mx\/articles\/asi-fue-la-evolucion-de-la-moda-en-la-ultima-decada\/\",\"name\":\"Los 48 momentos m\u00e1s ic\u00f3nicos de la moda desde 2010 | Grazia M\u00e9xico y Latinoam\u00e9rica\",\"isPartOf\":{\"@id\":\"https:\/\/graziamagazine.com\/mx\/#website\"},\"datePublished\":\"2020-12-23T15:00:54+00:00\",\"dateModified\":\"2021-01-04T16:13:50+00:00\",\"description\":\"Te dejamos una l\u00ednea del tiempo desde 2010 con todos los sucesos ic\u00f3nicos que marcaron una nueva era de tendencias y cambios en el mundo de la moda.\",\"breadcrumb\":{\"@id\":\"https:\/\/graziamagazine.com\/mx\/articles\/asi-fue-la-evolucion-de-la-moda-en-la-ultima-decada\/#breadcrumb\"},\"inLanguage\":\"es-MX\",\"potentialAction\":[{\"@type\":\"ReadAction\",\"target\":[\"https:\/\/graziamagazine.com\/mx\/articles\/asi-fue-la-evolucion-de-la-moda-en-la-ultima-decada\/\"]}]},{\"@type\":\"BreadcrumbList\",\"@id\":\"https:\/\/graziamagazine.com\/mx\/articles\/asi-fue-la-evolucion-de-la-moda-en-la-ultima-decada\/#breadcrumb\",\"itemListElement\":[{\"@type\":\"ListItem\",\"position\":1,\"name\":\"Home\",\"item\":\"https:\/\/graziamagazine.com\/mx\/\"},{\"@type\":\"ListItem\",\"position\":2,\"name\":\"Los 48 momentos m\u00e1s ic\u00f3nicos de la moda desde 2010\"}]},{\"@type\":\"WebSite\",\"@id\":\"https:\/\/graziamagazine.com\/mx\/#website\",\"url\":\"https:\/\/graziamagazine.com\/mx\/\",\"name\":\"Grazia M\u00e9xico y Latinoam\u00e9rica\",\"description\":\"Grazia es moda, belleza y noticias  de actualidad \",\"potentialAction\":[{\"@type\":\"SearchAction\",\"target\":{\"@type\":\"EntryPoint\",\"urlTemplate\":\"https:\/\/graziamagazine.com\/mx\/?s={search_term_string}\"},\"query-input\":\"required name=search_term_string\"}],\"inLanguage\":\"es-MX\"}]}<\/script>\n<!-- \/ Yoast SEO Premium plugin. -->","yoast_head_json":{"title":"Los 48 momentos m\u00e1s ic\u00f3nicos de la moda desde 2010 | Grazia M\u00e9xico y Latinoam\u00e9rica","description":"Te dejamos una l\u00ednea del tiempo desde 2010 con todos los sucesos ic\u00f3nicos que marcaron una nueva era de tendencias y cambios en el mundo de la moda.","robots":{"index":"index","follow":"follow","max-snippet":"max-snippet:-1","max-image-preview":"max-image-preview:large","max-video-preview":"max-video-preview:-1"},"canonical":"https:\/\/graziamagazine.com\/mx\/articles\/asi-fue-la-evolucion-de-la-moda-en-la-ultima-decada\/","og_locale":"es_MX","og_type":"article","og_title":"Los 48 momentos m\u00e1s ic\u00f3nicos de la moda desde 2010","og_description":"Te dejamos una l\u00ednea del tiempo desde 2010 con todos los sucesos ic\u00f3nicos que marcaron una nueva era de tendencias y cambios en el mundo de la moda.","og_url":"https:\/\/graziamagazine.com\/mx\/articles\/asi-fue-la-evolucion-de-la-moda-en-la-ultima-decada\/","og_site_name":"Grazia M\u00e9xico y Latinoam\u00e9rica","article_modified_time":"2021-01-04T16:13:50+00:00","og_image":[{"width":1020,"height":574,"url":"https:\/\/graziamagazine.com\/mx\/wp-content\/uploads\/sites\/13\/2020\/12\/680cbf04-f93a-46c2-afea-6e91c06bad37-getty-1147408864.jpg?fit=1020%2C574","type":"image\/jpeg"}],"twitter_card":"summary_large_image","twitter_misc":{"Est. reading time":"1 minuto"},"schema":{"@context":"https:\/\/schema.org","@graph":[{"@type":"WebPage","@id":"https:\/\/graziamagazine.com\/mx\/articles\/asi-fue-la-evolucion-de-la-moda-en-la-ultima-decada\/","url":"https:\/\/graziamagazine.com\/mx\/articles\/asi-fue-la-evolucion-de-la-moda-en-la-ultima-decada\/","name":"Los 48 momentos m\u00e1s ic\u00f3nicos de la moda desde 2010 | Grazia M\u00e9xico y Latinoam\u00e9rica","isPartOf":{"@id":"https:\/\/graziamagazine.com\/mx\/#website"},"datePublished":"2020-12-23T15:00:54+00:00","dateModified":"2021-01-04T16:13:50+00:00","description":"Te dejamos una l\u00ednea del tiempo desde 2010 con todos los sucesos ic\u00f3nicos que marcaron una nueva era de tendencias y cambios en el mundo de la moda.","breadcrumb":{"@id":"https:\/\/graziamagazine.com\/mx\/articles\/asi-fue-la-evolucion-de-la-moda-en-la-ultima-decada\/#breadcrumb"},"inLanguage":"es-MX","potentialAction":[{"@type":"ReadAction","target":["https:\/\/graziamagazine.com\/mx\/articles\/asi-fue-la-evolucion-de-la-moda-en-la-ultima-decada\/"]}]},{"@type":"BreadcrumbList","@id":"https:\/\/graziamagazine.com\/mx\/articles\/asi-fue-la-evolucion-de-la-moda-en-la-ultima-decada\/#breadcrumb","itemListElement":[{"@type":"ListItem","position":1,"name":"Home","item":"https:\/\/graziamagazine.com\/mx\/"},{"@type":"ListItem","position":2,"name":"Los 48 momentos m\u00e1s ic\u00f3nicos de la moda desde 2010"}]},{"@type":"WebSite","@id":"https:\/\/graziamagazine.com\/mx\/#website","url":"https:\/\/graziamagazine.com\/mx\/","name":"Grazia M\u00e9xico y Latinoam\u00e9rica","description":"Grazia es moda, belleza y noticias  de actualidad ","potentialAction":[{"@type":"SearchAction","target":{"@type":"EntryPoint","urlTemplate":"https:\/\/graziamagazine.com\/mx\/?s={search_term_string}"},"query-input":"required name=search_term_string"}],"inLanguage":"es-MX"}]}},"jetpack_sharing_enabled":true,"distributor_meta":false,"distributor_terms":false,"distributor_media":false,"distributor_original_site_name":"Grazia M\u00e9xico y Latinoam\u00e9rica","distributor_original_site_url":"https:\/\/graziamagazine.com\/mx","push-errors":false,"_links":{"self":[{"href":"https:\/\/graziamagazine.com\/mx\/wp-json\/wp\/v2\/articles\/76147"}],"collection":[{"href":"https:\/\/graziamagazine.com\/mx\/wp-json\/wp\/v2\/articles"}],"about":[{"href":"https:\/\/graziamagazine.com\/mx\/wp-json\/wp\/v2\/types\/articles"}],"author":[{"embeddable":true,"href":"https:\/\/graziamagazine.com\/mx\/wp-json\/wp\/v2\/users\/11656"}],"wp:featuredmedia":[{"embeddable":true,"href":"https:\/\/graziamagazine.com\/mx\/wp-json\/wp\/v2\/media\/92120"}],"wp:attachment":[{"href":"https:\/\/graziamagazine.com\/mx\/wp-json\/wp\/v2\/media?parent=76147"}],"wp:term":[{"taxonomy":"category","embeddable":true,"href":"https:\/\/graziamagazine.com\/mx\/wp-json\/wp\/v2\/categories?post=76147"}],"curies":[{"name":"wp","href":"https:\/\/api.w.org\/{rel}","templated":true}]}}