{"id":75911,"date":"2019-12-18T13:18:02","date_gmt":"2019-12-18T18:18:02","guid":{"rendered":"https:\/\/graziamagazine.com\/mx\/?p=75911"},"modified":"2019-12-18T13:18:02","modified_gmt":"2019-12-18T18:18:02","slug":"chanel-rinde-homenaje-a-jean-luc-godard-y-anna-karina","status":"publish","type":"articles","link":"https:\/\/graziamagazine.com\/mx\/articles\/chanel-rinde-homenaje-a-jean-luc-godard-y-anna-karina\/","title":{"rendered":"Chanel rinde homenaje a Jean-Luc Godard y Anna Karina"},"content":{"rendered":"<p>Hace 60 a\u00f1os <strong><em>\u00c0 bout de souffle<\/em><\/strong> (Sin aliento) fue lanzado en cines. Debido a su gran \u00e9xito, la pel\u00edcula gan\u00f3 el Oso de Plata por Mejor Direcci\u00f3n en la edici\u00f3n de 1960 del Festival Internacional de Cine de Berl\u00edn. As\u00ed fue como se dio a conocer el trabajo del cineasta y antes cr\u00edtico para la revista\u00a0<em>Cahiers du cin\u00e9ma<\/em>,\u00a0<strong>Jean-Luc Godard<\/strong>, como parte de una revoluci\u00f3n cultural perteneciente a la Nueva Ola del cine franc\u00e9s\u00a0\u2014mejor conocida como\u00a0<em>Nouvelle Vague<\/em>. Sus t\u00e9cnicas innovadoras le daban un aire de libertad para exponer historias y plasmar su trabajo en m\u00e1s de 200 pel\u00edculas, sin dejar de cuestionar el poder de la imagen al reinventar el cine, convirti\u00e9ndose en un pilar est\u00e9tico absoluto.<\/p>\n<p><img decoding=\"async\" class=\"alignnone size-medium wp-image-75930\" src=\"https:\/\/graziamagazine.com\/mx\/wp-content\/uploads\/sites\/13\/2019\/12\/chanel-se-asocia-con-la-cineteca-de-francia-1-450x340.jpg\" alt=\"\" \/><\/p>\n<p>Chanel se ha asociado con la Cin\u00e9math\u00e8que Fran\u00e7aise para presentar\u00a0<strong><a href=\"https:\/\/wwd.com\/fashion-news\/fashion-scoops\/chanel-sponsors-jean-luc-godard-retrospective-paris-1203397997\/\" target=\"_blank\" rel=\"noopener\" target=\"_blank\"><em>Tout Godard<\/em><\/a><\/strong>, una retrospectiva dedicada al trabajo f\u00edlmico del cineasta y a la actuaci\u00f3n de <strong>Anna Karina<\/strong>\u00a0\u2014antes conocida por su nombre de pila, Hanne Karin, pero a sugerencia de la aclamada <em>couturier<\/em>,\u00a0Gabrielle &#8216;Coco&#8217; Chanel, cambi\u00f3 por un nombre m\u00e1s art\u00edstico\u2014, musa y exesposa de Godard. En aquellos d\u00edas, Anna era el ep\u00edtome de la belleza de los a\u00f1os sesenta \u2014rostro p\u00e1lido y ojos azules. Protagoniz\u00f3 siete filmes del franc\u00e9s y fue galardonada con Oso de Plata por Mejor Actriz en el Festival de Cine de Berl\u00edn por su papel en\u00a0<em>A Woman Is a Woman<\/em>. As\u00ed logr\u00f3 consumarse como uno de los \u00edconos de la\u00a0<em>Nouvelle Vague<\/em> y que tras su muerte deja un legado \u00fanico.<\/p>\n<p><img decoding=\"async\" class=\"alignnone size-medium wp-image-75934\" src=\"https:\/\/graziamagazine.com\/mx\/wp-content\/uploads\/sites\/13\/2019\/12\/chanel-se-asocia-con-la-cineteca-de-francia-2-450x297.jpg\" alt=\"\" \/><\/p>\n<p>Con <em>Tout Godard<\/em>, Chanel no solo busca reafirmar sus v\u00ednculos con el cine, sino reivindicar las relaciones que un principio fueron iniciadas por la fundadora de la\u00a0<em>maison<\/em>. El festival retrospectivo comienza el 8 de enero de 2020, concluyendo el 1 de marzo del mismo a\u00f1o.<\/p>\n<h5><\/h5>\n<h5><em>*IM\u00c1GENES: Cortes\u00eda de Chanel<\/em><\/h5>\n","protected":false},"author":11625,"featured_media":75928,"template":"","format":"standard","categories":[114],"acf":[],"yoast_head":"<!-- This site is optimized with the Yoast SEO Premium plugin v18.5 (Yoast SEO v20.4) - https:\/\/yoast.com\/wordpress\/plugins\/seo\/ -->\n<title>Chanel rinde homenaje a Jean-Luc Godard y Anna Karina | Grazia M\u00e9xico y Latinoam\u00e9rica<\/title>\n<meta name=\"description\" content=\"Chanel presenta una retrospectiva denominada Tout Godard para reafirmar los v\u00ednculos de la maison con el cine y rendir tributo a Jean-Luc Godard.\" \/>\n<meta name=\"robots\" content=\"index, follow, max-snippet:-1, max-image-preview:large, max-video-preview:-1\" \/>\n<link rel=\"canonical\" href=\"https:\/\/graziamagazine.com\/mx\/articles\/chanel-rinde-homenaje-a-jean-luc-godard-y-anna-karina\/\" \/>\n<meta property=\"og:locale\" content=\"es_MX\" \/>\n<meta property=\"og:type\" content=\"article\" \/>\n<meta property=\"og:title\" content=\"Chanel rinde homenaje a Jean-Luc Godard y Anna Karina\" \/>\n<meta property=\"og:description\" content=\"Chanel presenta una retrospectiva denominada Tout Godard para reafirmar los v\u00ednculos de la maison con el cine y rendir tributo a Jean-Luc Godard.\" \/>\n<meta property=\"og:url\" content=\"https:\/\/graziamagazine.com\/mx\/articles\/chanel-rinde-homenaje-a-jean-luc-godard-y-anna-karina\/\" \/>\n<meta property=\"og:site_name\" content=\"Grazia M\u00e9xico y Latinoam\u00e9rica\" \/>\n<meta property=\"og:image\" content=\"https:\/\/graziamagazine.com\/mx\/wp-content\/uploads\/sites\/13\/2019\/12\/chanel-se-asocia-con-la-cineteca-de-francia-destacada.jpg?fit=921%2C577\" \/>\n\t<meta property=\"og:image:width\" content=\"921\" \/>\n\t<meta property=\"og:image:height\" content=\"577\" \/>\n\t<meta property=\"og:image:type\" content=\"image\/jpeg\" \/>\n<meta name=\"twitter:card\" content=\"summary_large_image\" \/>\n<meta name=\"twitter:label1\" content=\"Est. reading time\" \/>\n\t<meta name=\"twitter:data1\" content=\"2 minutos\" \/>\n<script type=\"application\/ld+json\" class=\"yoast-schema-graph\">{\"@context\":\"https:\/\/schema.org\",\"@graph\":[{\"@type\":\"WebPage\",\"@id\":\"https:\/\/graziamagazine.com\/mx\/articles\/chanel-rinde-homenaje-a-jean-luc-godard-y-anna-karina\/\",\"url\":\"https:\/\/graziamagazine.com\/mx\/articles\/chanel-rinde-homenaje-a-jean-luc-godard-y-anna-karina\/\",\"name\":\"Chanel rinde homenaje a Jean-Luc Godard y Anna Karina | Grazia M\u00e9xico y Latinoam\u00e9rica\",\"isPartOf\":{\"@id\":\"https:\/\/graziamagazine.com\/mx\/#website\"},\"datePublished\":\"2019-12-18T18:18:02+00:00\",\"dateModified\":\"2019-12-18T18:18:02+00:00\",\"description\":\"Chanel presenta una retrospectiva denominada Tout Godard para reafirmar los v\u00ednculos de la maison con el cine y rendir tributo a Jean-Luc Godard.\",\"breadcrumb\":{\"@id\":\"https:\/\/graziamagazine.com\/mx\/articles\/chanel-rinde-homenaje-a-jean-luc-godard-y-anna-karina\/#breadcrumb\"},\"inLanguage\":\"es-MX\",\"potentialAction\":[{\"@type\":\"ReadAction\",\"target\":[\"https:\/\/graziamagazine.com\/mx\/articles\/chanel-rinde-homenaje-a-jean-luc-godard-y-anna-karina\/\"]}]},{\"@type\":\"BreadcrumbList\",\"@id\":\"https:\/\/graziamagazine.com\/mx\/articles\/chanel-rinde-homenaje-a-jean-luc-godard-y-anna-karina\/#breadcrumb\",\"itemListElement\":[{\"@type\":\"ListItem\",\"position\":1,\"name\":\"Home\",\"item\":\"https:\/\/graziamagazine.com\/mx\/\"},{\"@type\":\"ListItem\",\"position\":2,\"name\":\"Chanel rinde homenaje a Jean-Luc Godard y Anna Karina\"}]},{\"@type\":\"WebSite\",\"@id\":\"https:\/\/graziamagazine.com\/mx\/#website\",\"url\":\"https:\/\/graziamagazine.com\/mx\/\",\"name\":\"Grazia M\u00e9xico y Latinoam\u00e9rica\",\"description\":\"Grazia es moda, belleza y noticias  de actualidad \",\"potentialAction\":[{\"@type\":\"SearchAction\",\"target\":{\"@type\":\"EntryPoint\",\"urlTemplate\":\"https:\/\/graziamagazine.com\/mx\/?s={search_term_string}\"},\"query-input\":\"required name=search_term_string\"}],\"inLanguage\":\"es-MX\"}]}<\/script>\n<!-- \/ Yoast SEO Premium plugin. -->","yoast_head_json":{"title":"Chanel rinde homenaje a Jean-Luc Godard y Anna Karina | Grazia M\u00e9xico y Latinoam\u00e9rica","description":"Chanel presenta una retrospectiva denominada Tout Godard para reafirmar los v\u00ednculos de la maison con el cine y rendir tributo a Jean-Luc Godard.","robots":{"index":"index","follow":"follow","max-snippet":"max-snippet:-1","max-image-preview":"max-image-preview:large","max-video-preview":"max-video-preview:-1"},"canonical":"https:\/\/graziamagazine.com\/mx\/articles\/chanel-rinde-homenaje-a-jean-luc-godard-y-anna-karina\/","og_locale":"es_MX","og_type":"article","og_title":"Chanel rinde homenaje a Jean-Luc Godard y Anna Karina","og_description":"Chanel presenta una retrospectiva denominada Tout Godard para reafirmar los v\u00ednculos de la maison con el cine y rendir tributo a Jean-Luc Godard.","og_url":"https:\/\/graziamagazine.com\/mx\/articles\/chanel-rinde-homenaje-a-jean-luc-godard-y-anna-karina\/","og_site_name":"Grazia M\u00e9xico y Latinoam\u00e9rica","og_image":[{"width":921,"height":577,"url":"https:\/\/graziamagazine.com\/mx\/wp-content\/uploads\/sites\/13\/2019\/12\/chanel-se-asocia-con-la-cineteca-de-francia-destacada.jpg?fit=921%2C577","type":"image\/jpeg"}],"twitter_card":"summary_large_image","twitter_misc":{"Est. reading time":"2 minutos"},"schema":{"@context":"https:\/\/schema.org","@graph":[{"@type":"WebPage","@id":"https:\/\/graziamagazine.com\/mx\/articles\/chanel-rinde-homenaje-a-jean-luc-godard-y-anna-karina\/","url":"https:\/\/graziamagazine.com\/mx\/articles\/chanel-rinde-homenaje-a-jean-luc-godard-y-anna-karina\/","name":"Chanel rinde homenaje a Jean-Luc Godard y Anna Karina | Grazia M\u00e9xico y Latinoam\u00e9rica","isPartOf":{"@id":"https:\/\/graziamagazine.com\/mx\/#website"},"datePublished":"2019-12-18T18:18:02+00:00","dateModified":"2019-12-18T18:18:02+00:00","description":"Chanel presenta una retrospectiva denominada Tout Godard para reafirmar los v\u00ednculos de la maison con el cine y rendir tributo a Jean-Luc Godard.","breadcrumb":{"@id":"https:\/\/graziamagazine.com\/mx\/articles\/chanel-rinde-homenaje-a-jean-luc-godard-y-anna-karina\/#breadcrumb"},"inLanguage":"es-MX","potentialAction":[{"@type":"ReadAction","target":["https:\/\/graziamagazine.com\/mx\/articles\/chanel-rinde-homenaje-a-jean-luc-godard-y-anna-karina\/"]}]},{"@type":"BreadcrumbList","@id":"https:\/\/graziamagazine.com\/mx\/articles\/chanel-rinde-homenaje-a-jean-luc-godard-y-anna-karina\/#breadcrumb","itemListElement":[{"@type":"ListItem","position":1,"name":"Home","item":"https:\/\/graziamagazine.com\/mx\/"},{"@type":"ListItem","position":2,"name":"Chanel rinde homenaje a Jean-Luc Godard y Anna Karina"}]},{"@type":"WebSite","@id":"https:\/\/graziamagazine.com\/mx\/#website","url":"https:\/\/graziamagazine.com\/mx\/","name":"Grazia M\u00e9xico y Latinoam\u00e9rica","description":"Grazia es moda, belleza y noticias  de actualidad ","potentialAction":[{"@type":"SearchAction","target":{"@type":"EntryPoint","urlTemplate":"https:\/\/graziamagazine.com\/mx\/?s={search_term_string}"},"query-input":"required name=search_term_string"}],"inLanguage":"es-MX"}]}},"jetpack_sharing_enabled":true,"distributor_meta":false,"distributor_terms":false,"distributor_media":false,"distributor_original_site_name":"Grazia M\u00e9xico y Latinoam\u00e9rica","distributor_original_site_url":"https:\/\/graziamagazine.com\/mx","push-errors":false,"_links":{"self":[{"href":"https:\/\/graziamagazine.com\/mx\/wp-json\/wp\/v2\/articles\/75911"}],"collection":[{"href":"https:\/\/graziamagazine.com\/mx\/wp-json\/wp\/v2\/articles"}],"about":[{"href":"https:\/\/graziamagazine.com\/mx\/wp-json\/wp\/v2\/types\/articles"}],"author":[{"embeddable":true,"href":"https:\/\/graziamagazine.com\/mx\/wp-json\/wp\/v2\/users\/11625"}],"wp:featuredmedia":[{"embeddable":true,"href":"https:\/\/graziamagazine.com\/mx\/wp-json\/wp\/v2\/media\/75928"}],"wp:attachment":[{"href":"https:\/\/graziamagazine.com\/mx\/wp-json\/wp\/v2\/media?parent=75911"}],"wp:term":[{"taxonomy":"category","embeddable":true,"href":"https:\/\/graziamagazine.com\/mx\/wp-json\/wp\/v2\/categories?post=75911"}],"curies":[{"name":"wp","href":"https:\/\/api.w.org\/{rel}","templated":true}]}}