{"id":74734,"date":"2019-11-27T13:09:02","date_gmt":"2019-11-27T18:09:02","guid":{"rendered":"https:\/\/graziamagazine.com\/mx\/?p=74734"},"modified":"2019-11-27T13:09:15","modified_gmt":"2019-11-27T18:09:15","slug":"the-weeknd-le-dedica-su-nueva-cancion-a-selena-gomez","status":"publish","type":"articles","link":"https:\/\/graziamagazine.com\/mx\/articles\/the-weeknd-le-dedica-su-nueva-cancion-a-selena-gomez\/","title":{"rendered":"\u00bfThe Weeknd le dedica su nueva canci\u00f3n a Selena Gomez?"},"content":{"rendered":"<p><span style=\"font-weight: 400;\">Vaya, vaya, vaya. Parece que las cosas se est\u00e1n poniendo emocionantes para <strong>Selena Gomez<\/strong>, pues despu\u00e9s de su sencillo <em>Lose You To Love Me<\/em> que hace referencia directa a su exnovio <strong>Justin Bieber<\/strong>, ahora ella se ha convertido en motivo de la \u00faltima canci\u00f3n de otro de sus exnovios: <strong>The Weeknd<\/strong>.<\/span><\/p>\n<p><span style=\"font-weight: 400;\">Bueno, no estamos seguras pero con el t\u00edtulo de la melod\u00eda, <strong>Abel Tesfaye<\/strong> parece decirlo todo:\u00a0<em>Like Selena<\/em><em>.<\/em>\u00a0Y<\/span>\u00a0<span style=\"font-weight: 400;\">si no se trata de Selena Gomez, \u00bfde qui\u00e9n? Todav\u00eda no tenemos m\u00e1s informaci\u00f3n, \u00fanicamente que la canci\u00f3n ya fue registrada ante la ASCAP (Sociedad Americana de Compositores, Autores y Publicistas), para que nadie le quite los derechos al cantante, y sabemos tambi\u00e9n que en su cuenta de Instagram anunci\u00f3 hace dos d\u00edas que algo se aproxima: \u201cMa\u00f1ana por la noche empezamos de nuevo\u201d.<\/span><\/p>\n<p><span style=\"font-weight: 400;\">Y as\u00ed fue. La noche de ayer dio a conocer su nuevo \u00e1lbum <em>Heartless<\/em>, por lo que suponemos que la canci\u00f3n dedicada a Selena ser\u00e1 parte de esta producci\u00f3n.<\/span><\/p>\n<p>https:\/\/www.instagram.com\/p\/B5W3qaChChA\/<\/p>\n<p><span style=\"font-weight: 400;\">Selena y Abel salieron por diez meses en 2017 durante una de las m\u00faltiples separaciones entre \u00e9l y la modelo <strong>Bella Hadid<\/strong>, y fue en una entrevista que el cantante de The Weeknd habl\u00f3 sobre su ruptura: &#8220;Ten\u00eda escrito y grabado un disco entero que no ten\u00eda nada que ver con la melancol\u00eda. Era muy animado y alegre, pero estamos hablando de otra \u00e9poca de mi vida. Nunca he querido cantar o interpretar algo que no siento&#8221;, pero aclar\u00f3 que ese disco &#8220;nunca&#8221; saldr\u00eda a la luz. \u00bfHabr\u00e1 cambiado de opini\u00f3n?<\/span><\/p>\n<p><span style=\"font-weight: 400;\">\u00bfQu\u00e9 pensar\u00e1 Bella de que la canci\u00f3n sea para otra de las exparejas de su gran amor, y no para ella? <a href=\"https:\/\/graziamagazine.com\/mx\/selena-gomez-y-bella-hadid-se-disculpan-mutuamente\/\" target=\"_blank\" rel=\"noopener\">Recientemente ambas protagonizaron un malentendido en redes sociales<\/a>. Todo comenz\u00f3 porque Bella comparti\u00f3 una fotograf\u00eda en su cuenta de Instagram, Selena le coment\u00f3 y luego la publicaci\u00f3n desapareci\u00f3. Hubo molestia, nuevas publicaciones y finalmente disculpas. Todo un rollo. Y de hecho, tambi\u00e9n parecer\u00eda que <strong>Hailey Bieber<\/strong> <a href=\"https:\/\/graziamagazine.com\/mx\/asi-reacciono-hailey-bieber-a-la-nueva-cancion-de-selena-gomez\/\" target=\"_blank\" rel=\"noopener\">qued\u00f3 inconforme luego del lanzamiento de<em> Lose You To Love Me<\/em><\/a>, pues a modo de respuesta public\u00f3 la canci\u00f3n <em>I\u2019ll Kill You<\/em>, de Summer Walker, en sus redes sociales. <em>Oops!<\/em><\/span><\/p>\n<p><span style=\"font-weight: 400;\">Qui\u00e9n dir\u00eda que Selena quedar\u00eda atrapada en dos tri\u00e1ngulos amorosos. Sea como sea, \u00a1ya queremos escuchar esta canci\u00f3n! \u00bfT\u00fa tambi\u00e9n?<\/span><\/p>\n<h5><\/h5>\n<h5><em>*IMAGEN: Getty Images<\/em><\/h5>\n","protected":false},"author":11628,"featured_media":74739,"template":"","format":"standard","categories":[2],"acf":[],"yoast_head":"<!-- This site is optimized with the Yoast SEO Premium plugin v18.5 (Yoast SEO v20.4) - https:\/\/yoast.com\/wordpress\/plugins\/seo\/ -->\n<title>\u00bfThe Weeknd le dedica su nueva canci\u00f3n a Selena Gomez? | Grazia M\u00e9xico y Latinoam\u00e9rica<\/title>\n<meta name=\"description\" content=\"Selena Gomez est\u00e1 causando pol\u00e9mica por ser la protagonista del nuevo sencillo de The Weeknd \u00bfQu\u00e9 pensar\u00e1n Bella y Justin?\" \/>\n<meta name=\"robots\" content=\"index, follow, max-snippet:-1, max-image-preview:large, max-video-preview:-1\" \/>\n<link rel=\"canonical\" href=\"https:\/\/graziamagazine.com\/mx\/articles\/the-weeknd-le-dedica-su-nueva-cancion-a-selena-gomez\/\" \/>\n<meta property=\"og:locale\" content=\"es_MX\" \/>\n<meta property=\"og:type\" content=\"article\" \/>\n<meta property=\"og:title\" content=\"\u00bfThe Weeknd le dedica su nueva canci\u00f3n a Selena Gomez?\" \/>\n<meta property=\"og:description\" content=\"Selena Gomez est\u00e1 causando pol\u00e9mica por ser la protagonista del nuevo sencillo de The Weeknd \u00bfQu\u00e9 pensar\u00e1n Bella y Justin?\" \/>\n<meta property=\"og:url\" content=\"https:\/\/graziamagazine.com\/mx\/articles\/the-weeknd-le-dedica-su-nueva-cancion-a-selena-gomez\/\" \/>\n<meta property=\"og:site_name\" content=\"Grazia M\u00e9xico y Latinoam\u00e9rica\" \/>\n<meta property=\"article:modified_time\" content=\"2019-11-27T18:09:15+00:00\" \/>\n<meta property=\"og:image\" content=\"https:\/\/graziamagazine.com\/mx\/wp-content\/uploads\/sites\/13\/2019\/11\/the-weeknd-le-dedica-su-nueva-cancion-a-selena-gomez-destacada.jpg?fit=1500%2C992\" \/>\n\t<meta property=\"og:image:width\" content=\"1500\" \/>\n\t<meta property=\"og:image:height\" content=\"992\" \/>\n\t<meta property=\"og:image:type\" content=\"image\/jpeg\" \/>\n<meta name=\"twitter:card\" content=\"summary_large_image\" \/>\n<meta name=\"twitter:label1\" content=\"Est. reading time\" \/>\n\t<meta name=\"twitter:data1\" content=\"2 minutos\" \/>\n<script type=\"application\/ld+json\" class=\"yoast-schema-graph\">{\"@context\":\"https:\/\/schema.org\",\"@graph\":[{\"@type\":\"WebPage\",\"@id\":\"https:\/\/graziamagazine.com\/mx\/articles\/the-weeknd-le-dedica-su-nueva-cancion-a-selena-gomez\/\",\"url\":\"https:\/\/graziamagazine.com\/mx\/articles\/the-weeknd-le-dedica-su-nueva-cancion-a-selena-gomez\/\",\"name\":\"\u00bfThe Weeknd le dedica su nueva canci\u00f3n a Selena Gomez? | Grazia M\u00e9xico y Latinoam\u00e9rica\",\"isPartOf\":{\"@id\":\"https:\/\/graziamagazine.com\/mx\/#website\"},\"datePublished\":\"2019-11-27T18:09:02+00:00\",\"dateModified\":\"2019-11-27T18:09:15+00:00\",\"description\":\"Selena Gomez est\u00e1 causando pol\u00e9mica por ser la protagonista del nuevo sencillo de The Weeknd \u00bfQu\u00e9 pensar\u00e1n Bella y Justin?\",\"breadcrumb\":{\"@id\":\"https:\/\/graziamagazine.com\/mx\/articles\/the-weeknd-le-dedica-su-nueva-cancion-a-selena-gomez\/#breadcrumb\"},\"inLanguage\":\"es-MX\",\"potentialAction\":[{\"@type\":\"ReadAction\",\"target\":[\"https:\/\/graziamagazine.com\/mx\/articles\/the-weeknd-le-dedica-su-nueva-cancion-a-selena-gomez\/\"]}]},{\"@type\":\"BreadcrumbList\",\"@id\":\"https:\/\/graziamagazine.com\/mx\/articles\/the-weeknd-le-dedica-su-nueva-cancion-a-selena-gomez\/#breadcrumb\",\"itemListElement\":[{\"@type\":\"ListItem\",\"position\":1,\"name\":\"Home\",\"item\":\"https:\/\/graziamagazine.com\/mx\/\"},{\"@type\":\"ListItem\",\"position\":2,\"name\":\"\u00bfThe Weeknd le dedica su nueva canci\u00f3n a Selena Gomez?\"}]},{\"@type\":\"WebSite\",\"@id\":\"https:\/\/graziamagazine.com\/mx\/#website\",\"url\":\"https:\/\/graziamagazine.com\/mx\/\",\"name\":\"Grazia M\u00e9xico y Latinoam\u00e9rica\",\"description\":\"Grazia es moda, belleza y noticias  de actualidad \",\"potentialAction\":[{\"@type\":\"SearchAction\",\"target\":{\"@type\":\"EntryPoint\",\"urlTemplate\":\"https:\/\/graziamagazine.com\/mx\/?s={search_term_string}\"},\"query-input\":\"required name=search_term_string\"}],\"inLanguage\":\"es-MX\"}]}<\/script>\n<!-- \/ Yoast SEO Premium plugin. -->","yoast_head_json":{"title":"\u00bfThe Weeknd le dedica su nueva canci\u00f3n a Selena Gomez? | Grazia M\u00e9xico y Latinoam\u00e9rica","description":"Selena Gomez est\u00e1 causando pol\u00e9mica por ser la protagonista del nuevo sencillo de The Weeknd \u00bfQu\u00e9 pensar\u00e1n Bella y Justin?","robots":{"index":"index","follow":"follow","max-snippet":"max-snippet:-1","max-image-preview":"max-image-preview:large","max-video-preview":"max-video-preview:-1"},"canonical":"https:\/\/graziamagazine.com\/mx\/articles\/the-weeknd-le-dedica-su-nueva-cancion-a-selena-gomez\/","og_locale":"es_MX","og_type":"article","og_title":"\u00bfThe Weeknd le dedica su nueva canci\u00f3n a Selena Gomez?","og_description":"Selena Gomez est\u00e1 causando pol\u00e9mica por ser la protagonista del nuevo sencillo de The Weeknd \u00bfQu\u00e9 pensar\u00e1n Bella y Justin?","og_url":"https:\/\/graziamagazine.com\/mx\/articles\/the-weeknd-le-dedica-su-nueva-cancion-a-selena-gomez\/","og_site_name":"Grazia M\u00e9xico y Latinoam\u00e9rica","article_modified_time":"2019-11-27T18:09:15+00:00","og_image":[{"width":1500,"height":992,"url":"https:\/\/graziamagazine.com\/mx\/wp-content\/uploads\/sites\/13\/2019\/11\/the-weeknd-le-dedica-su-nueva-cancion-a-selena-gomez-destacada.jpg?fit=1500%2C992","type":"image\/jpeg"}],"twitter_card":"summary_large_image","twitter_misc":{"Est. reading time":"2 minutos"},"schema":{"@context":"https:\/\/schema.org","@graph":[{"@type":"WebPage","@id":"https:\/\/graziamagazine.com\/mx\/articles\/the-weeknd-le-dedica-su-nueva-cancion-a-selena-gomez\/","url":"https:\/\/graziamagazine.com\/mx\/articles\/the-weeknd-le-dedica-su-nueva-cancion-a-selena-gomez\/","name":"\u00bfThe Weeknd le dedica su nueva canci\u00f3n a Selena Gomez? | Grazia M\u00e9xico y Latinoam\u00e9rica","isPartOf":{"@id":"https:\/\/graziamagazine.com\/mx\/#website"},"datePublished":"2019-11-27T18:09:02+00:00","dateModified":"2019-11-27T18:09:15+00:00","description":"Selena Gomez est\u00e1 causando pol\u00e9mica por ser la protagonista del nuevo sencillo de The Weeknd \u00bfQu\u00e9 pensar\u00e1n Bella y Justin?","breadcrumb":{"@id":"https:\/\/graziamagazine.com\/mx\/articles\/the-weeknd-le-dedica-su-nueva-cancion-a-selena-gomez\/#breadcrumb"},"inLanguage":"es-MX","potentialAction":[{"@type":"ReadAction","target":["https:\/\/graziamagazine.com\/mx\/articles\/the-weeknd-le-dedica-su-nueva-cancion-a-selena-gomez\/"]}]},{"@type":"BreadcrumbList","@id":"https:\/\/graziamagazine.com\/mx\/articles\/the-weeknd-le-dedica-su-nueva-cancion-a-selena-gomez\/#breadcrumb","itemListElement":[{"@type":"ListItem","position":1,"name":"Home","item":"https:\/\/graziamagazine.com\/mx\/"},{"@type":"ListItem","position":2,"name":"\u00bfThe Weeknd le dedica su nueva canci\u00f3n a Selena Gomez?"}]},{"@type":"WebSite","@id":"https:\/\/graziamagazine.com\/mx\/#website","url":"https:\/\/graziamagazine.com\/mx\/","name":"Grazia M\u00e9xico y Latinoam\u00e9rica","description":"Grazia es moda, belleza y noticias  de actualidad ","potentialAction":[{"@type":"SearchAction","target":{"@type":"EntryPoint","urlTemplate":"https:\/\/graziamagazine.com\/mx\/?s={search_term_string}"},"query-input":"required name=search_term_string"}],"inLanguage":"es-MX"}]}},"jetpack_sharing_enabled":true,"distributor_meta":false,"distributor_terms":false,"distributor_media":false,"distributor_original_site_name":"Grazia M\u00e9xico y Latinoam\u00e9rica","distributor_original_site_url":"https:\/\/graziamagazine.com\/mx","push-errors":false,"_links":{"self":[{"href":"https:\/\/graziamagazine.com\/mx\/wp-json\/wp\/v2\/articles\/74734"}],"collection":[{"href":"https:\/\/graziamagazine.com\/mx\/wp-json\/wp\/v2\/articles"}],"about":[{"href":"https:\/\/graziamagazine.com\/mx\/wp-json\/wp\/v2\/types\/articles"}],"author":[{"embeddable":true,"href":"https:\/\/graziamagazine.com\/mx\/wp-json\/wp\/v2\/users\/11628"}],"wp:featuredmedia":[{"embeddable":true,"href":"https:\/\/graziamagazine.com\/mx\/wp-json\/wp\/v2\/media\/74739"}],"wp:attachment":[{"href":"https:\/\/graziamagazine.com\/mx\/wp-json\/wp\/v2\/media?parent=74734"}],"wp:term":[{"taxonomy":"category","embeddable":true,"href":"https:\/\/graziamagazine.com\/mx\/wp-json\/wp\/v2\/categories?post=74734"}],"curies":[{"name":"wp","href":"https:\/\/api.w.org\/{rel}","templated":true}]}}