{"id":74389,"date":"2019-11-20T17:58:49","date_gmt":"2019-11-20T22:58:49","guid":{"rendered":"https:\/\/graziamagazine.com\/mx\/?p=74389"},"modified":"2019-11-20T17:58:49","modified_gmt":"2019-11-20T22:58:49","slug":"selena-gomez-y-bella-hadid-se-disculpan-mutuamente","status":"publish","type":"articles","link":"https:\/\/graziamagazine.com\/mx\/articles\/selena-gomez-y-bella-hadid-se-disculpan-mutuamente\/","title":{"rendered":"Selena Gomez y Bella Hadid se disculpan mutuamente"},"content":{"rendered":"<p><span style=\"font-weight: 400;\">Vaya que las redes sociales se prestan para malos entendidos. Esta vez las v\u00edctimas del\u00a0lado oscuro\u00a0de estas plataformas fueron la cantante <strong>Selena Gomez<\/strong> y la modelo <strong>Bella Hadid<\/strong>. Todo comenz\u00f3 porque Bella comparti\u00f3 una fotograf\u00eda en su cuenta de Instagram, Selena le coment\u00f3 y luego la publicaci\u00f3n desapareci\u00f3. Hubo molestia, nuevas publicaciones y finalmente disculpas. Todo un rollo&#8230;<\/span><\/p>\n<p><span style=\"font-weight: 400;\">La fotograf\u00eda en cuesti\u00f3n es de Hadid, de perfil, vestida de negro. \u201cA Dior thing\u201d, escribi\u00f3 la modelo. Selena, admirando su belleza, le coment\u00f3 \u201cStunning\u201d, junto a un <em>emoji<\/em> de una carita con ojos en forma de coraz\u00f3n. Pero horas despu\u00e9s esa publicaci\u00f3n qued\u00f3 eliminada del perfil de Bella, y la cantante reaccion\u00f3.<\/span><\/p>\n<p><span style=\"font-weight: 400;\">Fue otra cuenta de Instagram de fan\u00e1ticos de Selena, quienes contaron la historia de lo sucedido y Selena, al darse cuenta, coment\u00f3 \u201cThat sucks&#8221; (&#8220;eso apesta\u201d) junto a un <em>emoj<\/em>i de cara triste con una l\u00e1grima. \u00a1<em>Drama queen<\/em> a la vista!<\/span><\/p>\n<p>https:\/\/www.instagram.com\/p\/B4-pZXFhwhg\/?utm_source=ig_embed<\/p>\n<p><span style=\"font-weight: 400;\">De acuerdo con <a href=\"https:\/\/www.tmz.com\/2019\/11\/18\/bella-hadid-selena-gomez-instagram-deletion-no-feud\/\" target=\"_blank\" rel=\"noopener\" target=\"_blank\"><em>TMZ<\/em><\/a>, una fuente asegur\u00f3 que &#8220;Bella busc\u00f3 a Selena y le dijo que nunca se trat\u00f3 de ofenderla; la modelo simplemente borr\u00f3 la publicaci\u00f3n porque no le gustaba la foto\u201d. Y entonces, seg\u00fan <a href=\"http:\/\/www.justjared.com\/2019\/11\/18\/selena-gomez-clarifies-bella-hadid-instagram-controversy-once-for-all\/\" target=\"_blank\" rel=\"noopener\" target=\"_blank\"><em>J<\/em><em>ust Jared<\/em><\/a>, Selena escribi\u00f3 un <em>tweet<\/em>: \u201cNo. No deb\u00ed haber hablado sin conocer la verdad. Lo siento\u201d. Pero este mensaje tambi\u00e9n desapareci\u00f3.<\/span><\/p>\n<p><span style=\"font-weight: 400;\">Recordemos que en el caso de estas dos celebridades, los \u201cmalentendidos\u201d datan desde el momento en que ambas tuvieron de novio a <strong>The Weeknd<\/strong>. Selena fue una de las novias moment\u00e1neas de <strong>Abel Tesfaye<\/strong> en uno de las <a href=\"https:\/\/graziamagazine.com\/mx\/una-vez-mas-bella-hadid-y-the-weeknd-terminaron\/\" target=\"_blank\" rel=\"noopener\">m\u00faltiples rupturas con Bella<\/a>. As\u00ed que tal vez no sean desplantes accidentales, sino con historias de fondo.<\/span><\/p>\n<h5><\/h5>\n<h5><em>*IMAGEN: Getty Images<\/em><\/h5>\n","protected":false},"author":11628,"featured_media":74411,"template":"","format":"standard","categories":[2],"acf":[],"yoast_head":"<!-- This site is optimized with the Yoast SEO Premium plugin v18.5 (Yoast SEO v20.4) - https:\/\/yoast.com\/wordpress\/plugins\/seo\/ -->\n<title>Selena Gomez y Bella Hadid se disculpan mutuamente | Grazia M\u00e9xico y Latinoam\u00e9rica<\/title>\n<meta name=\"description\" content=\"Selena Gomez y Bella Hadid se involucraron en un malentendido en redes sociales; pero ambas se pidieron disculpas para continuar con su relaci\u00f3n cordial.\" \/>\n<meta name=\"robots\" content=\"index, follow, max-snippet:-1, max-image-preview:large, max-video-preview:-1\" \/>\n<link rel=\"canonical\" href=\"https:\/\/graziamagazine.com\/mx\/articles\/selena-gomez-y-bella-hadid-se-disculpan-mutuamente\/\" \/>\n<meta property=\"og:locale\" content=\"es_MX\" \/>\n<meta property=\"og:type\" content=\"article\" \/>\n<meta property=\"og:title\" content=\"Selena Gomez y Bella Hadid se disculpan mutuamente\" \/>\n<meta property=\"og:description\" content=\"Selena Gomez y Bella Hadid se involucraron en un malentendido en redes sociales; pero ambas se pidieron disculpas para continuar con su relaci\u00f3n cordial.\" \/>\n<meta property=\"og:url\" content=\"https:\/\/graziamagazine.com\/mx\/articles\/selena-gomez-y-bella-hadid-se-disculpan-mutuamente\/\" \/>\n<meta property=\"og:site_name\" content=\"Grazia M\u00e9xico y Latinoam\u00e9rica\" \/>\n<meta property=\"og:image\" content=\"https:\/\/graziamagazine.com\/mx\/wp-content\/uploads\/sites\/13\/2019\/11\/selena-gomez-y-bella-hadid-se-disculpan-mutuamente-destacada.jpg?fit=1548%2C1024\" \/>\n\t<meta property=\"og:image:width\" content=\"1548\" \/>\n\t<meta property=\"og:image:height\" content=\"1024\" \/>\n\t<meta property=\"og:image:type\" content=\"image\/jpeg\" \/>\n<meta name=\"twitter:card\" content=\"summary_large_image\" \/>\n<meta name=\"twitter:label1\" content=\"Est. reading time\" \/>\n\t<meta name=\"twitter:data1\" content=\"1 minuto\" \/>\n<script type=\"application\/ld+json\" class=\"yoast-schema-graph\">{\"@context\":\"https:\/\/schema.org\",\"@graph\":[{\"@type\":\"WebPage\",\"@id\":\"https:\/\/graziamagazine.com\/mx\/articles\/selena-gomez-y-bella-hadid-se-disculpan-mutuamente\/\",\"url\":\"https:\/\/graziamagazine.com\/mx\/articles\/selena-gomez-y-bella-hadid-se-disculpan-mutuamente\/\",\"name\":\"Selena Gomez y Bella Hadid se disculpan mutuamente | Grazia M\u00e9xico y Latinoam\u00e9rica\",\"isPartOf\":{\"@id\":\"https:\/\/graziamagazine.com\/mx\/#website\"},\"datePublished\":\"2019-11-20T22:58:49+00:00\",\"dateModified\":\"2019-11-20T22:58:49+00:00\",\"description\":\"Selena Gomez y Bella Hadid se involucraron en un malentendido en redes sociales; pero ambas se pidieron disculpas para continuar con su relaci\u00f3n cordial.\",\"breadcrumb\":{\"@id\":\"https:\/\/graziamagazine.com\/mx\/articles\/selena-gomez-y-bella-hadid-se-disculpan-mutuamente\/#breadcrumb\"},\"inLanguage\":\"es-MX\",\"potentialAction\":[{\"@type\":\"ReadAction\",\"target\":[\"https:\/\/graziamagazine.com\/mx\/articles\/selena-gomez-y-bella-hadid-se-disculpan-mutuamente\/\"]}]},{\"@type\":\"BreadcrumbList\",\"@id\":\"https:\/\/graziamagazine.com\/mx\/articles\/selena-gomez-y-bella-hadid-se-disculpan-mutuamente\/#breadcrumb\",\"itemListElement\":[{\"@type\":\"ListItem\",\"position\":1,\"name\":\"Home\",\"item\":\"https:\/\/graziamagazine.com\/mx\/\"},{\"@type\":\"ListItem\",\"position\":2,\"name\":\"Selena Gomez y Bella Hadid se disculpan mutuamente\"}]},{\"@type\":\"WebSite\",\"@id\":\"https:\/\/graziamagazine.com\/mx\/#website\",\"url\":\"https:\/\/graziamagazine.com\/mx\/\",\"name\":\"Grazia M\u00e9xico y Latinoam\u00e9rica\",\"description\":\"Grazia es moda, belleza y noticias  de actualidad \",\"potentialAction\":[{\"@type\":\"SearchAction\",\"target\":{\"@type\":\"EntryPoint\",\"urlTemplate\":\"https:\/\/graziamagazine.com\/mx\/?s={search_term_string}\"},\"query-input\":\"required name=search_term_string\"}],\"inLanguage\":\"es-MX\"}]}<\/script>\n<!-- \/ Yoast SEO Premium plugin. -->","yoast_head_json":{"title":"Selena Gomez y Bella Hadid se disculpan mutuamente | Grazia M\u00e9xico y Latinoam\u00e9rica","description":"Selena Gomez y Bella Hadid se involucraron en un malentendido en redes sociales; pero ambas se pidieron disculpas para continuar con su relaci\u00f3n cordial.","robots":{"index":"index","follow":"follow","max-snippet":"max-snippet:-1","max-image-preview":"max-image-preview:large","max-video-preview":"max-video-preview:-1"},"canonical":"https:\/\/graziamagazine.com\/mx\/articles\/selena-gomez-y-bella-hadid-se-disculpan-mutuamente\/","og_locale":"es_MX","og_type":"article","og_title":"Selena Gomez y Bella Hadid se disculpan mutuamente","og_description":"Selena Gomez y Bella Hadid se involucraron en un malentendido en redes sociales; pero ambas se pidieron disculpas para continuar con su relaci\u00f3n cordial.","og_url":"https:\/\/graziamagazine.com\/mx\/articles\/selena-gomez-y-bella-hadid-se-disculpan-mutuamente\/","og_site_name":"Grazia M\u00e9xico y Latinoam\u00e9rica","og_image":[{"width":1548,"height":1024,"url":"https:\/\/graziamagazine.com\/mx\/wp-content\/uploads\/sites\/13\/2019\/11\/selena-gomez-y-bella-hadid-se-disculpan-mutuamente-destacada.jpg?fit=1548%2C1024","type":"image\/jpeg"}],"twitter_card":"summary_large_image","twitter_misc":{"Est. reading time":"1 minuto"},"schema":{"@context":"https:\/\/schema.org","@graph":[{"@type":"WebPage","@id":"https:\/\/graziamagazine.com\/mx\/articles\/selena-gomez-y-bella-hadid-se-disculpan-mutuamente\/","url":"https:\/\/graziamagazine.com\/mx\/articles\/selena-gomez-y-bella-hadid-se-disculpan-mutuamente\/","name":"Selena Gomez y Bella Hadid se disculpan mutuamente | Grazia M\u00e9xico y Latinoam\u00e9rica","isPartOf":{"@id":"https:\/\/graziamagazine.com\/mx\/#website"},"datePublished":"2019-11-20T22:58:49+00:00","dateModified":"2019-11-20T22:58:49+00:00","description":"Selena Gomez y Bella Hadid se involucraron en un malentendido en redes sociales; pero ambas se pidieron disculpas para continuar con su relaci\u00f3n cordial.","breadcrumb":{"@id":"https:\/\/graziamagazine.com\/mx\/articles\/selena-gomez-y-bella-hadid-se-disculpan-mutuamente\/#breadcrumb"},"inLanguage":"es-MX","potentialAction":[{"@type":"ReadAction","target":["https:\/\/graziamagazine.com\/mx\/articles\/selena-gomez-y-bella-hadid-se-disculpan-mutuamente\/"]}]},{"@type":"BreadcrumbList","@id":"https:\/\/graziamagazine.com\/mx\/articles\/selena-gomez-y-bella-hadid-se-disculpan-mutuamente\/#breadcrumb","itemListElement":[{"@type":"ListItem","position":1,"name":"Home","item":"https:\/\/graziamagazine.com\/mx\/"},{"@type":"ListItem","position":2,"name":"Selena Gomez y Bella Hadid se disculpan mutuamente"}]},{"@type":"WebSite","@id":"https:\/\/graziamagazine.com\/mx\/#website","url":"https:\/\/graziamagazine.com\/mx\/","name":"Grazia M\u00e9xico y Latinoam\u00e9rica","description":"Grazia es moda, belleza y noticias  de actualidad ","potentialAction":[{"@type":"SearchAction","target":{"@type":"EntryPoint","urlTemplate":"https:\/\/graziamagazine.com\/mx\/?s={search_term_string}"},"query-input":"required name=search_term_string"}],"inLanguage":"es-MX"}]}},"jetpack_sharing_enabled":true,"distributor_meta":false,"distributor_terms":false,"distributor_media":false,"distributor_original_site_name":"Grazia M\u00e9xico y Latinoam\u00e9rica","distributor_original_site_url":"https:\/\/graziamagazine.com\/mx","push-errors":false,"_links":{"self":[{"href":"https:\/\/graziamagazine.com\/mx\/wp-json\/wp\/v2\/articles\/74389"}],"collection":[{"href":"https:\/\/graziamagazine.com\/mx\/wp-json\/wp\/v2\/articles"}],"about":[{"href":"https:\/\/graziamagazine.com\/mx\/wp-json\/wp\/v2\/types\/articles"}],"author":[{"embeddable":true,"href":"https:\/\/graziamagazine.com\/mx\/wp-json\/wp\/v2\/users\/11628"}],"wp:featuredmedia":[{"embeddable":true,"href":"https:\/\/graziamagazine.com\/mx\/wp-json\/wp\/v2\/media\/74411"}],"wp:attachment":[{"href":"https:\/\/graziamagazine.com\/mx\/wp-json\/wp\/v2\/media?parent=74389"}],"wp:term":[{"taxonomy":"category","embeddable":true,"href":"https:\/\/graziamagazine.com\/mx\/wp-json\/wp\/v2\/categories?post=74389"}],"curies":[{"name":"wp","href":"https:\/\/api.w.org\/{rel}","templated":true}]}}