{"id":74357,"date":"2019-11-20T12:20:24","date_gmt":"2019-11-20T17:20:24","guid":{"rendered":"https:\/\/graziamagazine.com\/mx\/?p=74357"},"modified":"2019-11-20T12:20:24","modified_gmt":"2019-11-20T17:20:24","slug":"esme-pimentel-nos-revela-sus-basicos-de-belleza","status":"publish","type":"articles","link":"https:\/\/graziamagazine.com\/mx\/articles\/esme-pimentel-nos-revela-sus-basicos-de-belleza\/","title":{"rendered":"Esme Pimentel nos revela sus b\u00e1sicos de belleza"},"content":{"rendered":"<p>La actriz mexicana <b>Esme Pimentel<\/b>, es la vocera de las fragancias de <b>Adolfo Dom\u00ednguez<\/b>. Adem\u00e1s de revelarnos su aroma preferido, nos cuenta todo sobre su rutina de belleza y los productos b\u00e1sicos para lucir una piel envidiable.<\/p>\n<p>&nbsp;<\/p>\n<p><b><i>Grazia<\/i>: \u00bfC\u00f3mo combinas la belleza con tu profesi\u00f3n? Se dice que a las actrices las maquillan montones y a veces es complicado lograr una piel linda, o bien, que la televisi\u00f3n te aumenta de peso.<\/b><\/p>\n<p><b>Esme Pimentel<\/b>: He aprendido con los a\u00f1os que me veo y me siento mucho mejor con poco o pr\u00e1cticamente nada de maquillaje. Pero en los proyectos, normalmente llevo mi propia base de maquillaje, que sea completamente natural y lo mas ligera posible. Obviamente acorde al look y colorimetria del personaje porque en la ficci\u00f3n, debe prevalecer la vida del personaje m\u00e1s que la vanidad del actor por verse bien. Para eso est\u00e1n las alfombras rojas y los eventos, para jugar con la ropa y el look. \u00a1Eso s\u00ed es s\u00faper divertido!<\/p>\n<p>&nbsp;<\/p>\n<p><b><i>G<\/i>: \u00bfQu\u00e9 es belleza para ti?<\/b><\/p>\n<p><b>EP<\/b>: Es percepci\u00f3n.<\/p>\n<p>&nbsp;<\/p>\n<p><b><i>G<\/i>: \u00bfCu\u00e1l es tu rutina de belleza para la ma\u00f1ana?<\/b><\/p>\n<p><b>EP<\/b>: Es muy sencilla. Me lavo el rostro con <a href=\"https:\/\/www.neostrata.com\/product\/enlighten-ultra-brightening-cleanser\/F30123X?bc=116,122,126\" target=\"_blank\" rel=\"noopener\" target=\"_blank\"><i>Brightening Cleanser<\/i><\/a> de\u00a0<strong>NeoStrata<\/strong>, que no reseca mi piel, utilizo\u00a0<a href=\"https:\/\/www.eauthermaleavene.com.mx\/agua-termal-avene-0\" target=\"_blank\" rel=\"noopener\" target=\"_blank\">Agua termal<\/a> de <strong>Av\u00e8ne<\/strong>,\u00a0despu\u00e9s la humecto con una crema de\u00a0<a href=\"https:\/\/graziamagazine.com\/mx\/5-marcas-de-belleza-mexicanas-que-debes-conocer\/\" target=\"_blank\" rel=\"noopener\"><strong>Ere Perez<\/strong><\/a>\u00a0a <a href=\"https:\/\/www.ereperez.com\/product-category\/skincare\/\" target=\"_blank\" rel=\"noopener\" target=\"_blank\">base de moringa<\/a>,\u00a0me pongo bloqueador solar, un poco de b\u00e1lsamo en los labios y \u00a1ya\u00a0esta!<\/p>\n<p>&nbsp;<\/p>\n<p><b><i>G<\/i>: \u00bfUtilizas alg\u00fan producto especial para cuidar tu piel por la noche? \u00bfCu\u00e1l?<span class=\"Apple-converted-space\">\u00a0<\/span><\/b><\/p>\n<p><b>EP<\/b>: En la noche es muy similar, uso los mismos productos para lavar mi rostro y humectarlo; a veces uso un aceitito humectante para darme [un] masajito con los dedos. Eso s\u00ed, tomo mucha agua durante el d\u00eda y en la noche tambi\u00e9n.<\/p>\n<p>&nbsp;<\/p>\n<p><b><i>G<\/i>: \u00bfCu\u00e1l es la parte de tu cuerpo a la que le pones m\u00e1s cuidados?<\/b><\/p>\n<p><b>EP<\/b>: Todo, la verdad.<\/p>\n<p>&nbsp;<\/p>\n<p><b><i>G<\/i>: \u00bfTina o regadera, por qu\u00e9?<span class=\"Apple-converted-space\">\u00a0<\/span><\/b><\/p>\n<p><b>EP<\/b>: Regadera, no hay que desperdiciar agua. Adem\u00e1s con las prisas del trabajo eso es lo m\u00e1s practico.<\/p>\n<p>&nbsp;<\/p>\n<p><b><i>G<\/i>: \u00bfQu\u00e9 haces para mantener tu pelo tan lindo?<\/b><\/p>\n<p><b>EP<\/b>: Soy afortunada porque tengo un mont\u00f3n y es s\u00faper resistente. Lo lavo cada tercer d\u00eda, y me gusta mucho ponerle aceite de coco durante el d\u00eda para darle brillo y humectarlo. Tambi\u00e9n lo cepillo de ley todas las ma\u00f1anas y antes de dormir, siete veces.<\/p>\n<p>&nbsp;<\/p>\n<p><b><i>G<\/i>: Tu aroma preferido es\u2026<\/b><\/p>\n<p><b>EP<\/b>: Mi favorita de Adolfo [Dom\u00ednguez] es Agua Fresca de Rosas Blancas.<\/p>\n<p><img decoding=\"async\" class=\"alignnone size-large wp-image-74366\" src=\"https:\/\/graziamagazine.com\/mx\/wp-content\/uploads\/sites\/13\/2019\/11\/esme-pimentel-nos-revela-sus-basicos-de-belleza-1-700x1050.jpg\" alt=\"Esme Pimentel Adolfo Dom\u00ednguez\" \/><\/p>\n<p>&nbsp;<\/p>\n<p><b><i>G<\/i>: \u00bfUsas una sola fragancia o vas cambi\u00e1ndolas?<span class=\"Apple-converted-space\">\u00a0<\/span><\/b><\/p>\n<p><b>EP<\/b>: No combino fragancias. Prefiero que las personas recuerden mi perfume.<\/p>\n<p>&nbsp;<\/p>\n<p><b><i>G<\/i>: Maquillaje o sin maquillaje\u2026<span class=\"Apple-converted-space\">\u00a0<\/span><\/b><\/p>\n<p><b>EP<\/b>: En mi <i>daily basis <\/i>prefiero sin maquillaje. Si hay que usar base, es de\u00a0Ere Perez\u00a0\u2014<a href=\"https:\/\/ereperez.mx\/en\/foundations\/24-45-maquillaje-de-avena.html#\/31-color-chai\" target=\"_blank\" rel=\"noopener\" target=\"_blank\">est\u00e1 hecha con avena<\/a>. Y siempre opto por tonos ladrillo y naranjas para las sombras. Rubor color mel\u00f3n.<\/p>\n<p>&nbsp;<\/p>\n<p><b><i>G<\/i>: \u00bfCu\u00e1l es el mejor <i>tip<\/i> de belleza que te han dado?<\/b><\/p>\n<p><b>EP<\/b>: \u00a1Usar bloqueador!<\/p>\n<p>&nbsp;<\/p>\n<p><b><i>G<\/i>: \u00bfQu\u00e9 sabes es terrible para tu piel y no puedes evitar hacer?<\/b><\/p>\n<p><b>EP<\/b>: Pellizcarme un barrito. \u00a1Lo confieso!<\/p>\n<p>&nbsp;<\/p>\n<p><b><i>G<\/i>: \u00bfC\u00f3mo te ejercitas?<\/b><\/p>\n<p><b>EP<\/b>: Donde se pueda y a la hora que se pueda. He aprendido a no depender de aparatos o gimnasios. Por mi vocaci\u00f3n, tengo que estar encontrando los tiempos y los espacios, pero de que se puede, \u00a1se puede!<\/p>\n<p>&nbsp;<\/p>\n<p><b><i>G<\/i>: \u00bfIcono de belleza?<\/b><\/p>\n<p><b>EP<\/b>: Brigitte Bardot y Erendira Ibarra.<\/p>\n<p>&nbsp;<\/p>\n<p><b><i>G<\/i>: \u00bfCu\u00e1l es tu mantra?<\/b><\/p>\n<p><b>EP<\/b>: \u00a1Gracias, gracias, gracias! La gratitud es mi aprendizaje m\u00e1s grande y lo que hace que mis d\u00edas sean realmente especiales.<\/p>\n<h5><\/h5>\n<h5><em>*IM\u00c1GENES: Cortes\u00eda de Adolfo Dom\u00ednguez<\/em><\/h5>\n","protected":false},"author":11631,"featured_media":74368,"template":"","format":"standard","categories":[3],"acf":[],"yoast_head":"<!-- This site is optimized with the Yoast SEO Premium plugin v18.5 (Yoast SEO v20.4) - https:\/\/yoast.com\/wordpress\/plugins\/seo\/ -->\n<title>Esme Pimentel nos revela sus b\u00e1sicos de belleza | Grazia M\u00e9xico y Latinoam\u00e9rica<\/title>\n<meta name=\"description\" content=\"Esme Pimentel, la vocera de las nuevas fragancias de Adolfo Dom\u00ednguez, nos revela todos los productos que utiliza en su rutina de belleza.\" \/>\n<meta name=\"robots\" content=\"index, follow, max-snippet:-1, max-image-preview:large, max-video-preview:-1\" \/>\n<link rel=\"canonical\" href=\"https:\/\/graziamagazine.com\/mx\/articles\/esme-pimentel-nos-revela-sus-basicos-de-belleza\/\" \/>\n<meta property=\"og:locale\" content=\"es_MX\" \/>\n<meta property=\"og:type\" content=\"article\" \/>\n<meta property=\"og:title\" content=\"Esme Pimentel nos revela sus b\u00e1sicos de belleza\" \/>\n<meta property=\"og:description\" content=\"Esme Pimentel, la vocera de las nuevas fragancias de Adolfo Dom\u00ednguez, nos revela todos los productos que utiliza en su rutina de belleza.\" \/>\n<meta property=\"og:url\" content=\"https:\/\/graziamagazine.com\/mx\/articles\/esme-pimentel-nos-revela-sus-basicos-de-belleza\/\" \/>\n<meta property=\"og:site_name\" content=\"Grazia M\u00e9xico y Latinoam\u00e9rica\" \/>\n<meta property=\"og:image\" content=\"https:\/\/graziamagazine.com\/mx\/wp-content\/uploads\/sites\/13\/2019\/11\/esme-pimentel-nos-revela-sus-basicos-de-belleza-destacada.jpg?fit=3785%2C2129\" \/>\n\t<meta property=\"og:image:width\" content=\"3785\" \/>\n\t<meta property=\"og:image:height\" content=\"2129\" \/>\n\t<meta property=\"og:image:type\" content=\"image\/jpeg\" \/>\n<meta name=\"twitter:card\" content=\"summary_large_image\" \/>\n<meta name=\"twitter:label1\" content=\"Est. reading time\" \/>\n\t<meta name=\"twitter:data1\" content=\"3 minutos\" \/>\n<script type=\"application\/ld+json\" class=\"yoast-schema-graph\">{\"@context\":\"https:\/\/schema.org\",\"@graph\":[{\"@type\":\"WebPage\",\"@id\":\"https:\/\/graziamagazine.com\/mx\/articles\/esme-pimentel-nos-revela-sus-basicos-de-belleza\/\",\"url\":\"https:\/\/graziamagazine.com\/mx\/articles\/esme-pimentel-nos-revela-sus-basicos-de-belleza\/\",\"name\":\"Esme Pimentel nos revela sus b\u00e1sicos de belleza | Grazia M\u00e9xico y Latinoam\u00e9rica\",\"isPartOf\":{\"@id\":\"https:\/\/graziamagazine.com\/mx\/#website\"},\"datePublished\":\"2019-11-20T17:20:24+00:00\",\"dateModified\":\"2019-11-20T17:20:24+00:00\",\"description\":\"Esme Pimentel, la vocera de las nuevas fragancias de Adolfo Dom\u00ednguez, nos revela todos los productos que utiliza en su rutina de belleza.\",\"breadcrumb\":{\"@id\":\"https:\/\/graziamagazine.com\/mx\/articles\/esme-pimentel-nos-revela-sus-basicos-de-belleza\/#breadcrumb\"},\"inLanguage\":\"es-MX\",\"potentialAction\":[{\"@type\":\"ReadAction\",\"target\":[\"https:\/\/graziamagazine.com\/mx\/articles\/esme-pimentel-nos-revela-sus-basicos-de-belleza\/\"]}]},{\"@type\":\"BreadcrumbList\",\"@id\":\"https:\/\/graziamagazine.com\/mx\/articles\/esme-pimentel-nos-revela-sus-basicos-de-belleza\/#breadcrumb\",\"itemListElement\":[{\"@type\":\"ListItem\",\"position\":1,\"name\":\"Home\",\"item\":\"https:\/\/graziamagazine.com\/mx\/\"},{\"@type\":\"ListItem\",\"position\":2,\"name\":\"Esme Pimentel nos revela sus b\u00e1sicos de belleza\"}]},{\"@type\":\"WebSite\",\"@id\":\"https:\/\/graziamagazine.com\/mx\/#website\",\"url\":\"https:\/\/graziamagazine.com\/mx\/\",\"name\":\"Grazia M\u00e9xico y Latinoam\u00e9rica\",\"description\":\"Grazia es moda, belleza y noticias  de actualidad \",\"potentialAction\":[{\"@type\":\"SearchAction\",\"target\":{\"@type\":\"EntryPoint\",\"urlTemplate\":\"https:\/\/graziamagazine.com\/mx\/?s={search_term_string}\"},\"query-input\":\"required name=search_term_string\"}],\"inLanguage\":\"es-MX\"}]}<\/script>\n<!-- \/ Yoast SEO Premium plugin. -->","yoast_head_json":{"title":"Esme Pimentel nos revela sus b\u00e1sicos de belleza | Grazia M\u00e9xico y Latinoam\u00e9rica","description":"Esme Pimentel, la vocera de las nuevas fragancias de Adolfo Dom\u00ednguez, nos revela todos los productos que utiliza en su rutina de belleza.","robots":{"index":"index","follow":"follow","max-snippet":"max-snippet:-1","max-image-preview":"max-image-preview:large","max-video-preview":"max-video-preview:-1"},"canonical":"https:\/\/graziamagazine.com\/mx\/articles\/esme-pimentel-nos-revela-sus-basicos-de-belleza\/","og_locale":"es_MX","og_type":"article","og_title":"Esme Pimentel nos revela sus b\u00e1sicos de belleza","og_description":"Esme Pimentel, la vocera de las nuevas fragancias de Adolfo Dom\u00ednguez, nos revela todos los productos que utiliza en su rutina de belleza.","og_url":"https:\/\/graziamagazine.com\/mx\/articles\/esme-pimentel-nos-revela-sus-basicos-de-belleza\/","og_site_name":"Grazia M\u00e9xico y Latinoam\u00e9rica","og_image":[{"width":3785,"height":2129,"url":"https:\/\/graziamagazine.com\/mx\/wp-content\/uploads\/sites\/13\/2019\/11\/esme-pimentel-nos-revela-sus-basicos-de-belleza-destacada.jpg?fit=3785%2C2129","type":"image\/jpeg"}],"twitter_card":"summary_large_image","twitter_misc":{"Est. reading time":"3 minutos"},"schema":{"@context":"https:\/\/schema.org","@graph":[{"@type":"WebPage","@id":"https:\/\/graziamagazine.com\/mx\/articles\/esme-pimentel-nos-revela-sus-basicos-de-belleza\/","url":"https:\/\/graziamagazine.com\/mx\/articles\/esme-pimentel-nos-revela-sus-basicos-de-belleza\/","name":"Esme Pimentel nos revela sus b\u00e1sicos de belleza | Grazia M\u00e9xico y Latinoam\u00e9rica","isPartOf":{"@id":"https:\/\/graziamagazine.com\/mx\/#website"},"datePublished":"2019-11-20T17:20:24+00:00","dateModified":"2019-11-20T17:20:24+00:00","description":"Esme Pimentel, la vocera de las nuevas fragancias de Adolfo Dom\u00ednguez, nos revela todos los productos que utiliza en su rutina de belleza.","breadcrumb":{"@id":"https:\/\/graziamagazine.com\/mx\/articles\/esme-pimentel-nos-revela-sus-basicos-de-belleza\/#breadcrumb"},"inLanguage":"es-MX","potentialAction":[{"@type":"ReadAction","target":["https:\/\/graziamagazine.com\/mx\/articles\/esme-pimentel-nos-revela-sus-basicos-de-belleza\/"]}]},{"@type":"BreadcrumbList","@id":"https:\/\/graziamagazine.com\/mx\/articles\/esme-pimentel-nos-revela-sus-basicos-de-belleza\/#breadcrumb","itemListElement":[{"@type":"ListItem","position":1,"name":"Home","item":"https:\/\/graziamagazine.com\/mx\/"},{"@type":"ListItem","position":2,"name":"Esme Pimentel nos revela sus b\u00e1sicos de belleza"}]},{"@type":"WebSite","@id":"https:\/\/graziamagazine.com\/mx\/#website","url":"https:\/\/graziamagazine.com\/mx\/","name":"Grazia M\u00e9xico y Latinoam\u00e9rica","description":"Grazia es moda, belleza y noticias  de actualidad ","potentialAction":[{"@type":"SearchAction","target":{"@type":"EntryPoint","urlTemplate":"https:\/\/graziamagazine.com\/mx\/?s={search_term_string}"},"query-input":"required name=search_term_string"}],"inLanguage":"es-MX"}]}},"jetpack_sharing_enabled":true,"distributor_meta":false,"distributor_terms":false,"distributor_media":false,"distributor_original_site_name":"Grazia M\u00e9xico y Latinoam\u00e9rica","distributor_original_site_url":"https:\/\/graziamagazine.com\/mx","push-errors":false,"_links":{"self":[{"href":"https:\/\/graziamagazine.com\/mx\/wp-json\/wp\/v2\/articles\/74357"}],"collection":[{"href":"https:\/\/graziamagazine.com\/mx\/wp-json\/wp\/v2\/articles"}],"about":[{"href":"https:\/\/graziamagazine.com\/mx\/wp-json\/wp\/v2\/types\/articles"}],"author":[{"embeddable":true,"href":"https:\/\/graziamagazine.com\/mx\/wp-json\/wp\/v2\/users\/11631"}],"wp:featuredmedia":[{"embeddable":true,"href":"https:\/\/graziamagazine.com\/mx\/wp-json\/wp\/v2\/media\/74368"}],"wp:attachment":[{"href":"https:\/\/graziamagazine.com\/mx\/wp-json\/wp\/v2\/media?parent=74357"}],"wp:term":[{"taxonomy":"category","embeddable":true,"href":"https:\/\/graziamagazine.com\/mx\/wp-json\/wp\/v2\/categories?post=74357"}],"curies":[{"name":"wp","href":"https:\/\/api.w.org\/{rel}","templated":true}]}}