{"id":74025,"date":"2019-11-12T16:59:43","date_gmt":"2019-11-12T21:59:43","guid":{"rendered":"https:\/\/graziamagazine.com\/mx\/?p=74025"},"modified":"2019-11-14T13:55:54","modified_gmt":"2019-11-14T18:55:54","slug":"lo-que-tienes-que-saber-sobre-la-tematica-de-la-met-gala-2020","status":"publish","type":"articles","link":"https:\/\/graziamagazine.com\/mx\/articles\/lo-que-tienes-que-saber-sobre-la-tematica-de-la-met-gala-2020\/","title":{"rendered":"Lo que tienes que saber sobre la tem\u00e1tica de la Met Gala 2020"},"content":{"rendered":"<p>Han pasado un par de d\u00edas desde que el <b>Costume Institute<\/b> del <b>Metropolitan Museum of Art<\/b> de Nueva York anunci\u00f3 el nuevo tema de su anticipada exhibici\u00f3n de moda de primavera. Con ella viene la <strong><i>Met Gala<\/i><\/strong>, uno de los eventos m\u00e1s esperados del a\u00f1o para todos los fan\u00e1ticos de la industria y de Hollywood, pues las celebridades se estilan con lujosos atuendos para interpretar a su modo la tem\u00e1tica de la muestra. Este 2020 es turno del tiempo con <a href=\"https:\/\/graziamagazine.com\/mx\/el-costume-institute-ya-tiene-tema-para-la-met-gala-2020\/\" target=\"_blank\" rel=\"noopener\"><b><i>About Time: Fashion and Duration<\/i><\/b><\/a>, inspirada en las novelas de <a href=\"https:\/\/graziamagazine.com\/mx\/3-libros-que-clarisse-le-dio-a-mia-thermopolis-en-the-princess-diaries\/\" target=\"_blank\" rel=\"noopener\"><b>Virginia Woolf<\/b><\/a> y en las posturas te\u00f3ricas del fil\u00f3sofo franc\u00e9s <b>Henri Bergson \u00a0<\/b>y por supuesto en la historia de la moda a trav\u00e9s de los tiempos.<\/p>\n<h3>Pero, \u00bfqu\u00e9 nos quiere decir el Costume Institute con esta exposici\u00f3n?<\/h3>\n<p><a href=\"https:\/\/graziamagazine.com\/mx\/asi-fue-como-andrew-bolton-logro-que-el-vaticano-se-uniera-a-la-exhibicion-del-met\/\" target=\"_blank\" rel=\"noopener\"><b>Andrew Bolton<\/b><\/a>, curador en jefe del departamento, habl\u00f3 sobre el concepto del tiempo en la moda como un continuo en el tiempo. Es as\u00ed como este se entrelaza en el arte del vestir y, en vista de una nueva d\u00e9cada del siglo XXI, su esencia arrastra la misma problem\u00e1tica que hoy es tema de todas las conversaciones: la p\u00e9rdida de tiempo.<\/p>\n<h3>\u00bfSobre qu\u00e9 debemos reflexionar?<\/h3>\n<p>La d\u00e9cada de los 2010 ha sido una era donde las noticas, las redes sociales, la moda, el <em>binge watching<\/em>, nos han <strong>quitado la noci\u00f3n del tiempo<\/strong>. Nadie espera el peri\u00f3dico del d\u00eda siguiente para saber las noticias, de hecho ya nadie espera el noticiero, el tel\u00e9fono nos notifica. Esto muchas veces ocasionando opiniones err\u00e1ticas, pues el desarrollo queda incompleto en la medida que el acontecimiento ocurre con consecuencias problem\u00e1ticas. Las redes sociales nos han interconectado de manera inmediata al punto que existe la noci\u00f3n de: \u201cno estuviste ah\u00ed si no lo publicaste\u201d y esto nos priva del deleite del disfrute por la presi\u00f3n social de publicar todo lo que hacemos. Y ni hablemos del fallo que fue el experimento del <em>fast fashion<\/em>. La industria sucumbi\u00f3 a la presi\u00f3n social del para ya mismo y as\u00ed desaf\u00edo su <em>modus operandi<\/em> lo cual result\u00f3 en perdidas importantes.<\/p>\n<h3>Y, \u00bfd\u00f3nde qued\u00f3 el deleite de disfrutar el aqu\u00ed, el ahora y la verdadera belleza de los momentos y objetos?<\/h3>\n<p>Siendo que la moda no puede vivir sin las reflexiones sociales, y viceversa, <strong><i>About Time: Fashion and Duration<\/i><\/strong> tomar\u00e1 la oportunidad para hacer recapacitar a trav\u00e9s de una historia rica, y un indiscutible lazo literario, la importancia del tiempo. Ser\u00e1n 160 atuendos los que contar\u00e1n 150 a\u00f1os de moda \u2014todo en base a los archivos que posee el Met\u2014 y dar\u00e1n a entender c\u00f3mo el continuo del tiempo tiende a repetirse pero a la vez reinventarse.\u00a0Anna Wintour, que es una vanguardista en tendencias, nos est\u00e1 induciendo a reflexionar sobre esto. A lo mejor esta es la raz\u00f3n por la que Instagram quitar\u00e1 los <em>likes<\/em>\u00a0\u2014para disminuir la presi\u00f3n social. Es por esto por lo que <strong>Nicolas Ghesqui\u00e8re<\/strong> (uno de los anfitriones para la gala) y Louis Vuitton presentar\u00e1n una colecci\u00f3n retro; es por esto, por lo que las tendencias vuelven y se inspiran en otras d\u00e9cadas y a la vez se actualizan.<\/p>\n<h3>Sobre la\u00a0<em>Met Gala<\/em> 2020&#8230;<\/h3>\n<p>Junto a <strong>Anna Wintour<\/strong>, este a\u00f1o el Director Creativo de <i>womenswear<\/i> en <strong>Louis Vuitton<\/strong>, <strong>Nicolas Ghesqui\u00e8re<\/strong>, se une como <i>co-chair<\/i> de la <i>Met Gala<\/i> 2020, al igual que <strong>Emma Stone<\/strong>, embajadora de la firma; <strong>Meryl Streep<\/strong>, quien protagoniz\u00f3 <a href=\"https:\/\/www.youtube.com\/watch?v=gbc7jtmuOJM\" target=\"_blank\" rel=\"noopener\" target=\"_blank\"><i>The Hours<\/i><\/a>, el filme basado en una novela de Woolf,\u00a0<i>Mrs. Dalloway<\/i>; y <strong>Lin-Manuel Miranda<\/strong>, quien adapt\u00f3 <i>Hamilton<\/i> a la modernidad creando una conexi\u00f3n emocional directa con la historia y el presente en el que acontece. La pr\u00f3xima gala se celebrar\u00e1 el 4 de mayo \u2014<i>the first Monday in May<\/i>.<\/p>\n<p>En pocas palabras hemos quedados boquiabiertos con lo brillante del tema que se compagina a la perfecci\u00f3n con el culminar de una d\u00e9cada que nos rob\u00f3 el tiempo y nos hace reflexionar sobre c\u00f3mo debemos vivir y valorar el tiempo en la d\u00e9cada 2020<\/p>\n<h5><\/h5>\n<h5><em>*IMAGEN: Flim Still Orlando<\/em><\/h5>\n","protected":false},"author":11633,"featured_media":74042,"template":"","format":"standard","categories":[4],"acf":[],"yoast_head":"<!-- This site is optimized with the Yoast SEO Premium plugin v18.5 (Yoast SEO v20.4) - https:\/\/yoast.com\/wordpress\/plugins\/seo\/ -->\n<title>Lo que tienes que saber sobre la tem\u00e1tica de la Met Gala 2020 | Grazia M\u00e9xico y Latinoam\u00e9rica<\/title>\n<meta name=\"description\" content=\"El tema de la exhibici\u00f3n y Met Gala 2020, se dio a conocer. Pero, \u00bfqu\u00e9 nos quiere decir el Costume Institute y Andrew Bolton con su pr\u00f3xima muestra?\" \/>\n<meta name=\"robots\" content=\"index, follow, max-snippet:-1, max-image-preview:large, max-video-preview:-1\" \/>\n<link rel=\"canonical\" href=\"https:\/\/graziamagazine.com\/mx\/articles\/lo-que-tienes-que-saber-sobre-la-tematica-de-la-met-gala-2020\/\" \/>\n<meta property=\"og:locale\" content=\"es_MX\" \/>\n<meta property=\"og:type\" content=\"article\" \/>\n<meta property=\"og:title\" content=\"Lo que tienes que saber sobre la tem\u00e1tica de la Met Gala 2020\" \/>\n<meta property=\"og:description\" content=\"El tema de la exhibici\u00f3n y Met Gala 2020, se dio a conocer. Pero, \u00bfqu\u00e9 nos quiere decir el Costume Institute y Andrew Bolton con su pr\u00f3xima muestra?\" \/>\n<meta property=\"og:url\" content=\"https:\/\/graziamagazine.com\/mx\/articles\/lo-que-tienes-que-saber-sobre-la-tematica-de-la-met-gala-2020\/\" \/>\n<meta property=\"og:site_name\" content=\"Grazia M\u00e9xico y Latinoam\u00e9rica\" \/>\n<meta property=\"article:modified_time\" content=\"2019-11-14T18:55:54+00:00\" \/>\n<meta property=\"og:image\" content=\"https:\/\/graziamagazine.com\/mx\/wp-content\/uploads\/sites\/13\/2019\/11\/lo-que-tienes-que-saber-sobre-la-tematica-de-la-exhibicion-del-met-en-2020-destacada.jpg?fit=1280%2C832\" \/>\n\t<meta property=\"og:image:width\" content=\"1280\" \/>\n\t<meta property=\"og:image:height\" content=\"832\" \/>\n\t<meta property=\"og:image:type\" content=\"image\/jpeg\" \/>\n<meta name=\"twitter:card\" content=\"summary_large_image\" \/>\n<meta name=\"twitter:label1\" content=\"Est. reading time\" \/>\n\t<meta name=\"twitter:data1\" content=\"3 minutos\" \/>\n<script type=\"application\/ld+json\" class=\"yoast-schema-graph\">{\"@context\":\"https:\/\/schema.org\",\"@graph\":[{\"@type\":\"WebPage\",\"@id\":\"https:\/\/graziamagazine.com\/mx\/articles\/lo-que-tienes-que-saber-sobre-la-tematica-de-la-met-gala-2020\/\",\"url\":\"https:\/\/graziamagazine.com\/mx\/articles\/lo-que-tienes-que-saber-sobre-la-tematica-de-la-met-gala-2020\/\",\"name\":\"Lo que tienes que saber sobre la tem\u00e1tica de la Met Gala 2020 | Grazia M\u00e9xico y Latinoam\u00e9rica\",\"isPartOf\":{\"@id\":\"https:\/\/graziamagazine.com\/mx\/#website\"},\"datePublished\":\"2019-11-12T21:59:43+00:00\",\"dateModified\":\"2019-11-14T18:55:54+00:00\",\"description\":\"El tema de la exhibici\u00f3n y Met Gala 2020, se dio a conocer. Pero, \u00bfqu\u00e9 nos quiere decir el Costume Institute y Andrew Bolton con su pr\u00f3xima muestra?\",\"breadcrumb\":{\"@id\":\"https:\/\/graziamagazine.com\/mx\/articles\/lo-que-tienes-que-saber-sobre-la-tematica-de-la-met-gala-2020\/#breadcrumb\"},\"inLanguage\":\"es-MX\",\"potentialAction\":[{\"@type\":\"ReadAction\",\"target\":[\"https:\/\/graziamagazine.com\/mx\/articles\/lo-que-tienes-que-saber-sobre-la-tematica-de-la-met-gala-2020\/\"]}]},{\"@type\":\"BreadcrumbList\",\"@id\":\"https:\/\/graziamagazine.com\/mx\/articles\/lo-que-tienes-que-saber-sobre-la-tematica-de-la-met-gala-2020\/#breadcrumb\",\"itemListElement\":[{\"@type\":\"ListItem\",\"position\":1,\"name\":\"Home\",\"item\":\"https:\/\/graziamagazine.com\/mx\/\"},{\"@type\":\"ListItem\",\"position\":2,\"name\":\"Lo que tienes que saber sobre la tem\u00e1tica de la Met Gala 2020\"}]},{\"@type\":\"WebSite\",\"@id\":\"https:\/\/graziamagazine.com\/mx\/#website\",\"url\":\"https:\/\/graziamagazine.com\/mx\/\",\"name\":\"Grazia M\u00e9xico y Latinoam\u00e9rica\",\"description\":\"Grazia es moda, belleza y noticias  de actualidad \",\"potentialAction\":[{\"@type\":\"SearchAction\",\"target\":{\"@type\":\"EntryPoint\",\"urlTemplate\":\"https:\/\/graziamagazine.com\/mx\/?s={search_term_string}\"},\"query-input\":\"required name=search_term_string\"}],\"inLanguage\":\"es-MX\"}]}<\/script>\n<!-- \/ Yoast SEO Premium plugin. -->","yoast_head_json":{"title":"Lo que tienes que saber sobre la tem\u00e1tica de la Met Gala 2020 | Grazia M\u00e9xico y Latinoam\u00e9rica","description":"El tema de la exhibici\u00f3n y Met Gala 2020, se dio a conocer. Pero, \u00bfqu\u00e9 nos quiere decir el Costume Institute y Andrew Bolton con su pr\u00f3xima muestra?","robots":{"index":"index","follow":"follow","max-snippet":"max-snippet:-1","max-image-preview":"max-image-preview:large","max-video-preview":"max-video-preview:-1"},"canonical":"https:\/\/graziamagazine.com\/mx\/articles\/lo-que-tienes-que-saber-sobre-la-tematica-de-la-met-gala-2020\/","og_locale":"es_MX","og_type":"article","og_title":"Lo que tienes que saber sobre la tem\u00e1tica de la Met Gala 2020","og_description":"El tema de la exhibici\u00f3n y Met Gala 2020, se dio a conocer. Pero, \u00bfqu\u00e9 nos quiere decir el Costume Institute y Andrew Bolton con su pr\u00f3xima muestra?","og_url":"https:\/\/graziamagazine.com\/mx\/articles\/lo-que-tienes-que-saber-sobre-la-tematica-de-la-met-gala-2020\/","og_site_name":"Grazia M\u00e9xico y Latinoam\u00e9rica","article_modified_time":"2019-11-14T18:55:54+00:00","og_image":[{"width":1280,"height":832,"url":"https:\/\/graziamagazine.com\/mx\/wp-content\/uploads\/sites\/13\/2019\/11\/lo-que-tienes-que-saber-sobre-la-tematica-de-la-exhibicion-del-met-en-2020-destacada.jpg?fit=1280%2C832","type":"image\/jpeg"}],"twitter_card":"summary_large_image","twitter_misc":{"Est. reading time":"3 minutos"},"schema":{"@context":"https:\/\/schema.org","@graph":[{"@type":"WebPage","@id":"https:\/\/graziamagazine.com\/mx\/articles\/lo-que-tienes-que-saber-sobre-la-tematica-de-la-met-gala-2020\/","url":"https:\/\/graziamagazine.com\/mx\/articles\/lo-que-tienes-que-saber-sobre-la-tematica-de-la-met-gala-2020\/","name":"Lo que tienes que saber sobre la tem\u00e1tica de la Met Gala 2020 | Grazia M\u00e9xico y Latinoam\u00e9rica","isPartOf":{"@id":"https:\/\/graziamagazine.com\/mx\/#website"},"datePublished":"2019-11-12T21:59:43+00:00","dateModified":"2019-11-14T18:55:54+00:00","description":"El tema de la exhibici\u00f3n y Met Gala 2020, se dio a conocer. Pero, \u00bfqu\u00e9 nos quiere decir el Costume Institute y Andrew Bolton con su pr\u00f3xima muestra?","breadcrumb":{"@id":"https:\/\/graziamagazine.com\/mx\/articles\/lo-que-tienes-que-saber-sobre-la-tematica-de-la-met-gala-2020\/#breadcrumb"},"inLanguage":"es-MX","potentialAction":[{"@type":"ReadAction","target":["https:\/\/graziamagazine.com\/mx\/articles\/lo-que-tienes-que-saber-sobre-la-tematica-de-la-met-gala-2020\/"]}]},{"@type":"BreadcrumbList","@id":"https:\/\/graziamagazine.com\/mx\/articles\/lo-que-tienes-que-saber-sobre-la-tematica-de-la-met-gala-2020\/#breadcrumb","itemListElement":[{"@type":"ListItem","position":1,"name":"Home","item":"https:\/\/graziamagazine.com\/mx\/"},{"@type":"ListItem","position":2,"name":"Lo que tienes que saber sobre la tem\u00e1tica de la Met Gala 2020"}]},{"@type":"WebSite","@id":"https:\/\/graziamagazine.com\/mx\/#website","url":"https:\/\/graziamagazine.com\/mx\/","name":"Grazia M\u00e9xico y Latinoam\u00e9rica","description":"Grazia es moda, belleza y noticias  de actualidad ","potentialAction":[{"@type":"SearchAction","target":{"@type":"EntryPoint","urlTemplate":"https:\/\/graziamagazine.com\/mx\/?s={search_term_string}"},"query-input":"required name=search_term_string"}],"inLanguage":"es-MX"}]}},"jetpack_sharing_enabled":true,"distributor_meta":false,"distributor_terms":false,"distributor_media":false,"distributor_original_site_name":"Grazia M\u00e9xico y Latinoam\u00e9rica","distributor_original_site_url":"https:\/\/graziamagazine.com\/mx","push-errors":false,"_links":{"self":[{"href":"https:\/\/graziamagazine.com\/mx\/wp-json\/wp\/v2\/articles\/74025"}],"collection":[{"href":"https:\/\/graziamagazine.com\/mx\/wp-json\/wp\/v2\/articles"}],"about":[{"href":"https:\/\/graziamagazine.com\/mx\/wp-json\/wp\/v2\/types\/articles"}],"author":[{"embeddable":true,"href":"https:\/\/graziamagazine.com\/mx\/wp-json\/wp\/v2\/users\/11633"}],"wp:featuredmedia":[{"embeddable":true,"href":"https:\/\/graziamagazine.com\/mx\/wp-json\/wp\/v2\/media\/74042"}],"wp:attachment":[{"href":"https:\/\/graziamagazine.com\/mx\/wp-json\/wp\/v2\/media?parent=74025"}],"wp:term":[{"taxonomy":"category","embeddable":true,"href":"https:\/\/graziamagazine.com\/mx\/wp-json\/wp\/v2\/categories?post=74025"}],"curies":[{"name":"wp","href":"https:\/\/api.w.org\/{rel}","templated":true}]}}