{"id":73929,"date":"2019-11-11T12:56:54","date_gmt":"2019-11-11T17:56:54","guid":{"rendered":"https:\/\/graziamagazine.com\/mx\/?p=73929"},"modified":"2019-11-21T14:05:23","modified_gmt":"2019-11-21T19:05:23","slug":"asi-la-alfombra-roja-de-los-peoples-choice-awards-2019","status":"publish","type":"articles","link":"https:\/\/graziamagazine.com\/mx\/articles\/asi-la-alfombra-roja-de-los-peoples-choice-awards-2019\/","title":{"rendered":"La alfombra roja de los People\u00b4s Choice Awards 2019"},"content":{"rendered":"<div class=\"content-gallery\"><div class=\"gallery-placeholder\"><div class=\"spinner\"><\/div><\/div><span class=\"gallery-pagination\"><\/span><div id=\"gallery-1\" class=\"gallery galleryid-73929 gallery-columns- gallery-size-\"><figure class=\"gallery-item grazia-gallery-show-text\"><div class=\"gallery-icon landscape\"><img loading=\"lazy\" decoding=\"async\" width=\"768\" height=\"1120\" src=\"https:\/\/graziamagazine.com\/mx\/wp-content\/uploads\/sites\/13\/2019\/11\/asi-la-alfombra-roja-de-los-peoples-choice-awards-2019-1.jpg\" class=\"lazy\" alt=\"La alfombra roja de los People&#039;s Choice Awards 2019\" srcset=\"https:\/\/graziamagazine.com\/mx\/wp-content\/uploads\/sites\/13\/2019\/11\/asi-la-alfombra-roja-de-los-peoples-choice-awards-2019-1.jpg 768w, https:\/\/graziamagazine.com\/mx\/wp-content\/uploads\/sites\/13\/2019\/11\/asi-la-alfombra-roja-de-los-peoples-choice-awards-2019-1.jpg?resize=309,450 309w, https:\/\/graziamagazine.com\/mx\/wp-content\/uploads\/sites\/13\/2019\/11\/asi-la-alfombra-roja-de-los-peoples-choice-awards-2019-1.jpg?resize=702,1024 702w, https:\/\/graziamagazine.com\/mx\/wp-content\/uploads\/sites\/13\/2019\/11\/asi-la-alfombra-roja-de-los-peoples-choice-awards-2019-1.jpg?resize=147,215 147w\" sizes=\"(max-width: 768px) 100vw, 768px\" \/><\/div><div class=\"grazia-gallery-text\"><p><strong>Lucy Hale<\/strong><\/p>\n<h5><em>Imagen: Getty Images<\/em><\/h5>\n<\/div><\/figure><figure class=\"gallery-item grazia-gallery-show-text\"><div class=\"gallery-icon landscape\"><img loading=\"lazy\" decoding=\"async\" width=\"1200\" height=\"1800\" src=\"https:\/\/graziamagazine.com\/mx\/wp-content\/uploads\/sites\/13\/2019\/11\/asi-la-alfombra-roja-de-los-peoples-choice-awards-2019-2.jpg\" class=\"lazy\" alt=\"La alfombra roja de los People&#039;s Choice Awards 2019\" srcset=\"https:\/\/graziamagazine.com\/mx\/wp-content\/uploads\/sites\/13\/2019\/11\/asi-la-alfombra-roja-de-los-peoples-choice-awards-2019-2.jpg 1200w, https:\/\/graziamagazine.com\/mx\/wp-content\/uploads\/sites\/13\/2019\/11\/asi-la-alfombra-roja-de-los-peoples-choice-awards-2019-2.jpg?resize=300,450 300w, https:\/\/graziamagazine.com\/mx\/wp-content\/uploads\/sites\/13\/2019\/11\/asi-la-alfombra-roja-de-los-peoples-choice-awards-2019-2.jpg?resize=768,1152 768w, https:\/\/graziamagazine.com\/mx\/wp-content\/uploads\/sites\/13\/2019\/11\/asi-la-alfombra-roja-de-los-peoples-choice-awards-2019-2.jpg?resize=683,1024 683w, https:\/\/graziamagazine.com\/mx\/wp-content\/uploads\/sites\/13\/2019\/11\/asi-la-alfombra-roja-de-los-peoples-choice-awards-2019-2.jpg?resize=1024,1536 1024w, https:\/\/graziamagazine.com\/mx\/wp-content\/uploads\/sites\/13\/2019\/11\/asi-la-alfombra-roja-de-los-peoples-choice-awards-2019-2.jpg?resize=143,215 143w\" sizes=\"(max-width: 1200px) 100vw, 1200px\" \/><\/div><div class=\"grazia-gallery-text\"><p><strong>Gwen Stefani<\/strong><\/p>\n<p>Vestido, <strong>Vera Wang<\/strong><\/p>\n<h5><em>Imagen: Getty Images<\/em><\/h5>\n<\/div><\/figure><figure class=\"gallery-item grazia-gallery-show-text\"><div class=\"gallery-icon landscape\"><img loading=\"lazy\" decoding=\"async\" width=\"422\" height=\"750\" src=\"https:\/\/graziamagazine.com\/mx\/wp-content\/uploads\/sites\/13\/2019\/11\/asi-la-alfombra-roja-de-los-peoples-choice-awards-2019-3.jpg\" class=\"lazy\" alt=\"La alfombra roja de los People&#039;s Choice Awards 2019\" srcset=\"https:\/\/graziamagazine.com\/mx\/wp-content\/uploads\/sites\/13\/2019\/11\/asi-la-alfombra-roja-de-los-peoples-choice-awards-2019-3.jpg 422w, https:\/\/graziamagazine.com\/mx\/wp-content\/uploads\/sites\/13\/2019\/11\/asi-la-alfombra-roja-de-los-peoples-choice-awards-2019-3.jpg?resize=253,450 253w, https:\/\/graziamagazine.com\/mx\/wp-content\/uploads\/sites\/13\/2019\/11\/asi-la-alfombra-roja-de-los-peoples-choice-awards-2019-3.jpg?resize=121,215 121w\" sizes=\"(max-width: 422px) 100vw, 422px\" \/><\/div><div class=\"grazia-gallery-text\"><p><strong>Zendaya<\/strong><\/p>\n<p>Vestido,<strong> Christopher Esber<\/strong><\/p>\n<h5><em>Imagen: Getty Images<\/em><\/h5>\n<\/div><\/figure><figure class=\"gallery-item grazia-gallery-show-text\"><div class=\"gallery-icon landscape\"><img loading=\"lazy\" decoding=\"async\" width=\"768\" height=\"1152\" src=\"https:\/\/graziamagazine.com\/mx\/wp-content\/uploads\/sites\/13\/2019\/11\/asi-la-alfombra-roja-de-los-peoples-choice-awards-2019-4.jpg\" class=\"lazy\" alt=\"La alfombra roja de los People&#039;s Choice Awards 2019\" srcset=\"https:\/\/graziamagazine.com\/mx\/wp-content\/uploads\/sites\/13\/2019\/11\/asi-la-alfombra-roja-de-los-peoples-choice-awards-2019-4.jpg 768w, https:\/\/graziamagazine.com\/mx\/wp-content\/uploads\/sites\/13\/2019\/11\/asi-la-alfombra-roja-de-los-peoples-choice-awards-2019-4.jpg?resize=300,450 300w, https:\/\/graziamagazine.com\/mx\/wp-content\/uploads\/sites\/13\/2019\/11\/asi-la-alfombra-roja-de-los-peoples-choice-awards-2019-4.jpg?resize=683,1024 683w, https:\/\/graziamagazine.com\/mx\/wp-content\/uploads\/sites\/13\/2019\/11\/asi-la-alfombra-roja-de-los-peoples-choice-awards-2019-4.jpg?resize=143,215 143w\" sizes=\"(max-width: 768px) 100vw, 768px\" \/><\/div><div class=\"grazia-gallery-text\"><p><strong>Cole Sprouse<\/strong><\/p>\n<p>Traje, <strong>Berluti<\/strong><\/p>\n<h5><em>Imagen: Getty Images<\/em><\/h5>\n<\/div><\/figure><figure class=\"gallery-item grazia-gallery-show-text\"><div class=\"gallery-icon landscape\"><img loading=\"lazy\" decoding=\"async\" width=\"1100\" height=\"1650\" src=\"https:\/\/graziamagazine.com\/mx\/wp-content\/uploads\/sites\/13\/2019\/11\/asi-la-alfombra-roja-de-los-peoples-choice-awards-2019-5.jpg\" class=\"lazy\" alt=\"La alfombra roja de los People&#039;s Choice Awards 2019\" srcset=\"https:\/\/graziamagazine.com\/mx\/wp-content\/uploads\/sites\/13\/2019\/11\/asi-la-alfombra-roja-de-los-peoples-choice-awards-2019-5.jpg 1100w, https:\/\/graziamagazine.com\/mx\/wp-content\/uploads\/sites\/13\/2019\/11\/asi-la-alfombra-roja-de-los-peoples-choice-awards-2019-5.jpg?resize=300,450 300w, https:\/\/graziamagazine.com\/mx\/wp-content\/uploads\/sites\/13\/2019\/11\/asi-la-alfombra-roja-de-los-peoples-choice-awards-2019-5.jpg?resize=768,1152 768w, https:\/\/graziamagazine.com\/mx\/wp-content\/uploads\/sites\/13\/2019\/11\/asi-la-alfombra-roja-de-los-peoples-choice-awards-2019-5.jpg?resize=683,1024 683w, https:\/\/graziamagazine.com\/mx\/wp-content\/uploads\/sites\/13\/2019\/11\/asi-la-alfombra-roja-de-los-peoples-choice-awards-2019-5.jpg?resize=1024,1536 1024w, https:\/\/graziamagazine.com\/mx\/wp-content\/uploads\/sites\/13\/2019\/11\/asi-la-alfombra-roja-de-los-peoples-choice-awards-2019-5.jpg?resize=143,215 143w\" sizes=\"(max-width: 1100px) 100vw, 1100px\" \/><\/div><div class=\"grazia-gallery-text\"><p><strong>Pink<\/strong><\/p>\n<h5><em>Imagen: Getty Images<\/em><\/h5>\n<\/div><\/figure><figure class=\"gallery-item grazia-gallery-show-text\"><div class=\"gallery-icon landscape\"><img loading=\"lazy\" decoding=\"async\" width=\"1100\" height=\"1538\" src=\"https:\/\/graziamagazine.com\/mx\/wp-content\/uploads\/sites\/13\/2019\/11\/asi-la-alfombra-roja-de-los-peoples-choice-awards-2019-6.jpg\" class=\"lazy\" alt=\"La alfombra roja de los People&#039;s Choice Awards 2019\" srcset=\"https:\/\/graziamagazine.com\/mx\/wp-content\/uploads\/sites\/13\/2019\/11\/asi-la-alfombra-roja-de-los-peoples-choice-awards-2019-6.jpg 1100w, https:\/\/graziamagazine.com\/mx\/wp-content\/uploads\/sites\/13\/2019\/11\/asi-la-alfombra-roja-de-los-peoples-choice-awards-2019-6.jpg?resize=322,450 322w, https:\/\/graziamagazine.com\/mx\/wp-content\/uploads\/sites\/13\/2019\/11\/asi-la-alfombra-roja-de-los-peoples-choice-awards-2019-6.jpg?resize=768,1074 768w, https:\/\/graziamagazine.com\/mx\/wp-content\/uploads\/sites\/13\/2019\/11\/asi-la-alfombra-roja-de-los-peoples-choice-awards-2019-6.jpg?resize=732,1024 732w, https:\/\/graziamagazine.com\/mx\/wp-content\/uploads\/sites\/13\/2019\/11\/asi-la-alfombra-roja-de-los-peoples-choice-awards-2019-6.jpg?resize=1099,1536 1099w\" sizes=\"(max-width: 1100px) 100vw, 1100px\" \/><\/div><div class=\"grazia-gallery-text\"><p><strong>Jeremy Scott<\/strong><\/p>\n<h5><em>Imagen: Getty Images<\/em><\/h5>\n<\/div><\/figure><figure class=\"gallery-item grazia-gallery-show-text\"><div class=\"gallery-icon landscape\"><img loading=\"lazy\" decoding=\"async\" width=\"368\" height=\"552\" src=\"https:\/\/graziamagazine.com\/mx\/wp-content\/uploads\/sites\/13\/2019\/11\/asi-la-alfombra-roja-de-los-peoples-choice-awards-2019-8.jpeg\" class=\"lazy\" alt=\"La alfombra roja de los People&#039;s Choice Awards 2019\" srcset=\"https:\/\/graziamagazine.com\/mx\/wp-content\/uploads\/sites\/13\/2019\/11\/asi-la-alfombra-roja-de-los-peoples-choice-awards-2019-8.jpeg 368w, https:\/\/graziamagazine.com\/mx\/wp-content\/uploads\/sites\/13\/2019\/11\/asi-la-alfombra-roja-de-los-peoples-choice-awards-2019-8.jpeg?resize=300,450 300w, https:\/\/graziamagazine.com\/mx\/wp-content\/uploads\/sites\/13\/2019\/11\/asi-la-alfombra-roja-de-los-peoples-choice-awards-2019-8.jpeg?resize=143,215 143w\" sizes=\"(max-width: 368px) 100vw, 368px\" \/><\/div><div class=\"grazia-gallery-text\"><p><strong>Storm Reid<\/strong><\/p>\n<p>Vestido, <strong>Iris van Herpen<\/strong><\/p>\n<h5><em>Imagen: Getty Images<\/em><\/h5>\n<\/div><\/figure><figure class=\"gallery-item grazia-gallery-show-text\"><div class=\"gallery-icon landscape\"><img loading=\"lazy\" decoding=\"async\" width=\"1200\" height=\"1746\" src=\"https:\/\/graziamagazine.com\/mx\/wp-content\/uploads\/sites\/13\/2019\/11\/asi-la-alfombra-roja-de-los-peoples-choice-awards-2019-9.jpg\" class=\"lazy\" alt=\"La alfombra roja de los People&#039;s Choice Awards 2019\" srcset=\"https:\/\/graziamagazine.com\/mx\/wp-content\/uploads\/sites\/13\/2019\/11\/asi-la-alfombra-roja-de-los-peoples-choice-awards-2019-9.jpg 1200w, https:\/\/graziamagazine.com\/mx\/wp-content\/uploads\/sites\/13\/2019\/11\/asi-la-alfombra-roja-de-los-peoples-choice-awards-2019-9.jpg?resize=309,450 309w, https:\/\/graziamagazine.com\/mx\/wp-content\/uploads\/sites\/13\/2019\/11\/asi-la-alfombra-roja-de-los-peoples-choice-awards-2019-9.jpg?resize=768,1117 768w, https:\/\/graziamagazine.com\/mx\/wp-content\/uploads\/sites\/13\/2019\/11\/asi-la-alfombra-roja-de-los-peoples-choice-awards-2019-9.jpg?resize=704,1024 704w, https:\/\/graziamagazine.com\/mx\/wp-content\/uploads\/sites\/13\/2019\/11\/asi-la-alfombra-roja-de-los-peoples-choice-awards-2019-9.jpg?resize=1056,1536 1056w, https:\/\/graziamagazine.com\/mx\/wp-content\/uploads\/sites\/13\/2019\/11\/asi-la-alfombra-roja-de-los-peoples-choice-awards-2019-9.jpg?resize=148,215 148w\" sizes=\"(max-width: 1200px) 100vw, 1200px\" \/><\/div><div class=\"grazia-gallery-text\"><p><strong>Kim Kardashian<\/strong><\/p>\n<p>Vestido, <strong>Versace<\/strong><\/p>\n<h5><em>Imagen: Getty Images<\/em><\/h5>\n<\/div><\/figure><figure class=\"gallery-item grazia-gallery-show-text\"><div class=\"gallery-icon landscape\"><img loading=\"lazy\" decoding=\"async\" width=\"1200\" height=\"1734\" src=\"https:\/\/graziamagazine.com\/mx\/wp-content\/uploads\/sites\/13\/2019\/11\/asi-la-alfombra-roja-de-los-peoples-choice-awards-2019-10.jpg\" class=\"lazy\" alt=\"La alfombra roja de los People&#039;s Choice Awards 2019\" srcset=\"https:\/\/graziamagazine.com\/mx\/wp-content\/uploads\/sites\/13\/2019\/11\/asi-la-alfombra-roja-de-los-peoples-choice-awards-2019-10.jpg 1200w, https:\/\/graziamagazine.com\/mx\/wp-content\/uploads\/sites\/13\/2019\/11\/asi-la-alfombra-roja-de-los-peoples-choice-awards-2019-10.jpg?resize=311,450 311w, https:\/\/graziamagazine.com\/mx\/wp-content\/uploads\/sites\/13\/2019\/11\/asi-la-alfombra-roja-de-los-peoples-choice-awards-2019-10.jpg?resize=768,1110 768w, https:\/\/graziamagazine.com\/mx\/wp-content\/uploads\/sites\/13\/2019\/11\/asi-la-alfombra-roja-de-los-peoples-choice-awards-2019-10.jpg?resize=709,1024 709w, https:\/\/graziamagazine.com\/mx\/wp-content\/uploads\/sites\/13\/2019\/11\/asi-la-alfombra-roja-de-los-peoples-choice-awards-2019-10.jpg?resize=1063,1536 1063w, https:\/\/graziamagazine.com\/mx\/wp-content\/uploads\/sites\/13\/2019\/11\/asi-la-alfombra-roja-de-los-peoples-choice-awards-2019-10.jpg?resize=149,215 149w\" sizes=\"(max-width: 1200px) 100vw, 1200px\" \/><\/div><div class=\"grazia-gallery-text\"><p><strong>Kourtney Kardashian<\/strong><\/p>\n<p>Vestido,<strong> Naeem Khan<\/strong><\/p>\n<h5><em>Imagen: Getty Images<\/em><\/h5>\n<\/div><\/figure><figure class=\"gallery-item grazia-gallery-show-text\"><div class=\"gallery-icon landscape\"><img loading=\"lazy\" decoding=\"async\" width=\"1200\" height=\"1795\" src=\"https:\/\/graziamagazine.com\/mx\/wp-content\/uploads\/sites\/13\/2019\/11\/asi-la-alfombra-roja-de-los-peoples-choice-awards-2019-11.jpg\" class=\"lazy\" alt=\"La alfombra roja de los People&#039;s Choice Awards 2019\" srcset=\"https:\/\/graziamagazine.com\/mx\/wp-content\/uploads\/sites\/13\/2019\/11\/asi-la-alfombra-roja-de-los-peoples-choice-awards-2019-11.jpg 1200w, https:\/\/graziamagazine.com\/mx\/wp-content\/uploads\/sites\/13\/2019\/11\/asi-la-alfombra-roja-de-los-peoples-choice-awards-2019-11.jpg?resize=301,450 301w, https:\/\/graziamagazine.com\/mx\/wp-content\/uploads\/sites\/13\/2019\/11\/asi-la-alfombra-roja-de-los-peoples-choice-awards-2019-11.jpg?resize=768,1149 768w, https:\/\/graziamagazine.com\/mx\/wp-content\/uploads\/sites\/13\/2019\/11\/asi-la-alfombra-roja-de-los-peoples-choice-awards-2019-11.jpg?resize=685,1024 685w, https:\/\/graziamagazine.com\/mx\/wp-content\/uploads\/sites\/13\/2019\/11\/asi-la-alfombra-roja-de-los-peoples-choice-awards-2019-11.jpg?resize=1027,1536 1027w, https:\/\/graziamagazine.com\/mx\/wp-content\/uploads\/sites\/13\/2019\/11\/asi-la-alfombra-roja-de-los-peoples-choice-awards-2019-11.jpg?resize=144,215 144w\" sizes=\"(max-width: 1200px) 100vw, 1200px\" \/><\/div><div class=\"grazia-gallery-text\"><p><strong>Khloe Kardashian<\/strong><\/p>\n<h5><em>Imagen: Getty Images<\/em><\/h5>\n<\/div><\/figure><\/div><\/div>\n","protected":false},"author":11656,"featured_media":73963,"template":"","format":"gallery","categories":[4],"acf":[],"yoast_head":"<!-- This site is optimized with the Yoast SEO Premium plugin v18.5 (Yoast SEO v20.4) - https:\/\/yoast.com\/wordpress\/plugins\/seo\/ -->\n<title>La alfombra roja de los People\u00b4s Choice Awards 2019 | Grazia M\u00e9xico y Latinoam\u00e9rica<\/title>\n<meta name=\"description\" content=\"Una nueva edici\u00f3n de los People\u00b4s Choice Awards lleg\u00f3 y las celebridades lucieron espectaculares en la alfombra roja. Te dejamos los mejores looks.\" \/>\n<meta name=\"robots\" content=\"index, follow, max-snippet:-1, max-image-preview:large, max-video-preview:-1\" \/>\n<link rel=\"canonical\" href=\"https:\/\/graziamagazine.com\/mx\/articles\/asi-la-alfombra-roja-de-los-peoples-choice-awards-2019\/\" \/>\n<meta property=\"og:locale\" content=\"es_MX\" \/>\n<meta property=\"og:type\" content=\"article\" \/>\n<meta property=\"og:title\" content=\"La alfombra roja de los People\u00b4s Choice Awards 2019\" \/>\n<meta property=\"og:description\" content=\"Una nueva edici\u00f3n de los People\u00b4s Choice Awards lleg\u00f3 y las celebridades lucieron espectaculares en la alfombra roja. Te dejamos los mejores looks.\" \/>\n<meta property=\"og:url\" content=\"https:\/\/graziamagazine.com\/mx\/articles\/asi-la-alfombra-roja-de-los-peoples-choice-awards-2019\/\" \/>\n<meta property=\"og:site_name\" content=\"Grazia M\u00e9xico y Latinoam\u00e9rica\" \/>\n<meta property=\"article:modified_time\" content=\"2019-11-21T19:05:23+00:00\" \/>\n<meta property=\"og:image\" content=\"https:\/\/graziamagazine.com\/mx\/wp-content\/uploads\/sites\/13\/2019\/11\/asi-la-alfombra-roja-de-los-peoples-choice-awards-2019-destacada.jpg?fit=727%2C510\" \/>\n\t<meta property=\"og:image:width\" content=\"727\" \/>\n\t<meta property=\"og:image:height\" content=\"510\" \/>\n\t<meta property=\"og:image:type\" content=\"image\/jpeg\" \/>\n<meta name=\"twitter:card\" content=\"summary_large_image\" \/>\n<script type=\"application\/ld+json\" class=\"yoast-schema-graph\">{\"@context\":\"https:\/\/schema.org\",\"@graph\":[{\"@type\":\"WebPage\",\"@id\":\"https:\/\/graziamagazine.com\/mx\/articles\/asi-la-alfombra-roja-de-los-peoples-choice-awards-2019\/\",\"url\":\"https:\/\/graziamagazine.com\/mx\/articles\/asi-la-alfombra-roja-de-los-peoples-choice-awards-2019\/\",\"name\":\"La alfombra roja de los People\u00b4s Choice Awards 2019 | Grazia M\u00e9xico y Latinoam\u00e9rica\",\"isPartOf\":{\"@id\":\"https:\/\/graziamagazine.com\/mx\/#website\"},\"datePublished\":\"2019-11-11T17:56:54+00:00\",\"dateModified\":\"2019-11-21T19:05:23+00:00\",\"description\":\"Una nueva edici\u00f3n de los People\u00b4s Choice Awards lleg\u00f3 y las celebridades lucieron espectaculares en la alfombra roja. Te dejamos los mejores looks.\",\"breadcrumb\":{\"@id\":\"https:\/\/graziamagazine.com\/mx\/articles\/asi-la-alfombra-roja-de-los-peoples-choice-awards-2019\/#breadcrumb\"},\"inLanguage\":\"es-MX\",\"potentialAction\":[{\"@type\":\"ReadAction\",\"target\":[\"https:\/\/graziamagazine.com\/mx\/articles\/asi-la-alfombra-roja-de-los-peoples-choice-awards-2019\/\"]}]},{\"@type\":\"BreadcrumbList\",\"@id\":\"https:\/\/graziamagazine.com\/mx\/articles\/asi-la-alfombra-roja-de-los-peoples-choice-awards-2019\/#breadcrumb\",\"itemListElement\":[{\"@type\":\"ListItem\",\"position\":1,\"name\":\"Home\",\"item\":\"https:\/\/graziamagazine.com\/mx\/\"},{\"@type\":\"ListItem\",\"position\":2,\"name\":\"La alfombra roja de los People\u00b4s Choice Awards 2019\"}]},{\"@type\":\"WebSite\",\"@id\":\"https:\/\/graziamagazine.com\/mx\/#website\",\"url\":\"https:\/\/graziamagazine.com\/mx\/\",\"name\":\"Grazia M\u00e9xico y Latinoam\u00e9rica\",\"description\":\"Grazia es moda, belleza y noticias  de actualidad \",\"potentialAction\":[{\"@type\":\"SearchAction\",\"target\":{\"@type\":\"EntryPoint\",\"urlTemplate\":\"https:\/\/graziamagazine.com\/mx\/?s={search_term_string}\"},\"query-input\":\"required name=search_term_string\"}],\"inLanguage\":\"es-MX\"}]}<\/script>\n<!-- \/ Yoast SEO Premium plugin. -->","yoast_head_json":{"title":"La alfombra roja de los People\u00b4s Choice Awards 2019 | Grazia M\u00e9xico y Latinoam\u00e9rica","description":"Una nueva edici\u00f3n de los People\u00b4s Choice Awards lleg\u00f3 y las celebridades lucieron espectaculares en la alfombra roja. Te dejamos los mejores looks.","robots":{"index":"index","follow":"follow","max-snippet":"max-snippet:-1","max-image-preview":"max-image-preview:large","max-video-preview":"max-video-preview:-1"},"canonical":"https:\/\/graziamagazine.com\/mx\/articles\/asi-la-alfombra-roja-de-los-peoples-choice-awards-2019\/","og_locale":"es_MX","og_type":"article","og_title":"La alfombra roja de los People\u00b4s Choice Awards 2019","og_description":"Una nueva edici\u00f3n de los People\u00b4s Choice Awards lleg\u00f3 y las celebridades lucieron espectaculares en la alfombra roja. Te dejamos los mejores looks.","og_url":"https:\/\/graziamagazine.com\/mx\/articles\/asi-la-alfombra-roja-de-los-peoples-choice-awards-2019\/","og_site_name":"Grazia M\u00e9xico y Latinoam\u00e9rica","article_modified_time":"2019-11-21T19:05:23+00:00","og_image":[{"width":727,"height":510,"url":"https:\/\/graziamagazine.com\/mx\/wp-content\/uploads\/sites\/13\/2019\/11\/asi-la-alfombra-roja-de-los-peoples-choice-awards-2019-destacada.jpg?fit=727%2C510","type":"image\/jpeg"}],"twitter_card":"summary_large_image","schema":{"@context":"https:\/\/schema.org","@graph":[{"@type":"WebPage","@id":"https:\/\/graziamagazine.com\/mx\/articles\/asi-la-alfombra-roja-de-los-peoples-choice-awards-2019\/","url":"https:\/\/graziamagazine.com\/mx\/articles\/asi-la-alfombra-roja-de-los-peoples-choice-awards-2019\/","name":"La alfombra roja de los People\u00b4s Choice Awards 2019 | Grazia M\u00e9xico y Latinoam\u00e9rica","isPartOf":{"@id":"https:\/\/graziamagazine.com\/mx\/#website"},"datePublished":"2019-11-11T17:56:54+00:00","dateModified":"2019-11-21T19:05:23+00:00","description":"Una nueva edici\u00f3n de los People\u00b4s Choice Awards lleg\u00f3 y las celebridades lucieron espectaculares en la alfombra roja. Te dejamos los mejores looks.","breadcrumb":{"@id":"https:\/\/graziamagazine.com\/mx\/articles\/asi-la-alfombra-roja-de-los-peoples-choice-awards-2019\/#breadcrumb"},"inLanguage":"es-MX","potentialAction":[{"@type":"ReadAction","target":["https:\/\/graziamagazine.com\/mx\/articles\/asi-la-alfombra-roja-de-los-peoples-choice-awards-2019\/"]}]},{"@type":"BreadcrumbList","@id":"https:\/\/graziamagazine.com\/mx\/articles\/asi-la-alfombra-roja-de-los-peoples-choice-awards-2019\/#breadcrumb","itemListElement":[{"@type":"ListItem","position":1,"name":"Home","item":"https:\/\/graziamagazine.com\/mx\/"},{"@type":"ListItem","position":2,"name":"La alfombra roja de los People\u00b4s Choice Awards 2019"}]},{"@type":"WebSite","@id":"https:\/\/graziamagazine.com\/mx\/#website","url":"https:\/\/graziamagazine.com\/mx\/","name":"Grazia M\u00e9xico y Latinoam\u00e9rica","description":"Grazia es moda, belleza y noticias  de actualidad ","potentialAction":[{"@type":"SearchAction","target":{"@type":"EntryPoint","urlTemplate":"https:\/\/graziamagazine.com\/mx\/?s={search_term_string}"},"query-input":"required name=search_term_string"}],"inLanguage":"es-MX"}]}},"jetpack_sharing_enabled":true,"distributor_meta":false,"distributor_terms":false,"distributor_media":false,"distributor_original_site_name":"Grazia M\u00e9xico y Latinoam\u00e9rica","distributor_original_site_url":"https:\/\/graziamagazine.com\/mx","push-errors":false,"_links":{"self":[{"href":"https:\/\/graziamagazine.com\/mx\/wp-json\/wp\/v2\/articles\/73929"}],"collection":[{"href":"https:\/\/graziamagazine.com\/mx\/wp-json\/wp\/v2\/articles"}],"about":[{"href":"https:\/\/graziamagazine.com\/mx\/wp-json\/wp\/v2\/types\/articles"}],"author":[{"embeddable":true,"href":"https:\/\/graziamagazine.com\/mx\/wp-json\/wp\/v2\/users\/11656"}],"wp:featuredmedia":[{"embeddable":true,"href":"https:\/\/graziamagazine.com\/mx\/wp-json\/wp\/v2\/media\/73963"}],"wp:attachment":[{"href":"https:\/\/graziamagazine.com\/mx\/wp-json\/wp\/v2\/media?parent=73929"}],"wp:term":[{"taxonomy":"category","embeddable":true,"href":"https:\/\/graziamagazine.com\/mx\/wp-json\/wp\/v2\/categories?post=73929"}],"curies":[{"name":"wp","href":"https:\/\/api.w.org\/{rel}","templated":true}]}}