{"id":72601,"date":"2019-10-18T13:25:27","date_gmt":"2019-10-18T18:25:27","guid":{"rendered":"https:\/\/graziamagazine.com\/mx\/?p=72601"},"modified":"2019-10-18T13:35:50","modified_gmt":"2019-10-18T18:35:50","slug":"clueless-tendra-reboot-con-un-giro-inesperado","status":"publish","type":"articles","link":"https:\/\/graziamagazine.com\/mx\/articles\/clueless-tendra-reboot-con-un-giro-inesperado\/","title":{"rendered":"Clueless tendr\u00e1 reboot con un giro inesperado"},"content":{"rendered":"<p>Estamos en la era de los <em>reboots<\/em>. Habiendo pasado tantos a\u00f1os desde que vimos aquellas series y pel\u00edculas que marcaron a nuestra generaci\u00f3n, ahora est\u00e1 de moda retomarlas donde se quedaron, con el mismo elenco pero ahora de grandes. <a href=\"https:\/\/graziamagazine.com\/mx\/el-elenco-de-clueless-se-reunio-luego-de-24-anos\/\" target=\"_blank\" rel=\"noopener\"><strong><em>Clueless<\/em><\/strong><\/a> no es la excepci\u00f3n. La madre de pel\u00edculas como <a href=\"https:\/\/graziamagazine.com\/mx\/16-datos-curiosos-que-no-sabias-de-mean-girls\/\"><em>Mean Girls<\/em><\/a> o la serie <em>Riverdale<\/em>, tendr\u00e1 <em>reboot<\/em>, aunque con un giro inesperado y no sabemos qu\u00e9 pensar.<\/p>\n<p>Esta nueva producci\u00f3n que estar\u00e1 ambientada en la ciudad de Los \u00c1ngeles en 2020, tendr\u00e1 como personaje principal a <strong>Dionee<\/strong> &#8211; interpretada por la actriz <strong>Stacey Dash<\/strong> &#8211; y no a <strong>Cher Horowitz<\/strong>. \u00bfQu\u00e9 pensar\u00e1 <strong>Alicia Silverstone<\/strong> de esto? Por lo pronto, los fans de la pel\u00edcula de 1995 no est\u00e1n muy contentos ni con el <em>reboot<\/em>, ni con la decisi\u00f3n de cambiar de protagonista.<\/p>\n<p><img loading=\"lazy\" decoding=\"async\" class=\"wp-image-72649 size-full\" src=\"https:\/\/graziamagazine.com\/mx\/wp-content\/uploads\/sites\/13\/2019\/10\/clueless2.jpg\" alt=\"\" width=\"960\" height=\"636\" srcset=\"https:\/\/graziamagazine.com\/mx\/wp-content\/uploads\/sites\/13\/2019\/10\/clueless2.jpg 960w, https:\/\/graziamagazine.com\/mx\/wp-content\/uploads\/sites\/13\/2019\/10\/clueless2.jpg?resize=450,298 450w, https:\/\/graziamagazine.com\/mx\/wp-content\/uploads\/sites\/13\/2019\/10\/clueless2.jpg?resize=768,509 768w, https:\/\/graziamagazine.com\/mx\/wp-content\/uploads\/sites\/13\/2019\/10\/clueless2.jpg?resize=155,103 155w\" sizes=\"(max-width: 960px) 100vw, 960px\" \/><\/p>\n<p>&#8220;Podr\u00edan simplemente hacer una nueva serie sobre adolescentes. No hace falta hacer un <em>reboot<\/em> de <em>Clueless<\/em>&#8220;, escribi\u00f3 un fan en su Twitter. &#8220;<em>Clueless<\/em> es una comedia, no un drama. Dejen de hacer que todo sea como en la jodida <em>Riverdale<\/em>&#8220;, se lee en otro<em> tweet.<\/em> &#8220;Hollywood tiene una enorme obsesi\u00f3n con ver a mujeres negras tristes y torturadas. \u00bfPor qu\u00e9 no puede tener un enfoque divertido como la original?&#8221;, opina fuertemente otra persona.<\/p>\n<blockquote class=\"twitter-tweet\">\n<p dir=\"ltr\" lang=\"en\">Clueless is a comedy not a drama stop trying to make everything fucking Riverdale. <a href=\"https:\/\/t.co\/zrsdfJ19mU\" target=\"_blank\">https:\/\/t.co\/zrsdfJ19mU<\/a><\/p>\n<p>\u2014 Hanna Ines Flint (@HannaFlint) <a href=\"https:\/\/twitter.com\/HannaFlint\/status\/1184902030005022721?ref_src=twsrc%5Etfw\" target=\"_blank\">October 17, 2019<\/a><\/p><\/blockquote>\n<p><script async src=\"https:\/\/platform.twitter.com\/widgets.js\" charset=\"utf-8\"><\/script><\/p>\n<p>Sea como sea, el <em>reboot<\/em> jam\u00e1s ser\u00e1 lo mismo sin la presencia de <strong>Brittany Murphy<\/strong> que daba vida a Tai Frasier. Recordemos que la actriz falleci\u00f3 en 2009.<\/p>\n<p>Entre los pocos detalles que se conocen hasta ahora, sabemos que la escritora y productora de series como <em>No Tomorrow<\/em> y <em>Jane the Virgin<\/em> &#8211; Corinne Brinkerhoff &#8211; ser\u00e1 la productora de esta cinta junto a Tiffany Grant y Robert Lawrence, uno de los productores de la cinta <em>OG.<\/em><\/p>\n<p>\u00bfCrees que funcione esta nueva versi\u00f3n?<\/p>\n","protected":false},"author":11628,"featured_media":72648,"template":"","format":"standard","categories":[114],"acf":[],"yoast_head":"<!-- This site is optimized with the Yoast SEO Premium plugin v18.5 (Yoast SEO v20.4) - https:\/\/yoast.com\/wordpress\/plugins\/seo\/ -->\n<title>Clueless tendr\u00e1 reboot con un giro inesperado | Grazia M\u00e9xico y Latinoam\u00e9rica<\/title>\n<meta name=\"description\" content=\"La pel\u00edcula noventera, Clueless, se une a la oleada de reboots que se han anunciado \u00faltimamente, causando un sabor agridulce entre sus fan\u00e1ticos.\" \/>\n<meta name=\"robots\" content=\"index, follow, max-snippet:-1, max-image-preview:large, max-video-preview:-1\" \/>\n<link rel=\"canonical\" href=\"https:\/\/graziamagazine.com\/mx\/articles\/clueless-tendra-reboot-con-un-giro-inesperado\/\" \/>\n<meta property=\"og:locale\" content=\"es_MX\" \/>\n<meta property=\"og:type\" content=\"article\" \/>\n<meta property=\"og:title\" content=\"Clueless tendr\u00e1 reboot con un giro inesperado\" \/>\n<meta property=\"og:description\" content=\"La pel\u00edcula noventera, Clueless, se une a la oleada de reboots que se han anunciado \u00faltimamente, causando un sabor agridulce entre sus fan\u00e1ticos.\" \/>\n<meta property=\"og:url\" content=\"https:\/\/graziamagazine.com\/mx\/articles\/clueless-tendra-reboot-con-un-giro-inesperado\/\" \/>\n<meta property=\"og:site_name\" content=\"Grazia M\u00e9xico y Latinoam\u00e9rica\" \/>\n<meta property=\"article:modified_time\" content=\"2019-10-18T18:35:50+00:00\" \/>\n<meta property=\"og:image\" content=\"https:\/\/graziamagazine.com\/mx\/wp-content\/uploads\/sites\/13\/2019\/10\/clueless.jpg?fit=960%2C650\" \/>\n\t<meta property=\"og:image:width\" content=\"960\" \/>\n\t<meta property=\"og:image:height\" content=\"650\" \/>\n\t<meta property=\"og:image:type\" content=\"image\/jpeg\" \/>\n<meta name=\"twitter:card\" content=\"summary_large_image\" \/>\n<meta name=\"twitter:label1\" content=\"Est. reading time\" \/>\n\t<meta name=\"twitter:data1\" content=\"2 minutos\" \/>\n<script type=\"application\/ld+json\" class=\"yoast-schema-graph\">{\"@context\":\"https:\/\/schema.org\",\"@graph\":[{\"@type\":\"WebPage\",\"@id\":\"https:\/\/graziamagazine.com\/mx\/articles\/clueless-tendra-reboot-con-un-giro-inesperado\/\",\"url\":\"https:\/\/graziamagazine.com\/mx\/articles\/clueless-tendra-reboot-con-un-giro-inesperado\/\",\"name\":\"Clueless tendr\u00e1 reboot con un giro inesperado | Grazia M\u00e9xico y Latinoam\u00e9rica\",\"isPartOf\":{\"@id\":\"https:\/\/graziamagazine.com\/mx\/#website\"},\"datePublished\":\"2019-10-18T18:25:27+00:00\",\"dateModified\":\"2019-10-18T18:35:50+00:00\",\"description\":\"La pel\u00edcula noventera, Clueless, se une a la oleada de reboots que se han anunciado \u00faltimamente, causando un sabor agridulce entre sus fan\u00e1ticos.\",\"breadcrumb\":{\"@id\":\"https:\/\/graziamagazine.com\/mx\/articles\/clueless-tendra-reboot-con-un-giro-inesperado\/#breadcrumb\"},\"inLanguage\":\"es-MX\",\"potentialAction\":[{\"@type\":\"ReadAction\",\"target\":[\"https:\/\/graziamagazine.com\/mx\/articles\/clueless-tendra-reboot-con-un-giro-inesperado\/\"]}]},{\"@type\":\"BreadcrumbList\",\"@id\":\"https:\/\/graziamagazine.com\/mx\/articles\/clueless-tendra-reboot-con-un-giro-inesperado\/#breadcrumb\",\"itemListElement\":[{\"@type\":\"ListItem\",\"position\":1,\"name\":\"Home\",\"item\":\"https:\/\/graziamagazine.com\/mx\/\"},{\"@type\":\"ListItem\",\"position\":2,\"name\":\"Clueless tendr\u00e1 reboot con un giro inesperado\"}]},{\"@type\":\"WebSite\",\"@id\":\"https:\/\/graziamagazine.com\/mx\/#website\",\"url\":\"https:\/\/graziamagazine.com\/mx\/\",\"name\":\"Grazia M\u00e9xico y Latinoam\u00e9rica\",\"description\":\"Grazia es moda, belleza y noticias  de actualidad \",\"potentialAction\":[{\"@type\":\"SearchAction\",\"target\":{\"@type\":\"EntryPoint\",\"urlTemplate\":\"https:\/\/graziamagazine.com\/mx\/?s={search_term_string}\"},\"query-input\":\"required name=search_term_string\"}],\"inLanguage\":\"es-MX\"}]}<\/script>\n<!-- \/ Yoast SEO Premium plugin. -->","yoast_head_json":{"title":"Clueless tendr\u00e1 reboot con un giro inesperado | Grazia M\u00e9xico y Latinoam\u00e9rica","description":"La pel\u00edcula noventera, Clueless, se une a la oleada de reboots que se han anunciado \u00faltimamente, causando un sabor agridulce entre sus fan\u00e1ticos.","robots":{"index":"index","follow":"follow","max-snippet":"max-snippet:-1","max-image-preview":"max-image-preview:large","max-video-preview":"max-video-preview:-1"},"canonical":"https:\/\/graziamagazine.com\/mx\/articles\/clueless-tendra-reboot-con-un-giro-inesperado\/","og_locale":"es_MX","og_type":"article","og_title":"Clueless tendr\u00e1 reboot con un giro inesperado","og_description":"La pel\u00edcula noventera, Clueless, se une a la oleada de reboots que se han anunciado \u00faltimamente, causando un sabor agridulce entre sus fan\u00e1ticos.","og_url":"https:\/\/graziamagazine.com\/mx\/articles\/clueless-tendra-reboot-con-un-giro-inesperado\/","og_site_name":"Grazia M\u00e9xico y Latinoam\u00e9rica","article_modified_time":"2019-10-18T18:35:50+00:00","og_image":[{"width":960,"height":650,"url":"https:\/\/graziamagazine.com\/mx\/wp-content\/uploads\/sites\/13\/2019\/10\/clueless.jpg?fit=960%2C650","type":"image\/jpeg"}],"twitter_card":"summary_large_image","twitter_misc":{"Est. reading time":"2 minutos"},"schema":{"@context":"https:\/\/schema.org","@graph":[{"@type":"WebPage","@id":"https:\/\/graziamagazine.com\/mx\/articles\/clueless-tendra-reboot-con-un-giro-inesperado\/","url":"https:\/\/graziamagazine.com\/mx\/articles\/clueless-tendra-reboot-con-un-giro-inesperado\/","name":"Clueless tendr\u00e1 reboot con un giro inesperado | Grazia M\u00e9xico y Latinoam\u00e9rica","isPartOf":{"@id":"https:\/\/graziamagazine.com\/mx\/#website"},"datePublished":"2019-10-18T18:25:27+00:00","dateModified":"2019-10-18T18:35:50+00:00","description":"La pel\u00edcula noventera, Clueless, se une a la oleada de reboots que se han anunciado \u00faltimamente, causando un sabor agridulce entre sus fan\u00e1ticos.","breadcrumb":{"@id":"https:\/\/graziamagazine.com\/mx\/articles\/clueless-tendra-reboot-con-un-giro-inesperado\/#breadcrumb"},"inLanguage":"es-MX","potentialAction":[{"@type":"ReadAction","target":["https:\/\/graziamagazine.com\/mx\/articles\/clueless-tendra-reboot-con-un-giro-inesperado\/"]}]},{"@type":"BreadcrumbList","@id":"https:\/\/graziamagazine.com\/mx\/articles\/clueless-tendra-reboot-con-un-giro-inesperado\/#breadcrumb","itemListElement":[{"@type":"ListItem","position":1,"name":"Home","item":"https:\/\/graziamagazine.com\/mx\/"},{"@type":"ListItem","position":2,"name":"Clueless tendr\u00e1 reboot con un giro inesperado"}]},{"@type":"WebSite","@id":"https:\/\/graziamagazine.com\/mx\/#website","url":"https:\/\/graziamagazine.com\/mx\/","name":"Grazia M\u00e9xico y Latinoam\u00e9rica","description":"Grazia es moda, belleza y noticias  de actualidad ","potentialAction":[{"@type":"SearchAction","target":{"@type":"EntryPoint","urlTemplate":"https:\/\/graziamagazine.com\/mx\/?s={search_term_string}"},"query-input":"required name=search_term_string"}],"inLanguage":"es-MX"}]}},"jetpack_sharing_enabled":true,"distributor_meta":false,"distributor_terms":false,"distributor_media":false,"distributor_original_site_name":"Grazia M\u00e9xico y Latinoam\u00e9rica","distributor_original_site_url":"https:\/\/graziamagazine.com\/mx","push-errors":false,"_links":{"self":[{"href":"https:\/\/graziamagazine.com\/mx\/wp-json\/wp\/v2\/articles\/72601"}],"collection":[{"href":"https:\/\/graziamagazine.com\/mx\/wp-json\/wp\/v2\/articles"}],"about":[{"href":"https:\/\/graziamagazine.com\/mx\/wp-json\/wp\/v2\/types\/articles"}],"author":[{"embeddable":true,"href":"https:\/\/graziamagazine.com\/mx\/wp-json\/wp\/v2\/users\/11628"}],"wp:featuredmedia":[{"embeddable":true,"href":"https:\/\/graziamagazine.com\/mx\/wp-json\/wp\/v2\/media\/72648"}],"wp:attachment":[{"href":"https:\/\/graziamagazine.com\/mx\/wp-json\/wp\/v2\/media?parent=72601"}],"wp:term":[{"taxonomy":"category","embeddable":true,"href":"https:\/\/graziamagazine.com\/mx\/wp-json\/wp\/v2\/categories?post=72601"}],"curies":[{"name":"wp","href":"https:\/\/api.w.org\/{rel}","templated":true}]}}