{"id":72395,"date":"2019-10-14T12:15:50","date_gmt":"2019-10-14T17:15:50","guid":{"rendered":"https:\/\/graziamagazine.com\/mx\/?p=72395"},"modified":"2019-10-14T12:16:09","modified_gmt":"2019-10-14T17:16:09","slug":"the-weeknd-y-bella-hadid-regresaron","status":"publish","type":"articles","link":"https:\/\/graziamagazine.com\/mx\/articles\/the-weeknd-y-bella-hadid-regresaron\/","title":{"rendered":"The Weeknd y Bella Hadid, \u00bfregresaron?"},"content":{"rendered":"<p><span style=\"font-weight: 400;\">Tenemos una duda que no nos deja dormir: \u00bf<strong>Bella Hadid<\/strong> y <strong>The Weeknd<\/strong> regresaron? Como ya sabes, el drama ha sido protagonista en esta relaci\u00f3n y desde que inici\u00f3 han atravesado inumerables altas y bajas. Sin embargo, pens\u00e1bamos <a href=\"https:\/\/graziamagazine.com\/mx\/una-vez-mas-bella-hadid-y-the-weeknd-terminaron\/\" target=\"_blank\" rel=\"noopener\">esa \u00faltima ruptura<\/a> s\u00ed ser\u00eda definitiva y al parecer est\u00e1bamos equivocadas.<\/span><span style=\"font-weight: 400;\">\u00a0<\/span><\/p>\n<p><span style=\"font-weight: 400;\">Las dudas vienen porque la modelo cumpli\u00f3 23 a\u00f1os hace d\u00edas, y<strong> Abel Tesfaye<\/strong> (<em>aka<\/em> The Weeknd) estuvo presente en su fiesta. Y es que seg\u00fan informaron algunos invitados al evento, el cantante no solo hizo acto de presencia, sino que adem\u00e1s tuvo momentos muy rom\u00e1nticos con Bella.<\/span><\/p>\n<p><span style=\"font-weight: 400;\">&#8220;Tesfaye se reuni\u00f3 con Hadid para celebrar su tercer cumplea\u00f1os en <em>L&#8217;Avenue<\/em>. Estuvo con ella toda la noche y se fueron juntos para regresar al departamento que ambos compart\u00edan. Se notaba que definitivamente estaban enamorados y que ambos se ve\u00edan muy felices de estar juntos&#8221;, dijo la fuente <a href=\"https:\/\/www.eonline.com\/news\/1082098\/bella-hadid-and-the-weeknd-are-back-together-2-months-after-split\" target=\"_blank\" rel=\"noopener\" target=\"_blank\">seg\u00fan <em>E! News<\/em><\/a>. &#8220;Bella y Abel han estado en contacto las \u00faltimas dos semanas y han estado trabajando en su relaci\u00f3n. Inicialmente, Abel se le acerc\u00f3 a Bella para saludarla, y ella acord\u00f3 encontrarse con \u00e9l\u201d, a\u00f1adi\u00f3.<\/span><\/p>\n<p><span style=\"font-weight: 400;\">Adem\u00e1s de los amigos cercanos a la modelo, en la fiesta estuvo presente su familia:\u00a0<strong>Gigi Hadid<\/strong>, su madre Yolanda, su hermano <strong>Anwar Hadid<\/strong> y su novia <strong>Dua Lipa<\/strong>.\u00a0As\u00ed que el hecho de que Abel haya estado convivi\u00e9ndolos, nos hace pensar que s\u00ed regresaron.<\/span><\/p>\n<p><span style=\"font-weight: 400;\">&#8220;No se perdi\u00f3 el amor entre los dos, Abel s\u00f3lo ten\u00eda algunas cosas en las que necesitaba trabajar y su enfoque estaba en otra parte. Est\u00e1n en un lugar mejor en este momento, pero tratan de mantener las cosas en un bajo perfil. Ambos quieren ser m\u00e1s privados al respecto esta vez&#8221;, asegur\u00f3 la fuente.\u00a0<\/span><span style=\"font-weight: 400;\">Sin embargo, amigos cercanos a The Weeknd dicen que solo son amigos que mantienen una relaci\u00f3n cari\u00f1osa y de respeto, y que vio a Bella solo porque era su cumplea\u00f1os. \u00bfQu\u00e9 estar\u00e1 pasando realmente?<\/span><\/p>\n<p><span style=\"font-weight: 400;\">Sabemos que la ruptura fue muy dif\u00edcil para la modelo. Ella <a href=\"https:\/\/graziamagazine.com\/mx\/el-incomodo-reencuentro-de-bella-hadid-y-the-weeknd\/\" target=\"_blank\" rel=\"noopener\">se dej\u00f3 ver con semblante triste un par de veces<\/a> y se deprimi\u00f3 como lo har\u00eda cualquier persona frente a una separaci\u00f3n. De hecho, comparti\u00f3 un mensaje a trav\u00e9s de Instagram\u00a0<\/span><span style=\"font-weight: 400;\">con palabras muy poderosas en torno al D\u00eda Internacional de la Salud Mental:\u00a0<\/span><\/p>\n<blockquote class=\"instagram-media\" data-instgrm-captioned data-instgrm-permalink=\"https:\/\/www.instagram.com\/p\/B3fOqawgrC9\/?utm_source=ig_embed&amp;utm_campaign=loading\" data-instgrm-version=\"12\" style=\" background:#FFF; border:0; border-radius:3px; box-shadow:0 0 1px 0 rgba(0,0,0,0.5),0 1px 10px 0 rgba(0,0,0,0.15); margin: 1px; max-width:500px; min-width:326px; padding:0; width:99.375%; width:-webkit-calc(100% - 2px); width:calc(100% - 2px);\">\n<div style=\"padding:16px;\"> <a href=\"https:\/\/www.instagram.com\/p\/B3fOqawgrC9\/?utm_source=ig_embed&amp;utm_campaign=loading\" style=\" background:#FFFFFF; line-height:0; padding:0 0; text-align:center; text-decoration:none; width:100%;\" target=\"_blank\"> <\/p>\n<div style=\" display: flex; flex-direction: row; align-items: center;\">\n<div style=\"background-color: #F4F4F4; border-radius: 50%; flex-grow: 0; height: 40px; margin-right: 14px; width: 40px;\"><\/div>\n<div style=\"display: flex; flex-direction: column; flex-grow: 1; justify-content: center;\">\n<div style=\" background-color: #F4F4F4; border-radius: 4px; flex-grow: 0; height: 14px; margin-bottom: 6px; width: 100px;\"><\/div>\n<div style=\" background-color: #F4F4F4; border-radius: 4px; flex-grow: 0; height: 14px; width: 60px;\"><\/div>\n<\/div>\n<\/div>\n<div style=\"padding: 19% 0;\"><\/div>\n<div style=\"display:block; height:50px; margin:0 auto 12px; width:50px;\"><svg width=\"50px\" height=\"50px\" viewBox=\"0 0 60 60\" version=\"1.1\" xmlns=\"https:\/\/www.w3.org\/2000\/svg\" xmlns:xlink=\"https:\/\/www.w3.org\/1999\/xlink\"><g stroke=\"none\" stroke-width=\"1\" fill=\"none\" fill-rule=\"evenodd\"><g transform=\"translate(-511.000000, -20.000000)\" fill=\"#000000\"><g><path d=\"M556.869,30.41 C554.814,30.41 553.148,32.076 553.148,34.131 C553.148,36.186 554.814,37.852 556.869,37.852 C558.924,37.852 560.59,36.186 560.59,34.131 C560.59,32.076 558.924,30.41 556.869,30.41 M541,60.657 C535.114,60.657 530.342,55.887 530.342,50 C530.342,44.114 535.114,39.342 541,39.342 C546.887,39.342 551.658,44.114 551.658,50 C551.658,55.887 546.887,60.657 541,60.657 M541,33.886 C532.1,33.886 524.886,41.1 524.886,50 C524.886,58.899 532.1,66.113 541,66.113 C549.9,66.113 557.115,58.899 557.115,50 C557.115,41.1 549.9,33.886 541,33.886 M565.378,62.101 C565.244,65.022 564.756,66.606 564.346,67.663 C563.803,69.06 563.154,70.057 562.106,71.106 C561.058,72.155 560.06,72.803 558.662,73.347 C557.607,73.757 556.021,74.244 553.102,74.378 C549.944,74.521 548.997,74.552 541,74.552 C533.003,74.552 532.056,74.521 528.898,74.378 C525.979,74.244 524.393,73.757 523.338,73.347 C521.94,72.803 520.942,72.155 519.894,71.106 C518.846,70.057 518.197,69.06 517.654,67.663 C517.244,66.606 516.755,65.022 516.623,62.101 C516.479,58.943 516.448,57.996 516.448,50 C516.448,42.003 516.479,41.056 516.623,37.899 C516.755,34.978 517.244,33.391 517.654,32.338 C518.197,30.938 518.846,29.942 519.894,28.894 C520.942,27.846 521.94,27.196 523.338,26.654 C524.393,26.244 525.979,25.756 528.898,25.623 C532.057,25.479 533.004,25.448 541,25.448 C548.997,25.448 549.943,25.479 553.102,25.623 C556.021,25.756 557.607,26.244 558.662,26.654 C560.06,27.196 561.058,27.846 562.106,28.894 C563.154,29.942 563.803,30.938 564.346,32.338 C564.756,33.391 565.244,34.978 565.378,37.899 C565.522,41.056 565.552,42.003 565.552,50 C565.552,57.996 565.522,58.943 565.378,62.101 M570.82,37.631 C570.674,34.438 570.167,32.258 569.425,30.349 C568.659,28.377 567.633,26.702 565.965,25.035 C564.297,23.368 562.623,22.342 560.652,21.575 C558.743,20.834 556.562,20.326 553.369,20.18 C550.169,20.033 549.148,20 541,20 C532.853,20 531.831,20.033 528.631,20.18 C525.438,20.326 523.257,20.834 521.349,21.575 C519.376,22.342 517.703,23.368 516.035,25.035 C514.368,26.702 513.342,28.377 512.574,30.349 C511.834,32.258 511.326,34.438 511.181,37.631 C511.035,40.831 511,41.851 511,50 C511,58.147 511.035,59.17 511.181,62.369 C511.326,65.562 511.834,67.743 512.574,69.651 C513.342,71.625 514.368,73.296 516.035,74.965 C517.703,76.634 519.376,77.658 521.349,78.425 C523.257,79.167 525.438,79.673 528.631,79.82 C531.831,79.965 532.853,80.001 541,80.001 C549.148,80.001 550.169,79.965 553.369,79.82 C556.562,79.673 558.743,79.167 560.652,78.425 C562.623,77.658 564.297,76.634 565.965,74.965 C567.633,73.296 568.659,71.625 569.425,69.651 C570.167,67.743 570.674,65.562 570.82,62.369 C570.966,59.17 571,58.147 571,50 C571,41.851 570.966,40.831 570.82,37.631\"><\/path><\/g><\/g><\/g><\/svg><\/div>\n<div style=\"padding-top: 8px;\">\n<div style=\" color:#3897f0; font-family:Arial,sans-serif; font-size:14px; font-style:normal; font-weight:550; line-height:18px;\"> View this post on Instagram<\/div>\n<\/div>\n<div style=\"padding: 12.5% 0;\"><\/div>\n<div style=\"display: flex; flex-direction: row; margin-bottom: 14px; align-items: center;\">\n<div>\n<div style=\"background-color: #F4F4F4; border-radius: 50%; height: 12.5px; width: 12.5px; transform: translateX(0px) translateY(7px);\"><\/div>\n<div style=\"background-color: #F4F4F4; height: 12.5px; transform: rotate(-45deg) translateX(3px) translateY(1px); width: 12.5px; flex-grow: 0; margin-right: 14px; margin-left: 2px;\"><\/div>\n<div style=\"background-color: #F4F4F4; border-radius: 50%; height: 12.5px; width: 12.5px; transform: translateX(9px) translateY(-18px);\"><\/div>\n<\/div>\n<div style=\"margin-left: 8px;\">\n<div style=\" background-color: #F4F4F4; border-radius: 50%; flex-grow: 0; height: 20px; width: 20px;\"><\/div>\n<div style=\" width: 0; height: 0; border-top: 2px solid transparent; border-left: 6px solid #f4f4f4; border-bottom: 2px solid transparent; transform: translateX(16px) translateY(-4px) rotate(30deg)\"><\/div>\n<\/div>\n<div style=\"margin-left: auto;\">\n<div style=\" width: 0px; border-top: 8px solid #F4F4F4; border-right: 8px solid transparent; transform: translateY(16px);\"><\/div>\n<div style=\" background-color: #F4F4F4; flex-grow: 0; height: 12px; width: 16px; transform: translateY(-4px);\"><\/div>\n<div style=\" width: 0; height: 0; border-top: 8px solid #F4F4F4; border-left: 8px solid transparent; transform: translateY(-4px) translateX(8px);\"><\/div>\n<\/div>\n<\/div>\n<p><\/a> <\/p>\n<p style=\" margin:8px 0 0 0; padding:0 4px;\"> <a href=\"https:\/\/www.instagram.com\/p\/B3fOqawgrC9\/?utm_source=ig_embed&amp;utm_campaign=loading\" style=\" color:#000; font-family:Arial,sans-serif; font-size:14px; font-style:normal; font-weight:normal; line-height:17px; text-decoration:none; word-wrap:break-word;\" target=\"_blank\" target=\"_blank\">I wanted to say thank you so much for all the birthday wishes. You have no idea how much it means to me reading each message.\ud83d\udc9b Yesterday was mental health awareness day. A struggle that I know a majority of us have dealt with in the past or dealing with currently. And if not, you probably know someone who is.. something that I have been dealing with for a few years but finally at a point where it doesn\u2019t consume me as much as before. still have bad days along with the good, but grateful and proud of myself to be in the place that I am today, going into my 23rd year of life. with that being said , I would like to add that everything you see online or through social media is not always what it seems..the happiness we create online while being sad in real life makes no sense, but sometimes it just seems easier to live within your sadness rather than talk about it. if it wasn\u2019t for the people closest to me, I probably would have still been in that place, and for that, I am forever thankful to them&#8230;don\u2019t feel pressured by things online&#8230;if you don\u2019t want to get out of bed, don\u2019t. If you want to cancel plans, cancel them. Being kind and protective to yourself and your energy is something I\u2019ve learned to be helpful. When the world feels like it is collapsing around you, you are allowed to ask for help&#8230; you do not have to deal w\/ your mental state alone. We need to spread love and allow love in. Be kind ! To the people around you! strangers! everyone!.be aware! the moments that we have are singular and you will never know the struggle or the pain of another person until you are in their shoes. so reach out n ask. We all need love&amp;support and if you can be the one to bring somebody happiness or a calmness that they can&#39;t find in themselves, please be that person..You never know how much your words or just a smile can change someone\u2019s day n even yours as well.If you are reading this and feel like there\u2019s no light at the end of the tunnel&#8230; there is &#8230; and I see you ! You are strong , you are good enough and you DESERVE to be happy!!I am going to write a new morning mantra right now and you should too!  I love all of you out there so much! Sending a big virtual hug<\/a><\/p>\n<p style=\" color:#c9c8cd; font-family:Arial,sans-serif; font-size:14px; line-height:17px; margin-bottom:0; margin-top:8px; overflow:hidden; padding:8px 0 7px; text-align:center; text-overflow:ellipsis; white-space:nowrap;\">A post shared by <a href=\"https:\/\/www.instagram.com\/bellahadid\/?utm_source=ig_embed&amp;utm_campaign=loading\" style=\" color:#c9c8cd; font-family:Arial,sans-serif; font-size:14px; font-style:normal; font-weight:normal; line-height:17px;\" target=\"_blank\" target=\"_blank\"> Bella \ud83e\udd8b<\/a> (@bellahadid) on <time style=\" font-family:Arial,sans-serif; font-size:14px; line-height:17px;\" datetime=\"2019-10-11T18:27:30+00:00\">Oct 11, 2019 at 11:27am PDT<\/time><\/p>\n<\/div>\n<\/blockquote>\n<p><script async src=\"\/\/www.instagram.com\/embed.js\"><\/script><\/p>\n<h5><em>*IMAGEN: Getty Images<\/em><\/h5>\n","protected":false},"author":11628,"featured_media":72407,"template":"","format":"standard","categories":[2],"acf":[],"yoast_head":"<!-- This site is optimized with the Yoast SEO Premium plugin v18.5 (Yoast SEO v20.4) - https:\/\/yoast.com\/wordpress\/plugins\/seo\/ -->\n<title>The Weeknd y Bella Hadid, \u00bfregresaron? | Grazia M\u00e9xico y Latinoam\u00e9rica<\/title>\n<meta name=\"description\" content=\"The Weeknd y Bella Hadid se reunieron y todo indica que ya regresaron. \u00bfSer\u00e1 cierto? Te contamos los detalles del encuentro.\" \/>\n<meta name=\"robots\" content=\"index, follow, max-snippet:-1, max-image-preview:large, max-video-preview:-1\" \/>\n<link rel=\"canonical\" href=\"https:\/\/graziamagazine.com\/mx\/articles\/the-weeknd-y-bella-hadid-regresaron\/\" \/>\n<meta property=\"og:locale\" content=\"es_MX\" \/>\n<meta property=\"og:type\" content=\"article\" \/>\n<meta property=\"og:title\" content=\"The Weeknd y Bella Hadid, \u00bfregresaron?\" \/>\n<meta property=\"og:description\" content=\"The Weeknd y Bella Hadid se reunieron y todo indica que ya regresaron. \u00bfSer\u00e1 cierto? Te contamos los detalles del encuentro.\" \/>\n<meta property=\"og:url\" content=\"https:\/\/graziamagazine.com\/mx\/articles\/the-weeknd-y-bella-hadid-regresaron\/\" \/>\n<meta property=\"og:site_name\" content=\"Grazia M\u00e9xico y Latinoam\u00e9rica\" \/>\n<meta property=\"article:modified_time\" content=\"2019-10-14T17:16:09+00:00\" \/>\n<meta property=\"og:image\" content=\"https:\/\/graziamagazine.com\/mx\/wp-content\/uploads\/sites\/13\/2019\/10\/the-weeknd-y-bella-hadid-regresaron-destacada.jpg?fit=970%2C546\" \/>\n\t<meta property=\"og:image:width\" content=\"970\" \/>\n\t<meta property=\"og:image:height\" content=\"546\" \/>\n\t<meta property=\"og:image:type\" content=\"image\/jpeg\" \/>\n<meta name=\"twitter:card\" content=\"summary_large_image\" \/>\n<meta name=\"twitter:label1\" content=\"Est. reading time\" \/>\n\t<meta name=\"twitter:data1\" content=\"2 minutos\" \/>\n<script type=\"application\/ld+json\" class=\"yoast-schema-graph\">{\"@context\":\"https:\/\/schema.org\",\"@graph\":[{\"@type\":\"WebPage\",\"@id\":\"https:\/\/graziamagazine.com\/mx\/articles\/the-weeknd-y-bella-hadid-regresaron\/\",\"url\":\"https:\/\/graziamagazine.com\/mx\/articles\/the-weeknd-y-bella-hadid-regresaron\/\",\"name\":\"The Weeknd y Bella Hadid, \u00bfregresaron? | Grazia M\u00e9xico y Latinoam\u00e9rica\",\"isPartOf\":{\"@id\":\"https:\/\/graziamagazine.com\/mx\/#website\"},\"datePublished\":\"2019-10-14T17:15:50+00:00\",\"dateModified\":\"2019-10-14T17:16:09+00:00\",\"description\":\"The Weeknd y Bella Hadid se reunieron y todo indica que ya regresaron. \u00bfSer\u00e1 cierto? Te contamos los detalles del encuentro.\",\"breadcrumb\":{\"@id\":\"https:\/\/graziamagazine.com\/mx\/articles\/the-weeknd-y-bella-hadid-regresaron\/#breadcrumb\"},\"inLanguage\":\"es-MX\",\"potentialAction\":[{\"@type\":\"ReadAction\",\"target\":[\"https:\/\/graziamagazine.com\/mx\/articles\/the-weeknd-y-bella-hadid-regresaron\/\"]}]},{\"@type\":\"BreadcrumbList\",\"@id\":\"https:\/\/graziamagazine.com\/mx\/articles\/the-weeknd-y-bella-hadid-regresaron\/#breadcrumb\",\"itemListElement\":[{\"@type\":\"ListItem\",\"position\":1,\"name\":\"Home\",\"item\":\"https:\/\/graziamagazine.com\/mx\/\"},{\"@type\":\"ListItem\",\"position\":2,\"name\":\"The Weeknd y Bella Hadid, \u00bfregresaron?\"}]},{\"@type\":\"WebSite\",\"@id\":\"https:\/\/graziamagazine.com\/mx\/#website\",\"url\":\"https:\/\/graziamagazine.com\/mx\/\",\"name\":\"Grazia M\u00e9xico y Latinoam\u00e9rica\",\"description\":\"Grazia es moda, belleza y noticias  de actualidad \",\"potentialAction\":[{\"@type\":\"SearchAction\",\"target\":{\"@type\":\"EntryPoint\",\"urlTemplate\":\"https:\/\/graziamagazine.com\/mx\/?s={search_term_string}\"},\"query-input\":\"required name=search_term_string\"}],\"inLanguage\":\"es-MX\"}]}<\/script>\n<!-- \/ Yoast SEO Premium plugin. -->","yoast_head_json":{"title":"The Weeknd y Bella Hadid, \u00bfregresaron? | Grazia M\u00e9xico y Latinoam\u00e9rica","description":"The Weeknd y Bella Hadid se reunieron y todo indica que ya regresaron. \u00bfSer\u00e1 cierto? Te contamos los detalles del encuentro.","robots":{"index":"index","follow":"follow","max-snippet":"max-snippet:-1","max-image-preview":"max-image-preview:large","max-video-preview":"max-video-preview:-1"},"canonical":"https:\/\/graziamagazine.com\/mx\/articles\/the-weeknd-y-bella-hadid-regresaron\/","og_locale":"es_MX","og_type":"article","og_title":"The Weeknd y Bella Hadid, \u00bfregresaron?","og_description":"The Weeknd y Bella Hadid se reunieron y todo indica que ya regresaron. \u00bfSer\u00e1 cierto? Te contamos los detalles del encuentro.","og_url":"https:\/\/graziamagazine.com\/mx\/articles\/the-weeknd-y-bella-hadid-regresaron\/","og_site_name":"Grazia M\u00e9xico y Latinoam\u00e9rica","article_modified_time":"2019-10-14T17:16:09+00:00","og_image":[{"width":970,"height":546,"url":"https:\/\/graziamagazine.com\/mx\/wp-content\/uploads\/sites\/13\/2019\/10\/the-weeknd-y-bella-hadid-regresaron-destacada.jpg?fit=970%2C546","type":"image\/jpeg"}],"twitter_card":"summary_large_image","twitter_misc":{"Est. reading time":"2 minutos"},"schema":{"@context":"https:\/\/schema.org","@graph":[{"@type":"WebPage","@id":"https:\/\/graziamagazine.com\/mx\/articles\/the-weeknd-y-bella-hadid-regresaron\/","url":"https:\/\/graziamagazine.com\/mx\/articles\/the-weeknd-y-bella-hadid-regresaron\/","name":"The Weeknd y Bella Hadid, \u00bfregresaron? | Grazia M\u00e9xico y Latinoam\u00e9rica","isPartOf":{"@id":"https:\/\/graziamagazine.com\/mx\/#website"},"datePublished":"2019-10-14T17:15:50+00:00","dateModified":"2019-10-14T17:16:09+00:00","description":"The Weeknd y Bella Hadid se reunieron y todo indica que ya regresaron. \u00bfSer\u00e1 cierto? Te contamos los detalles del encuentro.","breadcrumb":{"@id":"https:\/\/graziamagazine.com\/mx\/articles\/the-weeknd-y-bella-hadid-regresaron\/#breadcrumb"},"inLanguage":"es-MX","potentialAction":[{"@type":"ReadAction","target":["https:\/\/graziamagazine.com\/mx\/articles\/the-weeknd-y-bella-hadid-regresaron\/"]}]},{"@type":"BreadcrumbList","@id":"https:\/\/graziamagazine.com\/mx\/articles\/the-weeknd-y-bella-hadid-regresaron\/#breadcrumb","itemListElement":[{"@type":"ListItem","position":1,"name":"Home","item":"https:\/\/graziamagazine.com\/mx\/"},{"@type":"ListItem","position":2,"name":"The Weeknd y Bella Hadid, \u00bfregresaron?"}]},{"@type":"WebSite","@id":"https:\/\/graziamagazine.com\/mx\/#website","url":"https:\/\/graziamagazine.com\/mx\/","name":"Grazia M\u00e9xico y Latinoam\u00e9rica","description":"Grazia es moda, belleza y noticias  de actualidad ","potentialAction":[{"@type":"SearchAction","target":{"@type":"EntryPoint","urlTemplate":"https:\/\/graziamagazine.com\/mx\/?s={search_term_string}"},"query-input":"required name=search_term_string"}],"inLanguage":"es-MX"}]}},"jetpack_sharing_enabled":true,"distributor_meta":false,"distributor_terms":false,"distributor_media":false,"distributor_original_site_name":"Grazia M\u00e9xico y Latinoam\u00e9rica","distributor_original_site_url":"https:\/\/graziamagazine.com\/mx","push-errors":false,"_links":{"self":[{"href":"https:\/\/graziamagazine.com\/mx\/wp-json\/wp\/v2\/articles\/72395"}],"collection":[{"href":"https:\/\/graziamagazine.com\/mx\/wp-json\/wp\/v2\/articles"}],"about":[{"href":"https:\/\/graziamagazine.com\/mx\/wp-json\/wp\/v2\/types\/articles"}],"author":[{"embeddable":true,"href":"https:\/\/graziamagazine.com\/mx\/wp-json\/wp\/v2\/users\/11628"}],"wp:featuredmedia":[{"embeddable":true,"href":"https:\/\/graziamagazine.com\/mx\/wp-json\/wp\/v2\/media\/72407"}],"wp:attachment":[{"href":"https:\/\/graziamagazine.com\/mx\/wp-json\/wp\/v2\/media?parent=72395"}],"wp:term":[{"taxonomy":"category","embeddable":true,"href":"https:\/\/graziamagazine.com\/mx\/wp-json\/wp\/v2\/categories?post=72395"}],"curies":[{"name":"wp","href":"https:\/\/api.w.org\/{rel}","templated":true}]}}