{"id":71996,"date":"2019-10-03T10:52:12","date_gmt":"2019-10-03T15:52:12","guid":{"rendered":"https:\/\/graziamagazine.com\/mx\/?p=71996"},"modified":"2019-10-03T11:09:49","modified_gmt":"2019-10-03T16:09:49","slug":"es-tyga-la-razon-de-la-ruptura-entre-kylie-jenner-y-travis-scott","status":"publish","type":"articles","link":"https:\/\/graziamagazine.com\/mx\/articles\/es-tyga-la-razon-de-la-ruptura-entre-kylie-jenner-y-travis-scott\/","title":{"rendered":"\u00bfEs Tyga la raz\u00f3n de la ruptura entre Kylie Jenner y Travis Scott?"},"content":{"rendered":"<p><span style=\"font-weight: 400;\">Una de dos. O <strong>Kylie Jenner<\/strong> ya super\u00f3 a <strong>Travis Scott<\/strong> o <strong>Tyga<\/strong> fue la verdadera raz\u00f3n de <a href=\"https:\/\/graziamagazine.com\/mx\/kylie-jenner-y-travis-scott-terminan-su-relacion\/\" target=\"_blank\" rel=\"noopener\">la ruptura entre la empresaria y el rapero<\/a>, porque a un d\u00eda de haberse confirmado la separaci\u00f3n entre este par, Kylie sali\u00f3 de fiesta con su ex, Tyga.<\/span><\/p>\n<p><span style=\"font-weight: 400;\">Todo comenz\u00f3 cuando la menor del clan <strong>Kardashian-Jenner<\/strong> sali\u00f3 a cenar con sus amigas Anastasia &#8216;Stassie&#8217; Karanikolaou y Kelsey Calemine a Delilah, uno de los lugares de moda en <em>West Hollywood<\/em>, y Tyga estaba cerca. Una fuente cercana declar\u00f3 que &#8220;Tyga estaba con algunos de los amigos que tienen en com\u00fan en Sunset Marquis e invit\u00f3 a Kylie y a sus amigas para que salieran un rato con ellos ya que ya estaban por ah\u00ed\u201d, y a\u00f1adi\u00f3 que no pasa nada rom\u00e1ntico entre ellos. Suena l\u00f3gico que si compartes amistades, eventualmente te encuentres con tu ex, \u00bfno?<\/span><\/p>\n<p><span style=\"font-weight: 400;\">Kylie y sus amigas aceptaron la invitaci\u00f3n, y se trasladaron al Sunset Marquis\u00a0\u2014un hotel con estudio de grabaci\u00f3n en el que Tyga est\u00e1 trabajando sus nuevas canciones\u2014 en el Rolls Royce azul que pertenece a la <em>beauty mogul.<\/em> <a href=\"https:\/\/www.dailymail.co.uk\/tvshowbiz\/article-7529861\/Kylie-Jenner-drives-Tygas-recording-studio-2am-Travis-Scott-split.html\" target=\"_blank\" rel=\"noopener\" target=\"_blank\">Seg\u00fan reportaron algunos medios locales<\/a>, las amigas llegaron a media noche y se fueron aproximadamente a las dos de la ma\u00f1ana.<\/span><\/p>\n<p><span style=\"font-weight: 400;\">\u00bfSer\u00e1 una se\u00f1al de que a\u00fan hay algo entre Kylie y Tyga? Pues\u00a0<\/span>Jenner hizo comentarios al respecto v\u00eda Twitter y al parecer no est\u00e1 feliz con los rumores. &#8220;El Internet hace todo cien veces m\u00e1s dram\u00e1tico de lo que realmente es. No hubo &#8216;una cita a las dos de la ma\u00f1ana con Tyga&#8217;. Me vieron salir con dos de mis amigas de un estudio en donde \u00e9l tambi\u00e9n estaba&#8221;, coment\u00f3. &#8220;Travis y yo estamos en buenos t\u00e9rminos y nuestro enfoque principal por el momento es Stormi. Nuestra amistad y nuestra hija es nuestra prioridad&#8221;.<\/p>\n<blockquote class=\"twitter-tweet\" data-width=\"500\" data-dnt=\"true\">\n<p lang=\"en\" dir=\"ltr\">The internet makes everything 100 times more dramatic than what it really is. There was no \u201c2am date with Tyga\u201d. You see me drop two of my friends off at a studio that he happened to be at.<\/p>\n<p>&mdash; Kylie Jenner (@KylieJenner) <a href=\"https:\/\/twitter.com\/KylieJenner\/status\/1179770770722934784?ref_src=twsrc%5Etfw\" target=\"_blank\">October 3, 2019<\/a><\/p><\/blockquote>\n<p><script async src=\"https:\/\/platform.twitter.com\/widgets.js\" charset=\"utf-8\"><\/script><\/p>\n<blockquote class=\"twitter-tweet\" data-width=\"500\" data-dnt=\"true\">\n<p lang=\"en\" dir=\"ltr\">Travis and i are on great terms and our main focus right now is Stormi \u203c\ufe0f our friendship and our daughter is priority<\/p>\n<p>&mdash; Kylie Jenner (@KylieJenner) <a href=\"https:\/\/twitter.com\/KylieJenner\/status\/1179770902625415171?ref_src=twsrc%5Etfw\" target=\"_blank\">October 3, 2019<\/a><\/p><\/blockquote>\n<p><script async src=\"https:\/\/platform.twitter.com\/widgets.js\" charset=\"utf-8\"><\/script><\/p>\n<p>As\u00ed Jenner confirm\u00f3 lo que hasta hoy por la ma\u00f1ana era un rumor: su separaci\u00f3n de Travis.<\/p>\n<p>&nbsp;<\/p>\n<h5><em>*IMAGEN: Getty Images<\/em><\/h5>\n","protected":false},"author":11628,"featured_media":72000,"template":"","format":"standard","categories":[2],"acf":[],"yoast_head":"<!-- This site is optimized with the Yoast SEO Premium plugin v18.5 (Yoast SEO v20.4) - https:\/\/yoast.com\/wordpress\/plugins\/seo\/ -->\n<title>\u00bfEs Tyga la raz\u00f3n de la ruptura entre Kylie Jenner y Travis Scott? | Grazia M\u00e9xico y Latinoam\u00e9rica<\/title>\n<meta name=\"description\" content=\"Apenas nos enteramos de la ruptura oficial entre Kylie y Travis y rumores de una supuesta cita con Tyga a las dos de la ma\u00f1ana ya se hicieron virales.\" \/>\n<meta name=\"robots\" content=\"index, follow, max-snippet:-1, max-image-preview:large, max-video-preview:-1\" \/>\n<link rel=\"canonical\" href=\"https:\/\/graziamagazine.com\/mx\/articles\/es-tyga-la-razon-de-la-ruptura-entre-kylie-jenner-y-travis-scott\/\" \/>\n<meta property=\"og:locale\" content=\"es_MX\" \/>\n<meta property=\"og:type\" content=\"article\" \/>\n<meta property=\"og:title\" content=\"\u00bfEs Tyga la raz\u00f3n de la ruptura entre Kylie Jenner y Travis Scott?\" \/>\n<meta property=\"og:description\" content=\"Apenas nos enteramos de la ruptura oficial entre Kylie y Travis y rumores de una supuesta cita con Tyga a las dos de la ma\u00f1ana ya se hicieron virales.\" \/>\n<meta property=\"og:url\" content=\"https:\/\/graziamagazine.com\/mx\/articles\/es-tyga-la-razon-de-la-ruptura-entre-kylie-jenner-y-travis-scott\/\" \/>\n<meta property=\"og:site_name\" content=\"Grazia M\u00e9xico y Latinoam\u00e9rica\" \/>\n<meta property=\"article:modified_time\" content=\"2019-10-03T16:09:49+00:00\" \/>\n<meta property=\"og:image\" content=\"https:\/\/graziamagazine.com\/mx\/wp-content\/uploads\/sites\/13\/2019\/10\/es-tyga-la-razon-de-la-ruptura-entre-kylie-jenner-y-travis-scott-destacada.jpeg?fit=680%2C453\" \/>\n\t<meta property=\"og:image:width\" content=\"680\" \/>\n\t<meta property=\"og:image:height\" content=\"453\" \/>\n\t<meta property=\"og:image:type\" content=\"image\/jpeg\" \/>\n<meta name=\"twitter:card\" content=\"summary_large_image\" \/>\n<meta name=\"twitter:label1\" content=\"Est. reading time\" \/>\n\t<meta name=\"twitter:data1\" content=\"2 minutos\" \/>\n<script type=\"application\/ld+json\" class=\"yoast-schema-graph\">{\"@context\":\"https:\/\/schema.org\",\"@graph\":[{\"@type\":\"WebPage\",\"@id\":\"https:\/\/graziamagazine.com\/mx\/articles\/es-tyga-la-razon-de-la-ruptura-entre-kylie-jenner-y-travis-scott\/\",\"url\":\"https:\/\/graziamagazine.com\/mx\/articles\/es-tyga-la-razon-de-la-ruptura-entre-kylie-jenner-y-travis-scott\/\",\"name\":\"\u00bfEs Tyga la raz\u00f3n de la ruptura entre Kylie Jenner y Travis Scott? | Grazia M\u00e9xico y Latinoam\u00e9rica\",\"isPartOf\":{\"@id\":\"https:\/\/graziamagazine.com\/mx\/#website\"},\"datePublished\":\"2019-10-03T15:52:12+00:00\",\"dateModified\":\"2019-10-03T16:09:49+00:00\",\"description\":\"Apenas nos enteramos de la ruptura oficial entre Kylie y Travis y rumores de una supuesta cita con Tyga a las dos de la ma\u00f1ana ya se hicieron virales.\",\"breadcrumb\":{\"@id\":\"https:\/\/graziamagazine.com\/mx\/articles\/es-tyga-la-razon-de-la-ruptura-entre-kylie-jenner-y-travis-scott\/#breadcrumb\"},\"inLanguage\":\"es-MX\",\"potentialAction\":[{\"@type\":\"ReadAction\",\"target\":[\"https:\/\/graziamagazine.com\/mx\/articles\/es-tyga-la-razon-de-la-ruptura-entre-kylie-jenner-y-travis-scott\/\"]}]},{\"@type\":\"BreadcrumbList\",\"@id\":\"https:\/\/graziamagazine.com\/mx\/articles\/es-tyga-la-razon-de-la-ruptura-entre-kylie-jenner-y-travis-scott\/#breadcrumb\",\"itemListElement\":[{\"@type\":\"ListItem\",\"position\":1,\"name\":\"Home\",\"item\":\"https:\/\/graziamagazine.com\/mx\/\"},{\"@type\":\"ListItem\",\"position\":2,\"name\":\"\u00bfEs Tyga la raz\u00f3n de la ruptura entre Kylie Jenner y Travis Scott?\"}]},{\"@type\":\"WebSite\",\"@id\":\"https:\/\/graziamagazine.com\/mx\/#website\",\"url\":\"https:\/\/graziamagazine.com\/mx\/\",\"name\":\"Grazia M\u00e9xico y Latinoam\u00e9rica\",\"description\":\"Grazia es moda, belleza y noticias  de actualidad \",\"potentialAction\":[{\"@type\":\"SearchAction\",\"target\":{\"@type\":\"EntryPoint\",\"urlTemplate\":\"https:\/\/graziamagazine.com\/mx\/?s={search_term_string}\"},\"query-input\":\"required name=search_term_string\"}],\"inLanguage\":\"es-MX\"}]}<\/script>\n<!-- \/ Yoast SEO Premium plugin. -->","yoast_head_json":{"title":"\u00bfEs Tyga la raz\u00f3n de la ruptura entre Kylie Jenner y Travis Scott? | Grazia M\u00e9xico y Latinoam\u00e9rica","description":"Apenas nos enteramos de la ruptura oficial entre Kylie y Travis y rumores de una supuesta cita con Tyga a las dos de la ma\u00f1ana ya se hicieron virales.","robots":{"index":"index","follow":"follow","max-snippet":"max-snippet:-1","max-image-preview":"max-image-preview:large","max-video-preview":"max-video-preview:-1"},"canonical":"https:\/\/graziamagazine.com\/mx\/articles\/es-tyga-la-razon-de-la-ruptura-entre-kylie-jenner-y-travis-scott\/","og_locale":"es_MX","og_type":"article","og_title":"\u00bfEs Tyga la raz\u00f3n de la ruptura entre Kylie Jenner y Travis Scott?","og_description":"Apenas nos enteramos de la ruptura oficial entre Kylie y Travis y rumores de una supuesta cita con Tyga a las dos de la ma\u00f1ana ya se hicieron virales.","og_url":"https:\/\/graziamagazine.com\/mx\/articles\/es-tyga-la-razon-de-la-ruptura-entre-kylie-jenner-y-travis-scott\/","og_site_name":"Grazia M\u00e9xico y Latinoam\u00e9rica","article_modified_time":"2019-10-03T16:09:49+00:00","og_image":[{"width":680,"height":453,"url":"https:\/\/graziamagazine.com\/mx\/wp-content\/uploads\/sites\/13\/2019\/10\/es-tyga-la-razon-de-la-ruptura-entre-kylie-jenner-y-travis-scott-destacada.jpeg?fit=680%2C453","type":"image\/jpeg"}],"twitter_card":"summary_large_image","twitter_misc":{"Est. reading time":"2 minutos"},"schema":{"@context":"https:\/\/schema.org","@graph":[{"@type":"WebPage","@id":"https:\/\/graziamagazine.com\/mx\/articles\/es-tyga-la-razon-de-la-ruptura-entre-kylie-jenner-y-travis-scott\/","url":"https:\/\/graziamagazine.com\/mx\/articles\/es-tyga-la-razon-de-la-ruptura-entre-kylie-jenner-y-travis-scott\/","name":"\u00bfEs Tyga la raz\u00f3n de la ruptura entre Kylie Jenner y Travis Scott? | Grazia M\u00e9xico y Latinoam\u00e9rica","isPartOf":{"@id":"https:\/\/graziamagazine.com\/mx\/#website"},"datePublished":"2019-10-03T15:52:12+00:00","dateModified":"2019-10-03T16:09:49+00:00","description":"Apenas nos enteramos de la ruptura oficial entre Kylie y Travis y rumores de una supuesta cita con Tyga a las dos de la ma\u00f1ana ya se hicieron virales.","breadcrumb":{"@id":"https:\/\/graziamagazine.com\/mx\/articles\/es-tyga-la-razon-de-la-ruptura-entre-kylie-jenner-y-travis-scott\/#breadcrumb"},"inLanguage":"es-MX","potentialAction":[{"@type":"ReadAction","target":["https:\/\/graziamagazine.com\/mx\/articles\/es-tyga-la-razon-de-la-ruptura-entre-kylie-jenner-y-travis-scott\/"]}]},{"@type":"BreadcrumbList","@id":"https:\/\/graziamagazine.com\/mx\/articles\/es-tyga-la-razon-de-la-ruptura-entre-kylie-jenner-y-travis-scott\/#breadcrumb","itemListElement":[{"@type":"ListItem","position":1,"name":"Home","item":"https:\/\/graziamagazine.com\/mx\/"},{"@type":"ListItem","position":2,"name":"\u00bfEs Tyga la raz\u00f3n de la ruptura entre Kylie Jenner y Travis Scott?"}]},{"@type":"WebSite","@id":"https:\/\/graziamagazine.com\/mx\/#website","url":"https:\/\/graziamagazine.com\/mx\/","name":"Grazia M\u00e9xico y Latinoam\u00e9rica","description":"Grazia es moda, belleza y noticias  de actualidad ","potentialAction":[{"@type":"SearchAction","target":{"@type":"EntryPoint","urlTemplate":"https:\/\/graziamagazine.com\/mx\/?s={search_term_string}"},"query-input":"required name=search_term_string"}],"inLanguage":"es-MX"}]}},"jetpack_sharing_enabled":true,"distributor_meta":false,"distributor_terms":false,"distributor_media":false,"distributor_original_site_name":"Grazia M\u00e9xico y Latinoam\u00e9rica","distributor_original_site_url":"https:\/\/graziamagazine.com\/mx","push-errors":false,"_links":{"self":[{"href":"https:\/\/graziamagazine.com\/mx\/wp-json\/wp\/v2\/articles\/71996"}],"collection":[{"href":"https:\/\/graziamagazine.com\/mx\/wp-json\/wp\/v2\/articles"}],"about":[{"href":"https:\/\/graziamagazine.com\/mx\/wp-json\/wp\/v2\/types\/articles"}],"author":[{"embeddable":true,"href":"https:\/\/graziamagazine.com\/mx\/wp-json\/wp\/v2\/users\/11628"}],"wp:featuredmedia":[{"embeddable":true,"href":"https:\/\/graziamagazine.com\/mx\/wp-json\/wp\/v2\/media\/72000"}],"wp:attachment":[{"href":"https:\/\/graziamagazine.com\/mx\/wp-json\/wp\/v2\/media?parent=71996"}],"wp:term":[{"taxonomy":"category","embeddable":true,"href":"https:\/\/graziamagazine.com\/mx\/wp-json\/wp\/v2\/categories?post=71996"}],"curies":[{"name":"wp","href":"https:\/\/api.w.org\/{rel}","templated":true}]}}