{"id":71956,"date":"2019-10-03T11:45:23","date_gmt":"2019-10-03T16:45:23","guid":{"rendered":"https:\/\/graziamagazine.com\/mx\/?p=71956"},"modified":"2019-10-03T11:47:20","modified_gmt":"2019-10-03T16:47:20","slug":"gabriela-hearst-lanza-una-coleccion-con-causa-junto-a-mytheresa","status":"publish","type":"articles","link":"https:\/\/graziamagazine.com\/mx\/articles\/gabriela-hearst-lanza-una-coleccion-con-causa-junto-a-mytheresa\/","title":{"rendered":"Gabriela Hearst lanza una colecci\u00f3n con causa junto a Mytheresa"},"content":{"rendered":"<p><b>Gabriela Hearst<\/b> tom\u00f3 por sorpresa la escena de la moda en Nueva York. Y es que desde que su bolso <i>Nina<\/i> conquist\u00f3 el <i>street style<\/i> del mundo con personalidades como <b>Miroslava Duma<\/b>, <b>Zo\u00eb Kravitz<\/b> y la mism\u00edsima <a href=\"https:\/\/graziamagazine.com\/mx\/el-look-monocromatico-de-meghan-markle-para-visitar-sussex\/\" target=\"_blank\" rel=\"noopener\"><b>duquesa de Sussex<\/b><\/a>, la dise\u00f1adora nativa de Uruguay comenz\u00f3 a sonar en el mundo. Su est\u00e9tica minimalista y su reafirmante compromiso con el medio ambiente y la humanidad la llevaron a convertirse en la nueva <i>Mytheresa Woman<\/i>, el proyecto del <i>e-tailer<\/i> que aplaude la autonom\u00eda femenina y que ha celebrado a personalidades como <a href=\"https:\/\/graziamagazine.com\/mx\/tory-burch-se-une-a-mytheresa-com-para-empoderar-a-las-mujeres-a-traves-de-la-moda\/\" target=\"_blank\" rel=\"noopener\"><b>Tory Burch<\/b><\/a>, <b>Alexa Chung<\/b>, <b>Victoria Beckham<\/b>, entre otras.<\/p>\n<p><img decoding=\"async\" class=\"alignnone size-large wp-image-72010\" src=\"https:\/\/graziamagazine.com\/mx\/wp-content\/uploads\/sites\/13\/2019\/10\/gabriela-hearst-lanza-una-coleccion-con-causa-junto-a-mytheresa-1-700x1050.jpg\" alt=\"\" \/><\/p>\n<p>Si hay algo que caracteriza la firma hom\u00f3nima de Hearst, es su constante esfuerzo por apoyar lo hecho en su pa\u00eds natal. Habiendo heredado un rancho que ha pertenecido a su familia por seis generaciones consecutivas, Gabriela comprende el proceso textilero para innovar en el dise\u00f1o. \u201c[\u2026] Siempre digo que puedes alejar a la chica del pa\u00eds, pero nunca sacar el pa\u00eds de la chica [\u2026] Siempre estoy observando ese aspecto utilitario que [obtienes] cuando creces en un rancho. Y obviamente un aspecto sostenible tambi\u00e9n, porque cuando creces en un lugar lejano tiendes a valorar lo que tienes, porque no puede ir a la tienda y comprar algo\u201d, comenta la dise\u00f1adora en una exclusiva entrevista con Mytheresa.<\/p>\n<p>Adem\u00e1s de mantenerse como una abanderada de la moda de lujo y la sostenibilidad, Gabriela tambi\u00e9n busca crear una misi\u00f3n que abrace a las mujeres en todos los sentidos. Por ejemplo, en la p\u00e1gina de <a href=\"https:\/\/www.gabrielahearst.com\/blogs\/stories\/about-the-brand\" target=\"_blank\"><i>About<\/i><\/a> de su sitio, el texto destaca el uso de un forro especial en sus abrigos y chamarras para evitar que la radiaci\u00f3n de los celulares afecten los \u00f3rganos reproductivos de las mujeres. Son estas acciones lo que la llevan a ser un l\u00edder en el nuevo movimiento estadounidense de la moda. A eso, aun\u00e9mosle que la industria de la moda est\u00e1 comenzando a abordar la crisis del medio ambiente y Gabriela cree firmemente en el tema: \u201cEs crucial. La importancia es una verdadera necesidad porque no podemos continuar como funcionando como lo estamos haciendo ahora y debemos encontrar la forma de hacer lo que amamos y en lo que somos buenos. El negocio que estamos creando pero, cu\u00e1l es el verdadero costo [que paga] el mundo y nuestra la propia humanidad. As\u00ed que debemos pensar de nuevo c\u00f3mo hacemos las cosas. El lado positivo es que todas las herramientas existen, ahora solo nos queda hacer ese cambio\u201d.<\/p>\n<p><img decoding=\"async\" class=\"alignnone size-large wp-image-72011\" src=\"https:\/\/graziamagazine.com\/mx\/wp-content\/uploads\/sites\/13\/2019\/10\/gabriela-hearst-lanza-una-coleccion-con-causa-junto-a-mytheresa-2-700x1050.jpg\" alt=\"\" \/><\/p>\n<p><img decoding=\"async\" class=\"alignnone size-large wp-image-72012\" src=\"https:\/\/graziamagazine.com\/mx\/wp-content\/uploads\/sites\/13\/2019\/10\/gabriela-hearst-lanza-una-coleccion-con-causa-junto-a-mytheresa-3-700x1050.jpg\" alt=\"\" \/><\/p>\n<p><img decoding=\"async\" class=\"alignnone size-large wp-image-72013\" src=\"https:\/\/graziamagazine.com\/mx\/wp-content\/uploads\/sites\/13\/2019\/10\/gabriela-hearst-lanza-una-coleccion-con-causa-junto-a-mytheresa-4-700x1050.jpg\" alt=\"\" \/><\/p>\n<p>La colecci\u00f3n c\u00e1psula que Gabriela Hearst cre\u00f3 para Mytheresa donar\u00e1 el 20% de las ganancias de las prendas vendidas a precio final y 10% de aquellas vendidas en oferta a Save the Children, una fundaci\u00f3n que tiene como principal objetivo mejorar la vida de los ni\u00f1os a trav\u00e9s de la educaci\u00f3n y protecci\u00f3n. Compuesta por 19 prendas, todas siendo b\u00e1sicas en el cl\u00f3set de una mujer. Pantalones a la cintura, <i>blazers<\/i>, abrigos y vestidos, todas respetando la simplicidad que caracteriza a la mujer desafiante y evolutiva de la firma.<\/p>\n<p><iframe loading=\"lazy\" src=\"https:\/\/www.youtube.com\/embed\/ezLPwhFo6mg\" width=\"560\" height=\"315\" frameborder=\"0\"><\/iframe><\/p>\n<p><em>La colecci\u00f3n en cuesti\u00f3n ya est\u00e1 disponible en <a href=\"https:\/\/www.gabrielahearst.com\/blogs\/stories\/about-the-brand\" target=\"_blank\" rel=\"noopener\" target=\"_blank\">mytheresa.com<\/a>.<\/em><\/p>\n<h5><\/h5>\n<h5><em>*IM\u00c1GENES: Cortes\u00eda de Mytheresa<\/em><\/h5>\n","protected":false},"author":11641,"featured_media":72009,"template":"","format":"standard","categories":[4],"acf":[],"yoast_head":"<!-- This site is optimized with the Yoast SEO Premium plugin v18.5 (Yoast SEO v20.4) - https:\/\/yoast.com\/wordpress\/plugins\/seo\/ -->\n<title>Gabriela Hearst lanza una colecci\u00f3n con causa junto a Mytheresa | Grazia M\u00e9xico y Latinoam\u00e9rica<\/title>\n<meta name=\"description\" content=\"La uruguaya, Gabriela Hearst, es la nueva Mytheresa Woman y lo celebra con una colecci\u00f3n c\u00e1psula que apoya a uno noble causa.\" \/>\n<meta name=\"robots\" content=\"index, follow, max-snippet:-1, max-image-preview:large, max-video-preview:-1\" \/>\n<link rel=\"canonical\" href=\"https:\/\/graziamagazine.com\/mx\/articles\/gabriela-hearst-lanza-una-coleccion-con-causa-junto-a-mytheresa\/\" \/>\n<meta property=\"og:locale\" content=\"es_MX\" \/>\n<meta property=\"og:type\" content=\"article\" \/>\n<meta property=\"og:title\" content=\"Gabriela Hearst lanza una colecci\u00f3n con causa junto a Mytheresa\" \/>\n<meta property=\"og:description\" content=\"La uruguaya, Gabriela Hearst, es la nueva Mytheresa Woman y lo celebra con una colecci\u00f3n c\u00e1psula que apoya a uno noble causa.\" \/>\n<meta property=\"og:url\" content=\"https:\/\/graziamagazine.com\/mx\/articles\/gabriela-hearst-lanza-una-coleccion-con-causa-junto-a-mytheresa\/\" \/>\n<meta property=\"og:site_name\" content=\"Grazia M\u00e9xico y Latinoam\u00e9rica\" \/>\n<meta property=\"article:modified_time\" content=\"2019-10-03T16:47:20+00:00\" \/>\n<meta property=\"og:image\" content=\"https:\/\/graziamagazine.com\/mx\/wp-content\/uploads\/sites\/13\/2019\/10\/gabriela-hearst-lanza-una-coleccion-con-causa-junto-a-mytheresa-destacada.jpg?fit=1162%2C767\" \/>\n\t<meta property=\"og:image:width\" content=\"1162\" \/>\n\t<meta property=\"og:image:height\" content=\"767\" \/>\n\t<meta property=\"og:image:type\" content=\"image\/jpeg\" \/>\n<meta name=\"twitter:card\" content=\"summary_large_image\" \/>\n<meta name=\"twitter:label1\" content=\"Est. reading time\" \/>\n\t<meta name=\"twitter:data1\" content=\"3 minutos\" \/>\n<script type=\"application\/ld+json\" class=\"yoast-schema-graph\">{\"@context\":\"https:\/\/schema.org\",\"@graph\":[{\"@type\":\"WebPage\",\"@id\":\"https:\/\/graziamagazine.com\/mx\/articles\/gabriela-hearst-lanza-una-coleccion-con-causa-junto-a-mytheresa\/\",\"url\":\"https:\/\/graziamagazine.com\/mx\/articles\/gabriela-hearst-lanza-una-coleccion-con-causa-junto-a-mytheresa\/\",\"name\":\"Gabriela Hearst lanza una colecci\u00f3n con causa junto a Mytheresa | Grazia M\u00e9xico y Latinoam\u00e9rica\",\"isPartOf\":{\"@id\":\"https:\/\/graziamagazine.com\/mx\/#website\"},\"datePublished\":\"2019-10-03T16:45:23+00:00\",\"dateModified\":\"2019-10-03T16:47:20+00:00\",\"description\":\"La uruguaya, Gabriela Hearst, es la nueva Mytheresa Woman y lo celebra con una colecci\u00f3n c\u00e1psula que apoya a uno noble causa.\",\"breadcrumb\":{\"@id\":\"https:\/\/graziamagazine.com\/mx\/articles\/gabriela-hearst-lanza-una-coleccion-con-causa-junto-a-mytheresa\/#breadcrumb\"},\"inLanguage\":\"es-MX\",\"potentialAction\":[{\"@type\":\"ReadAction\",\"target\":[\"https:\/\/graziamagazine.com\/mx\/articles\/gabriela-hearst-lanza-una-coleccion-con-causa-junto-a-mytheresa\/\"]}]},{\"@type\":\"BreadcrumbList\",\"@id\":\"https:\/\/graziamagazine.com\/mx\/articles\/gabriela-hearst-lanza-una-coleccion-con-causa-junto-a-mytheresa\/#breadcrumb\",\"itemListElement\":[{\"@type\":\"ListItem\",\"position\":1,\"name\":\"Home\",\"item\":\"https:\/\/graziamagazine.com\/mx\/\"},{\"@type\":\"ListItem\",\"position\":2,\"name\":\"Gabriela Hearst lanza una colecci\u00f3n con causa junto a Mytheresa\"}]},{\"@type\":\"WebSite\",\"@id\":\"https:\/\/graziamagazine.com\/mx\/#website\",\"url\":\"https:\/\/graziamagazine.com\/mx\/\",\"name\":\"Grazia M\u00e9xico y Latinoam\u00e9rica\",\"description\":\"Grazia es moda, belleza y noticias  de actualidad \",\"potentialAction\":[{\"@type\":\"SearchAction\",\"target\":{\"@type\":\"EntryPoint\",\"urlTemplate\":\"https:\/\/graziamagazine.com\/mx\/?s={search_term_string}\"},\"query-input\":\"required name=search_term_string\"}],\"inLanguage\":\"es-MX\"}]}<\/script>\n<!-- \/ Yoast SEO Premium plugin. -->","yoast_head_json":{"title":"Gabriela Hearst lanza una colecci\u00f3n con causa junto a Mytheresa | Grazia M\u00e9xico y Latinoam\u00e9rica","description":"La uruguaya, Gabriela Hearst, es la nueva Mytheresa Woman y lo celebra con una colecci\u00f3n c\u00e1psula que apoya a uno noble causa.","robots":{"index":"index","follow":"follow","max-snippet":"max-snippet:-1","max-image-preview":"max-image-preview:large","max-video-preview":"max-video-preview:-1"},"canonical":"https:\/\/graziamagazine.com\/mx\/articles\/gabriela-hearst-lanza-una-coleccion-con-causa-junto-a-mytheresa\/","og_locale":"es_MX","og_type":"article","og_title":"Gabriela Hearst lanza una colecci\u00f3n con causa junto a Mytheresa","og_description":"La uruguaya, Gabriela Hearst, es la nueva Mytheresa Woman y lo celebra con una colecci\u00f3n c\u00e1psula que apoya a uno noble causa.","og_url":"https:\/\/graziamagazine.com\/mx\/articles\/gabriela-hearst-lanza-una-coleccion-con-causa-junto-a-mytheresa\/","og_site_name":"Grazia M\u00e9xico y Latinoam\u00e9rica","article_modified_time":"2019-10-03T16:47:20+00:00","og_image":[{"width":1162,"height":767,"url":"https:\/\/graziamagazine.com\/mx\/wp-content\/uploads\/sites\/13\/2019\/10\/gabriela-hearst-lanza-una-coleccion-con-causa-junto-a-mytheresa-destacada.jpg?fit=1162%2C767","type":"image\/jpeg"}],"twitter_card":"summary_large_image","twitter_misc":{"Est. reading time":"3 minutos"},"schema":{"@context":"https:\/\/schema.org","@graph":[{"@type":"WebPage","@id":"https:\/\/graziamagazine.com\/mx\/articles\/gabriela-hearst-lanza-una-coleccion-con-causa-junto-a-mytheresa\/","url":"https:\/\/graziamagazine.com\/mx\/articles\/gabriela-hearst-lanza-una-coleccion-con-causa-junto-a-mytheresa\/","name":"Gabriela Hearst lanza una colecci\u00f3n con causa junto a Mytheresa | Grazia M\u00e9xico y Latinoam\u00e9rica","isPartOf":{"@id":"https:\/\/graziamagazine.com\/mx\/#website"},"datePublished":"2019-10-03T16:45:23+00:00","dateModified":"2019-10-03T16:47:20+00:00","description":"La uruguaya, Gabriela Hearst, es la nueva Mytheresa Woman y lo celebra con una colecci\u00f3n c\u00e1psula que apoya a uno noble causa.","breadcrumb":{"@id":"https:\/\/graziamagazine.com\/mx\/articles\/gabriela-hearst-lanza-una-coleccion-con-causa-junto-a-mytheresa\/#breadcrumb"},"inLanguage":"es-MX","potentialAction":[{"@type":"ReadAction","target":["https:\/\/graziamagazine.com\/mx\/articles\/gabriela-hearst-lanza-una-coleccion-con-causa-junto-a-mytheresa\/"]}]},{"@type":"BreadcrumbList","@id":"https:\/\/graziamagazine.com\/mx\/articles\/gabriela-hearst-lanza-una-coleccion-con-causa-junto-a-mytheresa\/#breadcrumb","itemListElement":[{"@type":"ListItem","position":1,"name":"Home","item":"https:\/\/graziamagazine.com\/mx\/"},{"@type":"ListItem","position":2,"name":"Gabriela Hearst lanza una colecci\u00f3n con causa junto a Mytheresa"}]},{"@type":"WebSite","@id":"https:\/\/graziamagazine.com\/mx\/#website","url":"https:\/\/graziamagazine.com\/mx\/","name":"Grazia M\u00e9xico y Latinoam\u00e9rica","description":"Grazia es moda, belleza y noticias  de actualidad ","potentialAction":[{"@type":"SearchAction","target":{"@type":"EntryPoint","urlTemplate":"https:\/\/graziamagazine.com\/mx\/?s={search_term_string}"},"query-input":"required name=search_term_string"}],"inLanguage":"es-MX"}]}},"jetpack_sharing_enabled":true,"distributor_meta":false,"distributor_terms":false,"distributor_media":false,"distributor_original_site_name":"Grazia M\u00e9xico y Latinoam\u00e9rica","distributor_original_site_url":"https:\/\/graziamagazine.com\/mx","push-errors":false,"_links":{"self":[{"href":"https:\/\/graziamagazine.com\/mx\/wp-json\/wp\/v2\/articles\/71956"}],"collection":[{"href":"https:\/\/graziamagazine.com\/mx\/wp-json\/wp\/v2\/articles"}],"about":[{"href":"https:\/\/graziamagazine.com\/mx\/wp-json\/wp\/v2\/types\/articles"}],"author":[{"embeddable":true,"href":"https:\/\/graziamagazine.com\/mx\/wp-json\/wp\/v2\/users\/11641"}],"wp:featuredmedia":[{"embeddable":true,"href":"https:\/\/graziamagazine.com\/mx\/wp-json\/wp\/v2\/media\/72009"}],"wp:attachment":[{"href":"https:\/\/graziamagazine.com\/mx\/wp-json\/wp\/v2\/media?parent=71956"}],"wp:term":[{"taxonomy":"category","embeddable":true,"href":"https:\/\/graziamagazine.com\/mx\/wp-json\/wp\/v2\/categories?post=71956"}],"curies":[{"name":"wp","href":"https:\/\/api.w.org\/{rel}","templated":true}]}}