{"id":71527,"date":"2019-09-27T14:57:38","date_gmt":"2019-09-27T19:57:38","guid":{"rendered":"https:\/\/graziamagazine.com\/mx\/?p=71527"},"modified":"2019-10-01T10:08:52","modified_gmt":"2019-10-01T15:08:52","slug":"pretty-woman-el-lujo-de-otono-desde-milan","status":"publish","type":"articles","link":"https:\/\/graziamagazine.com\/mx\/articles\/pretty-woman-el-lujo-de-otono-desde-milan\/","title":{"rendered":"Pretty Woman: El lujo de oto\u00f1o desde Mil\u00e1n"},"content":{"rendered":"<div class=\"content-gallery\"><div class=\"gallery-placeholder\"><div class=\"spinner\"><\/div><\/div><span class=\"gallery-pagination\"><\/span><div id=\"gallery-1\" class=\"gallery galleryid-71527 gallery-columns- gallery-size-\"><figure class=\"gallery-item\"><div class=\"gallery-icon landscape\"><img loading=\"lazy\" decoding=\"async\" width=\"1181\" height=\"1768\" src=\"https:\/\/graziamagazine.com\/mx\/wp-content\/uploads\/sites\/13\/2019\/09\/pretty-woman-el-lujo-de-otono-desde-milan-8.jpg\" class=\"lazy\" alt=\"\" srcset=\"https:\/\/graziamagazine.com\/mx\/wp-content\/uploads\/sites\/13\/2019\/09\/pretty-woman-el-lujo-de-otono-desde-milan-8.jpg 1181w, https:\/\/graziamagazine.com\/mx\/wp-content\/uploads\/sites\/13\/2019\/09\/pretty-woman-el-lujo-de-otono-desde-milan-8.jpg?resize=301,450 301w, https:\/\/graziamagazine.com\/mx\/wp-content\/uploads\/sites\/13\/2019\/09\/pretty-woman-el-lujo-de-otono-desde-milan-8.jpg?resize=768,1150 768w, https:\/\/graziamagazine.com\/mx\/wp-content\/uploads\/sites\/13\/2019\/09\/pretty-woman-el-lujo-de-otono-desde-milan-8.jpg?resize=684,1024 684w, https:\/\/graziamagazine.com\/mx\/wp-content\/uploads\/sites\/13\/2019\/09\/pretty-woman-el-lujo-de-otono-desde-milan-8.jpg?resize=1026,1536 1026w, https:\/\/graziamagazine.com\/mx\/wp-content\/uploads\/sites\/13\/2019\/09\/pretty-woman-el-lujo-de-otono-desde-milan-8.jpg?resize=144,215 144w\" sizes=\"(max-width: 1181px) 100vw, 1181px\" \/><\/div><\/figure><figure class=\"gallery-item\"><div class=\"gallery-icon landscape\"><img loading=\"lazy\" decoding=\"async\" width=\"1181\" height=\"1772\" src=\"https:\/\/graziamagazine.com\/mx\/wp-content\/uploads\/sites\/13\/2019\/09\/pretty-woman-el-lujo-de-otono-desde-milan-1.jpg\" class=\"lazy\" alt=\"\" srcset=\"https:\/\/graziamagazine.com\/mx\/wp-content\/uploads\/sites\/13\/2019\/09\/pretty-woman-el-lujo-de-otono-desde-milan-1.jpg 1181w, https:\/\/graziamagazine.com\/mx\/wp-content\/uploads\/sites\/13\/2019\/09\/pretty-woman-el-lujo-de-otono-desde-milan-1.jpg?resize=300,450 300w, https:\/\/graziamagazine.com\/mx\/wp-content\/uploads\/sites\/13\/2019\/09\/pretty-woman-el-lujo-de-otono-desde-milan-1.jpg?resize=768,1152 768w, https:\/\/graziamagazine.com\/mx\/wp-content\/uploads\/sites\/13\/2019\/09\/pretty-woman-el-lujo-de-otono-desde-milan-1.jpg?resize=682,1024 682w, https:\/\/graziamagazine.com\/mx\/wp-content\/uploads\/sites\/13\/2019\/09\/pretty-woman-el-lujo-de-otono-desde-milan-1.jpg?resize=1024,1536 1024w, https:\/\/graziamagazine.com\/mx\/wp-content\/uploads\/sites\/13\/2019\/09\/pretty-woman-el-lujo-de-otono-desde-milan-1.jpg?resize=143,215 143w\" sizes=\"(max-width: 1181px) 100vw, 1181px\" \/><\/div><\/figure><figure class=\"gallery-item\"><div class=\"gallery-icon landscape\"><img loading=\"lazy\" decoding=\"async\" width=\"1181\" height=\"1661\" src=\"https:\/\/graziamagazine.com\/mx\/wp-content\/uploads\/sites\/13\/2019\/09\/pretty-woman-el-lujo-de-otono-desde-milan-2.jpg\" class=\"lazy\" alt=\"\" srcset=\"https:\/\/graziamagazine.com\/mx\/wp-content\/uploads\/sites\/13\/2019\/09\/pretty-woman-el-lujo-de-otono-desde-milan-2.jpg 1181w, https:\/\/graziamagazine.com\/mx\/wp-content\/uploads\/sites\/13\/2019\/09\/pretty-woman-el-lujo-de-otono-desde-milan-2.jpg?resize=320,450 320w, https:\/\/graziamagazine.com\/mx\/wp-content\/uploads\/sites\/13\/2019\/09\/pretty-woman-el-lujo-de-otono-desde-milan-2.jpg?resize=768,1080 768w, https:\/\/graziamagazine.com\/mx\/wp-content\/uploads\/sites\/13\/2019\/09\/pretty-woman-el-lujo-de-otono-desde-milan-2.jpg?resize=728,1024 728w, https:\/\/graziamagazine.com\/mx\/wp-content\/uploads\/sites\/13\/2019\/09\/pretty-woman-el-lujo-de-otono-desde-milan-2.jpg?resize=1092,1536 1092w, https:\/\/graziamagazine.com\/mx\/wp-content\/uploads\/sites\/13\/2019\/09\/pretty-woman-el-lujo-de-otono-desde-milan-2.jpg?resize=153,215 153w\" sizes=\"(max-width: 1181px) 100vw, 1181px\" \/><\/div><\/figure><figure class=\"gallery-item\"><div class=\"gallery-icon landscape\"><img loading=\"lazy\" decoding=\"async\" width=\"1181\" height=\"1772\" src=\"https:\/\/graziamagazine.com\/mx\/wp-content\/uploads\/sites\/13\/2019\/09\/pretty-woman-el-lujo-de-otono-desde-milan-3.jpg\" class=\"lazy\" alt=\"\" srcset=\"https:\/\/graziamagazine.com\/mx\/wp-content\/uploads\/sites\/13\/2019\/09\/pretty-woman-el-lujo-de-otono-desde-milan-3.jpg 1181w, https:\/\/graziamagazine.com\/mx\/wp-content\/uploads\/sites\/13\/2019\/09\/pretty-woman-el-lujo-de-otono-desde-milan-3.jpg?resize=300,450 300w, https:\/\/graziamagazine.com\/mx\/wp-content\/uploads\/sites\/13\/2019\/09\/pretty-woman-el-lujo-de-otono-desde-milan-3.jpg?resize=768,1152 768w, https:\/\/graziamagazine.com\/mx\/wp-content\/uploads\/sites\/13\/2019\/09\/pretty-woman-el-lujo-de-otono-desde-milan-3.jpg?resize=682,1024 682w, https:\/\/graziamagazine.com\/mx\/wp-content\/uploads\/sites\/13\/2019\/09\/pretty-woman-el-lujo-de-otono-desde-milan-3.jpg?resize=1024,1536 1024w, https:\/\/graziamagazine.com\/mx\/wp-content\/uploads\/sites\/13\/2019\/09\/pretty-woman-el-lujo-de-otono-desde-milan-3.jpg?resize=143,215 143w\" sizes=\"(max-width: 1181px) 100vw, 1181px\" \/><\/div><\/figure><figure class=\"gallery-item\"><div class=\"gallery-icon landscape\"><img loading=\"lazy\" decoding=\"async\" width=\"1181\" height=\"1676\" src=\"https:\/\/graziamagazine.com\/mx\/wp-content\/uploads\/sites\/13\/2019\/09\/pretty-woman-el-lujo-de-otono-desde-milan-4.jpg\" class=\"lazy\" alt=\"\" srcset=\"https:\/\/graziamagazine.com\/mx\/wp-content\/uploads\/sites\/13\/2019\/09\/pretty-woman-el-lujo-de-otono-desde-milan-4.jpg 1181w, https:\/\/graziamagazine.com\/mx\/wp-content\/uploads\/sites\/13\/2019\/09\/pretty-woman-el-lujo-de-otono-desde-milan-4.jpg?resize=317,450 317w, https:\/\/graziamagazine.com\/mx\/wp-content\/uploads\/sites\/13\/2019\/09\/pretty-woman-el-lujo-de-otono-desde-milan-4.jpg?resize=768,1090 768w, https:\/\/graziamagazine.com\/mx\/wp-content\/uploads\/sites\/13\/2019\/09\/pretty-woman-el-lujo-de-otono-desde-milan-4.jpg?resize=722,1024 722w, https:\/\/graziamagazine.com\/mx\/wp-content\/uploads\/sites\/13\/2019\/09\/pretty-woman-el-lujo-de-otono-desde-milan-4.jpg?resize=1082,1536 1082w, https:\/\/graziamagazine.com\/mx\/wp-content\/uploads\/sites\/13\/2019\/09\/pretty-woman-el-lujo-de-otono-desde-milan-4.jpg?resize=152,215 152w\" sizes=\"(max-width: 1181px) 100vw, 1181px\" \/><\/div><\/figure><figure class=\"gallery-item\"><div class=\"gallery-icon landscape\"><img loading=\"lazy\" decoding=\"async\" width=\"1181\" height=\"1772\" src=\"https:\/\/graziamagazine.com\/mx\/wp-content\/uploads\/sites\/13\/2019\/09\/pretty-woman-el-lujo-de-otono-desde-milan-5.jpg\" class=\"lazy\" alt=\"\" srcset=\"https:\/\/graziamagazine.com\/mx\/wp-content\/uploads\/sites\/13\/2019\/09\/pretty-woman-el-lujo-de-otono-desde-milan-5.jpg 1181w, https:\/\/graziamagazine.com\/mx\/wp-content\/uploads\/sites\/13\/2019\/09\/pretty-woman-el-lujo-de-otono-desde-milan-5.jpg?resize=300,450 300w, https:\/\/graziamagazine.com\/mx\/wp-content\/uploads\/sites\/13\/2019\/09\/pretty-woman-el-lujo-de-otono-desde-milan-5.jpg?resize=768,1152 768w, https:\/\/graziamagazine.com\/mx\/wp-content\/uploads\/sites\/13\/2019\/09\/pretty-woman-el-lujo-de-otono-desde-milan-5.jpg?resize=682,1024 682w, https:\/\/graziamagazine.com\/mx\/wp-content\/uploads\/sites\/13\/2019\/09\/pretty-woman-el-lujo-de-otono-desde-milan-5.jpg?resize=1024,1536 1024w, https:\/\/graziamagazine.com\/mx\/wp-content\/uploads\/sites\/13\/2019\/09\/pretty-woman-el-lujo-de-otono-desde-milan-5.jpg?resize=143,215 143w\" sizes=\"(max-width: 1181px) 100vw, 1181px\" \/><\/div><\/figure><figure class=\"gallery-item\"><div class=\"gallery-icon landscape\"><img loading=\"lazy\" decoding=\"async\" width=\"1181\" height=\"1709\" src=\"https:\/\/graziamagazine.com\/mx\/wp-content\/uploads\/sites\/13\/2019\/09\/pretty-woman-el-lujo-de-otono-desde-milan-6.jpg\" class=\"lazy\" alt=\"\" srcset=\"https:\/\/graziamagazine.com\/mx\/wp-content\/uploads\/sites\/13\/2019\/09\/pretty-woman-el-lujo-de-otono-desde-milan-6.jpg 1181w, https:\/\/graziamagazine.com\/mx\/wp-content\/uploads\/sites\/13\/2019\/09\/pretty-woman-el-lujo-de-otono-desde-milan-6.jpg?resize=311,450 311w, https:\/\/graziamagazine.com\/mx\/wp-content\/uploads\/sites\/13\/2019\/09\/pretty-woman-el-lujo-de-otono-desde-milan-6.jpg?resize=768,1111 768w, https:\/\/graziamagazine.com\/mx\/wp-content\/uploads\/sites\/13\/2019\/09\/pretty-woman-el-lujo-de-otono-desde-milan-6.jpg?resize=708,1024 708w, https:\/\/graziamagazine.com\/mx\/wp-content\/uploads\/sites\/13\/2019\/09\/pretty-woman-el-lujo-de-otono-desde-milan-6.jpg?resize=1061,1536 1061w, https:\/\/graziamagazine.com\/mx\/wp-content\/uploads\/sites\/13\/2019\/09\/pretty-woman-el-lujo-de-otono-desde-milan-6.jpg?resize=149,215 149w\" sizes=\"(max-width: 1181px) 100vw, 1181px\" \/><\/div><\/figure><figure class=\"gallery-item\"><div class=\"gallery-icon landscape\"><img loading=\"lazy\" decoding=\"async\" width=\"1181\" height=\"1676\" src=\"https:\/\/graziamagazine.com\/mx\/wp-content\/uploads\/sites\/13\/2019\/09\/pretty-woman-el-lujo-de-otono-desde-milan-7.jpg\" class=\"lazy\" alt=\"\" srcset=\"https:\/\/graziamagazine.com\/mx\/wp-content\/uploads\/sites\/13\/2019\/09\/pretty-woman-el-lujo-de-otono-desde-milan-7.jpg 1181w, https:\/\/graziamagazine.com\/mx\/wp-content\/uploads\/sites\/13\/2019\/09\/pretty-woman-el-lujo-de-otono-desde-milan-7.jpg?resize=317,450 317w, https:\/\/graziamagazine.com\/mx\/wp-content\/uploads\/sites\/13\/2019\/09\/pretty-woman-el-lujo-de-otono-desde-milan-7.jpg?resize=768,1090 768w, https:\/\/graziamagazine.com\/mx\/wp-content\/uploads\/sites\/13\/2019\/09\/pretty-woman-el-lujo-de-otono-desde-milan-7.jpg?resize=722,1024 722w, https:\/\/graziamagazine.com\/mx\/wp-content\/uploads\/sites\/13\/2019\/09\/pretty-woman-el-lujo-de-otono-desde-milan-7.jpg?resize=1082,1536 1082w, https:\/\/graziamagazine.com\/mx\/wp-content\/uploads\/sites\/13\/2019\/09\/pretty-woman-el-lujo-de-otono-desde-milan-7.jpg?resize=152,215 152w\" sizes=\"(max-width: 1181px) 100vw, 1181px\" \/><\/div><\/figure><figure class=\"gallery-item\"><div class=\"gallery-icon landscape\"><img loading=\"lazy\" decoding=\"async\" width=\"1181\" height=\"1547\" src=\"https:\/\/graziamagazine.com\/mx\/wp-content\/uploads\/sites\/13\/2019\/09\/pretty-woman-el-lujo-de-otono-desde-milan-9.jpg\" class=\"lazy\" alt=\"\" srcset=\"https:\/\/graziamagazine.com\/mx\/wp-content\/uploads\/sites\/13\/2019\/09\/pretty-woman-el-lujo-de-otono-desde-milan-9.jpg 1181w, https:\/\/graziamagazine.com\/mx\/wp-content\/uploads\/sites\/13\/2019\/09\/pretty-woman-el-lujo-de-otono-desde-milan-9.jpg?resize=344,450 344w, https:\/\/graziamagazine.com\/mx\/wp-content\/uploads\/sites\/13\/2019\/09\/pretty-woman-el-lujo-de-otono-desde-milan-9.jpg?resize=768,1006 768w, https:\/\/graziamagazine.com\/mx\/wp-content\/uploads\/sites\/13\/2019\/09\/pretty-woman-el-lujo-de-otono-desde-milan-9.jpg?resize=782,1024 782w, https:\/\/graziamagazine.com\/mx\/wp-content\/uploads\/sites\/13\/2019\/09\/pretty-woman-el-lujo-de-otono-desde-milan-9.jpg?resize=1173,1536 1173w, https:\/\/graziamagazine.com\/mx\/wp-content\/uploads\/sites\/13\/2019\/09\/pretty-woman-el-lujo-de-otono-desde-milan-9.jpg?resize=155,203 155w\" sizes=\"(max-width: 1181px) 100vw, 1181px\" \/><\/div><\/figure><figure class=\"gallery-item\"><div class=\"gallery-icon landscape\"><img loading=\"lazy\" decoding=\"async\" width=\"1181\" height=\"1634\" src=\"https:\/\/graziamagazine.com\/mx\/wp-content\/uploads\/sites\/13\/2019\/09\/pretty-woman-el-lujo-de-otono-desde-milan-13.jpg\" class=\"lazy\" alt=\"\" srcset=\"https:\/\/graziamagazine.com\/mx\/wp-content\/uploads\/sites\/13\/2019\/09\/pretty-woman-el-lujo-de-otono-desde-milan-13.jpg 1181w, https:\/\/graziamagazine.com\/mx\/wp-content\/uploads\/sites\/13\/2019\/09\/pretty-woman-el-lujo-de-otono-desde-milan-13.jpg?resize=325,450 325w, https:\/\/graziamagazine.com\/mx\/wp-content\/uploads\/sites\/13\/2019\/09\/pretty-woman-el-lujo-de-otono-desde-milan-13.jpg?resize=768,1063 768w, https:\/\/graziamagazine.com\/mx\/wp-content\/uploads\/sites\/13\/2019\/09\/pretty-woman-el-lujo-de-otono-desde-milan-13.jpg?resize=740,1024 740w, https:\/\/graziamagazine.com\/mx\/wp-content\/uploads\/sites\/13\/2019\/09\/pretty-woman-el-lujo-de-otono-desde-milan-13.jpg?resize=1110,1536 1110w, https:\/\/graziamagazine.com\/mx\/wp-content\/uploads\/sites\/13\/2019\/09\/pretty-woman-el-lujo-de-otono-desde-milan-13.jpg?resize=155,215 155w\" sizes=\"(max-width: 1181px) 100vw, 1181px\" \/><\/div><\/figure><figure class=\"gallery-item\"><div class=\"gallery-icon landscape\"><img loading=\"lazy\" decoding=\"async\" width=\"1181\" height=\"1657\" src=\"https:\/\/graziamagazine.com\/mx\/wp-content\/uploads\/sites\/13\/2019\/09\/pretty-woman-el-lujo-de-otono-desde-milan-10.jpg\" class=\"lazy\" alt=\"\" srcset=\"https:\/\/graziamagazine.com\/mx\/wp-content\/uploads\/sites\/13\/2019\/09\/pretty-woman-el-lujo-de-otono-desde-milan-10.jpg 1181w, https:\/\/graziamagazine.com\/mx\/wp-content\/uploads\/sites\/13\/2019\/09\/pretty-woman-el-lujo-de-otono-desde-milan-10.jpg?resize=321,450 321w, https:\/\/graziamagazine.com\/mx\/wp-content\/uploads\/sites\/13\/2019\/09\/pretty-woman-el-lujo-de-otono-desde-milan-10.jpg?resize=768,1078 768w, https:\/\/graziamagazine.com\/mx\/wp-content\/uploads\/sites\/13\/2019\/09\/pretty-woman-el-lujo-de-otono-desde-milan-10.jpg?resize=730,1024 730w, https:\/\/graziamagazine.com\/mx\/wp-content\/uploads\/sites\/13\/2019\/09\/pretty-woman-el-lujo-de-otono-desde-milan-10.jpg?resize=1095,1536 1095w, https:\/\/graziamagazine.com\/mx\/wp-content\/uploads\/sites\/13\/2019\/09\/pretty-woman-el-lujo-de-otono-desde-milan-10.jpg?resize=153,215 153w\" sizes=\"(max-width: 1181px) 100vw, 1181px\" \/><\/div><\/figure><figure class=\"gallery-item\"><div class=\"gallery-icon landscape\"><img loading=\"lazy\" decoding=\"async\" width=\"1181\" height=\"1662\" src=\"https:\/\/graziamagazine.com\/mx\/wp-content\/uploads\/sites\/13\/2019\/09\/pretty-woman-el-lujo-de-otono-desde-milan-12.jpg\" class=\"lazy\" alt=\"\" srcset=\"https:\/\/graziamagazine.com\/mx\/wp-content\/uploads\/sites\/13\/2019\/09\/pretty-woman-el-lujo-de-otono-desde-milan-12.jpg 1181w, https:\/\/graziamagazine.com\/mx\/wp-content\/uploads\/sites\/13\/2019\/09\/pretty-woman-el-lujo-de-otono-desde-milan-12.jpg?resize=320,450 320w, https:\/\/graziamagazine.com\/mx\/wp-content\/uploads\/sites\/13\/2019\/09\/pretty-woman-el-lujo-de-otono-desde-milan-12.jpg?resize=768,1081 768w, https:\/\/graziamagazine.com\/mx\/wp-content\/uploads\/sites\/13\/2019\/09\/pretty-woman-el-lujo-de-otono-desde-milan-12.jpg?resize=728,1024 728w, https:\/\/graziamagazine.com\/mx\/wp-content\/uploads\/sites\/13\/2019\/09\/pretty-woman-el-lujo-de-otono-desde-milan-12.jpg?resize=1091,1536 1091w, https:\/\/graziamagazine.com\/mx\/wp-content\/uploads\/sites\/13\/2019\/09\/pretty-woman-el-lujo-de-otono-desde-milan-12.jpg?resize=153,215 153w\" sizes=\"(max-width: 1181px) 100vw, 1181px\" \/><\/div><\/figure><figure class=\"gallery-item\"><div class=\"gallery-icon landscape\"><img loading=\"lazy\" decoding=\"async\" width=\"1181\" height=\"1603\" src=\"https:\/\/graziamagazine.com\/mx\/wp-content\/uploads\/sites\/13\/2019\/09\/pretty-woman-el-lujo-de-otono-desde-milan-11.jpg\" class=\"lazy\" alt=\"\" srcset=\"https:\/\/graziamagazine.com\/mx\/wp-content\/uploads\/sites\/13\/2019\/09\/pretty-woman-el-lujo-de-otono-desde-milan-11.jpg 1181w, https:\/\/graziamagazine.com\/mx\/wp-content\/uploads\/sites\/13\/2019\/09\/pretty-woman-el-lujo-de-otono-desde-milan-11.jpg?resize=332,450 332w, https:\/\/graziamagazine.com\/mx\/wp-content\/uploads\/sites\/13\/2019\/09\/pretty-woman-el-lujo-de-otono-desde-milan-11.jpg?resize=768,1042 768w, https:\/\/graziamagazine.com\/mx\/wp-content\/uploads\/sites\/13\/2019\/09\/pretty-woman-el-lujo-de-otono-desde-milan-11.jpg?resize=754,1024 754w, https:\/\/graziamagazine.com\/mx\/wp-content\/uploads\/sites\/13\/2019\/09\/pretty-woman-el-lujo-de-otono-desde-milan-11.jpg?resize=1132,1536 1132w, https:\/\/graziamagazine.com\/mx\/wp-content\/uploads\/sites\/13\/2019\/09\/pretty-woman-el-lujo-de-otono-desde-milan-11.jpg?resize=155,210 155w\" sizes=\"(max-width: 1181px) 100vw, 1181px\" \/><\/div><\/figure><\/div><\/div>\n","protected":false},"author":11636,"featured_media":71528,"template":"","format":"gallery","categories":[4],"acf":[],"yoast_head":"<!-- This site is optimized with the Yoast SEO Premium plugin v18.5 (Yoast SEO v20.4) - https:\/\/yoast.com\/wordpress\/plugins\/seo\/ -->\n<title>Pretty Woman: El lujo de oto\u00f1o desde Mil\u00e1n | Grazia M\u00e9xico y Latinoam\u00e9rica<\/title>\n<meta name=\"description\" content=\"En los rincones industriales de Mil\u00e1n, abrigos, su\u00e9teres y sacos juegan con capas ligeras de seda en colores absolutos o en negro total; el lujo de oto\u00f1o.\" \/>\n<meta name=\"robots\" content=\"index, follow, max-snippet:-1, max-image-preview:large, max-video-preview:-1\" \/>\n<link rel=\"canonical\" href=\"https:\/\/graziamagazine.com\/mx\/articles\/pretty-woman-el-lujo-de-otono-desde-milan\/\" \/>\n<meta property=\"og:locale\" content=\"es_MX\" \/>\n<meta property=\"og:type\" content=\"article\" \/>\n<meta property=\"og:title\" content=\"Pretty Woman: El lujo de oto\u00f1o desde Mil\u00e1n\" \/>\n<meta property=\"og:description\" content=\"En los rincones industriales de Mil\u00e1n, abrigos, su\u00e9teres y sacos juegan con capas ligeras de seda en colores absolutos o en negro total; el lujo de oto\u00f1o.\" \/>\n<meta property=\"og:url\" content=\"https:\/\/graziamagazine.com\/mx\/articles\/pretty-woman-el-lujo-de-otono-desde-milan\/\" \/>\n<meta property=\"og:site_name\" content=\"Grazia M\u00e9xico y Latinoam\u00e9rica\" \/>\n<meta property=\"article:modified_time\" content=\"2019-10-01T15:08:52+00:00\" \/>\n<meta property=\"og:image\" content=\"https:\/\/graziamagazine.com\/mx\/wp-content\/uploads\/sites\/13\/2019\/09\/pretty-woman-el-lujo-de-otono-desde-milan-destacada.jpg?fit=1133%2C691\" \/>\n\t<meta property=\"og:image:width\" content=\"1133\" \/>\n\t<meta property=\"og:image:height\" content=\"691\" \/>\n\t<meta property=\"og:image:type\" content=\"image\/jpeg\" \/>\n<meta name=\"twitter:card\" content=\"summary_large_image\" \/>\n<script type=\"application\/ld+json\" class=\"yoast-schema-graph\">{\"@context\":\"https:\/\/schema.org\",\"@graph\":[{\"@type\":\"WebPage\",\"@id\":\"https:\/\/graziamagazine.com\/mx\/articles\/pretty-woman-el-lujo-de-otono-desde-milan\/\",\"url\":\"https:\/\/graziamagazine.com\/mx\/articles\/pretty-woman-el-lujo-de-otono-desde-milan\/\",\"name\":\"Pretty Woman: El lujo de oto\u00f1o desde Mil\u00e1n | Grazia M\u00e9xico y Latinoam\u00e9rica\",\"isPartOf\":{\"@id\":\"https:\/\/graziamagazine.com\/mx\/#website\"},\"datePublished\":\"2019-09-27T19:57:38+00:00\",\"dateModified\":\"2019-10-01T15:08:52+00:00\",\"description\":\"En los rincones industriales de Mil\u00e1n, abrigos, su\u00e9teres y sacos juegan con capas ligeras de seda en colores absolutos o en negro total; el lujo de oto\u00f1o.\",\"breadcrumb\":{\"@id\":\"https:\/\/graziamagazine.com\/mx\/articles\/pretty-woman-el-lujo-de-otono-desde-milan\/#breadcrumb\"},\"inLanguage\":\"es-MX\",\"potentialAction\":[{\"@type\":\"ReadAction\",\"target\":[\"https:\/\/graziamagazine.com\/mx\/articles\/pretty-woman-el-lujo-de-otono-desde-milan\/\"]}]},{\"@type\":\"BreadcrumbList\",\"@id\":\"https:\/\/graziamagazine.com\/mx\/articles\/pretty-woman-el-lujo-de-otono-desde-milan\/#breadcrumb\",\"itemListElement\":[{\"@type\":\"ListItem\",\"position\":1,\"name\":\"Home\",\"item\":\"https:\/\/graziamagazine.com\/mx\/\"},{\"@type\":\"ListItem\",\"position\":2,\"name\":\"Pretty Woman: El lujo de oto\u00f1o desde Mil\u00e1n\"}]},{\"@type\":\"WebSite\",\"@id\":\"https:\/\/graziamagazine.com\/mx\/#website\",\"url\":\"https:\/\/graziamagazine.com\/mx\/\",\"name\":\"Grazia M\u00e9xico y Latinoam\u00e9rica\",\"description\":\"Grazia es moda, belleza y noticias  de actualidad \",\"potentialAction\":[{\"@type\":\"SearchAction\",\"target\":{\"@type\":\"EntryPoint\",\"urlTemplate\":\"https:\/\/graziamagazine.com\/mx\/?s={search_term_string}\"},\"query-input\":\"required name=search_term_string\"}],\"inLanguage\":\"es-MX\"}]}<\/script>\n<!-- \/ Yoast SEO Premium plugin. -->","yoast_head_json":{"title":"Pretty Woman: El lujo de oto\u00f1o desde Mil\u00e1n | Grazia M\u00e9xico y Latinoam\u00e9rica","description":"En los rincones industriales de Mil\u00e1n, abrigos, su\u00e9teres y sacos juegan con capas ligeras de seda en colores absolutos o en negro total; el lujo de oto\u00f1o.","robots":{"index":"index","follow":"follow","max-snippet":"max-snippet:-1","max-image-preview":"max-image-preview:large","max-video-preview":"max-video-preview:-1"},"canonical":"https:\/\/graziamagazine.com\/mx\/articles\/pretty-woman-el-lujo-de-otono-desde-milan\/","og_locale":"es_MX","og_type":"article","og_title":"Pretty Woman: El lujo de oto\u00f1o desde Mil\u00e1n","og_description":"En los rincones industriales de Mil\u00e1n, abrigos, su\u00e9teres y sacos juegan con capas ligeras de seda en colores absolutos o en negro total; el lujo de oto\u00f1o.","og_url":"https:\/\/graziamagazine.com\/mx\/articles\/pretty-woman-el-lujo-de-otono-desde-milan\/","og_site_name":"Grazia M\u00e9xico y Latinoam\u00e9rica","article_modified_time":"2019-10-01T15:08:52+00:00","og_image":[{"width":1133,"height":691,"url":"https:\/\/graziamagazine.com\/mx\/wp-content\/uploads\/sites\/13\/2019\/09\/pretty-woman-el-lujo-de-otono-desde-milan-destacada.jpg?fit=1133%2C691","type":"image\/jpeg"}],"twitter_card":"summary_large_image","schema":{"@context":"https:\/\/schema.org","@graph":[{"@type":"WebPage","@id":"https:\/\/graziamagazine.com\/mx\/articles\/pretty-woman-el-lujo-de-otono-desde-milan\/","url":"https:\/\/graziamagazine.com\/mx\/articles\/pretty-woman-el-lujo-de-otono-desde-milan\/","name":"Pretty Woman: El lujo de oto\u00f1o desde Mil\u00e1n | Grazia M\u00e9xico y Latinoam\u00e9rica","isPartOf":{"@id":"https:\/\/graziamagazine.com\/mx\/#website"},"datePublished":"2019-09-27T19:57:38+00:00","dateModified":"2019-10-01T15:08:52+00:00","description":"En los rincones industriales de Mil\u00e1n, abrigos, su\u00e9teres y sacos juegan con capas ligeras de seda en colores absolutos o en negro total; el lujo de oto\u00f1o.","breadcrumb":{"@id":"https:\/\/graziamagazine.com\/mx\/articles\/pretty-woman-el-lujo-de-otono-desde-milan\/#breadcrumb"},"inLanguage":"es-MX","potentialAction":[{"@type":"ReadAction","target":["https:\/\/graziamagazine.com\/mx\/articles\/pretty-woman-el-lujo-de-otono-desde-milan\/"]}]},{"@type":"BreadcrumbList","@id":"https:\/\/graziamagazine.com\/mx\/articles\/pretty-woman-el-lujo-de-otono-desde-milan\/#breadcrumb","itemListElement":[{"@type":"ListItem","position":1,"name":"Home","item":"https:\/\/graziamagazine.com\/mx\/"},{"@type":"ListItem","position":2,"name":"Pretty Woman: El lujo de oto\u00f1o desde Mil\u00e1n"}]},{"@type":"WebSite","@id":"https:\/\/graziamagazine.com\/mx\/#website","url":"https:\/\/graziamagazine.com\/mx\/","name":"Grazia M\u00e9xico y Latinoam\u00e9rica","description":"Grazia es moda, belleza y noticias  de actualidad ","potentialAction":[{"@type":"SearchAction","target":{"@type":"EntryPoint","urlTemplate":"https:\/\/graziamagazine.com\/mx\/?s={search_term_string}"},"query-input":"required name=search_term_string"}],"inLanguage":"es-MX"}]}},"jetpack_sharing_enabled":true,"distributor_meta":false,"distributor_terms":false,"distributor_media":false,"distributor_original_site_name":"Grazia M\u00e9xico y Latinoam\u00e9rica","distributor_original_site_url":"https:\/\/graziamagazine.com\/mx","push-errors":false,"_links":{"self":[{"href":"https:\/\/graziamagazine.com\/mx\/wp-json\/wp\/v2\/articles\/71527"}],"collection":[{"href":"https:\/\/graziamagazine.com\/mx\/wp-json\/wp\/v2\/articles"}],"about":[{"href":"https:\/\/graziamagazine.com\/mx\/wp-json\/wp\/v2\/types\/articles"}],"author":[{"embeddable":true,"href":"https:\/\/graziamagazine.com\/mx\/wp-json\/wp\/v2\/users\/11636"}],"wp:featuredmedia":[{"embeddable":true,"href":"https:\/\/graziamagazine.com\/mx\/wp-json\/wp\/v2\/media\/71528"}],"wp:attachment":[{"href":"https:\/\/graziamagazine.com\/mx\/wp-json\/wp\/v2\/media?parent=71527"}],"wp:term":[{"taxonomy":"category","embeddable":true,"href":"https:\/\/graziamagazine.com\/mx\/wp-json\/wp\/v2\/categories?post=71527"}],"curies":[{"name":"wp","href":"https:\/\/api.w.org\/{rel}","templated":true}]}}