{"id":71440,"date":"2019-09-25T10:51:29","date_gmt":"2019-09-25T15:51:29","guid":{"rendered":"https:\/\/graziamagazine.com\/mx\/?p=71440"},"modified":"2019-09-25T12:05:35","modified_gmt":"2019-09-25T17:05:35","slug":"un-pomerania-fue-protagonista-de-marine-serre-en-paris","status":"publish","type":"articles","link":"https:\/\/graziamagazine.com\/mx\/articles\/un-pomerania-fue-protagonista-de-marine-serre-en-paris\/","title":{"rendered":"Un pomerania fue protagonista de Marine Serre en Par\u00eds"},"content":{"rendered":"<p><strong>Marine Serre<\/strong> es parte de la nueva generaci\u00f3n de dise\u00f1adores que est\u00e1n creando conciencia y haciendo un compromiso con el medio ambiente, y para esta edici\u00f3n de <strong><em>Fashion Week<\/em><\/strong> en Par\u00eds, la francesa ide\u00f3 una colecci\u00f3n de 45 siluetas denominada\u00a0<strong><em>Marr\u00e9 Noire<\/em><\/strong> (Marea negra).<\/p>\n<p>Se trata de una serie como una declaraci\u00f3n sostenible que incluye abrigos e impermeables de pl\u00e1stico, prendas sastreadas y camisas de vibra setentera con las que implement\u00f3 una visi\u00f3n hacia el futuro. Modelos\u00a0representaron personas sobrevivientes a un apocalipsis por el cambio clim\u00e1tico que gener\u00f3 la extinci\u00f3n de nuestra especie.<\/p>\n<p>El <em>show<\/em> abri\u00f3 con siluetas voluminosas en negro construidas de muar\u00e9,\u00a0continu\u00f3 con <em>looks<\/em> vibrantes en rojo donde abrigos y <em>sets<\/em> sastreados ca\u00edan sobre\u00a0lencer\u00eda de algod\u00f3n y <em>jumpsuits\u00a0<\/em>en tejido de punto.\u00a0Los tonos son cambiantes y el negro hace referencia al aceite tirado al mar que acelera los cambios ambientales, as\u00ed como el rojo es una oda a la sangre extra\u00edda.<\/p>\n<p><a href=\"http:\/\/www.gettyimages.es\/detail\/1176792092\"id=\"RDyRKoL_R-VM940m5JqTmQ\" class=\"gie-slideshow\" style=\"color: #a7a7a7; text-decoration: none; font-weight: normal !important; border: none; display: inline-block;\"  target=\"_blank\" rel=\"noopener\" target=\"_blank\">Embed from Getty Images<\/a><script>window.gie=window.gie||function(c){(gie.q=gie.q||[]).push(c)};gie(function(){gie.widgets.load({id:'RDyRKoL_R-VM940m5JqTmQ',sig:'tY5lpXyVmv_dNDqeGMpuljfl8plrZl2mpw8v99SJ8kg=',w:'396px',h:'594px',items:'1176792092,1176792093,1176792154,1176792225,1176792243',caption: true ,tld:'es',is360: false })});<\/script><script src='\/\/embed-cdn.gettyimages.com\/widgets.js' charset='utf-8' async><\/script><\/p>\n<p>Los materiales principales para la construcci\u00f3n de las prendas fueron pl\u00e1stico reciclado, cinturones met\u00e1licos recolectados y conchas marinas para los aretes adem\u00e1s de recipientes de agua tambi\u00e9n reutilizados.\u00a0Brocados, telas con efecto satinado, detalles de encaje, drapeados y acabados deshilados le dieron movimiento a las prendas.<\/p>\n<p>Pero, hablemos del mejor momento del desfile: Dos perros se rob\u00e1ron toda la atenci\u00f3n de los espectadores, uno de ellos Pomerania. \u00bfQu\u00e9 quiso representar Marine con esto? \u00a0&#8220;Los perros son alusivos a las mujeres burguesas que quieren escapar de paisajes mutantes tras el apocalipsis&#8221;, coment\u00f3 la dise\u00f1adora seg\u00fan <em><a href=\"https:\/\/hypebeast.com\/2019\/9\/marine-serre-spring-summer-2020-runway-collection-paris-fashion-week\" target=\"_blank\" rel=\"noopener\" target=\"_blank\">Hypebeast<\/a>.\u00a0<\/em><\/p>\n<p><a href=\"http:\/\/www.gettyimages.es\/detail\/1176753299\"id=\"Ja6uhNIgTn90_USu1mZZig\" class=\"gie-slideshow\" style=\"color: #a7a7a7; text-decoration: none; font-weight: normal !important; border: none; display: inline-block;\"  target=\"_blank\" rel=\"noopener\" target=\"_blank\">Embed from Getty Images<\/a><script>window.gie=window.gie||function(c){(gie.q=gie.q||[]).push(c)};gie(function(){gie.widgets.load({id:'Ja6uhNIgTn90_USu1mZZig',sig:'iGVBgyBMNqi-HguabMX6FIsvpUZ-1SxkDRnLSa_cOkk=',w:'396px',h:'594px',items:'1176753299,1176753152,1176753228,1176792099,1176753235',caption: true ,tld:'es',is360: false })});<\/script><script src='\/\/embed-cdn.gettyimages.com\/widgets.js' charset='utf-8' async><\/script><\/p>\n<p>Lunas crecientes son <a href=\"https:\/\/graziamagazine.com\/mx\/beyonce-en-marine-serre-para-ir-a-un-partido-de-basquetbol\/\" target=\"_blank\" rel=\"noopener\">el sello distintivo de la firma<\/a> que siempre est\u00e1 presente en las colecciones de Serre y esta vez no fue la excepci\u00f3n. Se fusionaron armoniosamente con animal <em>print<\/em> y flores. Adem\u00e1s, plantas y dragones terminaron jugando un papel importante en los <em>looks<\/em> que cerraron el desfile.<\/p>\n<p><a href=\"http:\/\/www.gettyimages.es\/detail\/1176792180\"id=\"kuXOUUijRGFV4wji_PPK6w\" class=\"gie-slideshow\" style=\"color: #a7a7a7; text-decoration: none; font-weight: normal !important; border: none; display: inline-block;\"  target=\"_blank\" rel=\"noopener\" target=\"_blank\">Embed from Getty Images<\/a><script>window.gie=window.gie||function(c){(gie.q=gie.q||[]).push(c)};gie(function(){gie.widgets.load({id:'kuXOUUijRGFV4wji_PPK6w',sig:'fMtewrXt3Jn2rK2HFA1XFskSjSKPq7GbZDnC-2PnbRw=',w:'396px',h:'594px',items:'1176792180,1176753317,1176792405,1176753228,1176753359',caption: true ,tld:'es',is360: false })});<\/script><script src='\/\/embed-cdn.gettyimages.com\/widgets.js' charset='utf-8' async><\/script><\/p>\n<p>La creativa francesa cre\u00f3 piezas en <em>denim<\/em> deslavado combinadas con prendas como vestidos y su\u00e9teres de crochet en blanco.\u00a0Medias con las ya ic\u00f3nicas lunas crecientes, guantes de pl\u00e1stico, <em>fanny packs<\/em> y botas altas en l\u00e1tex fueron el complemento perfecto a cada <em>look<\/em>.<\/p>\n<p>Pa\u00f1uelos ligeros, gorras y cubrebocas representaron el problema ambiental al que nos enfrentamos y los riesgos que corremos, luces infrarrojas y\u00a0textiles construidos con la misma textura de una toalla hablan de las necesidades utilitarias de una sociedad que se enfrent\u00f3 al apocalipsis.<\/p>\n<p><a href=\"http:\/\/www.gettyimages.es\/detail\/1176977246\"id=\"nKSBEQ1oSBx4kNo2DAoSPg\" class=\"gie-slideshow\" style=\"color: #a7a7a7; text-decoration: none; font-weight: normal !important; border: none; display: inline-block;\"  target=\"_blank\" rel=\"noopener\" target=\"_blank\">Embed from Getty Images<\/a><script>window.gie=window.gie||function(c){(gie.q=gie.q||[]).push(c)};gie(function(){gie.widgets.load({id:'nKSBEQ1oSBx4kNo2DAoSPg',sig:'efpOySQcEFENkHw0Bedpibkk5TV1gl7ly89Wi5SDZ7A=',w:'395px',h:'594px',items:'1176977246,1176976920,1176977222,1176766504,1176976907',caption: true ,tld:'es',is360: false })});<\/script><script src='\/\/embed-cdn.gettyimages.com\/widgets.js' charset='utf-8' async><\/script><\/p>\n<h5><em>*IMAGEN: Getty Images\u00a0<\/em><\/h5>\n<p>&nbsp;<\/p>\n<p>&nbsp;<\/p>\n<p>&nbsp;<\/p>\n","protected":false},"author":11656,"featured_media":71495,"template":"","format":"standard","categories":[4],"acf":[],"yoast_head":"<!-- This site is optimized with the Yoast SEO Premium plugin v18.5 (Yoast SEO v20.4) - https:\/\/yoast.com\/wordpress\/plugins\/seo\/ -->\n<title>Un pomerania fue protagonista de Marine Serre en Par\u00eds | Grazia M\u00e9xico y Latinoam\u00e9rica<\/title>\n<meta name=\"description\" content=\"As\u00ed es, un Pomerania se rob\u00f3 todas las miradas en el show de Marine Serre en el marco de Fashion Week en Par\u00eds para primavera-verano 2020.\" \/>\n<meta name=\"robots\" content=\"index, follow, max-snippet:-1, max-image-preview:large, max-video-preview:-1\" \/>\n<link rel=\"canonical\" href=\"https:\/\/graziamagazine.com\/mx\/articles\/un-pomerania-fue-protagonista-de-marine-serre-en-paris\/\" \/>\n<meta property=\"og:locale\" content=\"es_MX\" \/>\n<meta property=\"og:type\" content=\"article\" \/>\n<meta property=\"og:title\" content=\"Un pomerania fue protagonista de Marine Serre en Par\u00eds\" \/>\n<meta property=\"og:description\" content=\"As\u00ed es, un Pomerania se rob\u00f3 todas las miradas en el show de Marine Serre en el marco de Fashion Week en Par\u00eds para primavera-verano 2020.\" \/>\n<meta property=\"og:url\" content=\"https:\/\/graziamagazine.com\/mx\/articles\/un-pomerania-fue-protagonista-de-marine-serre-en-paris\/\" \/>\n<meta property=\"og:site_name\" content=\"Grazia M\u00e9xico y Latinoam\u00e9rica\" \/>\n<meta property=\"article:modified_time\" content=\"2019-09-25T17:05:35+00:00\" \/>\n<meta property=\"og:image\" content=\"https:\/\/graziamagazine.com\/mx\/wp-content\/uploads\/sites\/13\/2019\/09\/un-pomerania-fue-protagonista-de-marine-serre-en-paris-detscada.jpg?fit=2595%2C1264\" \/>\n\t<meta property=\"og:image:width\" content=\"2595\" \/>\n\t<meta property=\"og:image:height\" content=\"1264\" \/>\n\t<meta property=\"og:image:type\" content=\"image\/jpeg\" \/>\n<meta name=\"twitter:card\" content=\"summary_large_image\" \/>\n<meta name=\"twitter:label1\" content=\"Est. reading time\" \/>\n\t<meta name=\"twitter:data1\" content=\"2 minutos\" \/>\n<script type=\"application\/ld+json\" class=\"yoast-schema-graph\">{\"@context\":\"https:\/\/schema.org\",\"@graph\":[{\"@type\":\"WebPage\",\"@id\":\"https:\/\/graziamagazine.com\/mx\/articles\/un-pomerania-fue-protagonista-de-marine-serre-en-paris\/\",\"url\":\"https:\/\/graziamagazine.com\/mx\/articles\/un-pomerania-fue-protagonista-de-marine-serre-en-paris\/\",\"name\":\"Un pomerania fue protagonista de Marine Serre en Par\u00eds | Grazia M\u00e9xico y Latinoam\u00e9rica\",\"isPartOf\":{\"@id\":\"https:\/\/graziamagazine.com\/mx\/#website\"},\"datePublished\":\"2019-09-25T15:51:29+00:00\",\"dateModified\":\"2019-09-25T17:05:35+00:00\",\"description\":\"As\u00ed es, un Pomerania se rob\u00f3 todas las miradas en el show de Marine Serre en el marco de Fashion Week en Par\u00eds para primavera-verano 2020.\",\"breadcrumb\":{\"@id\":\"https:\/\/graziamagazine.com\/mx\/articles\/un-pomerania-fue-protagonista-de-marine-serre-en-paris\/#breadcrumb\"},\"inLanguage\":\"es-MX\",\"potentialAction\":[{\"@type\":\"ReadAction\",\"target\":[\"https:\/\/graziamagazine.com\/mx\/articles\/un-pomerania-fue-protagonista-de-marine-serre-en-paris\/\"]}]},{\"@type\":\"BreadcrumbList\",\"@id\":\"https:\/\/graziamagazine.com\/mx\/articles\/un-pomerania-fue-protagonista-de-marine-serre-en-paris\/#breadcrumb\",\"itemListElement\":[{\"@type\":\"ListItem\",\"position\":1,\"name\":\"Home\",\"item\":\"https:\/\/graziamagazine.com\/mx\/\"},{\"@type\":\"ListItem\",\"position\":2,\"name\":\"Un pomerania fue protagonista de Marine Serre en Par\u00eds\"}]},{\"@type\":\"WebSite\",\"@id\":\"https:\/\/graziamagazine.com\/mx\/#website\",\"url\":\"https:\/\/graziamagazine.com\/mx\/\",\"name\":\"Grazia M\u00e9xico y Latinoam\u00e9rica\",\"description\":\"Grazia es moda, belleza y noticias  de actualidad \",\"potentialAction\":[{\"@type\":\"SearchAction\",\"target\":{\"@type\":\"EntryPoint\",\"urlTemplate\":\"https:\/\/graziamagazine.com\/mx\/?s={search_term_string}\"},\"query-input\":\"required name=search_term_string\"}],\"inLanguage\":\"es-MX\"}]}<\/script>\n<!-- \/ Yoast SEO Premium plugin. -->","yoast_head_json":{"title":"Un pomerania fue protagonista de Marine Serre en Par\u00eds | Grazia M\u00e9xico y Latinoam\u00e9rica","description":"As\u00ed es, un Pomerania se rob\u00f3 todas las miradas en el show de Marine Serre en el marco de Fashion Week en Par\u00eds para primavera-verano 2020.","robots":{"index":"index","follow":"follow","max-snippet":"max-snippet:-1","max-image-preview":"max-image-preview:large","max-video-preview":"max-video-preview:-1"},"canonical":"https:\/\/graziamagazine.com\/mx\/articles\/un-pomerania-fue-protagonista-de-marine-serre-en-paris\/","og_locale":"es_MX","og_type":"article","og_title":"Un pomerania fue protagonista de Marine Serre en Par\u00eds","og_description":"As\u00ed es, un Pomerania se rob\u00f3 todas las miradas en el show de Marine Serre en el marco de Fashion Week en Par\u00eds para primavera-verano 2020.","og_url":"https:\/\/graziamagazine.com\/mx\/articles\/un-pomerania-fue-protagonista-de-marine-serre-en-paris\/","og_site_name":"Grazia M\u00e9xico y Latinoam\u00e9rica","article_modified_time":"2019-09-25T17:05:35+00:00","og_image":[{"width":2595,"height":1264,"url":"https:\/\/graziamagazine.com\/mx\/wp-content\/uploads\/sites\/13\/2019\/09\/un-pomerania-fue-protagonista-de-marine-serre-en-paris-detscada.jpg?fit=2595%2C1264","type":"image\/jpeg"}],"twitter_card":"summary_large_image","twitter_misc":{"Est. reading time":"2 minutos"},"schema":{"@context":"https:\/\/schema.org","@graph":[{"@type":"WebPage","@id":"https:\/\/graziamagazine.com\/mx\/articles\/un-pomerania-fue-protagonista-de-marine-serre-en-paris\/","url":"https:\/\/graziamagazine.com\/mx\/articles\/un-pomerania-fue-protagonista-de-marine-serre-en-paris\/","name":"Un pomerania fue protagonista de Marine Serre en Par\u00eds | Grazia M\u00e9xico y Latinoam\u00e9rica","isPartOf":{"@id":"https:\/\/graziamagazine.com\/mx\/#website"},"datePublished":"2019-09-25T15:51:29+00:00","dateModified":"2019-09-25T17:05:35+00:00","description":"As\u00ed es, un Pomerania se rob\u00f3 todas las miradas en el show de Marine Serre en el marco de Fashion Week en Par\u00eds para primavera-verano 2020.","breadcrumb":{"@id":"https:\/\/graziamagazine.com\/mx\/articles\/un-pomerania-fue-protagonista-de-marine-serre-en-paris\/#breadcrumb"},"inLanguage":"es-MX","potentialAction":[{"@type":"ReadAction","target":["https:\/\/graziamagazine.com\/mx\/articles\/un-pomerania-fue-protagonista-de-marine-serre-en-paris\/"]}]},{"@type":"BreadcrumbList","@id":"https:\/\/graziamagazine.com\/mx\/articles\/un-pomerania-fue-protagonista-de-marine-serre-en-paris\/#breadcrumb","itemListElement":[{"@type":"ListItem","position":1,"name":"Home","item":"https:\/\/graziamagazine.com\/mx\/"},{"@type":"ListItem","position":2,"name":"Un pomerania fue protagonista de Marine Serre en Par\u00eds"}]},{"@type":"WebSite","@id":"https:\/\/graziamagazine.com\/mx\/#website","url":"https:\/\/graziamagazine.com\/mx\/","name":"Grazia M\u00e9xico y Latinoam\u00e9rica","description":"Grazia es moda, belleza y noticias  de actualidad ","potentialAction":[{"@type":"SearchAction","target":{"@type":"EntryPoint","urlTemplate":"https:\/\/graziamagazine.com\/mx\/?s={search_term_string}"},"query-input":"required name=search_term_string"}],"inLanguage":"es-MX"}]}},"jetpack_sharing_enabled":true,"distributor_meta":false,"distributor_terms":false,"distributor_media":false,"distributor_original_site_name":"Grazia M\u00e9xico y Latinoam\u00e9rica","distributor_original_site_url":"https:\/\/graziamagazine.com\/mx","push-errors":false,"_links":{"self":[{"href":"https:\/\/graziamagazine.com\/mx\/wp-json\/wp\/v2\/articles\/71440"}],"collection":[{"href":"https:\/\/graziamagazine.com\/mx\/wp-json\/wp\/v2\/articles"}],"about":[{"href":"https:\/\/graziamagazine.com\/mx\/wp-json\/wp\/v2\/types\/articles"}],"author":[{"embeddable":true,"href":"https:\/\/graziamagazine.com\/mx\/wp-json\/wp\/v2\/users\/11656"}],"wp:featuredmedia":[{"embeddable":true,"href":"https:\/\/graziamagazine.com\/mx\/wp-json\/wp\/v2\/media\/71495"}],"wp:attachment":[{"href":"https:\/\/graziamagazine.com\/mx\/wp-json\/wp\/v2\/media?parent=71440"}],"wp:term":[{"taxonomy":"category","embeddable":true,"href":"https:\/\/graziamagazine.com\/mx\/wp-json\/wp\/v2\/categories?post=71440"}],"curies":[{"name":"wp","href":"https:\/\/api.w.org\/{rel}","templated":true}]}}