{"id":71375,"date":"2019-09-23T16:14:47","date_gmt":"2019-09-23T21:14:47","guid":{"rendered":"https:\/\/graziamagazine.com\/mx\/?p=71375"},"modified":"2019-09-23T16:14:47","modified_gmt":"2019-09-23T21:14:47","slug":"twitter-se-burlo-de-kim-y-kendall-en-los-emmys-2019","status":"publish","type":"articles","link":"https:\/\/graziamagazine.com\/mx\/articles\/twitter-se-burlo-de-kim-y-kendall-en-los-emmys-2019\/","title":{"rendered":"Twitter se burl\u00f3 de Kim y Kendall en los Emmys 2019"},"content":{"rendered":"<p><span style=\"font-weight: 400;\">Durante la entrega de los <a href=\"https:\/\/graziamagazine.com\/mx\/estos-fueron-los-mejores-looks-de-los-emmys\/\" target=\"_blank\" rel=\"noopener\"><strong>Premios\u00a0Emmy 2019<\/strong><\/a>, las hermanas del clan <strong>Kardashian-Jenner<\/strong> tuvieron un momento que se torn\u00f3 inc\u00f3modo para ellas, y motivo de risas y burlas por parte de los asistentes. Fue durante su participaci\u00f3n en el escenario para presentar los nominados por el Mejor Programa de Competencia, que <strong>Kim Kardashian<\/strong> y <strong>Kendall Jenner<\/strong> su <em>script<\/em> y la gente comenz\u00f3 a re\u00edrse.<\/span><\/p>\n<p><span style=\"font-weight: 400;\">&#8220;Nuestra familia sabe de primera mano c\u00f3mo la televisi\u00f3n realmente convincente proviene de personas reales que simplemente son ellas mismas&#8221;, dijo Kim, a lo que Kendall a\u00f1adi\u00f3 &#8220;Contando sus historias sin filtro y sin gui\u00f3n&#8221;. Todav\u00eda no terminaban de hablar cuando la gente ya se estaba riendo y el silencio de la audiencia se torn\u00f3 en barullo lejano.\u00a0<\/span><\/p>\n<blockquote class=\"twitter-tweet\" data-width=\"500\" data-dnt=\"true\">\n<p lang=\"en\" dir=\"ltr\">So awkward.<a href=\"https:\/\/t.co\/7Dd7XtjJlW\" target=\"_blank\">pic.twitter.com\/7Dd7XtjJlW<\/a><a href=\"https:\/\/twitter.com\/hashtag\/Emmys?src=hash&amp;ref_src=twsrc%5Etfw\" target=\"_blank\">#Emmys<\/a><\/p>\n<p>&mdash; myTalk 107.1 (@mytalk1071) <a href=\"https:\/\/twitter.com\/mytalk1071\/status\/1175936668966227969?ref_src=twsrc%5Etfw\" target=\"_blank\">September 23, 2019<\/a><\/p><\/blockquote>\n<p><script async src=\"https:\/\/platform.twitter.com\/widgets.js\" charset=\"utf-8\"><\/script><\/p>\n<p><span style=\"font-weight: 400;\">Pero ellas est\u00e1n acostumbradas a que algunas cosas que hacen y dicen no sean del agrado de los dem\u00e1s. As\u00ed que con su semblante sereno, el par entreg\u00f3 el premio a <a href=\"https:\/\/www.vanityfair.com\/hollywood\/2019\/09\/emmys-equality-speeches-diversity\" target=\"_blank\" rel=\"noopener\" target=\"_blank\"><em>RuPaul&#8217;s Drag Race<\/em><\/a>, el <em>reality<\/em> en el que se busca a la siguiente estrella del <em>drag<\/em> estadounidense.<\/span><\/p>\n<p><span style=\"font-weight: 400;\">Adem\u00e1s, a Kim se le pas\u00f3 un poco lo entallado de su atuendo. La empresaria eligi\u00f3 un vestido en forma de sirena en terciopelo negro de <strong>Vivienne Westwood<\/strong>, pero estaba tan apretado que se pudo observar la dificultad con la que camin\u00f3 a lo largo del escenario con los pasos cortos que pod\u00eda dar. Kendall, por su parte, luci\u00f3 un vestido con estampado floral combinado con cuello alto y manga larga en acabado de charol, del dise\u00f1ador\u00a0<strong>Richard Quinn<\/strong><em>.<\/em><\/span><\/p>\n<blockquote class=\"twitter-tweet\" data-width=\"500\" data-dnt=\"true\">\n<p lang=\"en\" dir=\"ltr\">no one:<br \/>kendall jenner borrowing the rubber suit from ahs at the emmys: <a href=\"https:\/\/t.co\/kipgr4aAIi\" target=\"_blank\">pic.twitter.com\/kipgr4aAIi<\/a><\/p>\n<p>&mdash; im harry styles (@canyonmoonslut) <a href=\"https:\/\/twitter.com\/canyonmoonslut\/status\/1175922951167840256?ref_src=twsrc%5Etfw\" target=\"_blank\">September 23, 2019<\/a><\/p><\/blockquote>\n<p><script async src=\"https:\/\/platform.twitter.com\/widgets.js\" charset=\"utf-8\"><\/script><\/p>\n<p><span style=\"font-weight: 400;\">Por supuesto que Twitter estall\u00f3 en burlas. \u00bfCrees que su comentario fue acertado?<\/span><\/p>\n<blockquote class=\"twitter-tweet\" data-width=\"500\" data-dnt=\"true\">\n<p lang=\"en\" dir=\"ltr\">Kim Kardashian: &quot;Our family knows first-hand how truly compelling television comes from real people just being themselves.&quot;<\/p>\n<p>Kendall Jenner: &quot;Telling their stories, unfiltered and unscripted.&quot;<\/p>\n<p>The rest of us:<a href=\"https:\/\/twitter.com\/hashtag\/Emmys?src=hash&amp;ref_src=twsrc%5Etfw\" target=\"_blank\">#Emmys<\/a> <a href=\"https:\/\/t.co\/NW9ZaFhEZO\" target=\"_blank\">pic.twitter.com\/NW9ZaFhEZO<\/a><\/p>\n<p>&mdash; Ishani Nath (@ishaninath) <a href=\"https:\/\/twitter.com\/ishaninath\/status\/1175935600211443717?ref_src=twsrc%5Etfw\" target=\"_blank\">September 23, 2019<\/a><\/p><\/blockquote>\n<p><script async src=\"https:\/\/platform.twitter.com\/widgets.js\" charset=\"utf-8\"><\/script><\/p>\n<p>https:\/\/twitter.com\/diamondsareice\/status\/1175948601148747776<\/p>\n<blockquote class=\"twitter-tweet\" data-width=\"500\" data-dnt=\"true\">\n<p lang=\"en\" dir=\"ltr\">The <a href=\"https:\/\/twitter.com\/hashtag\/emmys?src=hash&amp;ref_src=twsrc%5Etfw\" target=\"_blank\">#emmys<\/a> audience just laughed at <a href=\"https:\/\/twitter.com\/hashtag\/KimKardashian?src=hash&amp;ref_src=twsrc%5Etfw\" target=\"_blank\">#KimKardashian<\/a> presenting with <a href=\"https:\/\/twitter.com\/hashtag\/KendallJenner?src=hash&amp;ref_src=twsrc%5Etfw\" target=\"_blank\">#KendallJenner<\/a>. <a href=\"https:\/\/twitter.com\/hashtag\/krisjenner?src=hash&amp;ref_src=twsrc%5Etfw\" target=\"_blank\">#krisjenner<\/a> is already plotting this as the plot for Season 18 of <a href=\"https:\/\/twitter.com\/hashtag\/KUWTK?src=hash&amp;ref_src=twsrc%5Etfw\" target=\"_blank\">#KUWTK<\/a> <a href=\"https:\/\/t.co\/edokAhjLOO\" target=\"_blank\">pic.twitter.com\/edokAhjLOO<\/a><\/p>\n<p>&mdash; ~Maria~ (@OneStyleataTime) <a href=\"https:\/\/twitter.com\/OneStyleataTime\/status\/1175936305089470465?ref_src=twsrc%5Etfw\" target=\"_blank\">September 23, 2019<\/a><\/p><\/blockquote>\n<p><script async src=\"https:\/\/platform.twitter.com\/widgets.js\" charset=\"utf-8\"><\/script><\/p>\n<p>https:\/\/twitter.com\/mialterego\/status\/1175935221293731842<\/p>\n<h5><\/h5>\n<h5><em>*IMAGEN: Getty Images<\/em><\/h5>\n","protected":false},"author":11628,"featured_media":71384,"template":"","format":"standard","categories":[2],"acf":[],"yoast_head":"<!-- This site is optimized with the Yoast SEO Premium plugin v18.5 (Yoast SEO v20.4) - https:\/\/yoast.com\/wordpress\/plugins\/seo\/ -->\n<title>Twitter se burl\u00f3 de Kim y Kendall en los Emmys 2019 | Grazia M\u00e9xico y Latinoam\u00e9rica<\/title>\n<meta name=\"description\" content=\"\u00bfViste el inc\u00f3modo momento que protagonizaron Kim Kardashian y Kendall Jenner durante la transmisi\u00f3n de los Premios Emmy 2019? Te contamos todo.\" \/>\n<meta name=\"robots\" content=\"index, follow, max-snippet:-1, max-image-preview:large, max-video-preview:-1\" \/>\n<link rel=\"canonical\" href=\"https:\/\/graziamagazine.com\/mx\/articles\/twitter-se-burlo-de-kim-y-kendall-en-los-emmys-2019\/\" \/>\n<meta property=\"og:locale\" content=\"es_MX\" \/>\n<meta property=\"og:type\" content=\"article\" \/>\n<meta property=\"og:title\" content=\"Twitter se burl\u00f3 de Kim y Kendall en los Emmys 2019\" \/>\n<meta property=\"og:description\" content=\"\u00bfViste el inc\u00f3modo momento que protagonizaron Kim Kardashian y Kendall Jenner durante la transmisi\u00f3n de los Premios Emmy 2019? Te contamos todo.\" \/>\n<meta property=\"og:url\" content=\"https:\/\/graziamagazine.com\/mx\/articles\/twitter-se-burlo-de-kim-y-kendall-en-los-emmys-2019\/\" \/>\n<meta property=\"og:site_name\" content=\"Grazia M\u00e9xico y Latinoam\u00e9rica\" \/>\n<meta property=\"og:image\" content=\"https:\/\/graziamagazine.com\/mx\/wp-content\/uploads\/sites\/13\/2019\/09\/twitter-se-burlo-de-kim-y-kendall-en-los-emmys-2019-destacada.jpg?fit=1200%2C675\" \/>\n\t<meta property=\"og:image:width\" content=\"1200\" \/>\n\t<meta property=\"og:image:height\" content=\"675\" \/>\n\t<meta property=\"og:image:type\" content=\"image\/jpeg\" \/>\n<meta name=\"twitter:card\" content=\"summary_large_image\" \/>\n<meta name=\"twitter:label1\" content=\"Est. reading time\" \/>\n\t<meta name=\"twitter:data1\" content=\"2 minutos\" \/>\n<script type=\"application\/ld+json\" class=\"yoast-schema-graph\">{\"@context\":\"https:\/\/schema.org\",\"@graph\":[{\"@type\":\"WebPage\",\"@id\":\"https:\/\/graziamagazine.com\/mx\/articles\/twitter-se-burlo-de-kim-y-kendall-en-los-emmys-2019\/\",\"url\":\"https:\/\/graziamagazine.com\/mx\/articles\/twitter-se-burlo-de-kim-y-kendall-en-los-emmys-2019\/\",\"name\":\"Twitter se burl\u00f3 de Kim y Kendall en los Emmys 2019 | Grazia M\u00e9xico y Latinoam\u00e9rica\",\"isPartOf\":{\"@id\":\"https:\/\/graziamagazine.com\/mx\/#website\"},\"datePublished\":\"2019-09-23T21:14:47+00:00\",\"dateModified\":\"2019-09-23T21:14:47+00:00\",\"description\":\"\u00bfViste el inc\u00f3modo momento que protagonizaron Kim Kardashian y Kendall Jenner durante la transmisi\u00f3n de los Premios Emmy 2019? Te contamos todo.\",\"breadcrumb\":{\"@id\":\"https:\/\/graziamagazine.com\/mx\/articles\/twitter-se-burlo-de-kim-y-kendall-en-los-emmys-2019\/#breadcrumb\"},\"inLanguage\":\"es-MX\",\"potentialAction\":[{\"@type\":\"ReadAction\",\"target\":[\"https:\/\/graziamagazine.com\/mx\/articles\/twitter-se-burlo-de-kim-y-kendall-en-los-emmys-2019\/\"]}]},{\"@type\":\"BreadcrumbList\",\"@id\":\"https:\/\/graziamagazine.com\/mx\/articles\/twitter-se-burlo-de-kim-y-kendall-en-los-emmys-2019\/#breadcrumb\",\"itemListElement\":[{\"@type\":\"ListItem\",\"position\":1,\"name\":\"Home\",\"item\":\"https:\/\/graziamagazine.com\/mx\/\"},{\"@type\":\"ListItem\",\"position\":2,\"name\":\"Twitter se burl\u00f3 de Kim y Kendall en los Emmys 2019\"}]},{\"@type\":\"WebSite\",\"@id\":\"https:\/\/graziamagazine.com\/mx\/#website\",\"url\":\"https:\/\/graziamagazine.com\/mx\/\",\"name\":\"Grazia M\u00e9xico y Latinoam\u00e9rica\",\"description\":\"Grazia es moda, belleza y noticias  de actualidad \",\"potentialAction\":[{\"@type\":\"SearchAction\",\"target\":{\"@type\":\"EntryPoint\",\"urlTemplate\":\"https:\/\/graziamagazine.com\/mx\/?s={search_term_string}\"},\"query-input\":\"required name=search_term_string\"}],\"inLanguage\":\"es-MX\"}]}<\/script>\n<!-- \/ Yoast SEO Premium plugin. -->","yoast_head_json":{"title":"Twitter se burl\u00f3 de Kim y Kendall en los Emmys 2019 | Grazia M\u00e9xico y Latinoam\u00e9rica","description":"\u00bfViste el inc\u00f3modo momento que protagonizaron Kim Kardashian y Kendall Jenner durante la transmisi\u00f3n de los Premios Emmy 2019? Te contamos todo.","robots":{"index":"index","follow":"follow","max-snippet":"max-snippet:-1","max-image-preview":"max-image-preview:large","max-video-preview":"max-video-preview:-1"},"canonical":"https:\/\/graziamagazine.com\/mx\/articles\/twitter-se-burlo-de-kim-y-kendall-en-los-emmys-2019\/","og_locale":"es_MX","og_type":"article","og_title":"Twitter se burl\u00f3 de Kim y Kendall en los Emmys 2019","og_description":"\u00bfViste el inc\u00f3modo momento que protagonizaron Kim Kardashian y Kendall Jenner durante la transmisi\u00f3n de los Premios Emmy 2019? Te contamos todo.","og_url":"https:\/\/graziamagazine.com\/mx\/articles\/twitter-se-burlo-de-kim-y-kendall-en-los-emmys-2019\/","og_site_name":"Grazia M\u00e9xico y Latinoam\u00e9rica","og_image":[{"width":1200,"height":675,"url":"https:\/\/graziamagazine.com\/mx\/wp-content\/uploads\/sites\/13\/2019\/09\/twitter-se-burlo-de-kim-y-kendall-en-los-emmys-2019-destacada.jpg?fit=1200%2C675","type":"image\/jpeg"}],"twitter_card":"summary_large_image","twitter_misc":{"Est. reading time":"2 minutos"},"schema":{"@context":"https:\/\/schema.org","@graph":[{"@type":"WebPage","@id":"https:\/\/graziamagazine.com\/mx\/articles\/twitter-se-burlo-de-kim-y-kendall-en-los-emmys-2019\/","url":"https:\/\/graziamagazine.com\/mx\/articles\/twitter-se-burlo-de-kim-y-kendall-en-los-emmys-2019\/","name":"Twitter se burl\u00f3 de Kim y Kendall en los Emmys 2019 | Grazia M\u00e9xico y Latinoam\u00e9rica","isPartOf":{"@id":"https:\/\/graziamagazine.com\/mx\/#website"},"datePublished":"2019-09-23T21:14:47+00:00","dateModified":"2019-09-23T21:14:47+00:00","description":"\u00bfViste el inc\u00f3modo momento que protagonizaron Kim Kardashian y Kendall Jenner durante la transmisi\u00f3n de los Premios Emmy 2019? Te contamos todo.","breadcrumb":{"@id":"https:\/\/graziamagazine.com\/mx\/articles\/twitter-se-burlo-de-kim-y-kendall-en-los-emmys-2019\/#breadcrumb"},"inLanguage":"es-MX","potentialAction":[{"@type":"ReadAction","target":["https:\/\/graziamagazine.com\/mx\/articles\/twitter-se-burlo-de-kim-y-kendall-en-los-emmys-2019\/"]}]},{"@type":"BreadcrumbList","@id":"https:\/\/graziamagazine.com\/mx\/articles\/twitter-se-burlo-de-kim-y-kendall-en-los-emmys-2019\/#breadcrumb","itemListElement":[{"@type":"ListItem","position":1,"name":"Home","item":"https:\/\/graziamagazine.com\/mx\/"},{"@type":"ListItem","position":2,"name":"Twitter se burl\u00f3 de Kim y Kendall en los Emmys 2019"}]},{"@type":"WebSite","@id":"https:\/\/graziamagazine.com\/mx\/#website","url":"https:\/\/graziamagazine.com\/mx\/","name":"Grazia M\u00e9xico y Latinoam\u00e9rica","description":"Grazia es moda, belleza y noticias  de actualidad ","potentialAction":[{"@type":"SearchAction","target":{"@type":"EntryPoint","urlTemplate":"https:\/\/graziamagazine.com\/mx\/?s={search_term_string}"},"query-input":"required name=search_term_string"}],"inLanguage":"es-MX"}]}},"jetpack_sharing_enabled":true,"distributor_meta":false,"distributor_terms":false,"distributor_media":false,"distributor_original_site_name":"Grazia M\u00e9xico y Latinoam\u00e9rica","distributor_original_site_url":"https:\/\/graziamagazine.com\/mx","push-errors":false,"_links":{"self":[{"href":"https:\/\/graziamagazine.com\/mx\/wp-json\/wp\/v2\/articles\/71375"}],"collection":[{"href":"https:\/\/graziamagazine.com\/mx\/wp-json\/wp\/v2\/articles"}],"about":[{"href":"https:\/\/graziamagazine.com\/mx\/wp-json\/wp\/v2\/types\/articles"}],"author":[{"embeddable":true,"href":"https:\/\/graziamagazine.com\/mx\/wp-json\/wp\/v2\/users\/11628"}],"wp:featuredmedia":[{"embeddable":true,"href":"https:\/\/graziamagazine.com\/mx\/wp-json\/wp\/v2\/media\/71384"}],"wp:attachment":[{"href":"https:\/\/graziamagazine.com\/mx\/wp-json\/wp\/v2\/media?parent=71375"}],"wp:term":[{"taxonomy":"category","embeddable":true,"href":"https:\/\/graziamagazine.com\/mx\/wp-json\/wp\/v2\/categories?post=71375"}],"curies":[{"name":"wp","href":"https:\/\/api.w.org\/{rel}","templated":true}]}}