{"id":71344,"date":"2019-09-23T13:12:41","date_gmt":"2019-09-23T18:12:41","guid":{"rendered":"https:\/\/graziamagazine.com\/mx\/?p=71344"},"modified":"2019-09-23T13:12:41","modified_gmt":"2019-09-23T18:12:41","slug":"el-emotivo-momento-de-kit-harington-y-sophie-turner-en-los-emmys","status":"publish","type":"articles","link":"https:\/\/graziamagazine.com\/mx\/articles\/el-emotivo-momento-de-kit-harington-y-sophie-turner-en-los-emmys\/","title":{"rendered":"El emotivo momento de Kit Harington y Sophie Turner en los Emmys"},"content":{"rendered":"<p><span style=\"font-weight: 400;\">La entrega n\u00famero 71 de los <strong>Emmys<\/strong> (<strong><em>Emmy Awards<\/em><\/strong>)\u00a0se llev\u00f3 a cabo y \u2014<a href=\"https:\/\/graziamagazine.com\/mx\/el-ultimo-record-que-rompio-game-of-thrones\/\" target=\"_blank\" rel=\"noopener\">como era de esperarse<\/a>\u2014\u00a0<strong><em>Game of Thrones<\/em><\/strong> se llev\u00f3 la estatuilla a la Mejor Serie Dram\u00e1tica. Y aunque no ganaron, tanto <strong>Kit Harington<\/strong> (<em>aka<\/em> <strong>Jon Snow<\/strong>) como <strong>Emilia Clarke<\/strong> (<em>aka<\/em> <strong>Daenerys Targaryen<\/strong>) compitieron por el premio a Mejor Actor y Mejor Actriz Principal en una Serie Dram\u00e1tica, respectivamente. Mismo caso con <strong>Sophie Turner<\/strong>, quien estuvo nominada como Mejor Actriz de Reparto, pero cuyo galard\u00f3n le fue arrancado por <strong>Julia Garner<\/strong> de la serie <em>Ozark.<\/em><\/span><\/p>\n<p><span style=\"font-weight: 400;\">Durante esta gala se reencontraron muchos miembros del elenco de la m\u00e1s aclamada serie de <strong>HBO<\/strong>,\u00a0as\u00ed como del equipo de producci\u00f3n, pues la \u00e9pica serie que dur\u00f3 ocho a\u00f1os y ocho temporadas rompi\u00f3 r\u00e9cord luego de ser nominada a 32 estatuillas.<\/span><\/p>\n<p><span style=\"font-weight: 400;\">Pero lo que queremos contarte, es el emotivo momento que protagonizaron Harington y Turner al verse de frente nuevamente. Los actores se vieron profundamente a los ojos, para luego darse un fuerte y prolongado abrazo, tal y como sucedi\u00f3 en el cap\u00edtulo final de la serie, cuando<strong> Sansa Stark<\/strong> despide en el muelle a su hermano <strong>Jon Snow<\/strong> que regresar\u00e1 a pasar el resto de su vida en la Guardia de la Noche, justo donde empez\u00f3.\u00a0<\/span><\/p>\n<blockquote class=\"twitter-tweet\" data-lang=\"es\">\n<p dir=\"ltr\" lang=\"en\">&#8220;YOU LOOK SO HANDSOME&#8221; IM CRYING SO HARD <a href=\"https:\/\/twitter.com\/hashtag\/emmys2019?src=hash&amp;ref_src=twsrc%5Etfw\" target=\"_blank\">#emmys2019<\/a> <a href=\"https:\/\/t.co\/EZVKcNM16V\" target=\"_blank\">pic.twitter.com\/EZVKcNM16V<\/a><\/p>\n<p>\u2014 ophelie (@sophieturnyr) <a href=\"https:\/\/twitter.com\/sophieturnyr\/status\/1175932900807720960?ref_src=twsrc%5Etfw\" target=\"_blank\">23 de septiembre de 2019<\/a><\/p><\/blockquote>\n<p><script async src=\"https:\/\/platform.twitter.com\/widgets.js\" charset=\"utf-8\"><\/script><br \/>\n<span style=\"font-weight: 400;\">Sophie asisti\u00f3 sin su esposo <strong>Joe Jonas<\/strong> a la entrega de premios, pues se encuentra en medio de su gira por Missouri con los <strong>Jonas Brothers<\/strong>. Kit, por su parte, se ve de mejor aspecto luego de haber estado internado en una cl\u00ednica de rehabilitaci\u00f3n debido a sus problemas con el estr\u00e9s y el alcohol, pero tampoco fue acompa\u00f1ado de su esposa <strong>Rose Leslie<\/strong>, una de las actrices de <em>Game of Thrones<\/em>, despertando rumores sobre su separaci\u00f3n. \u00bfQu\u00e9 pasar\u00e1?<\/span><\/p>\n<h5><em>*IMAGEN: Getty Images<\/em><\/h5>\n","protected":false},"author":11628,"featured_media":71365,"template":"","format":"standard","categories":[114,2],"acf":[],"yoast_head":"<!-- This site is optimized with the Yoast SEO Premium plugin v18.5 (Yoast SEO v20.4) - https:\/\/yoast.com\/wordpress\/plugins\/seo\/ -->\n<title>El emotivo momento de Kit Harington y Sophie Turner en los Emmys | Grazia M\u00e9xico y Latinoam\u00e9rica<\/title>\n<meta name=\"description\" content=\"En los Emmys, Sophie Turner y Kit Harington recrearon un emotivo momento de Game of Thrones, la serie m\u00e1s aclamada de HBO. \u00bfYa lo viste?\" \/>\n<meta name=\"robots\" content=\"index, follow, max-snippet:-1, max-image-preview:large, max-video-preview:-1\" \/>\n<link rel=\"canonical\" href=\"https:\/\/graziamagazine.com\/mx\/articles\/el-emotivo-momento-de-kit-harington-y-sophie-turner-en-los-emmys\/\" \/>\n<meta property=\"og:locale\" content=\"es_MX\" \/>\n<meta property=\"og:type\" content=\"article\" \/>\n<meta property=\"og:title\" content=\"El emotivo momento de Kit Harington y Sophie Turner en los Emmys\" \/>\n<meta property=\"og:description\" content=\"En los Emmys, Sophie Turner y Kit Harington recrearon un emotivo momento de Game of Thrones, la serie m\u00e1s aclamada de HBO. \u00bfYa lo viste?\" \/>\n<meta property=\"og:url\" content=\"https:\/\/graziamagazine.com\/mx\/articles\/el-emotivo-momento-de-kit-harington-y-sophie-turner-en-los-emmys\/\" \/>\n<meta property=\"og:site_name\" content=\"Grazia M\u00e9xico y Latinoam\u00e9rica\" \/>\n<meta property=\"og:image\" content=\"https:\/\/graziamagazine.com\/mx\/wp-content\/uploads\/sites\/13\/2019\/09\/el-emotivo-momento-de-kit-harington-y-sophie-turner-en-los-emmys-destacada.jpg?fit=800%2C400\" \/>\n\t<meta property=\"og:image:width\" content=\"800\" \/>\n\t<meta property=\"og:image:height\" content=\"400\" \/>\n\t<meta property=\"og:image:type\" content=\"image\/jpeg\" \/>\n<meta name=\"twitter:card\" content=\"summary_large_image\" \/>\n<meta name=\"twitter:label1\" content=\"Est. reading time\" \/>\n\t<meta name=\"twitter:data1\" content=\"2 minutos\" \/>\n<script type=\"application\/ld+json\" class=\"yoast-schema-graph\">{\"@context\":\"https:\/\/schema.org\",\"@graph\":[{\"@type\":\"WebPage\",\"@id\":\"https:\/\/graziamagazine.com\/mx\/articles\/el-emotivo-momento-de-kit-harington-y-sophie-turner-en-los-emmys\/\",\"url\":\"https:\/\/graziamagazine.com\/mx\/articles\/el-emotivo-momento-de-kit-harington-y-sophie-turner-en-los-emmys\/\",\"name\":\"El emotivo momento de Kit Harington y Sophie Turner en los Emmys | Grazia M\u00e9xico y Latinoam\u00e9rica\",\"isPartOf\":{\"@id\":\"https:\/\/graziamagazine.com\/mx\/#website\"},\"datePublished\":\"2019-09-23T18:12:41+00:00\",\"dateModified\":\"2019-09-23T18:12:41+00:00\",\"description\":\"En los Emmys, Sophie Turner y Kit Harington recrearon un emotivo momento de Game of Thrones, la serie m\u00e1s aclamada de HBO. \u00bfYa lo viste?\",\"breadcrumb\":{\"@id\":\"https:\/\/graziamagazine.com\/mx\/articles\/el-emotivo-momento-de-kit-harington-y-sophie-turner-en-los-emmys\/#breadcrumb\"},\"inLanguage\":\"es-MX\",\"potentialAction\":[{\"@type\":\"ReadAction\",\"target\":[\"https:\/\/graziamagazine.com\/mx\/articles\/el-emotivo-momento-de-kit-harington-y-sophie-turner-en-los-emmys\/\"]}]},{\"@type\":\"BreadcrumbList\",\"@id\":\"https:\/\/graziamagazine.com\/mx\/articles\/el-emotivo-momento-de-kit-harington-y-sophie-turner-en-los-emmys\/#breadcrumb\",\"itemListElement\":[{\"@type\":\"ListItem\",\"position\":1,\"name\":\"Home\",\"item\":\"https:\/\/graziamagazine.com\/mx\/\"},{\"@type\":\"ListItem\",\"position\":2,\"name\":\"El emotivo momento de Kit Harington y Sophie Turner en los Emmys\"}]},{\"@type\":\"WebSite\",\"@id\":\"https:\/\/graziamagazine.com\/mx\/#website\",\"url\":\"https:\/\/graziamagazine.com\/mx\/\",\"name\":\"Grazia M\u00e9xico y Latinoam\u00e9rica\",\"description\":\"Grazia es moda, belleza y noticias  de actualidad \",\"potentialAction\":[{\"@type\":\"SearchAction\",\"target\":{\"@type\":\"EntryPoint\",\"urlTemplate\":\"https:\/\/graziamagazine.com\/mx\/?s={search_term_string}\"},\"query-input\":\"required name=search_term_string\"}],\"inLanguage\":\"es-MX\"}]}<\/script>\n<!-- \/ Yoast SEO Premium plugin. -->","yoast_head_json":{"title":"El emotivo momento de Kit Harington y Sophie Turner en los Emmys | Grazia M\u00e9xico y Latinoam\u00e9rica","description":"En los Emmys, Sophie Turner y Kit Harington recrearon un emotivo momento de Game of Thrones, la serie m\u00e1s aclamada de HBO. \u00bfYa lo viste?","robots":{"index":"index","follow":"follow","max-snippet":"max-snippet:-1","max-image-preview":"max-image-preview:large","max-video-preview":"max-video-preview:-1"},"canonical":"https:\/\/graziamagazine.com\/mx\/articles\/el-emotivo-momento-de-kit-harington-y-sophie-turner-en-los-emmys\/","og_locale":"es_MX","og_type":"article","og_title":"El emotivo momento de Kit Harington y Sophie Turner en los Emmys","og_description":"En los Emmys, Sophie Turner y Kit Harington recrearon un emotivo momento de Game of Thrones, la serie m\u00e1s aclamada de HBO. \u00bfYa lo viste?","og_url":"https:\/\/graziamagazine.com\/mx\/articles\/el-emotivo-momento-de-kit-harington-y-sophie-turner-en-los-emmys\/","og_site_name":"Grazia M\u00e9xico y Latinoam\u00e9rica","og_image":[{"width":800,"height":400,"url":"https:\/\/graziamagazine.com\/mx\/wp-content\/uploads\/sites\/13\/2019\/09\/el-emotivo-momento-de-kit-harington-y-sophie-turner-en-los-emmys-destacada.jpg?fit=800%2C400","type":"image\/jpeg"}],"twitter_card":"summary_large_image","twitter_misc":{"Est. reading time":"2 minutos"},"schema":{"@context":"https:\/\/schema.org","@graph":[{"@type":"WebPage","@id":"https:\/\/graziamagazine.com\/mx\/articles\/el-emotivo-momento-de-kit-harington-y-sophie-turner-en-los-emmys\/","url":"https:\/\/graziamagazine.com\/mx\/articles\/el-emotivo-momento-de-kit-harington-y-sophie-turner-en-los-emmys\/","name":"El emotivo momento de Kit Harington y Sophie Turner en los Emmys | Grazia M\u00e9xico y Latinoam\u00e9rica","isPartOf":{"@id":"https:\/\/graziamagazine.com\/mx\/#website"},"datePublished":"2019-09-23T18:12:41+00:00","dateModified":"2019-09-23T18:12:41+00:00","description":"En los Emmys, Sophie Turner y Kit Harington recrearon un emotivo momento de Game of Thrones, la serie m\u00e1s aclamada de HBO. \u00bfYa lo viste?","breadcrumb":{"@id":"https:\/\/graziamagazine.com\/mx\/articles\/el-emotivo-momento-de-kit-harington-y-sophie-turner-en-los-emmys\/#breadcrumb"},"inLanguage":"es-MX","potentialAction":[{"@type":"ReadAction","target":["https:\/\/graziamagazine.com\/mx\/articles\/el-emotivo-momento-de-kit-harington-y-sophie-turner-en-los-emmys\/"]}]},{"@type":"BreadcrumbList","@id":"https:\/\/graziamagazine.com\/mx\/articles\/el-emotivo-momento-de-kit-harington-y-sophie-turner-en-los-emmys\/#breadcrumb","itemListElement":[{"@type":"ListItem","position":1,"name":"Home","item":"https:\/\/graziamagazine.com\/mx\/"},{"@type":"ListItem","position":2,"name":"El emotivo momento de Kit Harington y Sophie Turner en los Emmys"}]},{"@type":"WebSite","@id":"https:\/\/graziamagazine.com\/mx\/#website","url":"https:\/\/graziamagazine.com\/mx\/","name":"Grazia M\u00e9xico y Latinoam\u00e9rica","description":"Grazia es moda, belleza y noticias  de actualidad ","potentialAction":[{"@type":"SearchAction","target":{"@type":"EntryPoint","urlTemplate":"https:\/\/graziamagazine.com\/mx\/?s={search_term_string}"},"query-input":"required name=search_term_string"}],"inLanguage":"es-MX"}]}},"jetpack_sharing_enabled":true,"distributor_meta":false,"distributor_terms":false,"distributor_media":false,"distributor_original_site_name":"Grazia M\u00e9xico y Latinoam\u00e9rica","distributor_original_site_url":"https:\/\/graziamagazine.com\/mx","push-errors":false,"_links":{"self":[{"href":"https:\/\/graziamagazine.com\/mx\/wp-json\/wp\/v2\/articles\/71344"}],"collection":[{"href":"https:\/\/graziamagazine.com\/mx\/wp-json\/wp\/v2\/articles"}],"about":[{"href":"https:\/\/graziamagazine.com\/mx\/wp-json\/wp\/v2\/types\/articles"}],"author":[{"embeddable":true,"href":"https:\/\/graziamagazine.com\/mx\/wp-json\/wp\/v2\/users\/11628"}],"wp:featuredmedia":[{"embeddable":true,"href":"https:\/\/graziamagazine.com\/mx\/wp-json\/wp\/v2\/media\/71365"}],"wp:attachment":[{"href":"https:\/\/graziamagazine.com\/mx\/wp-json\/wp\/v2\/media?parent=71344"}],"wp:term":[{"taxonomy":"category","embeddable":true,"href":"https:\/\/graziamagazine.com\/mx\/wp-json\/wp\/v2\/categories?post=71344"}],"curies":[{"name":"wp","href":"https:\/\/api.w.org\/{rel}","templated":true}]}}