{"id":71300,"date":"2019-09-23T10:30:54","date_gmt":"2019-09-23T15:30:54","guid":{"rendered":"https:\/\/graziamagazine.com\/mx\/?p=71300"},"modified":"2019-09-23T10:30:54","modified_gmt":"2019-09-23T15:30:54","slug":"estos-fueron-los-mejores-looks-de-los-emmys","status":"publish","type":"articles","link":"https:\/\/graziamagazine.com\/mx\/articles\/estos-fueron-los-mejores-looks-de-los-emmys\/","title":{"rendered":"Estos fueron los mejores looks de los Emmys"},"content":{"rendered":"<div class=\"content-gallery\"><div class=\"gallery-placeholder\"><div class=\"spinner\"><\/div><\/div><span class=\"gallery-pagination\"><\/span><div id=\"gallery-1\" class=\"gallery galleryid-71300 gallery-columns- gallery-size-\"><figure class=\"gallery-item grazia-gallery-show-text\"><div class=\"gallery-icon landscape\"><img loading=\"lazy\" decoding=\"async\" width=\"1024\" height=\"1536\" src=\"https:\/\/graziamagazine.com\/mx\/wp-content\/uploads\/sites\/13\/2019\/09\/estos-fueron-los-mejores-looks-de-los-emmys-1.jpg\" class=\"lazy\" alt=\"\" srcset=\"https:\/\/graziamagazine.com\/mx\/wp-content\/uploads\/sites\/13\/2019\/09\/estos-fueron-los-mejores-looks-de-los-emmys-1.jpg 1024w, https:\/\/graziamagazine.com\/mx\/wp-content\/uploads\/sites\/13\/2019\/09\/estos-fueron-los-mejores-looks-de-los-emmys-1.jpg?resize=300,450 300w, https:\/\/graziamagazine.com\/mx\/wp-content\/uploads\/sites\/13\/2019\/09\/estos-fueron-los-mejores-looks-de-los-emmys-1.jpg?resize=768,1152 768w, https:\/\/graziamagazine.com\/mx\/wp-content\/uploads\/sites\/13\/2019\/09\/estos-fueron-los-mejores-looks-de-los-emmys-1.jpg?resize=683,1024 683w, https:\/\/graziamagazine.com\/mx\/wp-content\/uploads\/sites\/13\/2019\/09\/estos-fueron-los-mejores-looks-de-los-emmys-1.jpg?resize=143,215 143w\" sizes=\"(max-width: 1024px) 100vw, 1024px\" \/><\/div><div class=\"grazia-gallery-text\"><p>Para esta anticipada edici\u00f3n de los <strong>Emmys<\/strong>, el reparto de <strong><em>Game of Thrones<\/em><\/strong> se rob\u00f3 todas las miradas. <strong>Emilia Clarke, Sophie Turner<\/strong> y <strong>Maisie Williams<\/strong> llevaron <em>looks<\/em> de impacto. <strong>Kendall Jenner<\/strong> dej\u00f3 su pelo rubio atr\u00e1s y luci\u00f3 un espectacular dise\u00f1o <strong>Richard Quinn.<\/strong> Adem\u00e1s, <strong>Mandy Moore <\/strong>deslumbr\u00f3 en<strong> Brandon Maxwell.<\/strong><\/p>\n<p>Aqu\u00ed nuestros favoritos:<\/p>\n<p><strong>Zendaya<\/strong><\/p>\n<p>Vestido, <strong>Vera Wang<\/strong><\/p>\n<h5><em>Imagen: Getty Images<\/em><\/h5>\n<\/div><\/figure><figure class=\"gallery-item grazia-gallery-show-text\"><div class=\"gallery-icon landscape\"><img loading=\"lazy\" decoding=\"async\" width=\"1024\" height=\"1536\" src=\"https:\/\/graziamagazine.com\/mx\/wp-content\/uploads\/sites\/13\/2019\/09\/estos-fueron-los-mejores-looks-de-los-emmys-2.jpg\" class=\"lazy\" alt=\"\" srcset=\"https:\/\/graziamagazine.com\/mx\/wp-content\/uploads\/sites\/13\/2019\/09\/estos-fueron-los-mejores-looks-de-los-emmys-2.jpg 1024w, https:\/\/graziamagazine.com\/mx\/wp-content\/uploads\/sites\/13\/2019\/09\/estos-fueron-los-mejores-looks-de-los-emmys-2.jpg?resize=300,450 300w, https:\/\/graziamagazine.com\/mx\/wp-content\/uploads\/sites\/13\/2019\/09\/estos-fueron-los-mejores-looks-de-los-emmys-2.jpg?resize=768,1152 768w, https:\/\/graziamagazine.com\/mx\/wp-content\/uploads\/sites\/13\/2019\/09\/estos-fueron-los-mejores-looks-de-los-emmys-2.jpg?resize=683,1024 683w, https:\/\/graziamagazine.com\/mx\/wp-content\/uploads\/sites\/13\/2019\/09\/estos-fueron-los-mejores-looks-de-los-emmys-2.jpg?resize=143,215 143w\" sizes=\"(max-width: 1024px) 100vw, 1024px\" \/><\/div><div class=\"grazia-gallery-text\"><p><strong>Sophie Turner<\/strong><\/p>\n<p>Vestido, <strong>Louis Vuitton<\/strong><\/p>\n<h5><em>Imagen: Getty Images<\/em><\/h5>\n<\/div><\/figure><figure class=\"gallery-item grazia-gallery-show-text\"><div class=\"gallery-icon landscape\"><img loading=\"lazy\" decoding=\"async\" width=\"1024\" height=\"1536\" src=\"https:\/\/graziamagazine.com\/mx\/wp-content\/uploads\/sites\/13\/2019\/09\/estos-fueron-los-mejores-looks-de-los-emmys-3.jpg\" class=\"lazy\" alt=\"\" srcset=\"https:\/\/graziamagazine.com\/mx\/wp-content\/uploads\/sites\/13\/2019\/09\/estos-fueron-los-mejores-looks-de-los-emmys-3.jpg 1024w, https:\/\/graziamagazine.com\/mx\/wp-content\/uploads\/sites\/13\/2019\/09\/estos-fueron-los-mejores-looks-de-los-emmys-3.jpg?resize=300,450 300w, https:\/\/graziamagazine.com\/mx\/wp-content\/uploads\/sites\/13\/2019\/09\/estos-fueron-los-mejores-looks-de-los-emmys-3.jpg?resize=768,1152 768w, https:\/\/graziamagazine.com\/mx\/wp-content\/uploads\/sites\/13\/2019\/09\/estos-fueron-los-mejores-looks-de-los-emmys-3.jpg?resize=683,1024 683w, https:\/\/graziamagazine.com\/mx\/wp-content\/uploads\/sites\/13\/2019\/09\/estos-fueron-los-mejores-looks-de-los-emmys-3.jpg?resize=143,215 143w\" sizes=\"(max-width: 1024px) 100vw, 1024px\" \/><\/div><div class=\"grazia-gallery-text\"><p><strong>Maisie Williams<\/strong><\/p>\n<p>Vestido, <strong>J.W. Anderson<\/strong><\/p>\n<h5><em>Imagen: Getty Images<\/em><\/h5>\n<\/div><\/figure><figure class=\"gallery-item grazia-gallery-show-text\"><div class=\"gallery-icon landscape\"><img loading=\"lazy\" decoding=\"async\" width=\"1024\" height=\"1518\" src=\"https:\/\/graziamagazine.com\/mx\/wp-content\/uploads\/sites\/13\/2019\/09\/estos-fueron-los-mejores-looks-de-los-emmys-4.jpg\" class=\"lazy\" alt=\"\" srcset=\"https:\/\/graziamagazine.com\/mx\/wp-content\/uploads\/sites\/13\/2019\/09\/estos-fueron-los-mejores-looks-de-los-emmys-4.jpg 1024w, https:\/\/graziamagazine.com\/mx\/wp-content\/uploads\/sites\/13\/2019\/09\/estos-fueron-los-mejores-looks-de-los-emmys-4.jpg?resize=304,450 304w, https:\/\/graziamagazine.com\/mx\/wp-content\/uploads\/sites\/13\/2019\/09\/estos-fueron-los-mejores-looks-de-los-emmys-4.jpg?resize=768,1139 768w, https:\/\/graziamagazine.com\/mx\/wp-content\/uploads\/sites\/13\/2019\/09\/estos-fueron-los-mejores-looks-de-los-emmys-4.jpg?resize=691,1024 691w, https:\/\/graziamagazine.com\/mx\/wp-content\/uploads\/sites\/13\/2019\/09\/estos-fueron-los-mejores-looks-de-los-emmys-4.jpg?resize=145,215 145w\" sizes=\"(max-width: 1024px) 100vw, 1024px\" \/><\/div><div class=\"grazia-gallery-text\"><p><strong>Joey King<\/strong><\/p>\n<p>Vestido, <strong>Zac Posen<\/strong><\/p>\n<h5><em>Imagen: Getty Images<\/em><\/h5>\n<\/div><\/figure><figure class=\"gallery-item grazia-gallery-show-text\"><div class=\"gallery-icon landscape\"><img loading=\"lazy\" decoding=\"async\" width=\"1024\" height=\"1536\" src=\"https:\/\/graziamagazine.com\/mx\/wp-content\/uploads\/sites\/13\/2019\/09\/estos-fueron-los-mejores-looks-de-los-emmys-5.jpg\" class=\"lazy\" alt=\"\" srcset=\"https:\/\/graziamagazine.com\/mx\/wp-content\/uploads\/sites\/13\/2019\/09\/estos-fueron-los-mejores-looks-de-los-emmys-5.jpg 1024w, https:\/\/graziamagazine.com\/mx\/wp-content\/uploads\/sites\/13\/2019\/09\/estos-fueron-los-mejores-looks-de-los-emmys-5.jpg?resize=300,450 300w, https:\/\/graziamagazine.com\/mx\/wp-content\/uploads\/sites\/13\/2019\/09\/estos-fueron-los-mejores-looks-de-los-emmys-5.jpg?resize=768,1152 768w, https:\/\/graziamagazine.com\/mx\/wp-content\/uploads\/sites\/13\/2019\/09\/estos-fueron-los-mejores-looks-de-los-emmys-5.jpg?resize=683,1024 683w, https:\/\/graziamagazine.com\/mx\/wp-content\/uploads\/sites\/13\/2019\/09\/estos-fueron-los-mejores-looks-de-los-emmys-5.jpg?resize=143,215 143w\" sizes=\"(max-width: 1024px) 100vw, 1024px\" \/><\/div><div class=\"grazia-gallery-text\"><p><strong>Emilia Clarke<\/strong><\/p>\n<p>Vestido, <strong>Valentino<\/strong><\/p>\n<h5><em>Imagen: Getty Images<\/em><\/h5>\n<\/div><\/figure><figure class=\"gallery-item grazia-gallery-show-text\"><div class=\"gallery-icon landscape\"><img loading=\"lazy\" decoding=\"async\" width=\"810\" height=\"1027\" src=\"https:\/\/graziamagazine.com\/mx\/wp-content\/uploads\/sites\/13\/2019\/09\/estos-fueron-los-mejores-looks-de-los-emmys-6.jpg\" class=\"lazy\" alt=\"\" srcset=\"https:\/\/graziamagazine.com\/mx\/wp-content\/uploads\/sites\/13\/2019\/09\/estos-fueron-los-mejores-looks-de-los-emmys-6.jpg 810w, https:\/\/graziamagazine.com\/mx\/wp-content\/uploads\/sites\/13\/2019\/09\/estos-fueron-los-mejores-looks-de-los-emmys-6.jpg?resize=355,450 355w, https:\/\/graziamagazine.com\/mx\/wp-content\/uploads\/sites\/13\/2019\/09\/estos-fueron-los-mejores-looks-de-los-emmys-6.jpg?resize=768,974 768w, https:\/\/graziamagazine.com\/mx\/wp-content\/uploads\/sites\/13\/2019\/09\/estos-fueron-los-mejores-looks-de-los-emmys-6.jpg?resize=808,1024 808w, https:\/\/graziamagazine.com\/mx\/wp-content\/uploads\/sites\/13\/2019\/09\/estos-fueron-los-mejores-looks-de-los-emmys-6.jpg?resize=155,197 155w\" sizes=\"(max-width: 810px) 100vw, 810px\" \/><\/div><div class=\"grazia-gallery-text\"><p><strong>Kendall Jenner<\/strong><\/p>\n<p>Vestido, <strong>Richard Quinn<\/strong><\/p>\n<p><strong>Kim Kardashian<\/strong><\/p>\n<p>Vestido,<strong> Vivienne Westwood<\/strong><\/p>\n<h5><em>Imagen: Getty Images<\/em><\/h5>\n<\/div><\/figure><figure class=\"gallery-item grazia-gallery-show-text\"><div class=\"gallery-icon landscape\"><img loading=\"lazy\" decoding=\"async\" width=\"768\" height=\"1072\" src=\"https:\/\/graziamagazine.com\/mx\/wp-content\/uploads\/sites\/13\/2019\/09\/estos-fueron-los-mejores-looks-de-los-emmys-7.jpg\" class=\"lazy\" alt=\"\" srcset=\"https:\/\/graziamagazine.com\/mx\/wp-content\/uploads\/sites\/13\/2019\/09\/estos-fueron-los-mejores-looks-de-los-emmys-7.jpg 768w, https:\/\/graziamagazine.com\/mx\/wp-content\/uploads\/sites\/13\/2019\/09\/estos-fueron-los-mejores-looks-de-los-emmys-7.jpg?resize=322,450 322w, https:\/\/graziamagazine.com\/mx\/wp-content\/uploads\/sites\/13\/2019\/09\/estos-fueron-los-mejores-looks-de-los-emmys-7.jpg?resize=734,1024 734w, https:\/\/graziamagazine.com\/mx\/wp-content\/uploads\/sites\/13\/2019\/09\/estos-fueron-los-mejores-looks-de-los-emmys-7.jpg?resize=155,215 155w\" sizes=\"(max-width: 768px) 100vw, 768px\" \/><\/div><div class=\"grazia-gallery-text\"><p><strong>Julia Garner<\/strong><\/p>\n<p>Vestido, <b>Cong Tri<\/b><\/p>\n<h5><em style=\"line-height: 1.5;\">Imagen: Getty Images<\/em><\/h5>\n<\/div><\/figure><figure class=\"gallery-item grazia-gallery-show-text\"><div class=\"gallery-icon landscape\"><img loading=\"lazy\" decoding=\"async\" width=\"1024\" height=\"1536\" src=\"https:\/\/graziamagazine.com\/mx\/wp-content\/uploads\/sites\/13\/2019\/09\/estos-fueron-los-mejores-looks-de-los-emmys-8.jpg\" class=\"lazy\" alt=\"\" srcset=\"https:\/\/graziamagazine.com\/mx\/wp-content\/uploads\/sites\/13\/2019\/09\/estos-fueron-los-mejores-looks-de-los-emmys-8.jpg 1024w, https:\/\/graziamagazine.com\/mx\/wp-content\/uploads\/sites\/13\/2019\/09\/estos-fueron-los-mejores-looks-de-los-emmys-8.jpg?resize=300,450 300w, https:\/\/graziamagazine.com\/mx\/wp-content\/uploads\/sites\/13\/2019\/09\/estos-fueron-los-mejores-looks-de-los-emmys-8.jpg?resize=768,1152 768w, https:\/\/graziamagazine.com\/mx\/wp-content\/uploads\/sites\/13\/2019\/09\/estos-fueron-los-mejores-looks-de-los-emmys-8.jpg?resize=683,1024 683w, https:\/\/graziamagazine.com\/mx\/wp-content\/uploads\/sites\/13\/2019\/09\/estos-fueron-los-mejores-looks-de-los-emmys-8.jpg?resize=143,215 143w\" sizes=\"(max-width: 1024px) 100vw, 1024px\" \/><\/div><div class=\"grazia-gallery-text\"><p><strong>Lena Headey<\/strong><\/p>\n<p>Vestido, <strong>Brock Collection<\/strong><\/p>\n<h5><em>Imagen: Getty Images<\/em><\/h5>\n<\/div><\/figure><figure class=\"gallery-item grazia-gallery-show-text\"><div class=\"gallery-icon landscape\"><img loading=\"lazy\" decoding=\"async\" width=\"1024\" height=\"1536\" src=\"https:\/\/graziamagazine.com\/mx\/wp-content\/uploads\/sites\/13\/2019\/09\/estos-fueron-los-mejores-looks-de-los-emmy-9.jpg\" class=\"lazy\" alt=\"\" srcset=\"https:\/\/graziamagazine.com\/mx\/wp-content\/uploads\/sites\/13\/2019\/09\/estos-fueron-los-mejores-looks-de-los-emmy-9.jpg 1024w, https:\/\/graziamagazine.com\/mx\/wp-content\/uploads\/sites\/13\/2019\/09\/estos-fueron-los-mejores-looks-de-los-emmy-9.jpg?resize=300,450 300w, https:\/\/graziamagazine.com\/mx\/wp-content\/uploads\/sites\/13\/2019\/09\/estos-fueron-los-mejores-looks-de-los-emmy-9.jpg?resize=768,1152 768w, https:\/\/graziamagazine.com\/mx\/wp-content\/uploads\/sites\/13\/2019\/09\/estos-fueron-los-mejores-looks-de-los-emmy-9.jpg?resize=683,1024 683w, https:\/\/graziamagazine.com\/mx\/wp-content\/uploads\/sites\/13\/2019\/09\/estos-fueron-los-mejores-looks-de-los-emmy-9.jpg?resize=143,215 143w\" sizes=\"(max-width: 1024px) 100vw, 1024px\" \/><\/div><div class=\"grazia-gallery-text\"><p><strong>Billy Porter<\/strong><\/p>\n<p>Traje, <strong>Michael Kors<\/strong><\/p>\n<p><em>Pumps<\/em>, <strong>Rick Owens<\/strong><\/p>\n<p>Sombrero, <strong>Steven Jones<\/strong><\/p>\n<h5><em>Imagen: Getty Images<\/em><\/h5>\n<\/div><\/figure><figure class=\"gallery-item grazia-gallery-show-text\"><div class=\"gallery-icon landscape\"><img loading=\"lazy\" decoding=\"async\" width=\"1024\" height=\"1536\" src=\"https:\/\/graziamagazine.com\/mx\/wp-content\/uploads\/sites\/13\/2019\/09\/estos-fueron-los-mejores-looks-de-los-emmys-10.jpg\" class=\"lazy\" alt=\"\" srcset=\"https:\/\/graziamagazine.com\/mx\/wp-content\/uploads\/sites\/13\/2019\/09\/estos-fueron-los-mejores-looks-de-los-emmys-10.jpg 1024w, https:\/\/graziamagazine.com\/mx\/wp-content\/uploads\/sites\/13\/2019\/09\/estos-fueron-los-mejores-looks-de-los-emmys-10.jpg?resize=300,450 300w, https:\/\/graziamagazine.com\/mx\/wp-content\/uploads\/sites\/13\/2019\/09\/estos-fueron-los-mejores-looks-de-los-emmys-10.jpg?resize=768,1152 768w, https:\/\/graziamagazine.com\/mx\/wp-content\/uploads\/sites\/13\/2019\/09\/estos-fueron-los-mejores-looks-de-los-emmys-10.jpg?resize=683,1024 683w, https:\/\/graziamagazine.com\/mx\/wp-content\/uploads\/sites\/13\/2019\/09\/estos-fueron-los-mejores-looks-de-los-emmys-10.jpg?resize=143,215 143w\" sizes=\"(max-width: 1024px) 100vw, 1024px\" \/><\/div><div class=\"grazia-gallery-text\"><p><strong>Mandy Moore<\/strong><\/p>\n<p>Vestido, <strong>Brandon Maxwell<\/strong><\/p>\n<p>Joyas, <strong>Forevermark<\/strong><\/p>\n<h5><em>Imagen: Getty Images<\/em><\/h5>\n<\/div><\/figure><figure class=\"gallery-item grazia-gallery-show-text\"><div class=\"gallery-icon landscape\"><img loading=\"lazy\" decoding=\"async\" width=\"1024\" height=\"1536\" src=\"https:\/\/graziamagazine.com\/mx\/wp-content\/uploads\/sites\/13\/2019\/09\/estos-fueron-los-mejores-looks-de-los-emmys-11.jpg\" class=\"lazy\" alt=\"\" srcset=\"https:\/\/graziamagazine.com\/mx\/wp-content\/uploads\/sites\/13\/2019\/09\/estos-fueron-los-mejores-looks-de-los-emmys-11.jpg 1024w, https:\/\/graziamagazine.com\/mx\/wp-content\/uploads\/sites\/13\/2019\/09\/estos-fueron-los-mejores-looks-de-los-emmys-11.jpg?resize=300,450 300w, https:\/\/graziamagazine.com\/mx\/wp-content\/uploads\/sites\/13\/2019\/09\/estos-fueron-los-mejores-looks-de-los-emmys-11.jpg?resize=768,1152 768w, https:\/\/graziamagazine.com\/mx\/wp-content\/uploads\/sites\/13\/2019\/09\/estos-fueron-los-mejores-looks-de-los-emmys-11.jpg?resize=683,1024 683w, https:\/\/graziamagazine.com\/mx\/wp-content\/uploads\/sites\/13\/2019\/09\/estos-fueron-los-mejores-looks-de-los-emmys-11.jpg?resize=143,215 143w\" sizes=\"(max-width: 1024px) 100vw, 1024px\" \/><\/div><div class=\"grazia-gallery-text\"><p><strong>Gwendoline Christie<\/strong><\/p>\n<p>Vestido, <strong>Gucci<\/strong><\/p>\n<h5><em>Imagen: Getty Images<\/em><\/h5>\n<\/div><\/figure><figure class=\"gallery-item grazia-gallery-show-text\"><div class=\"gallery-icon landscape\"><img loading=\"lazy\" decoding=\"async\" width=\"1024\" height=\"1536\" src=\"https:\/\/graziamagazine.com\/mx\/wp-content\/uploads\/sites\/13\/2019\/09\/estos-fueron-los-mejores-looks-de-los-emmys-12.jpg\" class=\"lazy\" alt=\"\" srcset=\"https:\/\/graziamagazine.com\/mx\/wp-content\/uploads\/sites\/13\/2019\/09\/estos-fueron-los-mejores-looks-de-los-emmys-12.jpg 1024w, https:\/\/graziamagazine.com\/mx\/wp-content\/uploads\/sites\/13\/2019\/09\/estos-fueron-los-mejores-looks-de-los-emmys-12.jpg?resize=300,450 300w, https:\/\/graziamagazine.com\/mx\/wp-content\/uploads\/sites\/13\/2019\/09\/estos-fueron-los-mejores-looks-de-los-emmys-12.jpg?resize=768,1152 768w, https:\/\/graziamagazine.com\/mx\/wp-content\/uploads\/sites\/13\/2019\/09\/estos-fueron-los-mejores-looks-de-los-emmys-12.jpg?resize=683,1024 683w, https:\/\/graziamagazine.com\/mx\/wp-content\/uploads\/sites\/13\/2019\/09\/estos-fueron-los-mejores-looks-de-los-emmys-12.jpg?resize=143,215 143w\" sizes=\"(max-width: 1024px) 100vw, 1024px\" \/><\/div><div class=\"grazia-gallery-text\"><p><strong>Carice van Houten<\/strong><\/p>\n<p>Vestido, <strong>Ronald van der Kemp<\/strong><\/p>\n<h5><em>Imagen: Getty Images<\/em><\/h5>\n<\/div><\/figure><figure class=\"gallery-item grazia-gallery-show-text\"><div class=\"gallery-icon landscape\"><img loading=\"lazy\" decoding=\"async\" width=\"1024\" height=\"1501\" src=\"https:\/\/graziamagazine.com\/mx\/wp-content\/uploads\/sites\/13\/2019\/09\/estos-fueron-los-mejores-looks-de-los-emmys-13.jpg\" class=\"lazy\" alt=\"\" srcset=\"https:\/\/graziamagazine.com\/mx\/wp-content\/uploads\/sites\/13\/2019\/09\/estos-fueron-los-mejores-looks-de-los-emmys-13.jpg 1024w, https:\/\/graziamagazine.com\/mx\/wp-content\/uploads\/sites\/13\/2019\/09\/estos-fueron-los-mejores-looks-de-los-emmys-13.jpg?resize=307,450 307w, https:\/\/graziamagazine.com\/mx\/wp-content\/uploads\/sites\/13\/2019\/09\/estos-fueron-los-mejores-looks-de-los-emmys-13.jpg?resize=768,1126 768w, https:\/\/graziamagazine.com\/mx\/wp-content\/uploads\/sites\/13\/2019\/09\/estos-fueron-los-mejores-looks-de-los-emmys-13.jpg?resize=699,1024 699w, https:\/\/graziamagazine.com\/mx\/wp-content\/uploads\/sites\/13\/2019\/09\/estos-fueron-los-mejores-looks-de-los-emmys-13.jpg?resize=147,215 147w\" sizes=\"(max-width: 1024px) 100vw, 1024px\" \/><\/div><div class=\"grazia-gallery-text\"><p><strong>Kathryn Newton<\/strong><\/p>\n<p>Vestido,<strong> Ralph Lauren<\/strong><\/p>\n<h5><em>Imagen: Getty Images<\/em><\/h5>\n<\/div><\/figure><\/div><\/div>\n","protected":false},"author":11656,"featured_media":71327,"template":"","format":"gallery","categories":[4],"acf":[],"yoast_head":"<!-- This site is optimized with the Yoast SEO Premium plugin v18.5 (Yoast SEO v20.4) - https:\/\/yoast.com\/wordpress\/plugins\/seo\/ -->\n<title>Estos fueron los mejores looks de los Emmys | Grazia M\u00e9xico y Latinoam\u00e9rica<\/title>\n<meta name=\"description\" content=\"En esta edici\u00f3n de los Emmys, el reparto de Game of Thrones se rob\u00f3 todas las miradas y Kendall Jenner luci\u00f3 espetacular en Richard Quinn, \u00bfya la viste?\" \/>\n<meta name=\"robots\" content=\"index, follow, max-snippet:-1, max-image-preview:large, max-video-preview:-1\" \/>\n<link rel=\"canonical\" href=\"https:\/\/graziamagazine.com\/mx\/articles\/estos-fueron-los-mejores-looks-de-los-emmys\/\" \/>\n<meta property=\"og:locale\" content=\"es_MX\" \/>\n<meta property=\"og:type\" content=\"article\" \/>\n<meta property=\"og:title\" content=\"Estos fueron los mejores looks de los Emmys\" \/>\n<meta property=\"og:description\" content=\"En esta edici\u00f3n de los Emmys, el reparto de Game of Thrones se rob\u00f3 todas las miradas y Kendall Jenner luci\u00f3 espetacular en Richard Quinn, \u00bfya la viste?\" \/>\n<meta property=\"og:url\" content=\"https:\/\/graziamagazine.com\/mx\/articles\/estos-fueron-los-mejores-looks-de-los-emmys\/\" \/>\n<meta property=\"og:site_name\" content=\"Grazia M\u00e9xico y Latinoam\u00e9rica\" \/>\n<meta property=\"og:image\" content=\"https:\/\/graziamagazine.com\/mx\/wp-content\/uploads\/sites\/13\/2019\/09\/estos-fueron-los-mejores-looks-de-los-emmys-destacada.jpg?fit=1587%2C780\" \/>\n\t<meta property=\"og:image:width\" content=\"1587\" \/>\n\t<meta property=\"og:image:height\" content=\"780\" \/>\n\t<meta property=\"og:image:type\" content=\"image\/jpeg\" \/>\n<meta name=\"twitter:card\" content=\"summary_large_image\" \/>\n<script type=\"application\/ld+json\" class=\"yoast-schema-graph\">{\"@context\":\"https:\/\/schema.org\",\"@graph\":[{\"@type\":\"WebPage\",\"@id\":\"https:\/\/graziamagazine.com\/mx\/articles\/estos-fueron-los-mejores-looks-de-los-emmys\/\",\"url\":\"https:\/\/graziamagazine.com\/mx\/articles\/estos-fueron-los-mejores-looks-de-los-emmys\/\",\"name\":\"Estos fueron los mejores looks de los Emmys | Grazia M\u00e9xico y Latinoam\u00e9rica\",\"isPartOf\":{\"@id\":\"https:\/\/graziamagazine.com\/mx\/#website\"},\"datePublished\":\"2019-09-23T15:30:54+00:00\",\"dateModified\":\"2019-09-23T15:30:54+00:00\",\"description\":\"En esta edici\u00f3n de los Emmys, el reparto de Game of Thrones se rob\u00f3 todas las miradas y Kendall Jenner luci\u00f3 espetacular en Richard Quinn, \u00bfya la viste?\",\"breadcrumb\":{\"@id\":\"https:\/\/graziamagazine.com\/mx\/articles\/estos-fueron-los-mejores-looks-de-los-emmys\/#breadcrumb\"},\"inLanguage\":\"es-MX\",\"potentialAction\":[{\"@type\":\"ReadAction\",\"target\":[\"https:\/\/graziamagazine.com\/mx\/articles\/estos-fueron-los-mejores-looks-de-los-emmys\/\"]}]},{\"@type\":\"BreadcrumbList\",\"@id\":\"https:\/\/graziamagazine.com\/mx\/articles\/estos-fueron-los-mejores-looks-de-los-emmys\/#breadcrumb\",\"itemListElement\":[{\"@type\":\"ListItem\",\"position\":1,\"name\":\"Home\",\"item\":\"https:\/\/graziamagazine.com\/mx\/\"},{\"@type\":\"ListItem\",\"position\":2,\"name\":\"Estos fueron los mejores looks de los Emmys\"}]},{\"@type\":\"WebSite\",\"@id\":\"https:\/\/graziamagazine.com\/mx\/#website\",\"url\":\"https:\/\/graziamagazine.com\/mx\/\",\"name\":\"Grazia M\u00e9xico y Latinoam\u00e9rica\",\"description\":\"Grazia es moda, belleza y noticias  de actualidad \",\"potentialAction\":[{\"@type\":\"SearchAction\",\"target\":{\"@type\":\"EntryPoint\",\"urlTemplate\":\"https:\/\/graziamagazine.com\/mx\/?s={search_term_string}\"},\"query-input\":\"required name=search_term_string\"}],\"inLanguage\":\"es-MX\"}]}<\/script>\n<!-- \/ Yoast SEO Premium plugin. -->","yoast_head_json":{"title":"Estos fueron los mejores looks de los Emmys | Grazia M\u00e9xico y Latinoam\u00e9rica","description":"En esta edici\u00f3n de los Emmys, el reparto de Game of Thrones se rob\u00f3 todas las miradas y Kendall Jenner luci\u00f3 espetacular en Richard Quinn, \u00bfya la viste?","robots":{"index":"index","follow":"follow","max-snippet":"max-snippet:-1","max-image-preview":"max-image-preview:large","max-video-preview":"max-video-preview:-1"},"canonical":"https:\/\/graziamagazine.com\/mx\/articles\/estos-fueron-los-mejores-looks-de-los-emmys\/","og_locale":"es_MX","og_type":"article","og_title":"Estos fueron los mejores looks de los Emmys","og_description":"En esta edici\u00f3n de los Emmys, el reparto de Game of Thrones se rob\u00f3 todas las miradas y Kendall Jenner luci\u00f3 espetacular en Richard Quinn, \u00bfya la viste?","og_url":"https:\/\/graziamagazine.com\/mx\/articles\/estos-fueron-los-mejores-looks-de-los-emmys\/","og_site_name":"Grazia M\u00e9xico y Latinoam\u00e9rica","og_image":[{"width":1587,"height":780,"url":"https:\/\/graziamagazine.com\/mx\/wp-content\/uploads\/sites\/13\/2019\/09\/estos-fueron-los-mejores-looks-de-los-emmys-destacada.jpg?fit=1587%2C780","type":"image\/jpeg"}],"twitter_card":"summary_large_image","schema":{"@context":"https:\/\/schema.org","@graph":[{"@type":"WebPage","@id":"https:\/\/graziamagazine.com\/mx\/articles\/estos-fueron-los-mejores-looks-de-los-emmys\/","url":"https:\/\/graziamagazine.com\/mx\/articles\/estos-fueron-los-mejores-looks-de-los-emmys\/","name":"Estos fueron los mejores looks de los Emmys | Grazia M\u00e9xico y Latinoam\u00e9rica","isPartOf":{"@id":"https:\/\/graziamagazine.com\/mx\/#website"},"datePublished":"2019-09-23T15:30:54+00:00","dateModified":"2019-09-23T15:30:54+00:00","description":"En esta edici\u00f3n de los Emmys, el reparto de Game of Thrones se rob\u00f3 todas las miradas y Kendall Jenner luci\u00f3 espetacular en Richard Quinn, \u00bfya la viste?","breadcrumb":{"@id":"https:\/\/graziamagazine.com\/mx\/articles\/estos-fueron-los-mejores-looks-de-los-emmys\/#breadcrumb"},"inLanguage":"es-MX","potentialAction":[{"@type":"ReadAction","target":["https:\/\/graziamagazine.com\/mx\/articles\/estos-fueron-los-mejores-looks-de-los-emmys\/"]}]},{"@type":"BreadcrumbList","@id":"https:\/\/graziamagazine.com\/mx\/articles\/estos-fueron-los-mejores-looks-de-los-emmys\/#breadcrumb","itemListElement":[{"@type":"ListItem","position":1,"name":"Home","item":"https:\/\/graziamagazine.com\/mx\/"},{"@type":"ListItem","position":2,"name":"Estos fueron los mejores looks de los Emmys"}]},{"@type":"WebSite","@id":"https:\/\/graziamagazine.com\/mx\/#website","url":"https:\/\/graziamagazine.com\/mx\/","name":"Grazia M\u00e9xico y Latinoam\u00e9rica","description":"Grazia es moda, belleza y noticias  de actualidad ","potentialAction":[{"@type":"SearchAction","target":{"@type":"EntryPoint","urlTemplate":"https:\/\/graziamagazine.com\/mx\/?s={search_term_string}"},"query-input":"required name=search_term_string"}],"inLanguage":"es-MX"}]}},"jetpack_sharing_enabled":true,"distributor_meta":false,"distributor_terms":false,"distributor_media":false,"distributor_original_site_name":"Grazia M\u00e9xico y Latinoam\u00e9rica","distributor_original_site_url":"https:\/\/graziamagazine.com\/mx","push-errors":false,"_links":{"self":[{"href":"https:\/\/graziamagazine.com\/mx\/wp-json\/wp\/v2\/articles\/71300"}],"collection":[{"href":"https:\/\/graziamagazine.com\/mx\/wp-json\/wp\/v2\/articles"}],"about":[{"href":"https:\/\/graziamagazine.com\/mx\/wp-json\/wp\/v2\/types\/articles"}],"author":[{"embeddable":true,"href":"https:\/\/graziamagazine.com\/mx\/wp-json\/wp\/v2\/users\/11656"}],"wp:featuredmedia":[{"embeddable":true,"href":"https:\/\/graziamagazine.com\/mx\/wp-json\/wp\/v2\/media\/71327"}],"wp:attachment":[{"href":"https:\/\/graziamagazine.com\/mx\/wp-json\/wp\/v2\/media?parent=71300"}],"wp:term":[{"taxonomy":"category","embeddable":true,"href":"https:\/\/graziamagazine.com\/mx\/wp-json\/wp\/v2\/categories?post=71300"}],"curies":[{"name":"wp","href":"https:\/\/api.w.org\/{rel}","templated":true}]}}