{"id":71200,"date":"2019-09-20T13:05:06","date_gmt":"2019-09-20T18:05:06","guid":{"rendered":"https:\/\/graziamagazine.com\/mx\/?p=71200"},"modified":"2019-09-20T13:05:06","modified_gmt":"2019-09-20T18:05:06","slug":"el-libro-que-rinde-tributo-a-tulum-como-lugar-paradisiaco","status":"publish","type":"articles","link":"https:\/\/graziamagazine.com\/mx\/articles\/el-libro-que-rinde-tributo-a-tulum-como-lugar-paradisiaco\/","title":{"rendered":"El libro que rinde tributo a Tulum como lugar paradis\u00edaco"},"content":{"rendered":"<p>Bien sea para decorar tu <em>coffee table<\/em> o dejarte llevar en un ensue\u00f1o de vacaciones, el ultimo libro de la editorial <a href=\"https:\/\/graziamagazine.com\/mx\/gucci-reimprime-libro-historia-natural\/\" target=\"_blank\" rel=\"noopener\"><strong>Assouline<\/strong><\/a>, <em>Tulum Gypset<\/em>, es el <em>must-have<\/em> del oto\u00f1o.\u00a0Esta gu\u00eda visual del para\u00edso <em>hippie<\/em> mexicano, est\u00e1 lleno de personajes espirituales, ceremonias de relajaci\u00f3n, pr\u00e1cticas ecol\u00f3gicas y muestra ese <em>savoir-faire<\/em> de libertad, pies descalzos y aura de meditaci\u00f3n que inspira y transporta a un estado de tranquilidad.<\/p>\n<p>Su oda y honra mexicana se hizo sentir y en su lanzamiento en la ciudad de Nueva York , que tuvo lugar en la sucursal de Gitano, el emblem\u00e1tico local que esparci\u00f3 el estilo de Tulum en la Gran Manzana. Esta fue una celebraci\u00f3n a M\u00e9xico y lo que hace de este <em>spot<\/em> bohemio\u00a0un rinc\u00f3n especial en el mundo.<\/p>\n<p><img decoding=\"async\" class=\"alignnone size-large wp-image-71243\" src=\"https:\/\/graziamagazine.com\/mx\/wp-content\/uploads\/sites\/13\/2019\/09\/el-libro-que-rinde-tributo-a-tulum-como-lugar-paradisiaco-1-700x467.jpg\" alt=\"El libro que rinde tributo a Tulum como lugar paradis\u00edaco\" \/><\/p>\n<p><img decoding=\"async\" class=\"alignnone size-large wp-image-71242\" src=\"https:\/\/graziamagazine.com\/mx\/wp-content\/uploads\/sites\/13\/2019\/09\/el-libro-que-rinde-tributo-a-tulum-como-lugar-paradisiaco-2-700x467.jpg\" alt=\"El libro que rinde tributo a Tulum como lugar paradis\u00edaco\" \/><\/p>\n<p><strong>Julia Chaplin<\/strong> es la autora del libro. La aventurera periodista es la personificaci\u00f3n del estilo <em>boho<\/em> relajado que marca la identidad de Tulum y en este pintoresco <em>coffee book<\/em> nos ofrece un diario visual de los lugares m\u00e1s remotos y encantadores del paradisiaco pero no tan secreto lugar.<\/p>\n<p>Sus p\u00e1ginas son decoradas con fotograf\u00edas sublimes que realzan el verdadero esp\u00edritu que yace en el pueblo. Desde una espectacular toma de un bar o un\u00a0<em>drink<\/em> con chile, hasta los cenotes m\u00e1gicos que se encuentran en los alrededores. Sea que hayas visitado Tulum, o no, <a href=\"https:\/\/www.assouline.com\/products\/tulum-gypset\" target=\"_blank\" rel=\"noopener\" target=\"_blank\">este libro lo debes comprar<\/a> si quieres que tu pr\u00f3xima experiencia sea inolvidable.<\/p>\n<h5><\/h5>\n<h5><em>*IM\u00c1GENES: Cortes\u00eda de Assouline<\/em><\/h5>\n","protected":false},"author":11633,"featured_media":71239,"template":"","format":"standard","categories":[114],"acf":[],"yoast_head":"<!-- This site is optimized with the Yoast SEO Premium plugin v18.5 (Yoast SEO v20.4) - https:\/\/yoast.com\/wordpress\/plugins\/seo\/ -->\n<title>El libro que rinde tributo a Tulum como lugar paradis\u00edaco | Grazia M\u00e9xico y Latinoam\u00e9rica<\/title>\n<meta name=\"description\" content=\"Con un inigualable libro, la editorial Assouline y Julia Chaplin rinden tributo al lugar de moda en la pen\u00ednsula de Yucat\u00e1n, Tulum.\" \/>\n<meta name=\"robots\" content=\"index, follow, max-snippet:-1, max-image-preview:large, max-video-preview:-1\" \/>\n<link rel=\"canonical\" href=\"https:\/\/graziamagazine.com\/mx\/articles\/el-libro-que-rinde-tributo-a-tulum-como-lugar-paradisiaco\/\" \/>\n<meta property=\"og:locale\" content=\"es_MX\" \/>\n<meta property=\"og:type\" content=\"article\" \/>\n<meta property=\"og:title\" content=\"El libro que rinde tributo a Tulum como lugar paradis\u00edaco\" \/>\n<meta property=\"og:description\" content=\"Con un inigualable libro, la editorial Assouline y Julia Chaplin rinden tributo al lugar de moda en la pen\u00ednsula de Yucat\u00e1n, Tulum.\" \/>\n<meta property=\"og:url\" content=\"https:\/\/graziamagazine.com\/mx\/articles\/el-libro-que-rinde-tributo-a-tulum-como-lugar-paradisiaco\/\" \/>\n<meta property=\"og:site_name\" content=\"Grazia M\u00e9xico y Latinoam\u00e9rica\" \/>\n<meta property=\"og:image\" content=\"https:\/\/graziamagazine.com\/mx\/wp-content\/uploads\/sites\/13\/2019\/09\/el-libro-que-rinde-tributo-a-tulum-como-lugar-paradisiaco-destacada.jpg?fit=1772%2C1181\" \/>\n\t<meta property=\"og:image:width\" content=\"1772\" \/>\n\t<meta property=\"og:image:height\" content=\"1181\" \/>\n\t<meta property=\"og:image:type\" content=\"image\/jpeg\" \/>\n<meta name=\"twitter:card\" content=\"summary_large_image\" \/>\n<meta name=\"twitter:label1\" content=\"Est. reading time\" \/>\n\t<meta name=\"twitter:data1\" content=\"1 minuto\" \/>\n<script type=\"application\/ld+json\" class=\"yoast-schema-graph\">{\"@context\":\"https:\/\/schema.org\",\"@graph\":[{\"@type\":\"WebPage\",\"@id\":\"https:\/\/graziamagazine.com\/mx\/articles\/el-libro-que-rinde-tributo-a-tulum-como-lugar-paradisiaco\/\",\"url\":\"https:\/\/graziamagazine.com\/mx\/articles\/el-libro-que-rinde-tributo-a-tulum-como-lugar-paradisiaco\/\",\"name\":\"El libro que rinde tributo a Tulum como lugar paradis\u00edaco | Grazia M\u00e9xico y Latinoam\u00e9rica\",\"isPartOf\":{\"@id\":\"https:\/\/graziamagazine.com\/mx\/#website\"},\"datePublished\":\"2019-09-20T18:05:06+00:00\",\"dateModified\":\"2019-09-20T18:05:06+00:00\",\"description\":\"Con un inigualable libro, la editorial Assouline y Julia Chaplin rinden tributo al lugar de moda en la pen\u00ednsula de Yucat\u00e1n, Tulum.\",\"breadcrumb\":{\"@id\":\"https:\/\/graziamagazine.com\/mx\/articles\/el-libro-que-rinde-tributo-a-tulum-como-lugar-paradisiaco\/#breadcrumb\"},\"inLanguage\":\"es-MX\",\"potentialAction\":[{\"@type\":\"ReadAction\",\"target\":[\"https:\/\/graziamagazine.com\/mx\/articles\/el-libro-que-rinde-tributo-a-tulum-como-lugar-paradisiaco\/\"]}]},{\"@type\":\"BreadcrumbList\",\"@id\":\"https:\/\/graziamagazine.com\/mx\/articles\/el-libro-que-rinde-tributo-a-tulum-como-lugar-paradisiaco\/#breadcrumb\",\"itemListElement\":[{\"@type\":\"ListItem\",\"position\":1,\"name\":\"Home\",\"item\":\"https:\/\/graziamagazine.com\/mx\/\"},{\"@type\":\"ListItem\",\"position\":2,\"name\":\"El libro que rinde tributo a Tulum como lugar paradis\u00edaco\"}]},{\"@type\":\"WebSite\",\"@id\":\"https:\/\/graziamagazine.com\/mx\/#website\",\"url\":\"https:\/\/graziamagazine.com\/mx\/\",\"name\":\"Grazia M\u00e9xico y Latinoam\u00e9rica\",\"description\":\"Grazia es moda, belleza y noticias  de actualidad \",\"potentialAction\":[{\"@type\":\"SearchAction\",\"target\":{\"@type\":\"EntryPoint\",\"urlTemplate\":\"https:\/\/graziamagazine.com\/mx\/?s={search_term_string}\"},\"query-input\":\"required name=search_term_string\"}],\"inLanguage\":\"es-MX\"}]}<\/script>\n<!-- \/ Yoast SEO Premium plugin. -->","yoast_head_json":{"title":"El libro que rinde tributo a Tulum como lugar paradis\u00edaco | Grazia M\u00e9xico y Latinoam\u00e9rica","description":"Con un inigualable libro, la editorial Assouline y Julia Chaplin rinden tributo al lugar de moda en la pen\u00ednsula de Yucat\u00e1n, Tulum.","robots":{"index":"index","follow":"follow","max-snippet":"max-snippet:-1","max-image-preview":"max-image-preview:large","max-video-preview":"max-video-preview:-1"},"canonical":"https:\/\/graziamagazine.com\/mx\/articles\/el-libro-que-rinde-tributo-a-tulum-como-lugar-paradisiaco\/","og_locale":"es_MX","og_type":"article","og_title":"El libro que rinde tributo a Tulum como lugar paradis\u00edaco","og_description":"Con un inigualable libro, la editorial Assouline y Julia Chaplin rinden tributo al lugar de moda en la pen\u00ednsula de Yucat\u00e1n, Tulum.","og_url":"https:\/\/graziamagazine.com\/mx\/articles\/el-libro-que-rinde-tributo-a-tulum-como-lugar-paradisiaco\/","og_site_name":"Grazia M\u00e9xico y Latinoam\u00e9rica","og_image":[{"width":1772,"height":1181,"url":"https:\/\/graziamagazine.com\/mx\/wp-content\/uploads\/sites\/13\/2019\/09\/el-libro-que-rinde-tributo-a-tulum-como-lugar-paradisiaco-destacada.jpg?fit=1772%2C1181","type":"image\/jpeg"}],"twitter_card":"summary_large_image","twitter_misc":{"Est. reading time":"1 minuto"},"schema":{"@context":"https:\/\/schema.org","@graph":[{"@type":"WebPage","@id":"https:\/\/graziamagazine.com\/mx\/articles\/el-libro-que-rinde-tributo-a-tulum-como-lugar-paradisiaco\/","url":"https:\/\/graziamagazine.com\/mx\/articles\/el-libro-que-rinde-tributo-a-tulum-como-lugar-paradisiaco\/","name":"El libro que rinde tributo a Tulum como lugar paradis\u00edaco | Grazia M\u00e9xico y Latinoam\u00e9rica","isPartOf":{"@id":"https:\/\/graziamagazine.com\/mx\/#website"},"datePublished":"2019-09-20T18:05:06+00:00","dateModified":"2019-09-20T18:05:06+00:00","description":"Con un inigualable libro, la editorial Assouline y Julia Chaplin rinden tributo al lugar de moda en la pen\u00ednsula de Yucat\u00e1n, Tulum.","breadcrumb":{"@id":"https:\/\/graziamagazine.com\/mx\/articles\/el-libro-que-rinde-tributo-a-tulum-como-lugar-paradisiaco\/#breadcrumb"},"inLanguage":"es-MX","potentialAction":[{"@type":"ReadAction","target":["https:\/\/graziamagazine.com\/mx\/articles\/el-libro-que-rinde-tributo-a-tulum-como-lugar-paradisiaco\/"]}]},{"@type":"BreadcrumbList","@id":"https:\/\/graziamagazine.com\/mx\/articles\/el-libro-que-rinde-tributo-a-tulum-como-lugar-paradisiaco\/#breadcrumb","itemListElement":[{"@type":"ListItem","position":1,"name":"Home","item":"https:\/\/graziamagazine.com\/mx\/"},{"@type":"ListItem","position":2,"name":"El libro que rinde tributo a Tulum como lugar paradis\u00edaco"}]},{"@type":"WebSite","@id":"https:\/\/graziamagazine.com\/mx\/#website","url":"https:\/\/graziamagazine.com\/mx\/","name":"Grazia M\u00e9xico y Latinoam\u00e9rica","description":"Grazia es moda, belleza y noticias  de actualidad ","potentialAction":[{"@type":"SearchAction","target":{"@type":"EntryPoint","urlTemplate":"https:\/\/graziamagazine.com\/mx\/?s={search_term_string}"},"query-input":"required name=search_term_string"}],"inLanguage":"es-MX"}]}},"jetpack_sharing_enabled":true,"distributor_meta":false,"distributor_terms":false,"distributor_media":false,"distributor_original_site_name":"Grazia M\u00e9xico y Latinoam\u00e9rica","distributor_original_site_url":"https:\/\/graziamagazine.com\/mx","push-errors":false,"_links":{"self":[{"href":"https:\/\/graziamagazine.com\/mx\/wp-json\/wp\/v2\/articles\/71200"}],"collection":[{"href":"https:\/\/graziamagazine.com\/mx\/wp-json\/wp\/v2\/articles"}],"about":[{"href":"https:\/\/graziamagazine.com\/mx\/wp-json\/wp\/v2\/types\/articles"}],"author":[{"embeddable":true,"href":"https:\/\/graziamagazine.com\/mx\/wp-json\/wp\/v2\/users\/11633"}],"wp:featuredmedia":[{"embeddable":true,"href":"https:\/\/graziamagazine.com\/mx\/wp-json\/wp\/v2\/media\/71239"}],"wp:attachment":[{"href":"https:\/\/graziamagazine.com\/mx\/wp-json\/wp\/v2\/media?parent=71200"}],"wp:term":[{"taxonomy":"category","embeddable":true,"href":"https:\/\/graziamagazine.com\/mx\/wp-json\/wp\/v2\/categories?post=71200"}],"curies":[{"name":"wp","href":"https:\/\/api.w.org\/{rel}","templated":true}]}}