{"id":70955,"date":"2019-09-13T14:46:58","date_gmt":"2019-09-13T19:46:58","guid":{"rendered":"https:\/\/graziamagazine.com\/mx\/?p=70955"},"modified":"2019-09-13T14:46:58","modified_gmt":"2019-09-13T19:46:58","slug":"esto-dijo-eva-mendes-sobre-su-familia-con-ryan-gosling","status":"publish","type":"articles","link":"https:\/\/graziamagazine.com\/mx\/articles\/esto-dijo-eva-mendes-sobre-su-familia-con-ryan-gosling\/","title":{"rendered":"Esto dijo Eva Mendes sobre su familia con Ryan Gosling"},"content":{"rendered":"<p><span style=\"font-weight: 400;\"><strong>Eva Mendes<\/strong> y <strong>Ryan Gosling<\/strong> han logrado que su relaci\u00f3n sea una de las m\u00e1s estables y discretas de Hollywood. <a href=\"https:\/\/graziamagazine.com\/mx\/ryan-gosling-eva-mendes-hijas\/\" target=\"_blank\" rel=\"noopener\">Comenzaron en 2011 y juntos tienen dos hijas, Esmeralda de cinco a\u00f1os y Amada, de tres a\u00f1os<\/a>. Eva que ha estado m\u00e1s alejada de los reflectores para dedicarse principalmente a la maternidad, dio lindas declaraciones sobre su familia.\u00a0<\/span><\/p>\n<p><span style=\"font-weight: 400;\">Tener una familia &#8220;implica mucha preparaci\u00f3n, tienes que asegurarte de que todas las eventualidades est\u00e9n cubiertas. Afortunadamente, tenemos el apoyo de toda nuestra familia. Mi familia vive aqu\u00ed [en Miami] y la mam\u00e1 de Ryan viene de Canad\u00e1 con bastante frecuencia, y se queda una larga temporada. Lo agradecemos mucho&#8221;, dijo Eva en\u00a0<em><a href=\"https:\/\/people.com\/parents\/eva-mendes-calls-parenting-her-two-daughters-beautiful-and-maddening\/\" target=\"_blank\" rel=\"noopener\" target=\"_blank\">Access Daily<\/a>.<\/em><\/span><\/p>\n<p><span style=\"font-weight: 400;\">&#8220;Es muy dif\u00edcil, desde luego. Pero cuando lo logras tienes la sensaci\u00f3n de que has terminado bien tu d\u00eda. Ryan y yo nos miramos el uno al otro como diciendo: &#8216;Lo conseguimos, hemos sobrevivido otro d\u00eda\u2019\u201d, a\u00f1adi\u00f3 sonriente la actriz.<\/span><\/p>\n<p><iframe loading=\"lazy\" src=\"https:\/\/www.youtube.com\/embed\/yNTNwIudnwc\" width=\"560\" height=\"315\" frameborder=\"0\"><\/iframe><\/p>\n<p><span style=\"font-weight: 400;\">Entre otras cosas, Eva Mendes confes\u00f3 que ahora tienen que planear con mucha anticipaci\u00f3n sus salidas \u201cde solteros\u201d para que todo salga bien, dejando ver que pese a su fama son una pareja m\u00e1s de mortales, pero concluye que se siente muy afortunada de poder estar en casa con su familia.<\/span><\/p>\n<p><span style=\"font-weight: 400;\">Con las edades de sus hijas es tiempo ya de regresar a trabajar. Al menos as\u00ed lo cont\u00f3 en esa entrevista al decir que ya est\u00e1 buscando audicionar nuevamente para nuevos papeles. Esperamos verla de regreso muy pronto en la pantalla grande.<\/span><\/p>\n<h5><\/h5>\n<h5><em>*IMAGEN: Getty Images<\/em><\/h5>\n","protected":false},"author":11628,"featured_media":70968,"template":"","format":"standard","categories":[2],"acf":[],"yoast_head":"<!-- This site is optimized with the Yoast SEO Premium plugin v18.5 (Yoast SEO v20.4) - https:\/\/yoast.com\/wordpress\/plugins\/seo\/ -->\n<title>Esto dijo Eva Mendes sobre su familia con Ryan Gosling | Grazia M\u00e9xico y Latinoam\u00e9rica<\/title>\n<meta name=\"description\" content=\"Amores plat\u00f3nicos de muchas y muchos, Eva Mendes y Ryan Gosling parecen tener una familia m\u00e1s normal de lo que imaginamos. Eva lo cont\u00f3 todo.\" \/>\n<meta name=\"robots\" content=\"index, follow, max-snippet:-1, max-image-preview:large, max-video-preview:-1\" \/>\n<link rel=\"canonical\" href=\"https:\/\/graziamagazine.com\/mx\/articles\/esto-dijo-eva-mendes-sobre-su-familia-con-ryan-gosling\/\" \/>\n<meta property=\"og:locale\" content=\"es_MX\" \/>\n<meta property=\"og:type\" content=\"article\" \/>\n<meta property=\"og:title\" content=\"Esto dijo Eva Mendes sobre su familia con Ryan Gosling\" \/>\n<meta property=\"og:description\" content=\"Amores plat\u00f3nicos de muchas y muchos, Eva Mendes y Ryan Gosling parecen tener una familia m\u00e1s normal de lo que imaginamos. Eva lo cont\u00f3 todo.\" \/>\n<meta property=\"og:url\" content=\"https:\/\/graziamagazine.com\/mx\/articles\/esto-dijo-eva-mendes-sobre-su-familia-con-ryan-gosling\/\" \/>\n<meta property=\"og:site_name\" content=\"Grazia M\u00e9xico y Latinoam\u00e9rica\" \/>\n<meta property=\"og:image\" content=\"https:\/\/graziamagazine.com\/mx\/wp-content\/uploads\/sites\/13\/2019\/09\/esto-dijo-eva-mendes-sobre-su-familia-con-ryan-gosling-destacada.jpg?fit=1772%2C1395\" \/>\n\t<meta property=\"og:image:width\" content=\"1772\" \/>\n\t<meta property=\"og:image:height\" content=\"1395\" \/>\n\t<meta property=\"og:image:type\" content=\"image\/jpeg\" \/>\n<meta name=\"twitter:card\" content=\"summary_large_image\" \/>\n<meta name=\"twitter:label1\" content=\"Est. reading time\" \/>\n\t<meta name=\"twitter:data1\" content=\"1 minuto\" \/>\n<script type=\"application\/ld+json\" class=\"yoast-schema-graph\">{\"@context\":\"https:\/\/schema.org\",\"@graph\":[{\"@type\":\"WebPage\",\"@id\":\"https:\/\/graziamagazine.com\/mx\/articles\/esto-dijo-eva-mendes-sobre-su-familia-con-ryan-gosling\/\",\"url\":\"https:\/\/graziamagazine.com\/mx\/articles\/esto-dijo-eva-mendes-sobre-su-familia-con-ryan-gosling\/\",\"name\":\"Esto dijo Eva Mendes sobre su familia con Ryan Gosling | Grazia M\u00e9xico y Latinoam\u00e9rica\",\"isPartOf\":{\"@id\":\"https:\/\/graziamagazine.com\/mx\/#website\"},\"datePublished\":\"2019-09-13T19:46:58+00:00\",\"dateModified\":\"2019-09-13T19:46:58+00:00\",\"description\":\"Amores plat\u00f3nicos de muchas y muchos, Eva Mendes y Ryan Gosling parecen tener una familia m\u00e1s normal de lo que imaginamos. Eva lo cont\u00f3 todo.\",\"breadcrumb\":{\"@id\":\"https:\/\/graziamagazine.com\/mx\/articles\/esto-dijo-eva-mendes-sobre-su-familia-con-ryan-gosling\/#breadcrumb\"},\"inLanguage\":\"es-MX\",\"potentialAction\":[{\"@type\":\"ReadAction\",\"target\":[\"https:\/\/graziamagazine.com\/mx\/articles\/esto-dijo-eva-mendes-sobre-su-familia-con-ryan-gosling\/\"]}]},{\"@type\":\"BreadcrumbList\",\"@id\":\"https:\/\/graziamagazine.com\/mx\/articles\/esto-dijo-eva-mendes-sobre-su-familia-con-ryan-gosling\/#breadcrumb\",\"itemListElement\":[{\"@type\":\"ListItem\",\"position\":1,\"name\":\"Home\",\"item\":\"https:\/\/graziamagazine.com\/mx\/\"},{\"@type\":\"ListItem\",\"position\":2,\"name\":\"Esto dijo Eva Mendes sobre su familia con Ryan Gosling\"}]},{\"@type\":\"WebSite\",\"@id\":\"https:\/\/graziamagazine.com\/mx\/#website\",\"url\":\"https:\/\/graziamagazine.com\/mx\/\",\"name\":\"Grazia M\u00e9xico y Latinoam\u00e9rica\",\"description\":\"Grazia es moda, belleza y noticias  de actualidad \",\"potentialAction\":[{\"@type\":\"SearchAction\",\"target\":{\"@type\":\"EntryPoint\",\"urlTemplate\":\"https:\/\/graziamagazine.com\/mx\/?s={search_term_string}\"},\"query-input\":\"required name=search_term_string\"}],\"inLanguage\":\"es-MX\"}]}<\/script>\n<!-- \/ Yoast SEO Premium plugin. -->","yoast_head_json":{"title":"Esto dijo Eva Mendes sobre su familia con Ryan Gosling | Grazia M\u00e9xico y Latinoam\u00e9rica","description":"Amores plat\u00f3nicos de muchas y muchos, Eva Mendes y Ryan Gosling parecen tener una familia m\u00e1s normal de lo que imaginamos. Eva lo cont\u00f3 todo.","robots":{"index":"index","follow":"follow","max-snippet":"max-snippet:-1","max-image-preview":"max-image-preview:large","max-video-preview":"max-video-preview:-1"},"canonical":"https:\/\/graziamagazine.com\/mx\/articles\/esto-dijo-eva-mendes-sobre-su-familia-con-ryan-gosling\/","og_locale":"es_MX","og_type":"article","og_title":"Esto dijo Eva Mendes sobre su familia con Ryan Gosling","og_description":"Amores plat\u00f3nicos de muchas y muchos, Eva Mendes y Ryan Gosling parecen tener una familia m\u00e1s normal de lo que imaginamos. Eva lo cont\u00f3 todo.","og_url":"https:\/\/graziamagazine.com\/mx\/articles\/esto-dijo-eva-mendes-sobre-su-familia-con-ryan-gosling\/","og_site_name":"Grazia M\u00e9xico y Latinoam\u00e9rica","og_image":[{"width":1772,"height":1395,"url":"https:\/\/graziamagazine.com\/mx\/wp-content\/uploads\/sites\/13\/2019\/09\/esto-dijo-eva-mendes-sobre-su-familia-con-ryan-gosling-destacada.jpg?fit=1772%2C1395","type":"image\/jpeg"}],"twitter_card":"summary_large_image","twitter_misc":{"Est. reading time":"1 minuto"},"schema":{"@context":"https:\/\/schema.org","@graph":[{"@type":"WebPage","@id":"https:\/\/graziamagazine.com\/mx\/articles\/esto-dijo-eva-mendes-sobre-su-familia-con-ryan-gosling\/","url":"https:\/\/graziamagazine.com\/mx\/articles\/esto-dijo-eva-mendes-sobre-su-familia-con-ryan-gosling\/","name":"Esto dijo Eva Mendes sobre su familia con Ryan Gosling | Grazia M\u00e9xico y Latinoam\u00e9rica","isPartOf":{"@id":"https:\/\/graziamagazine.com\/mx\/#website"},"datePublished":"2019-09-13T19:46:58+00:00","dateModified":"2019-09-13T19:46:58+00:00","description":"Amores plat\u00f3nicos de muchas y muchos, Eva Mendes y Ryan Gosling parecen tener una familia m\u00e1s normal de lo que imaginamos. Eva lo cont\u00f3 todo.","breadcrumb":{"@id":"https:\/\/graziamagazine.com\/mx\/articles\/esto-dijo-eva-mendes-sobre-su-familia-con-ryan-gosling\/#breadcrumb"},"inLanguage":"es-MX","potentialAction":[{"@type":"ReadAction","target":["https:\/\/graziamagazine.com\/mx\/articles\/esto-dijo-eva-mendes-sobre-su-familia-con-ryan-gosling\/"]}]},{"@type":"BreadcrumbList","@id":"https:\/\/graziamagazine.com\/mx\/articles\/esto-dijo-eva-mendes-sobre-su-familia-con-ryan-gosling\/#breadcrumb","itemListElement":[{"@type":"ListItem","position":1,"name":"Home","item":"https:\/\/graziamagazine.com\/mx\/"},{"@type":"ListItem","position":2,"name":"Esto dijo Eva Mendes sobre su familia con Ryan Gosling"}]},{"@type":"WebSite","@id":"https:\/\/graziamagazine.com\/mx\/#website","url":"https:\/\/graziamagazine.com\/mx\/","name":"Grazia M\u00e9xico y Latinoam\u00e9rica","description":"Grazia es moda, belleza y noticias  de actualidad ","potentialAction":[{"@type":"SearchAction","target":{"@type":"EntryPoint","urlTemplate":"https:\/\/graziamagazine.com\/mx\/?s={search_term_string}"},"query-input":"required name=search_term_string"}],"inLanguage":"es-MX"}]}},"jetpack_sharing_enabled":true,"distributor_meta":false,"distributor_terms":false,"distributor_media":false,"distributor_original_site_name":"Grazia M\u00e9xico y Latinoam\u00e9rica","distributor_original_site_url":"https:\/\/graziamagazine.com\/mx","push-errors":false,"_links":{"self":[{"href":"https:\/\/graziamagazine.com\/mx\/wp-json\/wp\/v2\/articles\/70955"}],"collection":[{"href":"https:\/\/graziamagazine.com\/mx\/wp-json\/wp\/v2\/articles"}],"about":[{"href":"https:\/\/graziamagazine.com\/mx\/wp-json\/wp\/v2\/types\/articles"}],"author":[{"embeddable":true,"href":"https:\/\/graziamagazine.com\/mx\/wp-json\/wp\/v2\/users\/11628"}],"wp:featuredmedia":[{"embeddable":true,"href":"https:\/\/graziamagazine.com\/mx\/wp-json\/wp\/v2\/media\/70968"}],"wp:attachment":[{"href":"https:\/\/graziamagazine.com\/mx\/wp-json\/wp\/v2\/media?parent=70955"}],"wp:term":[{"taxonomy":"category","embeddable":true,"href":"https:\/\/graziamagazine.com\/mx\/wp-json\/wp\/v2\/categories?post=70955"}],"curies":[{"name":"wp","href":"https:\/\/api.w.org\/{rel}","templated":true}]}}